{"id":6060,"date":"2020-02-23T21:42:12","date_gmt":"2020-02-23T20:42:12","guid":{"rendered":"http:\/\/blog.inmontanis.info\/?p=6060"},"modified":"2023-01-24T20:43:29","modified_gmt":"2023-01-24T19:43:29","slug":"oga-colombano-valdidentro-isolaccia-23-2-2020","status":"publish","type":"post","link":"http:\/\/blog.inmontanis.info\/?p=6060","title":{"rendered":"Oga\/Colombano-Valdidentro\/Isolaccia, 23.2.2020"},"content":{"rendered":"<p><strong>So, 23.2.2020 &#8211; Oga\/Colombano-Valdidentro\/Isolaccia, 23.2.2020<\/strong><\/p>\n<p>Ich bin gleich um 7 Uhr zum Fr\u00fchst\u00fcck, damit ich gegen 8:30 in Oga bin &#8211; denn lieber heute fr\u00fch anfangen und etwas fr\u00fcher aufh\u00f6ren, bevor auf dem Heimweg der Stau vor Tirano wieder so stark wird. Warum es ausgerechnet da keine Umfahrung gibt, kapier ich nicht.<\/p>\n<p>Leider war das Wetter bew\u00f6lkter als erwaret, es gab sogar ein paar Regentropfen und es blieb den ganzen Tag recht gleich, da hat mich Bergfex am Freitag ja mal wieder sch\u00f6n verarscht. H\u00e4tt ich vielleicht woanders mehr Gl\u00fcck gehabt. <\/p>\n<p>Eingestiegen bin ich wie immer an der 4SB, und weil da die Talabfahrt schon sch\u00f6n weich war, fuhr ich sie gleich nochmals. Morgens war nur 1 Abfahrt offen, die 2. f\u00fcr Rennen oder Training gesperrt, die 3. ist ja wohl eh nie offen, weil zu wenig Schnee.<\/p>\n<p>Weiter in der 2. Sektion (DSB) sah mir die Lifttrasse recht gut aus, so dass ich diese &#8211; zumindest abschnittsweise &#8211; fuhr. War aber relativ pappig, insbesondere au\u00dferhalb der gut eingefahrenen Abschnitte. Aber doch gut genug, dass man auch mal die diagonale Variante probieren k\u00f6nnte. Nunja, bin sie schon bei schlechteren Verh\u00e4ltnissen gefahren, immerhin durchgehend mit Schnee, nicht vereist und kein Bruchharsch. Da muss man doch zufrieden sein. Aber f\u00fcr eine Wiederholung nicht gut genug, dann lieber noch eine dritte Variante mit Einbezug der DSB-Trasse. Bl\u00f6derweise jedesmal, wenn ich an der Talstation war, musste ich etwas warten, weil gerade eine Gruppe kurz vor mir angefahren kam. Oder zwei. (Allerdings passierte mir das sp\u00e4ter an der 3. Sektion (DSB) auch \u00f6fters noch.)<\/p>\n<p>(Fotos anklicken zum Vergr\u00f6\u00dfern, aufgrund der Sicht diesmal kontrastverst\u00e4rkt.)<\/p>\n<p><a href='http:\/\/ski.inmontanis.info\/d\/275233-2\/ge20200223b.jpg'><img src=http:\/\/ski.inmontanis.info\/d\/275232-3\/ge20200223b.jpg \/><\/a><br \/>\n^ GPS-Track 23.2.2020 in T\u00fcrkis und vorherige Besuche in Magenta. Rot die ehemalige DSB aus Oga samt der illegalen Talabfahrt dahinter. Oben in Magenta die nun leider geschlossenen SL Pra Vegl und Dosso le Pone<\/p>\n<p>Kurz zur Erinnerung:<br \/>\nLinke Seite: 1. Sektion 4SB, 2. Sektion DSB, 3. Sektion DSB, 4. Sektion SL (quasi in Gegenrichtung)<br \/>\nRechte Seite: 1. Sektion 8EUB, 2. Sektion SL (B\u00fcgel), 3. Sektion SL (Teller)<\/p>\n<p><a href='http:\/\/ski.inmontanis.info\/d\/275041-2\/DSC06348.jpg'><img src=http:\/\/ski.inmontanis.info\/d\/275040-3\/DSC06348.jpg \/><\/a><br \/>\n^ Talstation der 4SB, der untere Teil der linken Abfahrt wurde seit meinem letzten Besuch wohl auch fertig beschneit.<\/p>\n<p><a href='http:\/\/ski.inmontanis.info\/d\/275045-2\/DSC06349.jpg'><img src=http:\/\/ski.inmontanis.info\/d\/275044-3\/DSC06349.jpg \/><\/a><br \/>\n^ Eine der Abfahrten an der 4SB<\/p>\n<p><a href='http:\/\/ski.inmontanis.info\/d\/275049-2\/DSC06351.jpg'><img src=http:\/\/ski.inmontanis.info\/d\/275048-3\/DSC06351.jpg \/><\/a><br \/>\n^ San Colombano mit DSB und dahinter der mittlerweile leider geschlossene SL Pra Vegl<\/p>\n<p><a href='http:\/\/ski.inmontanis.info\/d\/275053-2\/DSC06353.jpg'><img src=http:\/\/ski.inmontanis.info\/d\/275052-3\/DSC06353.jpg \/><\/a><br \/>\n^ Blick zum mittlerweile leider geschlossenen SL Dosso le Pone, echt bitter.<\/p>\n<p><a href='http:\/\/ski.inmontanis.info\/d\/275057-2\/DSC06355.jpg'><img src=http:\/\/ski.inmontanis.info\/d\/275056-3\/DSC06355.jpg \/><\/a><br \/>\n^ Gratabfahrt am Masucco, geht in Italien auch mal ohne Fangz\u00e4une ;)<\/p>\n<p><a href='http:\/\/ski.inmontanis.info\/d\/275061-2\/DSC06359.jpg'><img src=http:\/\/ski.inmontanis.info\/d\/275060-3\/DSC06359.jpg \/><\/a><br \/>\n^ Eine der Abfahrten an der DSB Rossa-Colombano (Sektion 3)<\/p>\n<p><a href='http:\/\/ski.inmontanis.info\/d\/275065-2\/DSC06360.jpg'><img src=http:\/\/ski.inmontanis.info\/d\/275064-3\/DSC06360.jpg \/><\/a><br \/>\n^ DSB Rossa &#8211; San Colombano, links Pra Vegl<\/p>\n<p><a href='http:\/\/ski.inmontanis.info\/d\/275069-2\/DSC06361.jpg'><img src=http:\/\/ski.inmontanis.info\/d\/275068-3\/DSC06361.jpg \/><\/a><br \/>\n^ In der Lifttrasse der DSB Forte Tad\u00e9 ..<\/p>\n<p><a href='http:\/\/ski.inmontanis.info\/d\/275073-2\/DSC06362.jpg'><img src=http:\/\/ski.inmontanis.info\/d\/275072-3\/DSC06362.jpg \/><\/a><br \/>\n^ .. dadurch erreicht man diesen netten Hang, den man heute aber etwas mit Vorsicht fahren musste ..<\/p>\n<p><a href='http:\/\/ski.inmontanis.info\/d\/275077-2\/DSC06363.jpg'><img src=http:\/\/ski.inmontanis.info\/d\/275076-3\/DSC06363.jpg \/><\/a><br \/>\n^ .. und der Hang weiter unten ..<\/p>\n<p><a href='http:\/\/ski.inmontanis.info\/d\/275081-2\/DSC06365.jpg'><img src=http:\/\/ski.inmontanis.info\/d\/275080-3\/DSC06365.jpg \/><\/a><br \/>\n^ .. eine kleines St\u00fcck Weg, dann gehts wieder weiter.<\/p>\n<p><a href='http:\/\/ski.inmontanis.info\/d\/275085-2\/DSC06366.jpg'><img src=http:\/\/ski.inmontanis.info\/d\/275084-3\/DSC06366.jpg \/><\/a><br \/>\n^ Nachdem ich mit der DSB Forte Tad\u00e9 wieder oben war, fuhr ich die Diagonale Offpistevariante ..<\/p>\n<p><a href='http:\/\/ski.inmontanis.info\/d\/275089-2\/DSC06367.jpg'><img src=http:\/\/ski.inmontanis.info\/d\/275088-3\/DSC06367.jpg \/><\/a><br \/>\n^ .. die bekanntlich ..<\/p>\n<p><a href='http:\/\/ski.inmontanis.info\/d\/275093-2\/DSC06368.jpg'><img src=http:\/\/ski.inmontanis.info\/d\/275092-3\/DSC06368.jpg \/><\/a><br \/>\n^ .. sehr abwechslungreich ..<\/p>\n<p><a href='http:\/\/ski.inmontanis.info\/d\/275097-2\/DSC06369.jpg'><img src=http:\/\/ski.inmontanis.info\/d\/275096-3\/DSC06369.jpg \/><\/a><br \/>\n^ .. manchmal aber auch etwas schmal ist ..<\/p>\n<p><a href='http:\/\/ski.inmontanis.info\/d\/275101-2\/DSC06370.jpg'><img src=http:\/\/ski.inmontanis.info\/d\/275100-3\/DSC06370.jpg \/><\/a><br \/>\n^ .. weiterhin auf der Diagonalen ..<\/p>\n<p><a href='http:\/\/ski.inmontanis.info\/d\/275105-2\/DSC06371.jpg'><img src=http:\/\/ski.inmontanis.info\/d\/275104-3\/DSC06371.jpg \/><\/a><br \/>\n^ .. weiterhin auf der Diagonalen ..<\/p>\n<p><a href='http:\/\/ski.inmontanis.info\/d\/275109-2\/DSC06372.jpg'><img src=http:\/\/ski.inmontanis.info\/d\/275108-3\/DSC06372.jpg \/><\/a><br \/>\n^ .. weiterhin auf der Diagonalen ..<\/p>\n<p><a href='http:\/\/ski.inmontanis.info\/d\/275113-2\/DSC06373.jpg'><img src=http:\/\/ski.inmontanis.info\/d\/275112-3\/DSC06373.jpg \/><\/a><br \/>\n^ .. weiterhin auf der Diagonalen ..<\/p>\n<p><a href='http:\/\/ski.inmontanis.info\/d\/275117-2\/DSC06374.jpg'><img src=http:\/\/ski.inmontanis.info\/d\/275116-3\/DSC06374.jpg \/><\/a><br \/>\n^ .. weiterhin auf der Diagonalen ..<\/p>\n<p><a href='http:\/\/ski.inmontanis.info\/d\/275121-2\/DSC06375.jpg'><img src=http:\/\/ski.inmontanis.info\/d\/275120-3\/DSC06375.jpg \/><\/a><br \/>\n^ .. weiterhin auf der Diagonalen ..<\/p>\n<p><a href='http:\/\/ski.inmontanis.info\/d\/275125-2\/DSC06376.jpg'><img src=http:\/\/ski.inmontanis.info\/d\/275124-3\/DSC06376.jpg \/><\/a><br \/>\n^ .. weiterhin auf der Diagonalen und letztes Foto.<\/p>\n<p><a href='http:\/\/ski.inmontanis.info\/d\/275129-2\/DSC06379.jpg'><img src=http:\/\/ski.inmontanis.info\/d\/275128-3\/DSC06379.jpg \/><\/a><br \/>\n^ Nachdem ich mit der DSB Forte Tad\u00e9 wieder oben war, fuhr ich erstmals dieses St\u00fcck, das ich beim Rauffahren mit der DSB entdeckte<\/p>\n<p><a href='http:\/\/ski.inmontanis.info\/d\/275133-2\/DSC06380.jpg'><img src=http:\/\/ski.inmontanis.info\/d\/275132-3\/DSC06380.jpg \/><\/a><br \/>\n^ .. landete dann wieder in der DSB-Lifttrasse und auf dem Weg, den man noch ohne Abschnallen fahren konnte<\/p>\n<p>So kam ich erst nach 12 Uhr auf die andere Skigebietsseite (Valdidentro \/ Cima Piazzi, wobei anscheinend mittlerweile auch die San Colombano-Lifte zu Cima Piazzi geh\u00f6ren, weil sie auf der Homepage aufgef\u00fchrt sind und es keine zus\u00e4tzlichen getrennten Skip\u00e4sse mehr zu geben scheint. Der Colmbano-Teil geh\u00f6rte ja vor einigen Jahren zu Bormio.)<\/p>\n<p>Etwas pappig war&#8217;s auf der Valdidentro\/Isolaccia-Seite quasi von oben bis unten. Die interessanteste Abfahrt ist dort ja m.E. die Talabfahrt an der 8EUB, aber auch hier war die zweite Variante zu pappig, um sie nochmals zu fahren. Nach 1,5h fuhr ich wieder auf die Colombano-Seite, hier gef\u00e4llt es mir einfach besser. An der oberen DSB war es auch weiterhin nicht pappig. Ich vermutete wie schon gestern, dass es vor ein paar Tagen etwas Neuschnee gegeben haben m\u00fcsste, das merkte man Offpiste irgendwie.<\/p>\n<p><a href='http:\/\/ski.inmontanis.info\/d\/275137-2\/DSC06385.jpg'><img src=http:\/\/ski.inmontanis.info\/d\/275136-3\/DSC06385.jpg \/><\/a><br \/>\n^ Die beiden SL Masucco und Palancana (unten)<\/p>\n<p><a href='http:\/\/ski.inmontanis.info\/d\/275141-2\/DSC06387.jpg'><img src=http:\/\/ski.inmontanis.info\/d\/275140-3\/DSC06387.jpg \/><\/a><br \/>\n^ SL Masucco<\/p>\n<p><a href='http:\/\/ski.inmontanis.info\/d\/275145-2\/DSC06389.jpg'><img src=http:\/\/ski.inmontanis.info\/d\/275144-3\/DSC06389.jpg \/><\/a><br \/>\n^ SL Monte Masucco, der k\u00fcrzere; dahinter der geschlossene SL Dosso le Pone<\/p>\n<p><a href='http:\/\/ski.inmontanis.info\/d\/275149-2\/DSC06392.jpg'><img src=http:\/\/ski.inmontanis.info\/d\/275148-3\/DSC06392.jpg \/><\/a><br \/>\n^ Linke Abfahrt am SL Masucco<\/p>\n<p><a href='http:\/\/ski.inmontanis.info\/d\/275153-2\/DSC06393.jpg'><img src=http:\/\/ski.inmontanis.info\/d\/275152-3\/DSC06393.jpg \/><\/a><br \/>\n^ Abfahrten am SL Palancana<\/p>\n<p><a href='http:\/\/ski.inmontanis.info\/d\/275157-2\/DSC06394.jpg'><img src=http:\/\/ski.inmontanis.info\/d\/275156-3\/DSC06394.jpg \/><\/a><br \/>\n^ Bergstation der 8EUB<\/p>\n<p><a href='http:\/\/ski.inmontanis.info\/d\/275161-2\/DSC06396.jpg'><img src=http:\/\/ski.inmontanis.info\/d\/275160-3\/DSC06396.jpg \/><\/a><br \/>\n^ Talabfahrt an der 8EUB, rechts der Hang sah einladend aus, den wollte ich sodann auch befahren<\/p>\n<p><a href='http:\/\/ski.inmontanis.info\/d\/275165-2\/DSC06397.jpg'><img src=http:\/\/ski.inmontanis.info\/d\/275164-3\/DSC06397.jpg \/><\/a><br \/>\n^ Hinweis zu den beiden geschlossenen SL :(<\/p>\n<p><a href='http:\/\/ski.inmontanis.info\/d\/275169-2\/DSC06398.jpg'><img src=http:\/\/ski.inmontanis.info\/d\/275168-3\/DSC06398.jpg \/><\/a><br \/>\n^ .. um zu dem Steilhang an der 8EUB zu kommen, ist allerdings eine Umgehung eines breiten Zauns links oder rechts n\u00f6tig. Ich entschied mich, links zwischen den B\u00e4umen durch ;)<\/p>\n<p><a href='http:\/\/ski.inmontanis.info\/d\/275173-2\/DSC06399.jpg'><img src=http:\/\/ski.inmontanis.info\/d\/275172-3\/DSC06399.jpg \/><\/a><br \/>\n^ 8EUB-Steilhang<\/p>\n<p><a href='http:\/\/ski.inmontanis.info\/d\/275177-2\/DSC06400.jpg'><img src=http:\/\/ski.inmontanis.info\/d\/275176-3\/DSC06400.jpg \/><\/a><br \/>\n^ 8EUB-Steilhang<\/p>\n<p><a href='http:\/\/ski.inmontanis.info\/d\/275181-2\/DSC06401.jpg'><img src=http:\/\/ski.inmontanis.info\/d\/275180-3\/DSC06401.jpg \/><\/a><br \/>\n^ Talabfahrt an der 8EUB<\/p>\n<p><a href='http:\/\/ski.inmontanis.info\/d\/275185-2\/DSC06403.jpg'><img src=http:\/\/ski.inmontanis.info\/d\/275184-3\/DSC06403.jpg \/><\/a><br \/>\n^ Talabfahrt an der 8EUB<\/p>\n<p><a href='http:\/\/ski.inmontanis.info\/d\/275189-2\/DSC06404.jpg'><img src=http:\/\/ski.inmontanis.info\/d\/275188-3\/DSC06404.jpg \/><\/a><br \/>\n^ SL Palancana, seltenerweise mal nichts los<\/p>\n<p><a href='http:\/\/ski.inmontanis.info\/d\/275193-2\/DSC06405.jpg'><img src=http:\/\/ski.inmontanis.info\/d\/275192-3\/DSC06405.jpg \/><\/a><br \/>\n^ SL Palancana, dar\u00fcber SL Masucco<\/p>\n<p><a href='http:\/\/ski.inmontanis.info\/d\/275197-2\/DSC06412.jpg'><img src=http:\/\/ski.inmontanis.info\/d\/275196-3\/DSC06412.jpg \/><\/a><br \/>\n^ SL Masucco<\/p>\n<p><a href='http:\/\/ski.inmontanis.info\/d\/275201-2\/DSC06414.jpg'><img src=http:\/\/ski.inmontanis.info\/d\/275200-3\/DSC06414.jpg \/><\/a><br \/>\n^ DSB Rossa &#8211; Colombano mit ihren schwarzen St\u00fctzen und den drei Niederhaltern ist lifttechnisch das Highlight hier<\/p>\n<p>Die sch\u00f6nsten Abfahrten gibt&#8217;s eh hier: die beiden Abfahrten von der Bergstation der Masucco-SL runter zur alten Meb-DSB (Sektion 3). Allerdings muss man zum und vom SL etwas schieben. Aber allein das geniale Gratst\u00fcck ganz oben gleicht das gut aus :)<\/p>\n<p><a href='http:\/\/ski.inmontanis.info\/d\/275205-2\/DSC06415.jpg'><img src=http:\/\/ski.inmontanis.info\/d\/275204-3\/DSC06415.jpg \/><\/a><br \/>\n^ Offpiste am SL Monte Masucco,  genauso alt wie Pra Vegl + Dosso Le Pone, wird also vielleicht das letzte Jahr heuer offen sein?<\/p>\n<p><a href='http:\/\/ski.inmontanis.info\/d\/275209-2\/DSC06417.jpg'><img src=http:\/\/ski.inmontanis.info\/d\/275208-3\/DSC06417.jpg \/><\/a><br \/>\n^ An der DSB Rosso Colombano waren beide rechten Abfahrten ge\u00f6ffnet, die sind ja auch beide nett.<\/p>\n<p><a href='http:\/\/ski.inmontanis.info\/d\/275213-2\/DSC06421.jpg'><img src=http:\/\/ski.inmontanis.info\/d\/275212-3\/DSC06421.jpg \/><\/a><br \/>\n^ Abfahrt an der DSB Forte Tad\u00e9<\/p>\n<p>Zum Abschluss noch 2x die 4SB mit den heute fr\u00fch nicht zu fahrendenen bzw. geschlossenen Abfahrten, letztere ging ebenfalls gut genug, dass ich sie ein 2. Mal fahren wollte. Nur ein kurzes St\u00fcck war &#8211; allerdings sehr &#8211; pappig. Bei der 2. Abfahrt querte \u00fcbrigens ein Reh die Piste, leider konnte ich die Cam nicht schnell genug rausholen.<\/p>\n<p><a href='http:\/\/ski.inmontanis.info\/d\/275217-2\/DSC06423.jpg'><img src=http:\/\/ski.inmontanis.info\/d\/275216-3\/DSC06423.jpg \/><\/a><br \/>\n^ Spielplatz links der 4SB und Blick ins Skigebiet von Bormio<\/p>\n<p><a href='http:\/\/ski.inmontanis.info\/d\/275221-2\/DSC06424.jpg'><img src=http:\/\/ski.inmontanis.info\/d\/275220-3\/DSC06424.jpg \/><\/a><br \/>\n^ Die direkte Abfahrt an der 4SB war nachmittags auch endlich frei von Rennmannschaften<\/p>\n<p><a href='http:\/\/ski.inmontanis.info\/d\/275225-2\/DSC06425.jpg'><img src=http:\/\/ski.inmontanis.info\/d\/275224-3\/DSC06425.jpg \/><\/a><br \/>\n^ .. aber besser gef\u00e4llt mir die linke 4SB-Abfahrt, die  allerdings meist geschlossen ist<\/p>\n<p><a href='http:\/\/ski.inmontanis.info\/d\/275229-2\/DSC06427.jpg'><img src=http:\/\/ski.inmontanis.info\/d\/275228-3\/DSC06427.jpg \/><\/a><br \/>\n^ .. selbige im unteren Teil, gefiel mir so gut, dass ich sie 2x fuhr.<\/p>\n<p>Somit kam ich etwas nach 16 Uhr weg, der Stau vor Tirano war heute\/noch sehr kurz.<\/p>\n<p><a href='http:\/\/extra.inmontanis.info\/d\/58269-2\/DSC06431.jpg'><img src=http:\/\/extra.inmontanis.info\/d\/58268-3\/DSC06431.jpg \/><\/a><br \/>\n^ Bernina<\/p>\n","protected":false},"excerpt":{"rendered":"<p>So, 23.2.2020 &#8211; Oga\/Colombano-Valdidentro\/Isolaccia, 23.2.2020<\/p>\n<p>Ich bin gleich um 7 Uhr zum Fr\u00fchst\u00fcck, damit ich gegen 8:30 in Oga bin &#8211; denn lieber heute fr\u00fch anfangen und etwas fr\u00fcher aufh\u00f6ren, bevor auf dem Heimweg der Stau vor Tirano wieder so stark wird. Warum es ausgerechnet da keine Umfahrung gibt, kapier ich nicht.<\/p>\n<p>Leider war das <a href=\"http:\/\/blog.inmontanis.info\/?p=6060\">[&#8230;]<\/a><\/p>\n","protected":false},"author":1,"featured_media":0,"comment_status":"closed","ping_status":"closed","sticky":false,"template":"","format":"standard","meta":{"footnotes":""},"categories":[15,215,27],"tags":[53,38,47],"class_list":["post-6060","post","type-post","status-publish","format-standard","hentry","category-italienitaly","category-oga-isolaccia","category-skifahren-winterskiing-winter","tag-8eub","tag-dsb","tag-sl","odd"],"_links":{"self":[{"href":"http:\/\/blog.inmontanis.info\/index.php?rest_route=\/wp\/v2\/posts\/6060","targetHints":{"allow":["GET"]}}],"collection":[{"href":"http:\/\/blog.inmontanis.info\/index.php?rest_route=\/wp\/v2\/posts"}],"about":[{"href":"http:\/\/blog.inmontanis.info\/index.php?rest_route=\/wp\/v2\/types\/post"}],"author":[{"embeddable":true,"href":"http:\/\/blog.inmontanis.info\/index.php?rest_route=\/wp\/v2\/users\/1"}],"replies":[{"embeddable":true,"href":"http:\/\/blog.inmontanis.info\/index.php?rest_route=%2Fwp%2Fv2%2Fcomments&post=6060"}],"version-history":[{"count":2,"href":"http:\/\/blog.inmontanis.info\/index.php?rest_route=\/wp\/v2\/posts\/6060\/revisions"}],"predecessor-version":[{"id":6062,"href":"http:\/\/blog.inmontanis.info\/index.php?rest_route=\/wp\/v2\/posts\/6060\/revisions\/6062"}],"wp:attachment":[{"href":"http:\/\/blog.inmontanis.info\/index.php?rest_route=%2Fwp%2Fv2%2Fmedia&parent=6060"}],"wp:term":[{"taxonomy":"category","embeddable":true,"href":"http:\/\/blog.inmontanis.info\/index.php?rest_route=%2Fwp%2Fv2%2Fcategories&post=6060"},{"taxonomy":"post_tag","embeddable":true,"href":"http:\/\/blog.inmontanis.info\/index.php?rest_route=%2Fwp%2Fv2%2Ftags&post=6060"}],"curies":[{"name":"wp","href":"https:\/\/api.w.org\/{rel}","templated":true}]}}