{"id":606,"date":"2008-11-01T23:59:52","date_gmt":"2008-11-01T21:59:52","guid":{"rendered":"http:\/\/blog.inmontanis.info\/?p=606"},"modified":"2023-08-05T15:16:19","modified_gmt":"2023-08-05T13:16:19","slug":"skistart-auf-der-klewenalp-1-11-2008","status":"publish","type":"post","link":"http:\/\/blog.inmontanis.info\/?p=606","title":{"rendered":"Skistart auf der Klewenalp, 1.11.2008"},"content":{"rendered":"<p>Als ich vor ca. 3 Wochen meine Sommersaison beendet hatte, war mir klar, dass ich am 1. oder 2.11. irgendwo in einem Winterskigebiet fahren werde. Planai, Grasgeheren, irgendwas wird schon gehen, und Sulden hatte ja den Sommer \u00fcber mit einem definitiven Saisonstart zum 1.11. geworben, aufgrund der ausgebauten Beschneiung.<br \/>\n<!--more--><br \/>\nNun, das alles wurde nix, einzig Bormio schien seine oberste KSB ge\u00f6ffnet zu haben, dazu gesellten sich ein paar Skigebiete in der Zentralschweiz und im Schwarzwald.<\/p>\n<p>Am Interessantesten h\u00e4tte m.E. das Gebiet Sattel-Hochstuckli sein sollen, zumindest wenn der SL Hochstuckli in kompletter L\u00e4nge gefahren w\u00e4re. Am Freitag abend hatte man das &#8220;vielleicht&#8221; auf der Homepage gestrichen und die Schneeberichte auf &#8220;Skilifte ge\u00f6ffnet&#8221; gesetzt.<\/p>\n<p>So bin ich am Samstag also um Punkt 6 weggefahren. Da ich heuer die schweizer AB-Vignette nicht hatte, bin ich \u00fcber&#8217;s Land gefahren.<\/p>\n<p><a href='http:\/\/ski.inmontanis.info\/d\/78195-1\/P1310456.JPG'><img src=http:\/\/ski.inmontanis.info\/d\/78197-3\/P1310456.JPG \/><\/a><br \/>\n^ Vor Sattel, Winterlandschaft Anfang November&#8230;<\/p>\n<p><a href='http:\/\/ski.inmontanis.info\/d\/78199-1\/P1310459.JPG'><img src=http:\/\/ski.inmontanis.info\/d\/78201-3\/P1310459.JPG \/><\/a><br \/>\n^ Bahn\u00fcbergang<\/p>\n<p><a href='http:\/\/ski.inmontanis.info\/d\/78203-1\/P1310460.JPG'><img src=http:\/\/ski.inmontanis.info\/d\/78205-3\/P1310460.JPG \/><\/a><br \/>\n^ Alles so sch\u00f6n wei\u00df, und trotzdem musste der Skibetrieb abgeblasen werden :-(<\/p>\n<p>Kurz vor 10 war ich dort, im Tal lag gen\u00fcgend Schnee, von einem Wind war nix zu sp\u00fcren, am Ortseingang hing das Schild &#8220;Skilifte in Betrieb&#8221;. Am Parkplatz kaum mehr als 10 Autos, die Gondelbahn fuhr.<\/p>\n<p>Also Skischuhe an, Ski gepackt und auf zur Kasse. An der Panoramatafel das erste Fragezeichen: Die SL sind auf Rot. Nachgefragt: Wegen des starken F\u00f6hns in der Nacht hatte die Unterlage nicht mehr gerreicht, um den Skibetrieb aufnehmen zu k\u00f6nnen :-(<\/p>\n<p>Alternative muss her! In der Mythenregion h\u00e4tte wohl ein SL aufmachen sollen, aber lt. Plan nur ein recht kurzer \u00dcbungslift. Also weiter zur Klewenalp. Und ohne AB-Vignette eben langwierig \u00fcber Luzern (zum Gl\u00fcck war ja Feiertag..). Kurz nach 11 war ich an der Talstation der PB.<\/p>\n<p>Hier fuhr man. Allerdings ist man auch etwas h\u00f6her (Hochstuckli ca. 1100-1500m, Klewenalp ca. 1450-1630m).<\/p>\n<p>Der Skipass hatte CHF 23,- gekostet, was dem Kindertarif ab 11 Uhr entsprach. Also ca. 15,- Euro.<\/p>\n<p>Leider war es oben seeehr warm, der Neuschnee recht pappig, einzig der Steilhang an dem kurzen SL Junior war gut zu fahren. <\/p>\n<p>Neben dem SL Junior (und dem Verbindungs-Tellerlift davor) war noch die DSB Aengi in Betrieb, die aber ja leider nur einen Skiweg als Abfahrt hat, der ungef\u00e4hr so verlief:<br \/>\nSchuss &#8211; Schieben &#8211; Schuss &#8211; Schieben &#8211; Aufstieg &#8211; Paar Kurven &#8211; Schuss &#8211; Schieben<\/p>\n<p>(2 mal bin ich&#8217;s zur Abwechslung gefahren..)<\/p>\n<p>.. so dass ich also haupts\u00e4chlich am SL Junior und den Steilhang fuhr. Mittag essen bin ich auch noch, und wenigstens waren meine \u00c4lplermagronen wieder so, wie ich sie mag &#8211; aber wir sind ja auch in der Zentralschweiz &#8211; der Tag war also gerettet :-)<\/p>\n<p>Um 15 Uhr hatte ich&#8217;s dann gelassen, schlie\u00dflich lag noch ein langer Heimweg vor mir. Diesmal bin ich \u00e4hnlich der Autobahn gefahren, also Luzern-Zug-Sargans &#8230; war aber doch ein ziemlicher Umweg (weil man sehr lange Strecken durch Ortschaften mit 60 km\/h f\u00e4hrt), so dass ich ca. 5,5 Stunden gebraucht hab, bis ich daheim war. (\u00dcbrigens, lt. meinem Navi hab ich \u00fcber den Arlbergpass gerade einmal 4 Minuten verloren, also wenn da kein Schnee liegt, kann man sich die Maut wirklich sparen)<\/p>\n<p><a href='http:\/\/ski.inmontanis.info\/d\/78207-1\/P1310461.JPG'><img src=http:\/\/ski.inmontanis.info\/d\/78209-3\/P1310461.JPG \/><\/a><br \/>\n^ PB Klewenalp &#8211; Talblick<\/p>\n<p><a href='http:\/\/ski.inmontanis.info\/d\/78211-1\/P1310463.JPG'><img src=http:\/\/ski.inmontanis.info\/d\/78213-3\/P1310463.JPG \/><\/a><br \/>\n^ Na, schaut doch gar nicht so schlecht aus, im Vordergrund der \u00dcbungs-Tellerlift (ein Tal-Berg-Tal-Lift), dahinter der Doppel-SL Junior mit dem Steilhang (einzig brauchbare Abfahrt heute).<\/p>\n<p><a href='http:\/\/ski.inmontanis.info\/d\/78215-1\/P1310464.JPG'><img src=http:\/\/ski.inmontanis.info\/d\/78217-3\/P1310464.JPG \/><\/a><br \/>\n^ Blick zur DSB Klewenstock und 4KSB Ch\u00e4len<\/p>\n<p><a href='http:\/\/ski.inmontanis.info\/d\/78219-1\/P1310465.JPG'><img src=http:\/\/ski.inmontanis.info\/d\/78221-3\/P1310465.JPG \/><\/a><br \/>\n^ Skiweg-Abfahrt DSB Aengi, Blick zur 4KSB Ch\u00e4len<\/p>\n<p><a href='http:\/\/ski.inmontanis.info\/d\/78223-1\/P1310467.JPG'><img src=http:\/\/ski.inmontanis.info\/d\/78225-3\/P1310467.JPG \/><\/a><br \/>\n^ Skiweg-Abfahrt DSB Aengi, ab hier musste man ein St\u00fcck bergauf gehen &#8230;<\/p>\n<p><a href='http:\/\/ski.inmontanis.info\/d\/78227-1\/P1310468.JPG'><img src=http:\/\/ski.inmontanis.info\/d\/78229-3\/P1310468.JPG \/><\/a><br \/>\n^ 4KSB Ch\u00e4len, leider noch im Sommerschlaf<\/p>\n<p><a href='http:\/\/ski.inmontanis.info\/d\/78231-1\/P1310469.JPG'><img src=http:\/\/ski.inmontanis.info\/d\/78233-3\/P1310469.JPG \/><\/a><br \/>\n^ Skiweg-Abfahrt DSB Aengi, das St\u00fcck konnte man wenigstens ein paar Schw\u00fcnge machen &#8230;<\/p>\n<p><a href='http:\/\/ski.inmontanis.info\/d\/78236-1\/P1310470.JPG'><img src=http:\/\/ski.inmontanis.info\/d\/78238-3\/P1310470.JPG \/><\/a><br \/>\n^ Links Bergstation DSB Aengi, rechts SL Tw\u00e4regg-R\u00fcckseite<\/p>\n<p><a href='http:\/\/ski.inmontanis.info\/d\/78240-1\/P1310471.JPG'><img src=http:\/\/ski.inmontanis.info\/d\/78242-3\/P1310471.JPG \/><\/a><br \/>\n^ Blick von der DSB Aengi zur 4KSB Ch\u00e4len<\/p>\n<p><a href='http:\/\/ski.inmontanis.info\/d\/78244-1\/P1310472.JPG'><img src=http:\/\/ski.inmontanis.info\/d\/78246-3\/P1310472.JPG \/><\/a><br \/>\n^ Bergstationen SL Junior und DSB Klewenstock<\/p>\n<p><a href='http:\/\/ski.inmontanis.info\/d\/78248-1\/P1310474.JPG'><img src=http:\/\/ski.inmontanis.info\/d\/78250-3\/P1310474.JPG \/><\/a><br \/>\n^ Nebelmeer \u00fcber dem Vierwaldst\u00e4ttersee und weiter&#8230; (rechts die Rigi)<\/p>\n<p><a href='http:\/\/ski.inmontanis.info\/d\/78252-1\/P1310476.JPG'><img src=http:\/\/ski.inmontanis.info\/d\/78254-3\/P1310476.JPG \/><\/a><br \/>\n^ Nebelmeer im Zoom<\/p>\n<p><a href='http:\/\/ski.inmontanis.info\/d\/78256-1\/P1310478.JPG'><img src=http:\/\/ski.inmontanis.info\/d\/78258-3\/P1310478.JPG \/><\/a><br \/>\n^ SL Junior mit einzig vern\u00fcnftiger Abfahrt heute. Ging aber wirklich ganz gut. Tiefschnee war mir aber zu pappig.<\/p>\n<p><a href='http:\/\/ski.inmontanis.info\/d\/78260-1\/P1310481.JPG'><img src=http:\/\/ski.inmontanis.info\/d\/78262-3\/P1310481.JPG \/><\/a><br \/>\n^ Wenn das Fernsehen da ist, wird auch der B\u00fcgel gehalten ;-)<\/p>\n<p><a href='http:\/\/ski.inmontanis.info\/d\/78264-1\/P1310482.JPG'><img src=http:\/\/ski.inmontanis.info\/d\/78266-3\/P1310482.JPG \/><\/a><br \/>\n^ Pano richtung Norden (rechts Mythen)<\/p>\n<p><a href='http:\/\/ski.inmontanis.info\/d\/78268-1\/P1310497.JPG'><img src=http:\/\/ski.inmontanis.info\/d\/78270-3\/P1310497.JPG \/><\/a><br \/>\n^ Winterlandschaft<\/p>\n<p><a href='http:\/\/ski.inmontanis.info\/d\/78272-1\/P1310498.JPG'><img src=http:\/\/ski.inmontanis.info\/d\/78274-3\/P1310498.JPG \/><\/a><br \/>\n^ Gipfelzoom<\/p>\n<p><a href='http:\/\/ski.inmontanis.info\/d\/78276-1\/P1310499.JPG'><img src=http:\/\/ski.inmontanis.info\/d\/78278-3\/P1310499.JPG \/><\/a><br \/>\n^ DSB Aengi<\/p>\n<p><a href='http:\/\/ski.inmontanis.info\/d\/78280-1\/P1310501.JPG'><img src=http:\/\/ski.inmontanis.info\/d\/78282-3\/P1310501.JPG \/><\/a><br \/>\n^ DSB Aengi<\/p>\n<p><a href='http:\/\/ski.inmontanis.info\/d\/78284-1\/P1310505.JPG'><img src=http:\/\/ski.inmontanis.info\/d\/78286-3\/P1310505.JPG \/><\/a><br \/>\n^ So sch\u00f6n wie diese Spur aussah, so pappig war sie leider auch &#8230; Und der Nebel ist auch noch da.<\/p>\n<p><a href='http:\/\/ski.inmontanis.info\/d\/78176-1\/P1310475.JPG'><img src=http:\/\/ski.inmontanis.info\/d\/78178-3\/P1310475.JPG \/><\/a><br \/>\n^ Rigi im Zoom von der Klewenalp<\/p>\n<p><a href='http:\/\/ski.inmontanis.info\/d\/78181-1\/P1310480.JPG'><img src=http:\/\/ski.inmontanis.info\/d\/78183-3\/P1310480.JPG \/><\/a><br \/>\n^ Zoom Rigi Kaltbad mit dem SL<\/p>\n<p><a href='http:\/\/ski.inmontanis.info\/d\/78186-1\/P1310487.JPG'><img src=http:\/\/ski.inmontanis.info\/d\/78188-3\/P1310487.JPG \/><\/a><br \/>\n^ Zoom Mythen von Klewenalp<\/p>\n<p><a href='http:\/\/ski.inmontanis.info\/d\/78191-1\/P1310493.JPG'><img src=http:\/\/ski.inmontanis.info\/d\/78193-3\/P1310493.JPG \/><\/a><br \/>\n^ Zoom Skigebiet Mythen von Klewenalp<\/p>\n<p>Fazit: F\u00fcr eine Anfahrt von 1-2 Stunden h\u00e4tte ich gesagt OK, aber in meinem Fall wars die lange Fahrt diesmal sicher nicht wert. Da hatte ich schon bessere Saisonstarts im Oktober\/November in den letzten Jahren.<\/p>\n","protected":false},"excerpt":{"rendered":"<p>Als ich vor ca. 3 Wochen meine Sommersaison beendet hatte, war mir klar, dass ich am 1. oder 2.11. irgendwo in einem Winterskigebiet fahren werde. Planai, Grasgeheren, irgendwas wird schon gehen, und Sulden hatte ja den Sommer \u00fcber mit einem definitiven Saisonstart zum 1.11. geworben, aufgrund der ausgebauten Beschneiung.<\/p>\n<p> <a href=\"http:\/\/blog.inmontanis.info\/?p=606\">[&#8230;]<\/a><\/p>\n","protected":false},"author":1,"featured_media":0,"comment_status":"open","ping_status":"closed","sticky":false,"template":"","format":"standard","meta":{"footnotes":""},"categories":[24,735,14,27],"tags":[49,38,52,47],"class_list":["post-606","post","type-post","status-publish","format-standard","hentry","category-tagestour","category-klewenalp","category-swiss","category-skifahren-winterskiing-winter","tag-4sb","tag-dsb","tag-pb","tag-sl","odd"],"_links":{"self":[{"href":"http:\/\/blog.inmontanis.info\/index.php?rest_route=\/wp\/v2\/posts\/606","targetHints":{"allow":["GET"]}}],"collection":[{"href":"http:\/\/blog.inmontanis.info\/index.php?rest_route=\/wp\/v2\/posts"}],"about":[{"href":"http:\/\/blog.inmontanis.info\/index.php?rest_route=\/wp\/v2\/types\/post"}],"author":[{"embeddable":true,"href":"http:\/\/blog.inmontanis.info\/index.php?rest_route=\/wp\/v2\/users\/1"}],"replies":[{"embeddable":true,"href":"http:\/\/blog.inmontanis.info\/index.php?rest_route=%2Fwp%2Fv2%2Fcomments&post=606"}],"version-history":[{"count":4,"href":"http:\/\/blog.inmontanis.info\/index.php?rest_route=\/wp\/v2\/posts\/606\/revisions"}],"predecessor-version":[{"id":3284,"href":"http:\/\/blog.inmontanis.info\/index.php?rest_route=\/wp\/v2\/posts\/606\/revisions\/3284"}],"wp:attachment":[{"href":"http:\/\/blog.inmontanis.info\/index.php?rest_route=%2Fwp%2Fv2%2Fmedia&parent=606"}],"wp:term":[{"taxonomy":"category","embeddable":true,"href":"http:\/\/blog.inmontanis.info\/index.php?rest_route=%2Fwp%2Fv2%2Fcategories&post=606"},{"taxonomy":"post_tag","embeddable":true,"href":"http:\/\/blog.inmontanis.info\/index.php?rest_route=%2Fwp%2Fv2%2Ftags&post=606"}],"curies":[{"name":"wp","href":"https:\/\/api.w.org\/{rel}","templated":true}]}}