{"id":6057,"date":"2020-02-22T20:17:31","date_gmt":"2020-02-22T19:17:31","guid":{"rendered":"http:\/\/blog.inmontanis.info\/?p=6057"},"modified":"2023-01-25T20:24:30","modified_gmt":"2023-01-25T19:24:30","slug":"teglio-22-2-2020","status":"publish","type":"post","link":"http:\/\/blog.inmontanis.info\/?p=6057","title":{"rendered":"Teglio, 22.2.2020"},"content":{"rendered":"<p><strong>Sa, 22.2.2020 &#8211; Teglio<\/strong><\/p>\n<p>Wir haben das Faschingswochenende? Dann sollte ich lieber in die leersten Skigebiete meiner Saisonkarte gehen. F\u00fcr Teglio heute gab es aber noch weitere Gr\u00fcnde: noch sind alle Abfahrten offen und dank S\u00fcdhang und warmer Temperaturen k\u00f6nnte man wohl Firn an den SL-Offpisteh\u00e4ngen erwarten. Kurz nach 5:30 ging&#8217;s los, kurz vor 9:45 war ich am noch sehr leeren Parkplatz. Im Engadin war es um die Uhrzeit aber schon recht voll, da sollte man samstags besser 1 Stunde fr\u00fcher dran sein..<\/p>\n<p>Die unteren Pistenabschnitte schienen nicht mehr viele Wochen durchzuhalten, wird also vermutlich mein letzter Besuch diese Saison hier sein. Und endlich mal bei richtigem Sonnenschein.<\/p>\n<p>Bereits die erste Abfahrt war sch\u00f6n weich und fast firnig, was also eine tollen Tag erwarten lie\u00df &#8211; denn es wird wohl nicht so voll werden, dass es zu Buckelbildung kommen w\u00fcrde. Ab Mittag wurde die DSB-Abfahrt dann aber stellenweise leider ziemlich pappig :( Aber ich hatte auch mal wieder Wachs vergessen und ewig keinen Skiservice mehr gemacht. Aber vielleicht hat&#8217;s vor ein paar Tagen auch etwas geschneit.<\/p>\n<p>Zu Mittag kaufte ich mir 2 Salsiccia-Panini, eines a\u00df ich gleich im Lift, das andere hob ich mir noch etwas auf.<\/p>\n<p>Trotz des Pappschnees wollte ich heute ungern das Gebiet wechseln, nicht nur, weil es wohl das letzte Mal diese Saison hier in Teglio sein wird, aber da ich heute Abend in Richtung Bormio muss, wollte ich ungern Aprica rauffahren (den Pass werde ich ja eh noch oft genug fahren) und die 1,5h Fahrt nach Pescegallo waren mir an dem sonnigen Tag heute auch zu schade. Und es pappte ja nur an wenigen St\u00fccken.<\/p>\n<p>Vor meiner Saisonkarte war ich glaub ich nie einen ganzen Tag in Teglio &#8211; hab glaub immer in Aprica zus\u00e4tzlich eine 2h-Karte gekauft. Jetzt mit Saisonkarte, wo ich ohne Aufpreis wechseln k\u00f6nnte, mach ich&#8217;s nicht? Ok, ich h\u00e4tte es gemacht, wenn ich heute Abend  \u00fcber&#8217;n Apricapass nach Edolo\/Boario h\u00e4tte fahren wollen.<\/p>\n<p>Leider wurde es auch am SL nicht sonderlich sch\u00f6n firnig, es war einfach zu unruhig, fast schon etwas &#8220;Eierkartonschnee&#8221;. Einige nette Ecken gab es aber doch. Ab 15 Uhr gefror es langsam wieder an &#8211; je nach Temperatur kann es also sinnvoller sein, Teglio morgens oder nachmittags zu fahren (falls man wechseln m\u00f6chte und nur einen halben Tag hier ist).<\/p>\n<p>Der SL liefe bis 16:15, die DSB bis 16:30. Um kurz nach 16 Uhr machte ich die letzte Bergfahrt mit der DSB, es war mittlerweile doch recht angefroren. Bei dieser letzten Bergfahrt musste sich leider mal wieder ein Pendel vom (neuen) Rucksack unter den Sitz einklemmen und da ich ihn nicht wegbekam (obwohl ich bereits an der drittletzten St\u00fctze den B\u00fcgel \u00f6ffnete, aber 28+29+30 sind ja kurz hintereinander) musste ich dem Liftler zuwinken, dass er mir den Lift anh\u00e4lt. Grund waren gewisse &#8220;Widerhaken&#8221;, die ich sp\u00e4ter im Hotel gleich abschnitt. Ansonsten hat der neue Rucksack eh weniger, was eingeklemmt werden k\u00f6nnte, weil man den Bauchgurt abmachen kann.<\/p>\n<p>(Fotos anklicken zum Vergr\u00f6\u00dfern)<\/p>\n<p><a href='http:\/\/ski.inmontanis.info\/d\/274929-2\/DSC06293.jpg'><img src=http:\/\/ski.inmontanis.info\/d\/274928-3\/DSC06293.jpg \/><\/a><br \/>\n^ Parkplatz um kurz vor 10 Uhr mal noch sehr leer<\/p>\n<p><a href='http:\/\/ski.inmontanis.info\/d\/274933-2\/DSC06294.jpg'><img src=http:\/\/ski.inmontanis.info\/d\/274932-3\/DSC06294.jpg \/><\/a><br \/>\n^ .. auch hier noch genug Parkpl\u00e4tze<\/p>\n<p><a href='http:\/\/ski.inmontanis.info\/d\/274937-2\/DSC06296.jpg'><img src=http:\/\/ski.inmontanis.info\/d\/274936-3\/DSC06296.jpg \/><\/a><br \/>\n^ Hatte eigentlich gehofft, dass ich heuer mal diese ehemalige Abfahrt befahren k\u00f6nnte, aber das wird wohl nix mehr<\/p>\n<p><a href='http:\/\/ski.inmontanis.info\/d\/274941-2\/DSC06297.jpg'><img src=http:\/\/ski.inmontanis.info\/d\/274940-3\/DSC06297.jpg \/><\/a><br \/>\n^ Talstation DSB, der Schnee geht so langsam zu Ende<\/p>\n<p><a href='http:\/\/ski.inmontanis.info\/d\/274945-2\/DSC06299.jpg'><img src=http:\/\/ski.inmontanis.info\/d\/274944-3\/DSC06299.jpg \/><\/a><br \/>\n^ DSB Strecke oberhalb der Mittelstation<\/p>\n<p><a href='http:\/\/ski.inmontanis.info\/d\/274949-2\/DSC06300.jpg'><img src=http:\/\/ski.inmontanis.info\/d\/274948-3\/DSC06300.jpg \/><\/a><br \/>\n^ DSB Strecke oberhalb der Mittelstation<\/p>\n<p><a href='http:\/\/ski.inmontanis.info\/d\/274953-2\/DSC06301.jpg'><img src=http:\/\/ski.inmontanis.info\/d\/274952-3\/DSC06301.jpg \/><\/a><br \/>\n^ Vermutlich waren fr\u00fcher alle St\u00fctzen schwarz, keine Ahnung warum die 26 (von 30) nicht fertig gestrichen wurde.<\/p>\n<p><a href='http:\/\/ski.inmontanis.info\/d\/274957-2\/DSC06303.jpg'><img src=http:\/\/ski.inmontanis.info\/d\/274956-3\/DSC06303.jpg \/><\/a><br \/>\n^ Start der SL-Abfahrt, das sch\u00f6nste Pano im Skigebiet<\/p>\n<p><a href='http:\/\/ski.inmontanis.info\/d\/274961-2\/DSC06304.jpg'><img src=http:\/\/ski.inmontanis.info\/d\/274960-3\/DSC06304.jpg \/><\/a><br \/>\n^ Alternativ kann man auch offpiste den Steilhang am SL runter, ist aber noch nicht weich genug<\/p>\n<p><a href='http:\/\/ski.inmontanis.info\/d\/274965-2\/DSC06305.jpg'><img src=http:\/\/ski.inmontanis.info\/d\/274964-3\/DSC06305.jpg \/><\/a><br \/>\n^ Gratabfahrt zwischen DSB-Berg- und Mittelstation, auch sehr nett<\/p>\n<p><a href='http:\/\/ski.inmontanis.info\/d\/274969-2\/DSC06306.jpg'><img src=http:\/\/ski.inmontanis.info\/d\/274968-3\/DSC06306.jpg \/><\/a><br \/>\n^ DSB-Auffahrt unterhalb der Mittelstation<\/p>\n<p><a href='http:\/\/ski.inmontanis.info\/d\/274973-2\/DSC06310.jpg'><img src=http:\/\/ski.inmontanis.info\/d\/274972-3\/DSC06310.jpg \/><\/a><br \/>\n^ Der SL in (\u00fcber)kompletter L\u00e4nge (der oberste Teil ist ja leider seit der Wiederer\u00f6ffnung des Skigebiets stillgelegt)<\/p>\n<p><a href='http:\/\/ski.inmontanis.info\/d\/274977-2\/DSC06311.jpg'><img src=http:\/\/ski.inmontanis.info\/d\/274976-3\/DSC06311.jpg \/><\/a><br \/>\n^ Linke DSB-Abfahrt im unteren Teil. Es gab wohl vor kurzem ein bisschen Neuschnee, weshalb es leider abschnittsweise etwas pappig  ist, hier unten gings jetzt aber noch gut.<\/p>\n<p><a href='http:\/\/ski.inmontanis.info\/d\/274981-2\/DSC06313.jpg'><img src=http:\/\/ski.inmontanis.info\/d\/274980-3\/DSC06313.jpg \/><\/a><br \/>\n^ An der Mittelstation ausgestiegen und Blick nach oben<\/p>\n<p><a href='http:\/\/ski.inmontanis.info\/d\/274985-2\/DSC06315.jpg'><img src=http:\/\/ski.inmontanis.info\/d\/274984-3\/DSC06315.jpg \/><\/a><br \/>\n^ Um 11:30 sah man Arbeiten am Stand au\u00dfen, na dann kauf ich mir doch sp\u00e4ter eine Salsiccia-Semmel. Oder gleich 2.<\/p>\n<p><a href='http:\/\/ski.inmontanis.info\/d\/274989-2\/DSC06317.jpg'><img src=http:\/\/ski.inmontanis.info\/d\/274988-3\/DSC06317.jpg \/><\/a><br \/>\n^ Die rechte DSB-Abfahrt<\/p>\n<p><a href='http:\/\/ski.inmontanis.info\/d\/274993-2\/DSC06318.jpg'><img src=http:\/\/ski.inmontanis.info\/d\/274992-3\/DSC06318.jpg \/><\/a><br \/>\n^ Offpiste-Tiefblick am SL, hinten das Skigebiet von Aprica<\/p>\n<p><a href='http:\/\/ski.inmontanis.info\/d\/274997-2\/DSC06321.jpg'><img src=http:\/\/ski.inmontanis.info\/d\/274996-3\/DSC06321.jpg \/><\/a><br \/>\n^ Salsiccia-Semmel im Lift. Schmeckt am besten pur oder mit Ketchup, aber Senf passt mir da irgendwie nicht dazu. Und obwohl ich um Ketchup und ein wenig Senf bat, hat er mir extra viel Senf draufgeklatscht.<\/p>\n<p><a href='http:\/\/ski.inmontanis.info\/d\/275001-2\/DSC06323.jpg'><img src=http:\/\/ski.inmontanis.info\/d\/275000-3\/DSC06323.jpg \/><\/a><br \/>\n^ Offpiste links vom SL, hier gab es teilweise tollen Firn, ganz oben sogar ein Eck mit &#8220;Meeresrauschen&#8221; bzw. dem sch\u00f6nen Zischen.<\/p>\n<p><a href='http:\/\/ski.inmontanis.info\/d\/275005-2\/DSC06324.jpg'><img src=http:\/\/ski.inmontanis.info\/d\/275004-3\/DSC06324.jpg \/><\/a><br \/>\n^ Offpiste rechts vom SL, war leider etwas schwieriger zu fahren<\/p>\n<p><a href='http:\/\/ski.inmontanis.info\/d\/275009-2\/DSC06325.jpg'><img src=http:\/\/ski.inmontanis.info\/d\/275008-3\/DSC06325.jpg \/><\/a><br \/>\n^ DSB-Bergstation und SL-Talstation<\/p>\n<p><a href='http:\/\/ski.inmontanis.info\/d\/275013-2\/DSC06328.jpg'><img src=http:\/\/ski.inmontanis.info\/d\/275012-3\/DSC06328.jpg \/><\/a><br \/>\n^ Der SL mal aus etwas anderer Perspektive<\/p>\n<p><a href='http:\/\/ski.inmontanis.info\/d\/275017-2\/DSC06330.jpg'><img src=http:\/\/ski.inmontanis.info\/d\/275016-3\/DSC06330.jpg \/><\/a><br \/>\n^ An der DSB-Bergstation liegen sehr viele Sessel rum<\/p>\n<p><a href='http:\/\/ski.inmontanis.info\/d\/275021-2\/DSC06333.jpg'><img src=http:\/\/ski.inmontanis.info\/d\/275020-3\/DSC06333.jpg \/><\/a><br \/>\n^ Offpiste links vom SL, steiler Tiefblick<\/p>\n<p><a href='http:\/\/ski.inmontanis.info\/d\/275025-2\/DSC06335.jpg'><img src=http:\/\/ski.inmontanis.info\/d\/275024-3\/DSC06335.jpg \/><\/a><br \/>\n^ Offpiste links vom SL, steiler Hang<\/p>\n<p><a href='http:\/\/ski.inmontanis.info\/d\/275029-2\/DSC06334.jpg'><img src=http:\/\/ski.inmontanis.info\/d\/275028-3\/DSC06334.jpg \/><\/a><br \/>\n^ Offpiste links vom SL, im unteren Teil gabs auch nochmals ein nettes St\u00fcck<\/p>\n<p><a href='http:\/\/ski.inmontanis.info\/d\/275033-2\/DSC06337.jpg'><img src=http:\/\/ski.inmontanis.info\/d\/275032-3\/DSC06337.jpg \/><\/a><br \/>\n^ Diese Widerhaken am Ende  haben sich so im Sitz  verfangen, dass der Lift wegen mir mal wieder angehalten werden musste. Im Hotel hab ich das Ende dann abgeschnitten.<\/p>\n<p><a href='http:\/\/ski.inmontanis.info\/d\/275037-2\/ge20200222e.jpg'><img src=http:\/\/ski.inmontanis.info\/d\/275036-3\/ge20200222e.jpg \/><\/a><br \/>\n^ GPS-Track 22.2.2020 in T\u00fcrkis, 3.1.2020 in Magenta und vorherige Besuche in Gelb. Ex-Lifte (bzw. geschlossene Liftabschnitte) in Rot.<\/p>\n<p>Fazit: Auch wenn Teglio jetzt nicht zu meinen Top-10-Gebieten in Italien geh\u00f6rt, w\u00fcrde ich es doch sehr vermissen &#8211; und besser als in den &#8220;gro\u00dfen&#8221; (oder modernisierten kleinen) Skigebieten gef\u00e4llt es mir hier allemal. <\/p>\n<p>\u00dcbernachtet wird heute wieder einmal in Sondalo, da es dort meist am g\u00fcnstigsten ist. \u00dcF 40,- \u20ac, sonst war unter 50 \u20ac gar nix zu finden in der Gegend. Allerdings im Rezia, in dem ich vor ein paar Jahren schon mal war, nicht im Torre, wo ich heuer schon 2x war. Wie schon letztes Mal bin ich im 3. Stock untergebracht, Rezeption+Restaurant+Stra\u00dfeneingang ist im 4. Stock, die Garage im 0. Stock, so dass ich also unterm Restaurant schlief.<\/p>\n<p>Abendessen gibts hier ab 19h, Fr\u00fchst\u00fcck ab 7h. Das Men\u00fc h\u00f6rte sich ganz gut an, weshalb ich selbiges a\u00df. Gnocchi mit Gorgonzola, Braten mit Sauce und Rosmarinkartoffel und Panna Cotta, um g\u00fcnstige 15 \u20ac. Die beiden Gastgeber sprechen sogar etwas Deutsch, wobei das f\u00fcr mich in italienischen Hotels zumeist nicht n\u00f6tig ist. Dazu nahm ich einen Liter Wasser, ohne Kohlens\u00e4ure, irgendwie flutscht das besser, hab ich letzens im Sorriso gemerkt. Mit Kohlens\u00e4ure schaff ich nur ca. 0,75l beim Abendessen nach dem Skifahren, aber ohne Kohlens\u00e4ure geht die Literlasche rein :)<\/p>\n<p>Das Baguette im Brotteller war ultraknusprig &#8211; mal gespannt, ob man das morgen beim Fr\u00fchst\u00fcck auch bekommt. Mit Wasser und G\u00e4stesteuer vom Zimmer (0,60 Cent, irgendwie kleinkarriert, das extra zu verlangen, wenn man eh \u00fcbernachtet und isst) waren&#8217;s dann 18,10 zum Draufzahlen.<\/p>\n<p>Zimmer und Bad k\u00f6nnten gern etwas w\u00e4rmer sein, die Bodenfliesen sind kalt. Das Fr\u00fchst\u00fccksbuffet am n\u00e4chsten Morgen hatte die \u00fcblichen Sachen plus Schinken+K\u00e4se.<\/p>\n<p><a href='http:\/\/extra.inmontanis.info\/d\/58257-2\/DSC06339.jpg'><img src=http:\/\/extra.inmontanis.info\/d\/58256-3\/DSC06339.jpg \/><\/a><br \/>\n^ Das Krankenhaus von Sondalo liegt am Berg oben, so dass jeder Krankenwagen runter und sp\u00e4ter wieder rauffahren muss. Ob das so sinnvoll ist?!<\/p>\n<p><a href='http:\/\/extra.inmontanis.info\/d\/58261-2\/DSC06343.jpg'><img src=http:\/\/extra.inmontanis.info\/d\/58260-3\/DSC06343.jpg \/><\/a><br \/>\n^ Hotelzimmer<\/p>\n<p><a href='http:\/\/extra.inmontanis.info\/d\/58265-2\/DSC06347.jpg'><img src=http:\/\/extra.inmontanis.info\/d\/58264-3\/DSC06347.jpg \/><\/a><br \/>\n^ Zimmerpano<\/p>\n<p>Durch den Fr\u00fchjahrsschnee in Teglio wurde mir heute bewusst, dass sich meine Lombardei-Saisonkarte auch dem Ende n\u00e4hert. Sie ist zwar bis zum ersten Mai-WE g\u00fcltig, aber viele Skigebiete werden nat\u00fcrlich nur noch wenige Wochen offen haben. 5 WE z\u00e4hlte ich noch bis zum Osterurlaub (au\u00dfer ich w\u00fcrde 1 Woche sp\u00e4ter fahren) und eigentlich hatte ich ja gehofft, noch 1-2 WE ins Appennin und\/oder S\u00fcdpiemont zu kommen, falls da heuer endlich mal noch Schnee kommt. Was dort schon auch mal im M\u00e4rz\/April sein k\u00f6nnte.<\/p>\n<p>Jedenfalls ging ich also mal davon aus, 4 WE noch in der Lombardei zu haben und machte mir eine kleine Liste, was ich noch besuchen m\u00f6chte. Ob es in Schilpario, Selvino und Gaver heuer Skibetrieb gab, der Schnee reichte, hab ich bisher nicht rausgefunden, f\u00fcr einen Besuch in diesen Gebieten wird es schlecht ausschauen. Pora, Presolana und Gromo Spiazzi werde ich wohl doch noch wenigstens kurz besuchen m\u00fcssen, auch wenn die jeweilgen DSB, auf deren Inbetriebnahme ich gewartet hab, aufgrund Schneemangels wohl heuer nicht mehr in Betrieb gehen sollten (allerdings kann auch hier in der Gegend manchmal erst im M\u00e4rz\/April der gr\u00f6\u00dfte Schneefall der Saison kommen), was schade ist, weil diese beiden DSB schon mit ein Grund f\u00fcr den Kauf der Saisonkarte waren.<\/p>\n<p>Nochmals besuchen m\u00f6chte ich noch Maniva, Montecampione, Lizzola, Bobbio, Pescegallo und nat\u00fcrlich endlich mal wieder Aprica. Foppolo wollte ich ja eher mit Piazzatorre (nur falls Talabfahrt offen) oder Selvino kombinieren, das wird wohl schwierig. Livigno\/Mottolino ginge vermutlich auch noch Ende April, aber da hat&#8217;s mir ja eh nie so besonders gefallen, vmtl. werd ich dann lieber wieder die Agudio-6EUB und die Marchisio-DSB in Aprica fahren :)<\/p>\n<p>Ein nahes Saisonende hei\u00dft auch, sich Gedanken \u00fcber die Saisonkarte im n\u00e4chsten Jahr zu machen. So genial die Lombardei-Saisonkarte auch ist, aber aufgrund ihrer hohen Kosten kann man recht wenig fremdgehen. Wobei es heuer schneebedingt ja eh so gut wie keine Fremdgehm\u00f6glichkeiten gegeben h\u00e4tte und heuer die sinnvollste Saisonkarte war &#8211; mit der 5-Berge-Karte vom letzen Jahr h\u00e4tte ich bei dem Schnee heuer in Bayern ja ziemlich alt ausgesehen.<\/p>\n<p>In Frage k\u00e4me n\u00e4chste Saison also entweder diese europ\u00e4ische, wenn es die noch gibt und preislich wieder interssant sein sollte, wobei es ja im Laufe dieser Saison immer weniger interessante Skigebiete gab. Oder dann doch mal gar keine, dann h\u00e4tte ich jedes WE alle M\u00f6glichkeiten offen. In dem Fall w\u00fcrde ich mir evtl. doch die gro\u00dfe Sommersaisonkarte am Hintertuxer kaufen, insofern sollte ich mir das bis Anfang Mai \u00fcberlegen. Oder man nimmt mal wieder das heimische Freizeitticket wegen Stubaier Gletscher am Saisonanfang\/ende und geht ansonsten haupts\u00e4chlich fremd, was dann ggf. durchaus auch h\u00e4ufiger in der Lombardei sein k\u00f6nnte. <\/p>\n<p>(Fortsetzung vom Sonntag folgt.)<\/p>\n","protected":false},"excerpt":{"rendered":"<p>Sa, 22.2.2020 &#8211; Teglio<\/p>\n<p>Wir haben das Faschingswochenende? Dann sollte ich lieber in die leersten Skigebiete meiner Saisonkarte gehen. F\u00fcr Teglio heute gab es aber noch weitere Gr\u00fcnde: noch sind alle Abfahrten offen und dank S\u00fcdhang und warmer Temperaturen k\u00f6nnte man wohl Firn an den SL-Offpisteh\u00e4ngen erwarten. Kurz nach 5:30 ging&#8217;s los, kurz vor 9:45 <a href=\"http:\/\/blog.inmontanis.info\/?p=6057\">[&#8230;]<\/a><\/p>\n","protected":false},"author":1,"featured_media":0,"comment_status":"closed","ping_status":"closed","sticky":false,"template":"","format":"standard","meta":{"footnotes":""},"categories":[15,59,27,216,81],"tags":[38,47],"class_list":["post-6057","post","type-post","status-publish","format-standard","hentry","category-italienitaly","category-nostalgie","category-skifahren-winterskiing-winter","category-teglio","category-kurztrips","tag-dsb","tag-sl","odd"],"_links":{"self":[{"href":"http:\/\/blog.inmontanis.info\/index.php?rest_route=\/wp\/v2\/posts\/6057","targetHints":{"allow":["GET"]}}],"collection":[{"href":"http:\/\/blog.inmontanis.info\/index.php?rest_route=\/wp\/v2\/posts"}],"about":[{"href":"http:\/\/blog.inmontanis.info\/index.php?rest_route=\/wp\/v2\/types\/post"}],"author":[{"embeddable":true,"href":"http:\/\/blog.inmontanis.info\/index.php?rest_route=\/wp\/v2\/users\/1"}],"replies":[{"embeddable":true,"href":"http:\/\/blog.inmontanis.info\/index.php?rest_route=%2Fwp%2Fv2%2Fcomments&post=6057"}],"version-history":[{"count":2,"href":"http:\/\/blog.inmontanis.info\/index.php?rest_route=\/wp\/v2\/posts\/6057\/revisions"}],"predecessor-version":[{"id":6059,"href":"http:\/\/blog.inmontanis.info\/index.php?rest_route=\/wp\/v2\/posts\/6057\/revisions\/6059"}],"wp:attachment":[{"href":"http:\/\/blog.inmontanis.info\/index.php?rest_route=%2Fwp%2Fv2%2Fmedia&parent=6057"}],"wp:term":[{"taxonomy":"category","embeddable":true,"href":"http:\/\/blog.inmontanis.info\/index.php?rest_route=%2Fwp%2Fv2%2Fcategories&post=6057"},{"taxonomy":"post_tag","embeddable":true,"href":"http:\/\/blog.inmontanis.info\/index.php?rest_route=%2Fwp%2Fv2%2Ftags&post=6057"}],"curies":[{"name":"wp","href":"https:\/\/api.w.org\/{rel}","templated":true}]}}