{"id":6015,"date":"2020-02-10T18:18:26","date_gmt":"2020-02-10T17:18:26","guid":{"rendered":"http:\/\/blog.inmontanis.info\/?p=6015"},"modified":"2023-07-31T18:43:48","modified_gmt":"2023-07-31T16:43:48","slug":"pilio-%ce%a0%ce%b7%ce%bb%ce%af%ce%bf-10-2-2020","status":"publish","type":"post","link":"http:\/\/blog.inmontanis.info\/?p=6015","title":{"rendered":"Pilio \/ \u03a0\u03b7\u03bb\u03af\u03bf, 10.2.2020"},"content":{"rendered":"<p><strong>SOS2020 &#8211; S\u00fcd-Osteuropa-Ski, 5.2.-17.2.2020<br \/>\nTag 5: MO, 10.2.2020 &#8211; Pilio (Pelion) \/ \u03a0\u03b7\u03bb\u03af\u03bf <\/strong> (km 2.875, Diff. 261)<\/p>\n<p>Morgens im Internet weniger sch\u00f6ne Nachrichten aus Parnassos f\u00fcr morgen: die 4KSB samt Hintenrumabfahrt soll morgen geschlossen sein .. daher lange gebraucht f\u00fcr eine Entscheidung bzw. zum Hotel buchen f\u00fcr heute Nacht, aber doch f\u00fcr Parnassos entschieden. In Bulgarien, wenn alles offen h\u00e4tte, was ich fahren m\u00f6chte, k\u00f6nnte ich zwar auch ca. 4 Tage bleiben, aber das ist eben nicht sicher, ob die Skigebiete alle unter der Woche offen haben ..<\/p>\n<p>Beim Raufffahren ins Skigebiet Pilio hab ich leider eine Sackgasse erwischt, da hatten meine Navis wohl beide unrecht (und Schilder hatte ich irgendwann keine mehr gesehen). Somit war ich erst um 11 Uhr am Parkplatz, am obersten war dann nur ein Platz am Pistenende neben einem anderen Auto halb im Schnee \u00fcbrig, also dort hingestellt, ein Min\u00fctchen sp\u00e4ter kam ein wei\u00dfer Ignis und stellte sich noch neben meinem :)<\/p>\n<p>Die Tageskarte kostete 12,- Euro (unter der Woche) und wie schon gestern bekannt gegeben, lief heute keiner der beiden ESL, schade. Daf\u00fcr vielleicht mehr Meer als die letzten Male. Ein paar Pistenabschnitte waren leider etwas steinig, hatte n\u00e4mlich die &#8220;guten&#8221; Ski dabei, weil ich auf etwas Waldabfahrten hoffte. Da g\u00e4be es durchaus ein paar nette Varianten, der Pulverschnee war auch gut, aber es schien zumeist zu eng oder zuviel Gestr\u00fcpp zu sein. Aufpassen musste man auf Gestr\u00fcppstoppeln auch auf den Pisten, da k\u00f6nnte man ggf. h\u00e4ngenbleiben und st\u00fcrzen, die sollten mal etwas tiefer abgem\u00e4ht werden.<\/p>\n<p>Leider hatte ich jetzt auch in Griechenland fast jeden Tag solche Deppen, die mit Lautsprecher im Rucksack unterwegs sind. Die sind in den kleinen piemonteser und lombardischen Skigebieten zum Gl\u00fcck noch ziemlich inexistent.<\/p>\n<p>Am oberen ESL g\u00e4be es zwei beleuchtete Abfahrten, aber keine Ahnung ob und wann die Nachtski haben, zudem m\u00fcsste man wohl vom Parkplatz zum oberen ESL soweit raufgehen, dass es mir dieser vmtl. doch nicht wert w\u00e4re :)<\/p>\n<p>Laut Internet h\u00e4tten die Lifte bis 16 Uhr in Betrieb sein sollen, lt. Aushang 15.45, aber bereits um 15 Uhr hatte der Liftler gesagt, letzte Fahrt. Vielleicht weil der Wind zu stark wurde? Ich ging nochmals zum Gipfel und selbst um 15.25 fuhren immer noch welche rauf, der SL stand schon. Und der Liftler an der Bergstation gab den Rennkids anscheinend gerade den Hinweis, dass sie noch 1x fahren k\u00f6nnen. Da h\u00e4tt ich ja auch locker nochmal&#8230;<\/p>\n<p>(Fotos anklicken zum Vergr\u00f6\u00dfern, die meisten Motive aus Pilio sind ja bekannt..)<\/p>\n<p><a href='http:\/\/extra.inmontanis.info\/d\/57705-2\/sos202002c.jpg'><img src=http:\/\/extra.inmontanis.info\/d\/57704-3\/sos202002c.jpg \/><\/a><br \/>\n^ E: Pilio<br \/>\nF: Parnassos (morgiges Ziel)<br \/>\nMagenta in dem Berech: Fahrstrecke 10.2.2020 Volos-Pilio-Parnassos<\/p>\n<p><a href='http:\/\/extra.inmontanis.info\/d\/57985-2\/DSC05284.jpg'><img src=http:\/\/extra.inmontanis.info\/d\/57984-3\/DSC05284.jpg \/><\/a><br \/>\n^ Sonnenaufgang vom Hotelzimmer &#8211; und das Meer sieht man auch ein wenig<\/p>\n<p><a href='http:\/\/extra.inmontanis.info\/d\/57989-2\/DSC05285.jpg'><img src=http:\/\/extra.inmontanis.info\/d\/57988-3\/DSC05285.jpg \/><\/a><br \/>\n^ Volos-Agria<\/p>\n<p><a href='http:\/\/extra.inmontanis.info\/d\/57993-2\/DSC05287.jpg'><img src=http:\/\/extra.inmontanis.info\/d\/57992-3\/DSC05287.jpg \/><\/a><br \/>\n^ Volos-Agria, man beachte die Gleise im Vordergrund<\/p>\n<p><a href='http:\/\/extra.inmontanis.info\/d\/57997-2\/DSC05291.jpg'><img src=http:\/\/extra.inmontanis.info\/d\/57996-3\/DSC05291.jpg \/><\/a><br \/>\n^ .. die Wagen der Bahn da rechts m\u00fcssen ziemlich schmal gewesen sein ..<\/p>\n<p>Hier mehr Infos zu der Bahn, war keine Tram, wie ich gedacht h\u00e4tte, sondern ein Dampfzug:<br \/>\n<a href='https:\/\/de.wikipedia.org\/wiki\/Pilionbahn'>https:\/\/de.wikipedia.org\/wiki\/Pilionbahn<\/a><\/p>\n<p><a href='http:\/\/ski.inmontanis.info\/d\/273289-2\/DSC05293.jpg'><img src=http:\/\/ski.inmontanis.info\/d\/273288-3\/DSC05293.jpg \/><\/a><br \/>\n^ Talstationen ESL Sektion 1, daneben die Kasse und dahinter die DSB; links der \u00dcbungslift<\/p>\n<p><a href='http:\/\/ski.inmontanis.info\/d\/273293-2\/DSC05296.jpg'><img src=http:\/\/ski.inmontanis.info\/d\/273292-3\/DSC05296.jpg \/><\/a><br \/>\n^ Bergstationen DSB und ESL Sektion 2<\/p>\n<p><a href='http:\/\/ski.inmontanis.info\/d\/273297-2\/DSC05297.jpg'><img src=http:\/\/ski.inmontanis.info\/d\/273296-3\/DSC05297.jpg \/><\/a><br \/>\n^ Linke Abfahrten, der SL und Meerpano<\/p>\n<p><a href='http:\/\/ski.inmontanis.info\/d\/273301-2\/DSC05298.jpg'><img src=http:\/\/ski.inmontanis.info\/d\/273300-3\/DSC05298.jpg \/><\/a><br \/>\n^ Am SL gibts einen kleinen Funpark<\/p>\n<p><a href='http:\/\/ski.inmontanis.info\/d\/273305-2\/DSC05299.jpg'><img src=http:\/\/ski.inmontanis.info\/d\/273304-3\/DSC05299.jpg \/><\/a><br \/>\n^ Im SL<\/p>\n<p><a href='http:\/\/ski.inmontanis.info\/d\/273309-2\/DSC05300.jpg'><img src=http:\/\/ski.inmontanis.info\/d\/273308-3\/DSC05300.jpg \/><\/a><br \/>\n^ SL-St\u00fctze<\/p>\n<p><a href='http:\/\/ski.inmontanis.info\/d\/273313-2\/DSC05301.jpg'><img src=http:\/\/ski.inmontanis.info\/d\/273312-3\/DSC05301.jpg \/><\/a><br \/>\n^ Unterhalb des SL zur DSB verl\u00e4uft die steilste Abfahrt, dazu toller Schnee und Meerblick<\/p>\n<p><a href='http:\/\/ski.inmontanis.info\/d\/273317-2\/DSC05304.jpg'><img src=http:\/\/ski.inmontanis.info\/d\/273316-3\/DSC05304.jpg \/><\/a><br \/>\n^ DSB, rechts ESL Sektion 1<\/p>\n<p><a href='http:\/\/ski.inmontanis.info\/d\/273321-2\/DSC05307.jpg'><img src=http:\/\/ski.inmontanis.info\/d\/273320-3\/DSC05307.jpg \/><\/a><br \/>\n^ DSB<\/p>\n<p><a href='http:\/\/ski.inmontanis.info\/d\/273325-2\/DSC05312.jpg'><img src=http:\/\/ski.inmontanis.info\/d\/273324-3\/DSC05312.jpg \/><\/a><br \/>\n^ ESL Sektion 2 und Meer<\/p>\n<p><a href='http:\/\/ski.inmontanis.info\/d\/273329-2\/DSC04053.jpg'><img src=http:\/\/ski.inmontanis.info\/d\/273328-3\/DSC04053.jpg \/><\/a><br \/>\n^ ESL Sektion 2 und Meer (IR)<\/p>\n<p><a href='http:\/\/ski.inmontanis.info\/d\/273333-2\/DSC04048.jpg'><img src=http:\/\/ski.inmontanis.info\/d\/273332-3\/DSC04048.jpg \/><\/a><br \/>\n^ ESL Sektion 2 und Meer (IR)<\/p>\n<p><a href='http:\/\/ski.inmontanis.info\/d\/273337-2\/DSC04052.jpg'><img src=http:\/\/ski.inmontanis.info\/d\/273336-3\/DSC04052.jpg \/><\/a><br \/>\n^ ESL Sektion 2 und Meer (IR)<\/p>\n<p><a href='http:\/\/ski.inmontanis.info\/d\/273341-2\/DSC05310.jpg'><img src=http:\/\/ski.inmontanis.info\/d\/273340-3\/DSC05310.jpg \/><\/a><br \/>\n^ ESL Sektion 2 und Meer<\/p>\n<p><a href='http:\/\/ski.inmontanis.info\/d\/273345-2\/DSC05316.jpg'><img src=http:\/\/ski.inmontanis.info\/d\/273344-3\/DSC05316.jpg \/><\/a><br \/>\n^ Gipfel-\/R\u00fcckseitenpano, diese Str\u00e4ucher verdecken mittlerweile ziemlich das Meer<\/p>\n<p><a href='http:\/\/ski.inmontanis.info\/d\/273349-2\/DSC05318.jpg'><img src=http:\/\/ski.inmontanis.info\/d\/273348-3\/DSC05318.jpg \/><\/a><br \/>\n^ S\u00fcdpano vom Gipfel<\/p>\n<p><a href='http:\/\/ski.inmontanis.info\/d\/273353-2\/DSC04059.jpg'><img src=http:\/\/ski.inmontanis.info\/d\/273352-3\/DSC04059.jpg \/><\/a><br \/>\n^ Gipfelpano (IR)<\/p>\n<p><a href='http:\/\/ski.inmontanis.info\/d\/273357-2\/DSC04075.jpg'><img src=http:\/\/ski.inmontanis.info\/d\/273356-3\/DSC04075.jpg \/><\/a><br \/>\n^ Gipfelpano mit Meer in IR (der markante Bergzug sollte Parnassus\/Parnassos sein, morgiges Ski-Ziel)<\/p>\n<p><a href='http:\/\/ski.inmontanis.info\/d\/273361-2\/DSC04063.jpg'><img src=http:\/\/ski.inmontanis.info\/d\/273360-3\/DSC04063.jpg \/><\/a><br \/>\n^ Gipfelpano (IR)<\/p>\n<p><a href='http:\/\/ski.inmontanis.info\/d\/273365-2\/DSC04072.jpg'><img src=http:\/\/ski.inmontanis.info\/d\/273364-3\/DSC04072.jpg \/><\/a><br \/>\n^ Gipfelpano (IR)<\/p>\n<p><a href='http:\/\/ski.inmontanis.info\/d\/273369-2\/DSC05320.jpg'><img src=http:\/\/ski.inmontanis.info\/d\/273368-3\/DSC05320.jpg \/><\/a><br \/>\n^ Gipfelpano mit ESL und Meer<\/p>\n<p><a href='http:\/\/ski.inmontanis.info\/d\/273373-2\/DSC04064.jpg'><img src=http:\/\/ski.inmontanis.info\/d\/273372-3\/DSC04064.jpg \/><\/a><br \/>\n^ ESL Sektion 2 und Meer (IR)<\/p>\n<p><a href='http:\/\/ski.inmontanis.info\/d\/273377-2\/DSC04067.jpg'><img src=http:\/\/ski.inmontanis.info\/d\/273376-3\/DSC04067.jpg \/><\/a><br \/>\n^ ESL Sektion 2 und Meer (IR)<\/p>\n<p><a href='http:\/\/ski.inmontanis.info\/d\/273381-2\/DSC05323.jpg'><img src=http:\/\/ski.inmontanis.info\/d\/273380-3\/DSC05323.jpg \/><\/a><br \/>\n^ ESL Sektion 2 und Meer<\/p>\n<p><a href='http:\/\/ski.inmontanis.info\/d\/273385-2\/DSC05324.jpg'><img src=http:\/\/ski.inmontanis.info\/d\/273384-3\/DSC05324.jpg \/><\/a><br \/>\n^ ESL Sektion 2 mit der sch\u00f6nen schmalen Abfahrt, hier gab oder gibt es auch Nachtski<\/p>\n<p><a href='http:\/\/ski.inmontanis.info\/d\/273389-2\/DSC05325.jpg'><img src=http:\/\/ski.inmontanis.info\/d\/273388-3\/DSC05325.jpg \/><\/a><br \/>\n^ ESL Sektion 1 und Meer<\/p>\n<p><a href='http:\/\/ski.inmontanis.info\/d\/273393-2\/DSC04085.jpg'><img src=http:\/\/ski.inmontanis.info\/d\/273392-3\/DSC04085.jpg \/><\/a><br \/>\n^ ESL Sektion 1 und Meer (IR)<\/p>\n<p><a href='http:\/\/ski.inmontanis.info\/d\/273397-2\/DSC05327.jpg'><img src=http:\/\/ski.inmontanis.info\/d\/273396-3\/DSC05327.jpg \/><\/a><br \/>\n^ Im Wald war der Schnee teilweise recht gut, aber leider war er oft zu dicht..<\/p>\n<p><a href='http:\/\/ski.inmontanis.info\/d\/273401-2\/DSC05329.jpg'><img src=http:\/\/ski.inmontanis.info\/d\/273400-3\/DSC05329.jpg \/><\/a><br \/>\n^ Eines der sch\u00f6neren Waldst\u00fccke<\/p>\n<p><a href='http:\/\/ski.inmontanis.info\/d\/273405-2\/DSC05331.jpg'><img src=http:\/\/ski.inmontanis.info\/d\/273404-3\/DSC05331.jpg \/><\/a><br \/>\n^ Links vom SL von der Bergstation aus aber leider kein Durchkommen<\/p>\n<p><a href='http:\/\/ski.inmontanis.info\/d\/273409-2\/DSC05334.jpg'><img src=http:\/\/ski.inmontanis.info\/d\/273408-3\/DSC05334.jpg \/><\/a><br \/>\n^ Dann auch noch einen Bach \u00fcberqueren m\u00fcssen ..<\/p>\n<p><a href='http:\/\/ski.inmontanis.info\/d\/273413-2\/DSC05337.jpg'><img src=http:\/\/ski.inmontanis.info\/d\/273412-3\/DSC05337.jpg \/><\/a><br \/>\n^ ESL Sektion 1 und rechts die DSB<\/p>\n<p><a href='http:\/\/ski.inmontanis.info\/d\/273417-2\/DSC05338.jpg'><img src=http:\/\/ski.inmontanis.info\/d\/273416-3\/DSC05338.jpg \/><\/a><br \/>\n^ ESL Sektion 1 und links die DSB<\/p>\n<p><a href='http:\/\/ski.inmontanis.info\/d\/273421-2\/DSC05346.jpg'><img src=http:\/\/ski.inmontanis.info\/d\/273420-3\/DSC05346.jpg \/><\/a><br \/>\n^ Im Wald rechts vom ESL Sektion 2<\/p>\n<p><a href='http:\/\/ski.inmontanis.info\/d\/273425-3\/DSC05347.jpg'><img src=http:\/\/ski.inmontanis.info\/d\/273424-4\/DSC05347.jpg \/><\/a><br \/>\n^ SL in kompletter L\u00e4nge<\/p>\n<p><a href='http:\/\/ski.inmontanis.info\/d\/273429-3\/DSC05352.jpg'><img src=http:\/\/ski.inmontanis.info\/d\/273428-4\/DSC05352.jpg \/><\/a><br \/>\n^ Meerpano vom Gipfel (Cam am Skistock-Stativ hochgehalten!)<\/p>\n<p><a href='http:\/\/ski.inmontanis.info\/d\/273433-3\/DSC04090.jpg'><img src=http:\/\/ski.inmontanis.info\/d\/273432-4\/DSC04090.jpg \/><\/a><br \/>\n^ Markanter Berg am Meer<\/p>\n<p><a href='http:\/\/ski.inmontanis.info\/d\/273437-3\/DSC05354.jpg'><img src=http:\/\/ski.inmontanis.info\/d\/273436-4\/DSC05354.jpg \/><\/a><br \/>\n^ ESL Sektion 2<\/p>\n<p><a href='http:\/\/ski.inmontanis.info\/d\/273441-3\/DSC05355.jpg'><img src=http:\/\/ski.inmontanis.info\/d\/273440-4\/DSC05355.jpg \/><\/a><br \/>\n^ ESL-Mittelstation<\/p>\n<p><a href='http:\/\/ski.inmontanis.info\/d\/273445-2\/DSC05356.jpg'><img src=http:\/\/ski.inmontanis.info\/d\/273444-3\/DSC05356.jpg \/><\/a><br \/>\n^ Meerpano vom Restaurant<\/p>\n<p><a href='http:\/\/ski.inmontanis.info\/d\/273449-3\/DSC05358.jpg'><img src=http:\/\/ski.inmontanis.info\/d\/273448-3\/DSC05358.jpg \/><\/a><br \/>\n^ Der oberste Parkplatz<\/p>\n<p><a href='http:\/\/ski.inmontanis.info\/d\/273453-3\/DSC05548.jpg'><img src=http:\/\/ski.inmontanis.info\/d\/273452-4\/DSC05548.jpg \/><\/a><br \/>\n^ Klebeskipass (aber trotzdem mit Kabelbinder durchs Loch befestigen m\u00fcssen)<\/p>\n<p><a href='http:\/\/ski.inmontanis.info\/d\/273457-3\/ge20200210a.jpg'><img src=http:\/\/ski.inmontanis.info\/d\/273456-4\/ge20200210a.jpg \/><\/a><br \/>\n^ GPS-Track 10.2.2020 in T\u00fcrkis und vorherige Besuche in Magenta<\/p>\n<p><a href='http:\/\/extra.inmontanis.info\/d\/58001-2\/DSC05363.jpg'><img src=http:\/\/extra.inmontanis.info\/d\/58000-3\/DSC05363.jpg \/><\/a><br \/>\n^ Volos<\/p>\n<p>Auf dem Weg noch kurz in einem kleinen Supermarkt gehalten und an einer Autobahnrastst\u00e4tte im dortigen Markt ein bisschen was mitgenommen. Ich meine, hier gab es ein f\u00fcr mich neues Autobahnst\u00fcck, das es 2010 noch nicht gab. Das Benzin ist in Griechenland \u00fcbrigens ca. 25-30 Cent teurer als Diesel und kostet somit ca. 1.50-1.80, also recht teuer, wobei es auf der Autobahn nicht unbedingt teurer als in Ortschaften sein muss.<\/p>\n<p>Die Hotelsuche heute Morgen war recht schwierig, weil nichts mit vern\u00fcnftigem Parkplatz zu g\u00fcnstigem Preis auf dem Weg war. Entschied mich dann f\u00fcr ein Bergdorf nahe Parnassos, weil es auch nicht teurer war als die anderen weiter weg. Bin dann aber 2x vorbei gefahren, weil Navi 1+2 hier gar kein Hotel hatten, maps.me das Hotel anderswo hatte und erst GMaps online das Hotel am richtigen Platz zeigte (ich dann aber doch nochmal vorbei fuhr) &#8211; schlussendlich gefunden. <\/p>\n<p>Von den vielen Tavernen im Ort war diese hier auch offen, aber sehr leer. Von den Dingen, die sie mir aufgez\u00e4hlt hatte (Grilled Chicken, Steak, Beef; eine Karte bekam ich leider keine, die anderen G\u00e4ste bekamen dann eine, schade, vielleicht h\u00e4tte ich mich da leichter getan oder was besseres gefunden..), w\u00e4hlte ich das gegrillte &#8220;Beef&#8221;, was sich dann wenig \u00fcberraschend als Bifteki-Hacksteak herausstellte. Oliven\u00f6lbrot gab&#8217;s automatisch dazu und eine art Rosmarin-Pommes als Beilage. Tsatsiki war keines dabei, also musste ich eine wie \u00fcblich zu gro\u00dfe Portion nachbestellen. Die Bifteki kosteten dann 10,- und das Tsatsiki 4,- &#8211; da hab ich gestern g\u00fcnstiger und wohl auch besser gegessen.<\/p>\n<p>Fr\u00fchst\u00fcck ab 8 Uhr lt. Aushang im Zimmer, hab aber vorsichtshalber nachgefragt und sie meinte erst 8:30. Kurz gerechnet, 8:30 dann komm ich um 9:30 weg und w\u00e4re erst um 10 in Parnassos &#8211; und die haben unter der woche ja eh nur von 9-15h (WE 8-16h) offen&#8230; Sie lie\u00df sich dann doch zu 8 Uhr \u00fcberreden und ich bezahlte. <\/p>\n<p>Pilio meldet nun f\u00fcr morgen geschlossen, also soweit mal sinnvoll gewesen, heute hier zu fahren. Wobei das auch darauf hindeuten k\u00f6nnte, dass sie mit zu viel Wind rechnen, denn heute war schon genug los, dass es sich gelohnt haben sollte und es schien generell etwas mehr Wind f\u00fcr morgen gemeldet zu werden.<\/p>\n<p>Die Heizung war nach dem Abendessen leider kalt, auch morgens um 7:30 bzw 8:45 war sie noch kalt. Das Badezimmer ist auch etwas klein, man kann quasi nicht vor dem Waschbecken stehen, weil da die Klosch\u00fcssel ist :)<\/p>\n<p><a href='http:\/\/extra.inmontanis.info\/d\/58005-2\/DSC05370.jpg'><img src=http:\/\/extra.inmontanis.info\/d\/58004-3\/DSC05370.jpg \/><\/a><br \/>\n^ Hotelzimmer<\/p>\n<p>Das Fr\u00fchst\u00fcck war dann kein allgemeines Buffet, sondern ein Buffet am Tisch, weil so wenig G\u00e4ste da sind, trotzdem aber viel zu viel. Erst stand rum: Teller mit Tomaten+Oliven (lie\u00df ich aus), Teller mit warmen, kleinen Speisen wie Bl\u00e4tterteig mit Spinat und \u00e4hnliches mit K\u00e4se, Teller mit 2 Kuchensorten. Danach kam sie noch mit einem Teller Brot, einem Teller Schinken und 3 K\u00e4sesorten und einem riesigen Omelette mit angebratenem Schinken. Ufz!<\/p>\n<p>Zusammenschnitt Dashcamvideo von heute: (Falsches Datum\/Uhrzeit auf Dashcam!)<br \/>\n<object style=\"height: 500px; width: 900px\"><param name=\"movie\" value=\"http:\/\/www.youtube.com\/v\/aw_GD5cuucI\"><\/param><param name=\"wmode\" value=\"transparent\"><\/param><embed src=\"http:\/\/www.youtube.com\/v\/aw_GD5cuucI\" type=\"application\/x-shockwave-flash\" wmode=\"transparent\"  width=\"900\" height=\"480\"><\/embed><\/object><\/p>\n<p>(Fortsetzung folgt.)<\/p>\n","protected":false},"excerpt":{"rendered":"<p>SOS2020 &#8211; S\u00fcd-Osteuropa-Ski, 5.2.-17.2.2020 Tag 5: MO, 10.2.2020 &#8211; Pilio (Pelion) \/ \u03a0\u03b7\u03bb\u03af\u03bf (km 2.875, Diff. 261)<\/p>\n<p>Morgens im Internet weniger sch\u00f6ne Nachrichten aus Parnassos f\u00fcr morgen: die 4KSB samt Hintenrumabfahrt soll morgen geschlossen sein .. daher lange gebraucht f\u00fcr eine Entscheidung bzw. zum Hotel buchen f\u00fcr heute Nacht, aber doch f\u00fcr Parnassos entschieden. In <a href=\"http:\/\/blog.inmontanis.info\/?p=6015\">[&#8230;]<\/a><\/p>\n","protected":false},"author":1,"featured_media":0,"comment_status":"closed","ping_status":"closed","sticky":false,"template":"","format":"standard","meta":{"footnotes":""},"categories":[182,74,59,350,27],"tags":[38,35,90,37],"class_list":["post-6015","post","type-post","status-publish","format-standard","hentry","category-2020-02-sos-sud-osteuropa-ski","category-greece","category-nostalgie","category-pilio","category-skifahren-winterskiing-winter","tag-dsb","tag-esl","tag-infrarot","tag-meer","odd"],"_links":{"self":[{"href":"http:\/\/blog.inmontanis.info\/index.php?rest_route=\/wp\/v2\/posts\/6015","targetHints":{"allow":["GET"]}}],"collection":[{"href":"http:\/\/blog.inmontanis.info\/index.php?rest_route=\/wp\/v2\/posts"}],"about":[{"href":"http:\/\/blog.inmontanis.info\/index.php?rest_route=\/wp\/v2\/types\/post"}],"author":[{"embeddable":true,"href":"http:\/\/blog.inmontanis.info\/index.php?rest_route=\/wp\/v2\/users\/1"}],"replies":[{"embeddable":true,"href":"http:\/\/blog.inmontanis.info\/index.php?rest_route=%2Fwp%2Fv2%2Fcomments&post=6015"}],"version-history":[{"count":4,"href":"http:\/\/blog.inmontanis.info\/index.php?rest_route=\/wp\/v2\/posts\/6015\/revisions"}],"predecessor-version":[{"id":8954,"href":"http:\/\/blog.inmontanis.info\/index.php?rest_route=\/wp\/v2\/posts\/6015\/revisions\/8954"}],"wp:attachment":[{"href":"http:\/\/blog.inmontanis.info\/index.php?rest_route=%2Fwp%2Fv2%2Fmedia&parent=6015"}],"wp:term":[{"taxonomy":"category","embeddable":true,"href":"http:\/\/blog.inmontanis.info\/index.php?rest_route=%2Fwp%2Fv2%2Fcategories&post=6015"},{"taxonomy":"post_tag","embeddable":true,"href":"http:\/\/blog.inmontanis.info\/index.php?rest_route=%2Fwp%2Fv2%2Ftags&post=6015"}],"curies":[{"name":"wp","href":"https:\/\/api.w.org\/{rel}","templated":true}]}}