{"id":5978,"date":"2020-02-01T18:28:12","date_gmt":"2020-02-01T17:28:12","guid":{"rendered":"http:\/\/blog.inmontanis.info\/?p=5978"},"modified":"2023-08-01T22:04:54","modified_gmt":"2023-08-01T20:04:54","slug":"montecampione-1-2-2020","status":"publish","type":"post","link":"http:\/\/blog.inmontanis.info\/?p=5978","title":{"rendered":"Montecampione, 1.2.2020"},"content":{"rendered":"<p>Montecampione, 1.2.2020 (Tag 2\/3)<\/p>\n<p>Leider war f\u00fcr heute hier in der Gegend recht bedeckt gemeldet &#8211; anscheinend dr\u00fcckt&#8217;s das von der Po-Ebene rein, weiter n\u00f6rdlich w\u00e4re besseres Wetter vorhergesagt. Machte aber von der Fahrerei her keinen Sinn. Und am Montecampione hatte ich ja schon einige Sch\u00f6nwettertage heuer, also w\u00e4r das nicht weiter tragisch. Und was n\u00fctzt mir Sonnenschein in Aprica, wenn fast das ganze Gebiet um die Jahreszeit im Schatten liegt :) Allerdings h\u00e4tte es heute Vormittag auch in Colere etwas blauen Himmel gegeben. Aber da war ich ja erst gestern.<\/p>\n<p>Als erstes fuhr ich gleich mal die schwarze Secondino-Nord-Abfahrt, aber die wurde nicht pr\u00e4pariert, obwohl sie seit ca. 2 Wochen auf der Website als ge\u00f6ffnet angezeigt wird. Wobei oben das Sperrschild trotzdem fix am Rand steht. Der Schnee war am Morgen leider recht schwierig, eine leicht angefrorene Nassschneeschicht oben, also nicht Bruchharsch, aber fast. Einige Tourengeher gingen rauf und im Tagesverlauf wurde die Abfahrt nat\u00fcrlich besser, auch der Tiefschnee ganz oben war diesmal besser fahrbar, so fuhr ich sie im Tagesverlauf 5x.<\/p>\n<p>Noch besser ging die anscheinend ehemalige rechte Abfahrt an der Secondino-DSB, die in GMaps oder OSM noch bzw. teilweise als einzige Abfahrt eingezeichnet ist und ich erst mal finden musste und  irgendwie wichen dann meine Varianten doch noch etwas ab. Ok, der Steilhang vor Einm\u00fcndung in die normale Abfahrt war auch gut pr\u00e4pariert. Aber auch der Tiefschneehang oben ging gut, etwas pappig, aber leichter zu schwingen. Auch diese Abfahrt musste ich insg. 5x wiederholen und so konnte ich mich wiedereinmal nicht vom Skigebiet trennen und fuhr nicht noch wo anders hin, ich find&#8217;s einfach zu geil hier. Zudem sind lt. Schneebericht am Monte Pora und Passo Presolana leider immer noch die beiden mir wichtigen DSB geschlossen. Hoffentlich schneits da heuer nochmal irgendwann genug, dass die aufgehen .. ansonsten kauf ich mir n\u00e4chstes Jahr die Saisonkarte vielleicht doch nochmal :) Wobei, wenn man die teuren Skigebiete ausl\u00e4sst, spart man sich ja eh nicht viel ein. Aber ich k\u00f6nnte mir nur schwer eine Saisonkarte f\u00fcr n\u00e4chstes Jahr vorstellen, in der ich mindestens so viel Spa\u00df haben w\u00fcrde wie heuer mit dieser, ohne dass die Anfahrt zu weit w\u00e4re (wie zB. ins Piemont) &#8230;<\/p>\n<p>Um 16:17 noch ein letztes Mal mit der Secondino-DSB rauf, zu der Zeit wurden bereits die Sitze hochgeklappt, wenige Sessel nach mir kam schon der Pistendienst und der Lift wurde eingestellt (also diesmal nicht bis 16:30 offen). Geparkt hatte ich ja wieder hier, einfach sehr praktisch f\u00fcr Saisonkarteninhaber.<\/p>\n<p>(Fotos anklicken zum Vergr\u00f6\u00dfern)<\/p>\n<p><a href='http:\/\/ski.inmontanis.info\/d\/272213-2\/DSC04365.jpg'><img src=http:\/\/ski.inmontanis.info\/d\/272212-3\/DSC04365.jpg \/><\/a><br \/>\n^ Die Abfahrt Canalone an der 4KSB ist jetzt auch offen. Die anderen Varianten leider noch zu.<\/p>\n<p><a href='http:\/\/ski.inmontanis.info\/d\/272217-2\/DSC04372.jpg'><img src=http:\/\/ski.inmontanis.info\/d\/272216-3\/DSC04372.jpg \/><\/a><br \/>\n^ 4KSB; am Stand a\u00df ich eine Schoko-Cr\u00eape.<\/p>\n<p><a href='http:\/\/ski.inmontanis.info\/d\/272221-2\/DSC04377.jpg'><img src=http:\/\/ski.inmontanis.info\/d\/272220-3\/DSC04377.jpg \/><\/a><br \/>\n^ Ich hatte vor kurzem ja behauptet, dass diese Snowstar-DSB eine vermeintliche Graffer-DSB w\u00e4re &#8211; das ist wohl quatsch, sie ist recht ident zu den Ceretti-Tanfani-Sacif-DSB, die ich sonst kenne.<\/p>\n<p><a href='http:\/\/ski.inmontanis.info\/d\/272225-2\/DSC04381.jpg'><img src=http:\/\/ski.inmontanis.info\/d\/272224-3\/DSC04381.jpg \/><\/a><br \/>\n^ Die rote Secondino-Abfahrt ist in alten Pl\u00e4nen und auch in Gmaps oder Openmaps etwas anders eingezeichnet, und das d\u00fcrfte hier gewesen sein; in Bildmitte der Skiweg f\u00fchrt dann retour.<\/p>\n<p><a href='http:\/\/ski.inmontanis.info\/d\/272229-2\/DSC04382.jpg'><img src=http:\/\/ski.inmontanis.info\/d\/272228-3\/DSC04382.jpg \/><\/a><br \/>\n^ Nach dem Skiweg kommt man an diesem pr\u00e4parierten Hang raus &#8211; das beste Abfahrtsst\u00fcck heute, den ganzen Tag.<\/p>\n<p><a href='http:\/\/ski.inmontanis.info\/d\/272233-2\/DSC04384.jpg'><img src=http:\/\/ski.inmontanis.info\/d\/272232-3\/DSC04384.jpg \/><\/a><br \/>\n^ Die schwarze Secondino-Abfahrt war weiterhin unpr\u00e4pariert und auch nicht anders als sonst.<\/p>\n<p><a href='http:\/\/ski.inmontanis.info\/d\/272237-2\/DSC04388.jpg'><img src=http:\/\/ski.inmontanis.info\/d\/272236-3\/DSC04388.jpg \/><\/a><br \/>\n^ Im oberen Teil der roten (alten) Secondino-Variante gab es einige Variationen, u.a. auch dieser Canalino, wobei man sogar noch links davon fahren konnte.<\/p>\n<p><a href='http:\/\/ski.inmontanis.info\/d\/272241-2\/DSC04389.jpg'><img src=http:\/\/ski.inmontanis.info\/d\/272240-3\/DSC04389.jpg \/><\/a><br \/>\n^ Auch der Skiweg ging problemlos zu fahren.<\/p>\n<p><a href='http:\/\/ski.inmontanis.info\/d\/272245-2\/DSC04395.jpg'><img src=http:\/\/ski.inmontanis.info\/d\/272244-3\/DSC04395.jpg \/><\/a><br \/>\n^ Variante zwischen der roten und schwarzen Secondino-Abfahrt. Auch ein uriger Skiweg<\/p>\n<p><a href='http:\/\/ski.inmontanis.info\/d\/272249-2\/DSC04396.jpg'><img src=http:\/\/ski.inmontanis.info\/d\/272248-3\/DSC04396.jpg \/><\/a><br \/>\n^ Variante zwischen der roten und schwarzen Secondino-Abfahrt<\/p>\n<p><a href='http:\/\/ski.inmontanis.info\/d\/272253-2\/DSC04408.jpg'><img src=http:\/\/ski.inmontanis.info\/d\/272252-3\/DSC04408.jpg \/><\/a><br \/>\n^ An der schwarzen Secondino-Abfahrt gingen heute die Offpiste-Varianten im oberen Teil auch halbwegs gut zu fahren, so dass man einen breiten Kessel an Abwechslung hat<\/p>\n<p><a href='http:\/\/ski.inmontanis.info\/d\/272257-2\/DSC04425.jpg'><img src=http:\/\/ski.inmontanis.info\/d\/272256-3\/DSC04425.jpg \/><\/a><br \/>\n^ Leider blieb der Tag \u00fcber sonnenlos heute. Aber die Prato-Secondino-DSB wird heuer wohl mein Saisonkarten-Lieblingslift bleiben.<\/p>\n<p><a href='http:\/\/ski.inmontanis.info\/d\/272261-2\/DSC04428.jpg'><img src=http:\/\/ski.inmontanis.info\/d\/272260-3\/DSC04428.jpg \/><\/a><br \/>\n^ Am Parkplatz der Secondino-DSB liegen einige alte St\u00fctzen rum ..<\/p>\n<p><a href='http:\/\/ski.inmontanis.info\/d\/272265-2\/DSC04429.jpg'><img src=http:\/\/ski.inmontanis.info\/d\/272264-3\/DSC04429.jpg \/><\/a><br \/>\n^ .. ich frag mich, von welchem Lift die waren, so viele Lifte wurden hier ja noch nicht ersetzt&#8230;<\/p>\n<p><a href='http:\/\/ski.inmontanis.info\/d\/272269-2\/DSC04430.jpg'><img src=http:\/\/ski.inmontanis.info\/d\/272268-3\/DSC04430.jpg \/><\/a><br \/>\n^ .. k\u00f6nnte evtl. Sacif gewesen sein? Oder doch MEB? Oder was anderes? Aber SL? ESL? DSB?<\/p>\n<p><a href='http:\/\/ski.inmontanis.info\/d\/272273-2\/DSC04433.jpg'><img src=http:\/\/ski.inmontanis.info\/d\/272272-3\/DSC04433.jpg \/><\/a><br \/>\n^ In Montecampione haben alle H\u00e4user ziemlich die gleiche Farbe &#8211; und es gibt ziemlich viel H\u00e4user.<\/p>\n<p><a href='http:\/\/ski.inmontanis.info\/d\/272277-2\/DSC04439.jpg'><img src=http:\/\/ski.inmontanis.info\/d\/272276-3\/DSC04439.jpg \/><\/a><br \/>\n^ Zur Abwechslung folgte ich meinem Navi auf einer alternativen Stra\u00dfe von Montecampione aus ins Tal. Ist generell etwas schm\u00e4ler als die Haupt-Stra\u00dfe.<\/p>\n<p><a href='http:\/\/ski.inmontanis.info\/d\/272281-2\/ge20200201a.jpg'><img src=http:\/\/ski.inmontanis.info\/d\/272280-3\/ge20200201a.jpg \/><\/a><br \/>\n^ GPS-Track 1.2.2020 in T\u00fcrkis (mit den Varianten an der Secondino-DSB, insg. heute 13x gefahren); vorherige Besuche in Magenta. Linker Skigebietsteil abgeschnitten.<\/p>\n<p>Was mein l\u00e4diertes Rippchenfleisch anging &#8211; die Offpisteh\u00e4nge waren unproblematisch, etwas beleidigt war es eher bei unruhigeren, h\u00e4rteren St\u00fccken (Bodenwellen u.\u00e4.).<\/p>\n<p>Hab mich abends dann doch ins Sorriso einquartiert und bekam heute ein etwas gr\u00f6\u00dferes Zimmer im obersten Stock (DZ statt EZ) mit Couch und Tisch (anstatt Schreibtisch). Bei der Aufz\u00e4hlung des Essens entschied ich mich f\u00fcr &#8220;Roast Beef&#8221;, aber das war leider nur d\u00fcnnes, kaltes Fleisch. Dann halt Salat+Kartoffeln vom Buffet dazu. Um satt zu werden, entschied ich mich doch wieder f\u00fcr&#8217;s Tiramisu zum Nachtisch.<\/p>\n<p>(Fortsetzung folgt.)<\/p>\n","protected":false},"excerpt":{"rendered":"<p>Montecampione, 1.2.2020 (Tag 2\/3)<\/p>\n<p>Leider war f\u00fcr heute hier in der Gegend recht bedeckt gemeldet &#8211; anscheinend dr\u00fcckt&#8217;s das von der Po-Ebene rein, weiter n\u00f6rdlich w\u00e4re besseres Wetter vorhergesagt. Machte aber von der Fahrerei her keinen Sinn. Und am Montecampione hatte ich ja schon einige Sch\u00f6nwettertage heuer, also w\u00e4r das nicht weiter tragisch. Und was <a href=\"http:\/\/blog.inmontanis.info\/?p=5978\">[&#8230;]<\/a><\/p>\n","protected":false},"author":1,"featured_media":0,"comment_status":"closed","ping_status":"closed","sticky":false,"template":"","format":"standard","meta":{"footnotes":""},"categories":[15,446,27,81],"tags":[49,38],"class_list":["post-5978","post","type-post","status-publish","format-standard","hentry","category-italienitaly","category-montecampione","category-skifahren-winterskiing-winter","category-kurztrips","tag-4sb","tag-dsb","odd"],"_links":{"self":[{"href":"http:\/\/blog.inmontanis.info\/index.php?rest_route=\/wp\/v2\/posts\/5978","targetHints":{"allow":["GET"]}}],"collection":[{"href":"http:\/\/blog.inmontanis.info\/index.php?rest_route=\/wp\/v2\/posts"}],"about":[{"href":"http:\/\/blog.inmontanis.info\/index.php?rest_route=\/wp\/v2\/types\/post"}],"author":[{"embeddable":true,"href":"http:\/\/blog.inmontanis.info\/index.php?rest_route=\/wp\/v2\/users\/1"}],"replies":[{"embeddable":true,"href":"http:\/\/blog.inmontanis.info\/index.php?rest_route=%2Fwp%2Fv2%2Fcomments&post=5978"}],"version-history":[{"count":3,"href":"http:\/\/blog.inmontanis.info\/index.php?rest_route=\/wp\/v2\/posts\/5978\/revisions"}],"predecessor-version":[{"id":5981,"href":"http:\/\/blog.inmontanis.info\/index.php?rest_route=\/wp\/v2\/posts\/5978\/revisions\/5981"}],"wp:attachment":[{"href":"http:\/\/blog.inmontanis.info\/index.php?rest_route=%2Fwp%2Fv2%2Fmedia&parent=5978"}],"wp:term":[{"taxonomy":"category","embeddable":true,"href":"http:\/\/blog.inmontanis.info\/index.php?rest_route=%2Fwp%2Fv2%2Fcategories&post=5978"},{"taxonomy":"post_tag","embeddable":true,"href":"http:\/\/blog.inmontanis.info\/index.php?rest_route=%2Fwp%2Fv2%2Ftags&post=5978"}],"curies":[{"name":"wp","href":"https:\/\/api.w.org\/{rel}","templated":true}]}}