{"id":5961,"date":"2020-01-18T18:31:55","date_gmt":"2020-01-18T17:31:55","guid":{"rendered":"http:\/\/blog.inmontanis.info\/?p=5961"},"modified":"2023-08-04T18:50:33","modified_gmt":"2023-08-04T16:50:33","slug":"alpe-devero-18-1-2020","status":"publish","type":"post","link":"http:\/\/blog.inmontanis.info\/?p=5961","title":{"rendered":"Alpe Devero, 18.1.2020"},"content":{"rendered":"<p>Alpe Devero, 18.1.2020 (Tag 1\/3)<\/p>\n<p>F\u00fcr die Lombardei wurde dieses WE etwas schlechter gemeldet (wenn auch am Ende nicht so schlecht) und im Piemont besser, so dass ich vorsorglich mal wieder jeden Tag der Woche etwas fr\u00fcher ins Bett bin. Ich wollte ja diesen Winter unbedingt noch nach Macugnaga das untere kleine Belvedere-Skigebiet besuchen, weil die alte Marchisio-DSB ersetzt werden soll und solche alten Metallsitze gibts kaum noch, in blauer Farbe d\u00fcrften das jedenfalls die letzten sein (die in Lurisia ist ja schon lang zu). Nach Macugnaga fahr ich am sinnvollsten \u00fcber die schweizer Bernardino-Autobahn und Centovalli\/Valvigezzo. <\/p>\n<p>Das Tal wiederum war vor\/um Weihnachten wieder einmal wg. eines Hangrutsches gesperrt, mittlerweile aber offen angezeigt. Da meine schweizer Autobahnvignette nur noch bis Ende Januar gilt (und weil es mir keinen Sinn zu machen scheint, mir f\u00fcr Februar-November eine zu kaufen, weil maximal 1 oder 2 Fahrten) bot sich also dieses WE f\u00fcr einen Besuch in Macugnaga an, auch wenn die PB \/ Moro-Seite noch wegen einer dringenden Revision geschlossen ist. Als zweites Skigebiet in der Gegend kam nat\u00fcrlich Vigezzo in Frage, das mir ja ganz gut gef\u00e4llt. Allerdings war ich auch schon 13 Jahre nicht mehr auf der Alpe Devero, da k\u00f6nnte man auch mal wieder hin, zumal ATV da letztens so einen begeisterten Bericht schrieb. Vigezzo hat unter der Woche offen und verg\u00fcnstigte Skip\u00e4sse (15 \u20ac), sonnig sollte es auch bleiben, also nahm ich mir kurzerhand noch den Montag frei und fuhr heute am Samstag auf die Alpe Devero, deren Lifte nur am Wochenende ge\u00f6ffnet sind.<\/p>\n<p>Um 3:10 Uhr fuhr ich los, kurzer Tankhalt an der Jet in B\u00fcrs und gegen 9:30 kam ich in Devero an. Die Parkgeb\u00fchren wurden teurer, 6,- plus 2,- f\u00fcr die Tiefgarage (falls man dort parken muss), wobei man aber nun 5,- beim Tagesskipass erstattet bekommt. Der normal mit 26,- f\u00fcr italienische Verh\u00e4ltnisse bei dieser Art Skigebiet aber ja eigentlich eh nicht sehr g\u00fcnstig ist.<\/p>\n<p>Leider muss man vom Parkhaus erst mal eine sehr glatte Stra\u00dfe hinaufgehen und dann noch ewig durch den autofreien Ort laufen, bis man zur DSB kommt. Fremde Alfi-Keycards werden akzeptiert, leider wurde meine ausgetauscht, was \u00e4rgerlich ist, da ich die Lombardei-Alfi-Keycard hingegeben hatte, anstatt eine der vielen anderen. Sollte also meine Skidata-Lombardei-Saisonkarte in den n\u00e4chsten Jahren nicht in der Lombardei bei Alfi-Skigebieten als Tageskarte akzeptiert werden (an den Lesern funktioniert sie zwar, aber ob das auch f\u00fcr die Kassen gilt?!) m\u00fcsste ich mir dann wieder eine kaufen. <\/p>\n<p>Auf den neueren Pistenpl\u00e4nen im Internet* sah ich 2 neue, schwarze Abfahrten, die ich nat\u00fcrlich fahren wollte. Wollte eigentlich auch die Freeride-Varianten rechts machen (wo man auf der Website folgende Aussage macht: &#8220;freeride e del fuoripista, praticabile in tutta sicurezza nel vallone di Misanco, tra i boschi di larice.&#8221;*, also Freeride in v\u00f6lliger Sicherheit), aber man sah nicht vern\u00fcnftig, wie man da raus kommt und die beiden Enden, die man sah, gefielen mir nicht wirklich, steile Felsabbr\u00fcche und vielleicht etwas wenig Schnee dazwischen. Fahren sehen hab ich auch keinen.<\/p>\n<p>*)<br \/>\n<a href='https:\/\/www.bergfex.it\/alpe-devero\/panorama\/'>https:\/\/www.bergfex.it\/alpe-devero\/panorama\/<\/a><br \/>\n<a href='https:\/\/vividevero.it\/ski\/'>https:\/\/vividevero.it\/ski\/<\/a><\/p>\n<p>Trotzdem gab es genug nette Pisten und Varianten, so dass es mir an den 3 Liften (DSB+SL+SL) nicht langweilig wurde. Um 15:45 machte ich die letzte Bergfahrt am SL Sektion II (der schnellste Lift hier) weil nun alles schattig, kalt und oben arg st\u00fcrmisch war.<\/p>\n<p>Extrem genervt haben die Liftler an der Talstation, die mich bis ca. 14\/15 Uhr bei jeder Fahrt sinnloserweise darauf aufmerksam machten, den Rucksack runter zunehmen. Als ob ich mich anders auf den Sessel setzen k\u00f6nnte! Einmal war er nicht drau\u00dfen um sein Gelaber loszulassen, also schaltete er mal kurz die Sirne ein. Trottel.<\/p>\n<p>(Fotos anklicken zum Vergr\u00f6\u00dfern)<\/p>\n<p><a href='http:\/\/ski.inmontanis.info\/d\/271113-2\/DSC03809.jpg'><img src=http:\/\/ski.inmontanis.info\/d\/271112-3\/DSC03809.jpg \/><\/a><br \/>\n^ Hier ging die PB rauf<\/p>\n<p><a href='http:\/\/ski.inmontanis.info\/d\/271117-2\/DSC03812.jpg'><img src=http:\/\/ski.inmontanis.info\/d\/271116-3\/DSC03812.jpg \/><\/a><br \/>\n^ Einer der Stra\u00dfentunnel<\/p>\n<p><a href='http:\/\/ski.inmontanis.info\/d\/271121-2\/DSC03816.jpg'><img src=http:\/\/ski.inmontanis.info\/d\/271120-3\/DSC03816.jpg \/><\/a><br \/>\n^ Viel Eis neben der Stra\u00dfe, gab es am n\u00e4chsten Tag richtung Macunaga auch<\/p>\n<p><a href='http:\/\/ski.inmontanis.info\/d\/271125-2\/DSC03821.jpg'><img src=http:\/\/ski.inmontanis.info\/d\/271124-3\/DSC03821.jpg \/><\/a><br \/>\n^ Das Parkhaus oben kostet nochmals Aufpreis<\/p>\n<p><a href='http:\/\/ski.inmontanis.info\/d\/271129-2\/DSC03828.jpg'><img src=http:\/\/ski.inmontanis.info\/d\/271128-3\/DSC03828.jpg \/><\/a><br \/>\n^ Nach \u00fcber 10 Minuten Fu\u00dfmarsch endlich an der DSB angekommen. In Bildmitte der schmale Hang ist die unpr\u00e4parierte schwarze Abfahrt. Der SL neben der DSB ist mittlerweile abgebaut, somit d\u00fcrfte die DSB 2007 relativ neu gewesen sein.<\/p>\n<p><a href='http:\/\/ski.inmontanis.info\/d\/271133-2\/DSC03829.jpg'><img src=http:\/\/ski.inmontanis.info\/d\/271132-3\/DSC03829.jpg \/><\/a><br \/>\n^ Von da hinten sollen irgendwie die Offpistevarianten rauskommen, aber mir nicht klar wo genau bzw. leider nicht einsehbar<\/p>\n<p><a href='http:\/\/ski.inmontanis.info\/d\/271137-2\/DSC03835.jpg'><img src=http:\/\/ski.inmontanis.info\/d\/271136-3\/DSC03835.jpg \/><\/a><br \/>\n^ SL Sektion 2<\/p>\n<p><a href='http:\/\/ski.inmontanis.info\/d\/271141-2\/DSC03838.jpg'><img src=http:\/\/ski.inmontanis.info\/d\/271140-3\/DSC03838.jpg \/><\/a><br \/>\n^ SL Sektion 2<\/p>\n<p><a href='http:\/\/ski.inmontanis.info\/d\/271145-2\/DSC03839.jpg'><img src=http:\/\/ski.inmontanis.info\/d\/271144-3\/DSC03839.jpg \/><\/a><br \/>\n^ SL Sektion 3 mit Dieselantrieb<\/p>\n<p><a href='http:\/\/ski.inmontanis.info\/d\/271149-2\/DSC03844.jpg'><img src=http:\/\/ski.inmontanis.info\/d\/271148-3\/DSC03844.jpg \/><\/a><br \/>\n^ SL Sektion 3, die Abfahrt rechts war in zwei halbe Abfahrten geteilt<\/p>\n<p><a href='http:\/\/ski.inmontanis.info\/d\/271153-2\/DSC03848.jpg'><img src=http:\/\/ski.inmontanis.info\/d\/271152-3\/DSC03848.jpg \/><\/a><br \/>\n^ SL Sektion 3, das Highlight hier<\/p>\n<p><a href='http:\/\/ski.inmontanis.info\/d\/271157-2\/DSC03851.jpg'><img src=http:\/\/ski.inmontanis.info\/d\/271156-3\/DSC03851.jpg \/><\/a><br \/>\n^ SL Sektion 3 und Abfahrten<\/p>\n<p><a href='http:\/\/ski.inmontanis.info\/d\/271161-2\/DSC03857.jpg'><img src=http:\/\/ski.inmontanis.info\/d\/271160-3\/DSC03857.jpg \/><\/a><br \/>\n^ Abfahrten SL Sektion 2; der rechte Trainingshang war erst sp\u00e4t am Nachmittag frei<\/p>\n<p><a href='http:\/\/ski.inmontanis.info\/d\/271165-2\/DSC03858.jpg'><img src=http:\/\/ski.inmontanis.info\/d\/271164-3\/DSC03858.jpg \/><\/a><br \/>\n^ DSB, mittlere Abfahrt. Wurde seit 2007 verbreitert, damals ging der Wald noch bis zur St\u00fctze.<\/p>\n<p><a href='http:\/\/ski.inmontanis.info\/d\/271169-2\/DSC03867.jpg'><img src=http:\/\/ski.inmontanis.info\/d\/271168-3\/DSC03867.jpg \/><\/a><br \/>\n^ Variante, der Schnee war durchaus ganz gut zu fahren hier.<\/p>\n<p><a href='http:\/\/ski.inmontanis.info\/d\/271173-2\/DSC03868.jpg'><img src=http:\/\/ski.inmontanis.info\/d\/271172-3\/DSC03868.jpg \/><\/a><br \/>\n^ Die sch\u00f6n trassierte, linke Abfahrt an der DSB<\/p>\n<p><a href='http:\/\/ski.inmontanis.info\/d\/271177-2\/DSC03871.jpg'><img src=http:\/\/ski.inmontanis.info\/d\/271176-3\/DSC03871.jpg \/><\/a><br \/>\n^ Die mittlere Abfahrt an der DSB (die rechte war wg. Renntraining nur zu Mittag mal offen)<\/p>\n<p><a href='http:\/\/ski.inmontanis.info\/d\/271181-2\/DSC03874.jpg'><img src=http:\/\/ski.inmontanis.info\/d\/271180-3\/DSC03874.jpg \/><\/a><br \/>\n^ SL Sektion 3<\/p>\n<p><a href='http:\/\/ski.inmontanis.info\/d\/271185-2\/DSC03876.jpg'><img src=http:\/\/ski.inmontanis.info\/d\/271184-3\/DSC03876.jpg \/><\/a><br \/>\n^ Talblick links von der Bergstation SL Sektion 3<\/p>\n<p><a href='http:\/\/ski.inmontanis.info\/d\/271189-2\/DSC03878.jpg'><img src=http:\/\/ski.inmontanis.info\/d\/271188-3\/DSC03878.jpg \/><\/a><br \/>\n^ Pano links von der Bergstation SL Sektion 3<\/p>\n<p><a href='http:\/\/ski.inmontanis.info\/d\/271193-2\/DSC03884.jpg'><img src=http:\/\/ski.inmontanis.info\/d\/271192-3\/DSC03884.jpg \/><\/a><br \/>\n^ SL Sektion 3<\/p>\n<p><a href='http:\/\/ski.inmontanis.info\/d\/271197-2\/DSC03886.jpg'><img src=http:\/\/ski.inmontanis.info\/d\/271196-3\/DSC03886.jpg \/><\/a><br \/>\n^ Auf der Suche nach der im Plan neuerdings eingezeichneten schwarzen Abfahrt vom SL Sektion 3<\/p>\n<p><a href='http:\/\/ski.inmontanis.info\/d\/271201-2\/DSC03887.jpg'><img src=http:\/\/ski.inmontanis.info\/d\/271200-3\/DSC03887.jpg \/><\/a><br \/>\n^ .. da ginge es zur DSB-Talstation runter. Wenn man nur w\u00fcsste, wie gut man unten rauskommt .. also blieb ich lieber rechts richtung SL.<\/p>\n<p><a href='http:\/\/ski.inmontanis.info\/d\/271205-2\/DSC03888.jpg'><img src=http:\/\/ski.inmontanis.info\/d\/271204-3\/DSC03888.jpg \/><\/a><br \/>\n^ Hier wird wohl irgendwie die im Plan eingezeichnete schwarze Abfahrt an der Sektion 3 verlaufen, heute eher Offpiste<\/p>\n<p><a href='http:\/\/ski.inmontanis.info\/d\/271209-2\/DSC03890.jpg'><img src=http:\/\/ski.inmontanis.info\/d\/271208-3\/DSC03890.jpg \/><\/a><br \/>\n^ Offpiste oder schwarze Abfahrt Sektion 3 mit Blick zur Mittelstation Sektion 2-3. Schnee war fahrbar und gut genug, dass ich das ein paar Mal wiederholte.<\/p>\n<p><a href='http:\/\/ski.inmontanis.info\/d\/271213-2\/DSC03892.jpg'><img src=http:\/\/ski.inmontanis.info\/d\/271212-3\/DSC03892.jpg \/><\/a><br \/>\n^ SL Sektion 3, schon ein toller Lift<\/p>\n<p><a href='http:\/\/ski.inmontanis.info\/d\/271217-2\/DSC03893.jpg'><img src=http:\/\/ski.inmontanis.info\/d\/271216-3\/DSC03893.jpg \/><\/a><br \/>\n^ SL Sektion 3<\/p>\n<p><a href='http:\/\/ski.inmontanis.info\/d\/271221-2\/DSC03896.jpg'><img src=http:\/\/ski.inmontanis.info\/d\/271220-3\/DSC03896.jpg \/><\/a><br \/>\n^ Die schwarze Abfahrt an der DSB, ging toll zu fahren und war total mein Fall<\/p>\n<p><a href='http:\/\/ski.inmontanis.info\/d\/271225-2\/DSC03899.jpg'><img src=http:\/\/ski.inmontanis.info\/d\/271224-3\/DSC03899.jpg \/><\/a><br \/>\n^ Die schwarze Abfahrt an der DSB, die fuhr ich nachmittags mehrfach<\/p>\n<p><a href='http:\/\/ski.inmontanis.info\/d\/271229-2\/DSC03901.jpg'><img src=http:\/\/ski.inmontanis.info\/d\/271228-3\/DSC03901.jpg \/><\/a><br \/>\n^ Die schwarze Abfahrt an der DSB<\/p>\n<p><a href='http:\/\/ski.inmontanis.info\/d\/271233-2\/DSC03905.jpg'><img src=http:\/\/ski.inmontanis.info\/d\/271232-3\/DSC03905.jpg \/><\/a><br \/>\n^ Seitenblick am SL Sektion 2<\/p>\n<p><a href='http:\/\/ski.inmontanis.info\/d\/271237-2\/DSC03908.jpg'><img src=http:\/\/ski.inmontanis.info\/d\/271236-3\/DSC03908.jpg \/><\/a><br \/>\n^ SL Sektion 3<\/p>\n<p><a href='http:\/\/ski.inmontanis.info\/d\/271241-2\/DSC03910.jpg'><img src=http:\/\/ski.inmontanis.info\/d\/271240-3\/DSC03910.jpg \/><\/a><br \/>\n^ SL Sektion 3<\/p>\n<p><a href='http:\/\/ski.inmontanis.info\/d\/271245-2\/DSC03912.jpg'><img src=http:\/\/ski.inmontanis.info\/d\/271244-3\/DSC03912.jpg \/><\/a><br \/>\n^ Die rechte Trainingsabfahrt an der DSB war mittags mal frei<\/p>\n<p><a href='http:\/\/ski.inmontanis.info\/d\/271249-2\/DSC03918.jpg'><img src=http:\/\/ski.inmontanis.info\/d\/271248-3\/DSC03918.jpg \/><\/a><br \/>\n^ Im Wald k\u00f6nnte man an der DSB auch an einigen Stellen fahren<\/p>\n<p><a href='http:\/\/ski.inmontanis.info\/d\/271253-2\/DSC03924.jpg'><img src=http:\/\/ski.inmontanis.info\/d\/271252-3\/DSC03924.jpg \/><\/a><br \/>\n^ SL Sektion 3<\/p>\n<p><a href='http:\/\/ski.inmontanis.info\/d\/271257-2\/DSC03926.jpg'><img src=http:\/\/ski.inmontanis.info\/d\/271256-3\/DSC03926.jpg \/><\/a><br \/>\n^ SL Sektion 3<\/p>\n<p><a href='http:\/\/ski.inmontanis.info\/d\/271261-2\/DSC03928.jpg'><img src=http:\/\/ski.inmontanis.info\/d\/271260-3\/DSC03928.jpg \/><\/a><br \/>\n^ Offpiste Sektion 3-2 (von der vermeintlichen schwarzen Abfahrt oben kommend)<\/p>\n<p><a href='http:\/\/ski.inmontanis.info\/d\/271265-2\/DSC03930.jpg'><img src=http:\/\/ski.inmontanis.info\/d\/271264-3\/DSC03930.jpg \/><\/a><br \/>\n^ Offpiste Sektion 3-2<\/p>\n<p><a href='http:\/\/ski.inmontanis.info\/d\/271269-2\/DSC03932.jpg'><img src=http:\/\/ski.inmontanis.info\/d\/271268-3\/DSC03932.jpg \/><\/a><br \/>\n^ Etwas br\u00fcchig, aber nicht so schlecht zu fahren in Summe.<\/p>\n<p><a href='http:\/\/ski.inmontanis.info\/d\/271273-2\/DSC03935.jpg'><img src=http:\/\/ski.inmontanis.info\/d\/271272-3\/DSC03935.jpg \/><\/a><br \/>\n^ SL Sektion 2<\/p>\n<p><a href='http:\/\/ski.inmontanis.info\/d\/271277-2\/DSC03938.jpg'><img src=http:\/\/ski.inmontanis.info\/d\/271276-3\/DSC03938.jpg \/><\/a><br \/>\n^ SL Sektion 2<\/p>\n<p><a href='http:\/\/ski.inmontanis.info\/d\/271281-2\/DSC03940.jpg'><img src=http:\/\/ski.inmontanis.info\/d\/271280-3\/DSC03940.jpg \/><\/a><br \/>\n^ SL Sektion 2<\/p>\n<p><a href='http:\/\/ski.inmontanis.info\/d\/271285-2\/DSC03944.jpg'><img src=http:\/\/ski.inmontanis.info\/d\/271284-3\/DSC03944.jpg \/><\/a><br \/>\n^ SL Sektion 3, eine 4. Sektion zum Gipfel w\u00e4re noch sch\u00f6n, schien mir heute aber weniger wichtig als 2007, da es heute mehr Varianten zu fahren gab.<\/p>\n<p><a href='http:\/\/ski.inmontanis.info\/d\/271289-2\/DSC03945.jpg'><img src=http:\/\/ski.inmontanis.info\/d\/271288-3\/DSC03945.jpg \/><\/a><br \/>\n^ SL Sektion 3<\/p>\n<p><a href='http:\/\/ski.inmontanis.info\/d\/271293-2\/DSC03948.jpg'><img src=http:\/\/ski.inmontanis.info\/d\/271292-3\/DSC03948.jpg \/><\/a><br \/>\n^ SL Sektion 3<\/p>\n<p><a href='http:\/\/ski.inmontanis.info\/d\/271297-2\/DSC03949.jpg'><img src=http:\/\/ski.inmontanis.info\/d\/271296-3\/DSC03949.jpg \/><\/a><br \/>\n^ SL Sektion 3, nachmittags wurde es immer st\u00fcrmischer<\/p>\n<p><a href='http:\/\/ski.inmontanis.info\/d\/271301-2\/DSC03953.jpg'><img src=http:\/\/ski.inmontanis.info\/d\/271300-3\/DSC03953.jpg \/><\/a><br \/>\n^ Die schwarze Buckelpiste an der DSB war heute meine Lieblingspiste (5x gefahren)<\/p>\n<p><a href='http:\/\/ski.inmontanis.info\/d\/271305-2\/DSC03954.jpg'><img src=http:\/\/ski.inmontanis.info\/d\/271304-3\/DSC03954.jpg \/><\/a><br \/>\n^ Die Wolken an der Grenze zur Schweiz verziehen sich endlich mal etwas<\/p>\n<p><a href='http:\/\/ski.inmontanis.info\/d\/271309-2\/DSC03962.jpg'><img src=http:\/\/ski.inmontanis.info\/d\/271308-3\/DSC03962.jpg \/><\/a><br \/>\n^ R\u00fcckweg zum Ort<\/p>\n<p><a href='http:\/\/ski.inmontanis.info\/d\/271313-2\/DSC03965.jpg'><img src=http:\/\/ski.inmontanis.info\/d\/271312-3\/DSC03965.jpg \/><\/a><br \/>\n^ Na, auf diese Seilbahn muss man nicht mehr aufpassen&#8230;<\/p>\n<p><a href='http:\/\/ski.inmontanis.info\/d\/271317-2\/DSC03967.jpg'><img src=http:\/\/ski.inmontanis.info\/d\/271316-3\/DSC03967.jpg \/><\/a><br \/>\n^ Durch den Ort<\/p>\n<p><a href='http:\/\/ski.inmontanis.info\/d\/271321-2\/DSC03968.jpg'><img src=http:\/\/ski.inmontanis.info\/d\/271320-3\/DSC03968.jpg \/><\/a><br \/>\n^ Ristorante Funivia ..<\/p>\n<p><a href='http:\/\/ski.inmontanis.info\/d\/271325-2\/DSC03969.jpg'><img src=http:\/\/ski.inmontanis.info\/d\/271324-3\/DSC03969.jpg \/><\/a><br \/>\n^ Eine dritte, ehemalige Seilbahn<\/p>\n<p><a href='http:\/\/ski.inmontanis.info\/d\/271329-2\/DSC03971.jpg'><img src=http:\/\/ski.inmontanis.info\/d\/271328-3\/DSC03971.jpg \/><\/a><br \/>\n^ Der Weg war so glatt, dass ich die Ski anbehielt, trotz des ganzen Drecks und Splits teilweise &#8211; aber mit den Skischuhen w\u00e4re ich da nicht heil runtergekommen, ging schon rauf nur grenzwertig am Morgen.<\/p>\n<p><a href='http:\/\/ski.inmontanis.info\/d\/271333-2\/ge20200118c.jpg'><img src=http:\/\/ski.inmontanis.info\/d\/271332-3\/ge20200118c.jpg \/><\/a><br \/>\n^ GPS-Track 18.1.2020 in T\u00fcrkis und vorheriger Besuch 2007 in Magenta<\/p>\n<p>Fazit: Wenn die Parkplatzsituation (Fu\u00dfwege) nicht so nervig w\u00e4r, w\u00fcrd ich wohl \u00f6fters mal kommen&#8230;<\/p>\n<p><a href='http:\/\/ski.inmontanis.info\/d\/271337-2\/DSC03972.jpg'><img src=http:\/\/ski.inmontanis.info\/d\/271336-3\/DSC03972.jpg \/><\/a><br \/>\n^ Parkplatztarife, 6,- egal wo man steht (selbst weit unten unter dem letzten Tunnel) plus 2,- wenn man oben im Parkhaus steht. Beim Skipass bekommt man aber was r\u00fcckverg\u00fctet.<\/p>\n<p><a href='http:\/\/ski.inmontanis.info\/d\/271341-2\/DSC03979.jpg'><img src=http:\/\/ski.inmontanis.info\/d\/271340-3\/DSC03979.jpg \/><\/a><br \/>\n^ Wasserfall auf der Zufahrtsstra\u00dfe<\/p>\n<p><a href='http:\/\/ski.inmontanis.info\/d\/271345-2\/DSC03983.jpg'><img src=http:\/\/ski.inmontanis.info\/d\/271344-3\/DSC03983.jpg \/><\/a><br \/>\n^ Ex-PB vom Tal aus<\/p>\n<p><a href='http:\/\/ski.inmontanis.info\/d\/271349-2\/DSC03985.jpg'><img src=http:\/\/ski.inmontanis.info\/d\/271348-3\/DSC03985.jpg \/><\/a><br \/>\n^ Ex-PB<\/p>\n<p><a href='http:\/\/ski.inmontanis.info\/d\/271353-2\/DSC03989.jpg'><img src=http:\/\/ski.inmontanis.info\/d\/271352-3\/DSC03989.jpg \/><\/a><br \/>\n^ <\/p>\n<p><a href='http:\/\/ski.inmontanis.info\/d\/271357-2\/DSC03990.jpg'><img src=http:\/\/ski.inmontanis.info\/d\/271356-3\/DSC03990.jpg \/><\/a><br \/>\n^ Ex-PB<\/p>\n<p><a href='http:\/\/ski.inmontanis.info\/d\/271361-2\/DSC03991.jpg'><img src=http:\/\/ski.inmontanis.info\/d\/271360-3\/DSC03991.jpg \/><\/a><br \/>\n^ Eine alte, 24-Stunden-Uhr &#8211; Zeit stimmt aber nicht.<\/p>\n<p>\u00dcbernachtungsm\u00f6glichkeiten um Domodossola sind auf booking.com entweder rar oder teuer, mit meinem \u00fcblichen 0-50-Euro-Filter pro Nacht hatte ich kaum Ergebnisse. Das eine Motel will ich eh nicht mehr besuchen, weil ich da stets ein nach Rauch stinkendes Zimmer bekam. Also probierte ich es mal in Pieve Vergonte, dort kostete das Zimmer 44,- mit Fr\u00fchst\u00fcck pro Nacht (2 N\u00e4chte gebucht). Angekommen war mal nix los (1 anderes Auto und das war dann die Rezeptionistin), das Stiegenhaus stank nach altem Rauch. Schockmoment im Aufzug: Reingegangen und 1. Stock gedr\u00fcckt, dann geht immer das komplette Licht innen aus &#8211; und nach einer kurzen Zeit langsam wieder an. Puh. <\/p>\n<p>Im Einzelzimmer angekommen: stank extrem nach Rauch. Sogar ein Aschenbecher steht am Schreibtisch. Aber lt. Zettel ist&#8217;s ein Nichtraucherzimmer, also wie im Motel einen Ort weiter n\u00f6rdlich. Bin runter und hab um ein anderes Zimmer gebeten, bekam dann ein Doppelzimmer, das besser und kaum oder so gut wie nicht nach Rauch roch, auch wenn meine Nase trotzdem etwas anschwoll. Meine Wohnung, als ich sie damals gekauft hatte, stank ja auch extrem nach Rauch. Aber mit der richtigen Wandfarbe gestrichen war das \u00fcberhaupt kein Problem mehr. Das Badezimmer war extrem warm (30\u00b0 vielleicht?), aber soll mir zum Duschen morgen fr\u00fch recht sein.<\/p>\n<p><a href='http:\/\/extra.inmontanis.info\/d\/57531-3\/DSC03998.jpg'><img src=http:\/\/extra.inmontanis.info\/d\/57530-4\/DSC03998.jpg \/><\/a><\/p>\n<p>Restaurant gibt&#8217;s keines, aber \u00fcber den Parkplatz und ein Haus weiter ist eine Pizzeria, die sehr g\u00fcnstig war, die meisten Pizzen kosteten nur um die 7.- oder sogar weniger, hab ich in Italien schon lang nickht mehr gsehen. Wasser halber Liter 1,- und 0,75 1,50. Gedeck 1,50. Ambiente aber eher eine gro\u00dfe Bahnhofshalle. Ich entschied mich f\u00fcr eine &#8220;wei\u00dfe&#8221; Pizza al Tartufo (also Tr\u00fcffel, mit vielen schwarzen Punkten, sehr lecker) um 7,- (abgerechnet dann 8,-). Leider hatte ich keinen Platz mehr f\u00fcr eine Nachspeise.<\/p>\n<p>Fr\u00fchst\u00fcck gibt&#8217;s am WE ab 8 Uhr, ging 5 nach 8 runter, die 4 Mini- Croissants waren noch im Ofen (tags darauf gabs nur 3), daher derweil Joghurt+M\u00fcsli\/Cornflakes gegessen. Semmeln\/Brot gab&#8217;s leider keines, auf den Zwieback verzichtete ich und a\u00df nach den Croissants noch ein kleines K\u00fcchlein und 2 Kekse.<\/p>\n<p>(Fortsetzung folgt.)<\/p>\n","protected":false},"excerpt":{"rendered":"<p>Alpe Devero, 18.1.2020 (Tag 1\/3)<\/p>\n<p>F\u00fcr die Lombardei wurde dieses WE etwas schlechter gemeldet (wenn auch am Ende nicht so schlecht) und im Piemont besser, so dass ich vorsorglich mal wieder jeden Tag der Woche etwas fr\u00fcher ins Bett bin. Ich wollte ja diesen Winter unbedingt noch nach Macugnaga das untere kleine Belvedere-Skigebiet besuchen, weil <a href=\"http:\/\/blog.inmontanis.info\/?p=5961\">[&#8230;]<\/a><\/p>\n","protected":false},"author":1,"featured_media":0,"comment_status":"closed","ping_status":"closed","sticky":false,"template":"","format":"standard","meta":{"footnotes":""},"categories":[533,15,59,27,81],"tags":[],"class_list":["post-5961","post","type-post","status-publish","format-standard","hentry","category-alpe-devero","category-italienitaly","category-nostalgie","category-skifahren-winterskiing-winter","category-kurztrips","odd"],"_links":{"self":[{"href":"http:\/\/blog.inmontanis.info\/index.php?rest_route=\/wp\/v2\/posts\/5961","targetHints":{"allow":["GET"]}}],"collection":[{"href":"http:\/\/blog.inmontanis.info\/index.php?rest_route=\/wp\/v2\/posts"}],"about":[{"href":"http:\/\/blog.inmontanis.info\/index.php?rest_route=\/wp\/v2\/types\/post"}],"author":[{"embeddable":true,"href":"http:\/\/blog.inmontanis.info\/index.php?rest_route=\/wp\/v2\/users\/1"}],"replies":[{"embeddable":true,"href":"http:\/\/blog.inmontanis.info\/index.php?rest_route=%2Fwp%2Fv2%2Fcomments&post=5961"}],"version-history":[{"count":3,"href":"http:\/\/blog.inmontanis.info\/index.php?rest_route=\/wp\/v2\/posts\/5961\/revisions"}],"predecessor-version":[{"id":5964,"href":"http:\/\/blog.inmontanis.info\/index.php?rest_route=\/wp\/v2\/posts\/5961\/revisions\/5964"}],"wp:attachment":[{"href":"http:\/\/blog.inmontanis.info\/index.php?rest_route=%2Fwp%2Fv2%2Fmedia&parent=5961"}],"wp:term":[{"taxonomy":"category","embeddable":true,"href":"http:\/\/blog.inmontanis.info\/index.php?rest_route=%2Fwp%2Fv2%2Fcategories&post=5961"},{"taxonomy":"post_tag","embeddable":true,"href":"http:\/\/blog.inmontanis.info\/index.php?rest_route=%2Fwp%2Fv2%2Ftags&post=5961"}],"curies":[{"name":"wp","href":"https:\/\/api.w.org\/{rel}","templated":true}]}}