{"id":5956,"date":"2020-01-12T20:02:46","date_gmt":"2020-01-12T19:02:46","guid":{"rendered":"http:\/\/blog.inmontanis.info\/?p=5956"},"modified":"2023-05-07T19:49:01","modified_gmt":"2023-05-07T17:49:01","slug":"livigno-12-1-2020-talliftsafari","status":"publish","type":"post","link":"http:\/\/blog.inmontanis.info\/?p=5956","title":{"rendered":"Livigno, 12.1.2020 \/ Talliftsafari"},"content":{"rendered":"<p>Heute ging&#8217;s nach Livigno, einen Tag wollte ich ja mal im Winter verbringen, damit ich die ganzen Tallifte auch mal fahren kann. Zudem sollte es &#8211; au\u00dfer im Tal &#8211; heute nicht gar so kalt werden. Heimw\u00e4rts sollte es durch den Mauttunnel gehen, der nun lt. Website auch im Winter Einzelfahrtarife hat, bei denen man sich kaum noch was spart, wenn man stattdessen eine Hin&#038;Retour-Kombi nimmt, sofern man die Einzelfahrtickets online kauft (18 \u20ac Einzel, 35 HR, au\u00dfer an Samstagen, da teurer). <\/p>\n<p>Also kaufte ich via Hotel-WLAN noch schnell eine Einzelfahrt f\u00fcr heute Abend, wobei das Ticket an keinen bestimmten Tag gebunden ist (nur halt nicht samstags). Falls ich also auf der Fahrt nach Livigno behindert werden w\u00fcrde, w\u00fcrde es nicht heute Abend verfallen.<\/p>\n<p>Die ganzen Tallifte abzuklappern war dann zeitaufwendiger als gedacht bzw. wollte ich ja auch noch die sonst nie oder nicht offiziell oder selten bei meinen Besuchen offenen Pisten fahren. Gut, dass doch bis mind. 14 Uhr auf der Ostseite Sonne ist. <\/p>\n<p>Die letzte <em>geplante<\/em> Bergfahrt mit der neuen 10-EUB war um 14:35 &#8211; bis ich oben und wieder unten bin, das lohnt sich doch nicht mehr, da noch auf die Mottolino-Seite zu wechseln, die eh recht nordwestlich ausgerichtet dann nach 16h auch kaum mehr Sonne haben wird. Also ging ich ins Restaurant oben auf eine Portion Salsiccia mit Pommes. Die Ketchup-Porti\u00f6nchen h\u00e4tten 40 Cent gekostet, ich wusste aber, dass zumindest 1 das letzte Mal dabei war. Also nahm ich diesmal 2 &#8211; und auch die waren wohl im Salsiccia-Pommes-Preis inkludiert. Nicht allt\u00e4glich.<\/p>\n<p>Danach bin ich halt doch noch ein paar mal die Federia-6KSB gefahren, weil noch recht sonnig. Damit nat\u00fcrlich auch etwas voller. Und leider musste sie gerade dann eine Pause einlegen, als ein paar Deppen bei mir im Sessel  mal wieder ihre Musik mittels eines Lautsprechers &#8211; in einer bisher am Lift unbekannten Lautst\u00e4rke &#8211; h\u00f6ren mussten.<\/p>\n<p>Schneem\u00e4\u00dfig war&#8217;s oben teilweise stark abgeweht und kunstbeeist, unten nat\u00fcrlich nicht viel weniger hart. Die sonnige aber mittlerweile auch recht k\u00fchle 3SB oben w\u00e4re bis 16:40 gefahren, ich fuhr aber fr\u00fcher runter &#8211; und nochmals mit der EUB zur Mittelstation, weil da noch ein Talabfahrtsst\u00fcck so nett aussah :)<\/p>\n<p>(Fotos anklicken zum Vergr\u00f6\u00dfern)<\/p>\n<p><a href='http:\/\/ski.inmontanis.info\/d\/270865-2\/DSC03689.jpg'><img src=http:\/\/ski.inmontanis.info\/d\/270864-3\/DSC03689.jpg \/><\/a><br \/>\n^ Ex-Agudio-6EUB-Talstation<\/p>\n<p><a href='http:\/\/ski.inmontanis.info\/d\/270869-2\/DSC03690.jpg'><img src=http:\/\/ski.inmontanis.info\/d\/270868-3\/DSC03690.jpg \/><\/a><br \/>\n^ 10EUB Bergstation, in die alte integriert<\/p>\n<p><a href='http:\/\/ski.inmontanis.info\/d\/270873-2\/DSC03693.jpg'><img src=http:\/\/ski.inmontanis.info\/d\/270872-3\/DSC03693.jpg \/><\/a><br \/>\n^ 10EUB Carosello 3000. Geht im Gegensatz zu der PB in Bormio nicht auf 3000m<\/p>\n<p><a href='http:\/\/ski.inmontanis.info\/d\/270877-2\/DSC03696.jpg'><img src=http:\/\/ski.inmontanis.info\/d\/270876-3\/DSC03696.jpg \/><\/a><br \/>\n^ 4KSB Blesaccia II. Die schwarze links wird ja wirklich im Winter pr\u00e4pariert.<\/p>\n<p><a href='http:\/\/ski.inmontanis.info\/d\/270881-2\/DSC03697.jpg'><img src=http:\/\/ski.inmontanis.info\/d\/270880-3\/DSC03697.jpg \/><\/a><br \/>\n^ 4KSB Skydancer Fontane Vetta; richtung Tagliede gibts hier oben nun 2 Skiwege<\/p>\n<p><a href='http:\/\/ski.inmontanis.info\/d\/270885-2\/DSC03698.jpg'><img src=http:\/\/ski.inmontanis.info\/d\/270884-3\/DSC03698.jpg \/><\/a><br \/>\n^ EUB Cassana und 6KSB Botarel<\/p>\n<p><a href='http:\/\/ski.inmontanis.info\/d\/270889-2\/DSC03699.jpg'><img src=http:\/\/ski.inmontanis.info\/d\/270888-3\/DSC03699.jpg \/><\/a><br \/>\n^ Na so was, die alte DSB-Talstation der 2. Tagliede-Sektion steht auch noch. Bis hier hin bin ich also schon mal gefahren ;)<\/p>\n<p><a href='http:\/\/ski.inmontanis.info\/d\/270893-2\/DSC03700.jpg'><img src=http:\/\/ski.inmontanis.info\/d\/270892-3\/DSC03700.jpg \/><\/a><br \/>\n^ EUB Cassana, durchaus nette Abfahrten<\/p>\n<p><a href='http:\/\/ski.inmontanis.info\/d\/270897-2\/DSC03702.jpg'><img src=http:\/\/ski.inmontanis.info\/d\/270896-3\/DSC03702.jpg \/><\/a><br \/>\n^ EUB Cassana<\/p>\n<p><a href='http:\/\/ski.inmontanis.info\/d\/270901-2\/DSC03704.jpg'><img src=http:\/\/ski.inmontanis.info\/d\/270900-3\/DSC03704.jpg \/><\/a><br \/>\n^ 6KSB Botarel<\/p>\n<p><a href='http:\/\/ski.inmontanis.info\/d\/270905-2\/DSC03705.jpg'><img src=http:\/\/ski.inmontanis.info\/d\/270904-3\/DSC03705.jpg \/><\/a><br \/>\n^ Autsch, wieso hab ich da nicht aufgepasst. Sitzabtrenner und keine Fu\u00dfraster. Den schei\u00df Lift h\u00e4tte ich mir gerne gespart.<\/p>\n<p><a href='http:\/\/ski.inmontanis.info\/d\/270909-2\/DSC03707.jpg'><img src=http:\/\/ski.inmontanis.info\/d\/270908-3\/DSC03707.jpg \/><\/a><br \/>\n^ SL Valandrea, hier ist mehr los als an der 6KSB<\/p>\n<p><a href='http:\/\/ski.inmontanis.info\/d\/270913-2\/DSC03708.jpg'><img src=http:\/\/ski.inmontanis.info\/d\/270912-3\/DSC03708.jpg \/><\/a><br \/>\n^ SL Mini Lift Scuola und 4SB Campo Scuola, ich sitz in der Tagliede-EUB<\/p>\n<p><a href='http:\/\/ski.inmontanis.info\/d\/270917-2\/DSC03709.jpg'><img src=http:\/\/ski.inmontanis.info\/d\/270916-3\/DSC03709.jpg \/><\/a><br \/>\n^ Blick r\u00fcber zur Mottolino-Seite<\/p>\n<p><a href='http:\/\/ski.inmontanis.info\/d\/270921-2\/DSC03712.jpg'><img src=http:\/\/ski.inmontanis.info\/d\/270920-3\/DSC03712.jpg \/><\/a><br \/>\n^ SL Pian della Volpe, oben etwas steiler<\/p>\n<p><a href='http:\/\/ski.inmontanis.info\/d\/270925-2\/DSC03714.jpg'><img src=http:\/\/ski.inmontanis.info\/d\/270924-3\/DSC03714.jpg \/><\/a><br \/>\n^ SL Pian Della Volpe und SL Del Sole und SL Ski School Area (OMG!!) Rechts die Abfahrt war auch nett.<\/p>\n<p><a href='http:\/\/ski.inmontanis.info\/d\/270929-2\/DSC03717.jpg'><img src=http:\/\/ski.inmontanis.info\/d\/270928-3\/DSC03717.jpg \/><\/a><br \/>\n^ SL Ski School Area<\/p>\n<p><a href='http:\/\/ski.inmontanis.info\/d\/270933-2\/DSC03719.jpg'><img src=http:\/\/ski.inmontanis.info\/d\/270932-3\/DSC03719.jpg \/><\/a><br \/>\n^ SL Del Sole, rechts SL Pian Della Volpe<\/p>\n<p><a href='http:\/\/ski.inmontanis.info\/d\/270937-2\/DSC03721.jpg'><img src=http:\/\/ski.inmontanis.info\/d\/270936-3\/DSC03721.jpg \/><\/a><br \/>\n^ Die ganzen F\u00f6rderb\u00e4nder bin ich nicht gefahren, irgendwo muss Schluss sein ;)<\/p>\n<p><a href='http:\/\/ski.inmontanis.info\/d\/270941-2\/DSC03724.jpg'><img src=http:\/\/ski.inmontanis.info\/d\/270940-3\/DSC03724.jpg \/><\/a><br \/>\n^ 4SB Campo Scuola und SL Mini Lift Scuola<\/p>\n<p><a href='http:\/\/ski.inmontanis.info\/d\/270945-2\/DSC03726.jpg'><img src=http:\/\/ski.inmontanis.info\/d\/270944-3\/DSC03726.jpg \/><\/a><br \/>\n^ Beschneiung<\/p>\n<p><a href='http:\/\/ski.inmontanis.info\/d\/270949-2\/DSC03731.jpg'><img src=http:\/\/ski.inmontanis.info\/d\/270948-3\/DSC03731.jpg \/><\/a><br \/>\n^ Beschneiung<\/p>\n<p><a href='http:\/\/ski.inmontanis.info\/d\/270953-2\/DSC03733.jpg'><img src=http:\/\/ski.inmontanis.info\/d\/270952-3\/DSC03733.jpg \/><\/a><br \/>\n^ SL Mini Lift Scuola, ohne den Text w\u00fcrde ich die Symbole nicht kapieren.<\/p>\n<p><a href='http:\/\/ski.inmontanis.info\/d\/270957-2\/DSC03734.jpg'><img src=http:\/\/ski.inmontanis.info\/d\/270956-3\/DSC03734.jpg \/><\/a><br \/>\n^ SL Mini Lift Scuola<\/p>\n<p><a href='http:\/\/ski.inmontanis.info\/d\/270961-2\/DSC03735.jpg'><img src=http:\/\/ski.inmontanis.info\/d\/270960-3\/DSC03735.jpg \/><\/a><br \/>\n^ Von Valandrea Vetta r\u00fcber zu Fontane Vetta kannte ich bisher nur 1 Abfahrt, heute gibts deren 3<\/p>\n<p><a href='http:\/\/ski.inmontanis.info\/d\/270965-2\/DSC03736.jpg'><img src=http:\/\/ski.inmontanis.info\/d\/270964-3\/DSC03736.jpg \/><\/a><br \/>\n^ Die rechte Talabfahrt von Carosello \/ Blesaccia II<\/p>\n<p><a href='http:\/\/ski.inmontanis.info\/d\/270969-2\/DSC03738.jpg'><img src=http:\/\/ski.inmontanis.info\/d\/270968-3\/DSC03738.jpg \/><\/a><br \/>\n^ SL Doss 18<\/p>\n<p><a href='http:\/\/ski.inmontanis.info\/d\/270973-2\/DSC03740.jpg'><img src=http:\/\/ski.inmontanis.info\/d\/270972-3\/DSC03740.jpg \/><\/a><br \/>\n^ SL Doss 18, hier war sehr viel los. Oben den Steilhang fuhren aber wenige<\/p>\n<p><a href='http:\/\/ski.inmontanis.info\/d\/270977-2\/DSC03744.jpg'><img src=http:\/\/ski.inmontanis.info\/d\/270976-3\/DSC03744.jpg \/><\/a><br \/>\n^ Blick vom SL Doss 18 zu den Talabfahrten Carosello, der rechte schmale Weg war grenzwertig eisig<\/p>\n<p><a href='http:\/\/ski.inmontanis.info\/d\/270981-2\/DSC03745.jpg'><img src=http:\/\/ski.inmontanis.info\/d\/270980-3\/DSC03745.jpg \/><\/a><br \/>\n^ SL Doss 18<\/p>\n<p><a href='http:\/\/ski.inmontanis.info\/d\/270985-2\/DSC03746.jpg'><img src=http:\/\/ski.inmontanis.info\/d\/270984-3\/DSC03746.jpg \/><\/a><br \/>\n^ SL Doss 18, der Text steht sogar auf Norwegisch da? Sieht man in den Alpen auch nicht sehr h\u00e4ufig.<\/p>\n<p><a href='http:\/\/ski.inmontanis.info\/d\/270989-2\/DSC03748.jpg'><img src=http:\/\/ski.inmontanis.info\/d\/270988-3\/DSC03748.jpg \/><\/a><br \/>\n^ DSB+SL San Rocco, die DSB hab ich mir gespart, die bin ich doch schon mal gefahren, meine ich.<\/p>\n<p><a href='http:\/\/ski.inmontanis.info\/d\/270993-3\/DSC03753.jpg'><img src=http:\/\/ski.inmontanis.info\/d\/270992-4\/DSC03753.jpg \/><\/a><br \/>\n^ Die nach rechts abzweigende Abfahrtsvariante hier an der Carosello-EUB kenn ich glaub ich auch noch nicht ..<\/p>\n<p><a href='http:\/\/ski.inmontanis.info\/d\/270997-3\/DSC03754.jpg'><img src=http:\/\/ski.inmontanis.info\/d\/270996-4\/DSC03754.jpg \/><\/a><br \/>\n^ Carosello Mittelstation<\/p>\n<p><a href='http:\/\/ski.inmontanis.info\/d\/271001-3\/DSC03756.jpg'><img src=http:\/\/ski.inmontanis.info\/d\/271000-4\/DSC03756.jpg \/><\/a><br \/>\n^ Carosello linke Talabfahrt, dieses Pistenst\u00fcck ist wohl offiziell stillgelegt?!<\/p>\n<p><a href='http:\/\/ski.inmontanis.info\/d\/271005-3\/DSC03758.jpg'><img src=http:\/\/ski.inmontanis.info\/d\/271004-4\/DSC03758.jpg \/><\/a><br \/>\n^ SL Amerikan, links von der Carosello-EUB.<\/p>\n<p><a href='http:\/\/ski.inmontanis.info\/d\/271009-3\/DSC03760.jpg'><img src=http:\/\/ski.inmontanis.info\/d\/271008-4\/DSC03760.jpg \/><\/a><br \/>\n^ SL Amerikan<\/p>\n<p><a href='http:\/\/ski.inmontanis.info\/d\/271013-2\/DSC03763.jpg'><img src=http:\/\/ski.inmontanis.info\/d\/271012-3\/DSC03763.jpg \/><\/a><br \/>\n^ SL Amerikan<\/p>\n<p><a href='http:\/\/ski.inmontanis.info\/d\/271017-3\/DSC03764.jpg'><img src=http:\/\/ski.inmontanis.info\/d\/271016-4\/DSC03764.jpg \/><\/a><br \/>\n^ SL Amerikan<\/p>\n<p><a href='http:\/\/ski.inmontanis.info\/d\/271021-3\/DSC03766.jpg'><img src=http:\/\/ski.inmontanis.info\/d\/271020-4\/DSC03766.jpg \/><\/a><br \/>\n^ So, geschafft, den ganzen linken SL Palipert endlich erreicht.<\/p>\n<p><a href='http:\/\/ski.inmontanis.info\/d\/271025-2\/DSC03767.jpg'><img src=http:\/\/ski.inmontanis.info\/d\/271024-3\/DSC03767.jpg \/><\/a><br \/>\n^ SL Palipert<\/p>\n<p><a href='http:\/\/ski.inmontanis.info\/d\/271029-2\/DSC03769.jpg'><img src=http:\/\/ski.inmontanis.info\/d\/271028-3\/DSC03769.jpg \/><\/a><br \/>\n^ SL Palipert<\/p>\n<p><a href='http:\/\/ski.inmontanis.info\/d\/271033-2\/DSC03770.jpg'><img src=http:\/\/ski.inmontanis.info\/d\/271032-3\/DSC03770.jpg \/><\/a><br \/>\n^ SL Palipert, offpiste<\/p>\n<p><a href='http:\/\/ski.inmontanis.info\/d\/271037-2\/DSC03772.jpg'><img src=http:\/\/ski.inmontanis.info\/d\/271036-3\/DSC03772.jpg \/><\/a><br \/>\n^ Die neue Carosello-EUB hat kurioserweise sowohl innere Skik\u00f6cher, wie auch \u00e4u\u00dfere. Da k\u00f6nnte man eines davon an Bormio oder Santa Caterina weitergeben ..<\/p>\n<p><a href='http:\/\/ski.inmontanis.info\/d\/271041-2\/DSC03774.jpg'><img src=http:\/\/ski.inmontanis.info\/d\/271040-3\/DSC03774.jpg \/><\/a><br \/>\n^ 3SB Lac Salin, endlich heute hier angekommen<\/p>\n<p><a href='http:\/\/ski.inmontanis.info\/d\/271045-2\/DSC03775.jpg'><img src=http:\/\/ski.inmontanis.info\/d\/271044-3\/DSC03775.jpg \/><\/a><br \/>\n^ .. diese au\u00dfergew\u00f6hnliche Sacif-3SB mit braunen St\u00fctzen ist nun die historischste Anlage in Livigno.  Und Sonne bis zum Schluss, hier kann mans aushalten.<\/p>\n<p><a href='http:\/\/ski.inmontanis.info\/d\/271049-2\/DSC03777.jpg'><img src=http:\/\/ski.inmontanis.info\/d\/271048-3\/DSC03777.jpg \/><\/a><br \/>\n^ 6KSB Federia ist nachmittags auch lang in der Sonne. Daf\u00fcr aber kurze Wartezeiten.<\/p>\n<p><a href='http:\/\/ski.inmontanis.info\/d\/271053-2\/DSC03781.jpg'><img src=http:\/\/ski.inmontanis.info\/d\/271052-3\/DSC03781.jpg \/><\/a><br \/>\n^ Carosello Bergstation<\/p>\n<p><a href='http:\/\/ski.inmontanis.info\/d\/271057-2\/DSC03782.jpg'><img src=http:\/\/ski.inmontanis.info\/d\/271056-3\/DSC03782.jpg \/><\/a><br \/>\n^ Dr\u00fcben die Mottolino-Seite ist um 16 Uhr auch schon recht schattig<\/p>\n<p><a href='http:\/\/ski.inmontanis.info\/d\/271061-2\/DSC03784.jpg'><img src=http:\/\/ski.inmontanis.info\/d\/271060-3\/DSC03784.jpg \/><\/a><br \/>\n^ Eine der mittleren Talabfahrtsvarianten der Carosello-EUB<\/p>\n<p><a href='http:\/\/ski.inmontanis.info\/d\/271065-2\/DSC03787.jpg'><img src=http:\/\/ski.inmontanis.info\/d\/271064-3\/DSC03787.jpg \/><\/a><br \/>\n^ Eine der anderen mittleren Talabfahrtsvarianten der Carosello-EUB. Schaut auch nett aus, da muss ich doch nochmal rauffahren heute.<\/p>\n<p><a href='http:\/\/ski.inmontanis.info\/d\/271069-3\/DSC03788.jpg'><img src=http:\/\/ski.inmontanis.info\/d\/271068-4\/DSC03788.jpg \/><\/a><br \/>\n^ .. und weiter unten gibts noch diesen ehemaligen Abfahrtshang, gut eingefahren und gut zu fahren gewesen. Wollte ich auch noch ein zweites Mal fahren :)<\/p>\n<p><a href='http:\/\/ski.inmontanis.info\/d\/271073-3\/DSC03790.jpg'><img src=http:\/\/ski.inmontanis.info\/d\/271072-4\/DSC03790.jpg \/><\/a><br \/>\n^ Mit der neuen Carosello EUB kommt man nun an der anderen Seite des ehemaligen Gondel-Korblifts vorbei<\/p>\n<p><a href='http:\/\/ski.inmontanis.info\/d\/271077-3\/DSC03792.jpg'><img src=http:\/\/ski.inmontanis.info\/d\/271076-4\/DSC03792.jpg \/><\/a><br \/>\n^ Carosello Mittelstation, den eisigen oberen Hang sparte ich mir und stieg hier aus. Gute Entscheidung, denn ..<\/p>\n<p><a href='http:\/\/ski.inmontanis.info\/d\/271081-3\/DSC03793.jpg'><img src=http:\/\/ski.inmontanis.info\/d\/271080-4\/DSC03793.jpg \/><\/a><br \/>\n^ .. die alte Agudio-Mittelstation steht samt Technik noch rum :)<\/p>\n<p><a href='http:\/\/ski.inmontanis.info\/d\/271085-3\/DSC03795.jpg'><img src=http:\/\/ski.inmontanis.info\/d\/271084-4\/DSC03795.jpg \/><\/a><br \/>\n^ Ex-Agudio-Mittelstation<\/p>\n<p><a href='http:\/\/ski.inmontanis.info\/d\/271089-3\/DSC03797.jpg'><img src=http:\/\/ski.inmontanis.info\/d\/271088-4\/DSC03797.jpg \/><\/a><br \/>\n^ Genial :)<\/p>\n<p><a href='http:\/\/ski.inmontanis.info\/d\/271093-3\/DSC03798.jpg'><img src=http:\/\/ski.inmontanis.info\/d\/271092-4\/DSC03798.jpg \/><\/a><br \/>\n^ Nochmals im vorhin genannten anscheinend ehemaligen Abfahrtshang am Ende der Talabfahrt<\/p>\n<p><a href='http:\/\/ski.inmontanis.info\/d\/271097-3\/DSC03800.jpg'><img src=http:\/\/ski.inmontanis.info\/d\/271096-4\/DSC03800.jpg \/><\/a><br \/>\n^ Mein Parkplatz war direkt an der alten Agudio-6EUB-Talstation und hatte somit wohl den k\u00fcrzesten Weg zur Piste ;) (Die neue EUB startet weiter links)<\/p>\n<p><a href='http:\/\/ski.inmontanis.info\/d\/271105-3\/ge20200112d.jpg'><img src=http:\/\/ski.inmontanis.info\/d\/271104-4\/ge20200112d.jpg \/><\/a><br \/>\n^ GPS-Track 12.1.2020 in T\u00fcrkis und vorherige Besuche in Blau.<\/p>\n<p>Fazit? Naja, gesehen, gefahren, abgehakt. Nochmals brauch ich diese Talliftsafari nicht, aber nat\u00fcrlich trotzdem sch\u00f6n, dass es noch so viele Skilifte hier im Tal gibt. Am Tonale oder in Aprica steht da kaum noch was. Schade nur, dass \u00fcberhaupt kein einziger alter SL mehr steht, keine Portalst\u00fctzen, keine farbigen Rundrohrsst\u00fctzen &#8230; <\/p>\n<p>Vermutlich werd ich maximal zum Saisonende, wenn sonst nix mehr interessantes offen hat, nochmals auf diese Seite von Livigno kommen. F\u00fcr die Mottolino-Seite muss ich wohl mal fr\u00fcher her, evtl. in Kombi mit Oga\/Valdidentro, das liegt dann auf dem Weg und dann hab ich wenigstens keinen ganzen zweiten Tag f\u00fcr Livigno geopfert :) Alles zu &#8220;Mainstream&#8221; hier, zu wenig alte Lifte, zu viel nervende Urlauber und schon zu oft zum Saisonende hier gewesen ..<\/p>\n<p><a href='http:\/\/ski.inmontanis.info\/d\/271101-3\/DSC03805.jpg'><img src=http:\/\/ski.inmontanis.info\/d\/271100-4\/DSC03805.jpg \/><\/a><br \/>\n^ Munt la Schera &#8211; Mauttunnel<\/p>\n<p>.. durch den Tunnel war ich nat\u00fcrlich sehr schnell daheim. Wobei ich zur Abwechslung \u00fcbern Reschen gefahren bin.<\/p>\n","protected":false},"excerpt":{"rendered":"<p>Heute ging&#8217;s nach Livigno, einen Tag wollte ich ja mal im Winter verbringen, damit ich die ganzen Tallifte auch mal fahren kann. Zudem sollte es &#8211; au\u00dfer im Tal &#8211; heute nicht gar so kalt werden. Heimw\u00e4rts sollte es durch den Mauttunnel gehen, der nun lt. Website auch im Winter Einzelfahrtarife hat, bei denen man <a href=\"http:\/\/blog.inmontanis.info\/?p=5956\">[&#8230;]<\/a><\/p>\n","protected":false},"author":1,"featured_media":0,"comment_status":"closed","ping_status":"closed","sticky":false,"template":"","format":"standard","meta":{"footnotes":""},"categories":[15,245,27,81],"tags":[72,55,49,56,53,79,47],"class_list":["post-5956","post","type-post","status-publish","format-standard","hentry","category-italienitaly","category-livigno","category-skifahren-winterskiing-winter","category-kurztrips","tag-10eub","tag-3sb","tag-4sb","tag-6sb","tag-8eub","tag-agudio","tag-sl","odd"],"_links":{"self":[{"href":"http:\/\/blog.inmontanis.info\/index.php?rest_route=\/wp\/v2\/posts\/5956","targetHints":{"allow":["GET"]}}],"collection":[{"href":"http:\/\/blog.inmontanis.info\/index.php?rest_route=\/wp\/v2\/posts"}],"about":[{"href":"http:\/\/blog.inmontanis.info\/index.php?rest_route=\/wp\/v2\/types\/post"}],"author":[{"embeddable":true,"href":"http:\/\/blog.inmontanis.info\/index.php?rest_route=\/wp\/v2\/users\/1"}],"replies":[{"embeddable":true,"href":"http:\/\/blog.inmontanis.info\/index.php?rest_route=%2Fwp%2Fv2%2Fcomments&post=5956"}],"version-history":[{"count":3,"href":"http:\/\/blog.inmontanis.info\/index.php?rest_route=\/wp\/v2\/posts\/5956\/revisions"}],"predecessor-version":[{"id":5959,"href":"http:\/\/blog.inmontanis.info\/index.php?rest_route=\/wp\/v2\/posts\/5956\/revisions\/5959"}],"wp:attachment":[{"href":"http:\/\/blog.inmontanis.info\/index.php?rest_route=%2Fwp%2Fv2%2Fmedia&parent=5956"}],"wp:term":[{"taxonomy":"category","embeddable":true,"href":"http:\/\/blog.inmontanis.info\/index.php?rest_route=%2Fwp%2Fv2%2Fcategories&post=5956"},{"taxonomy":"post_tag","embeddable":true,"href":"http:\/\/blog.inmontanis.info\/index.php?rest_route=%2Fwp%2Fv2%2Ftags&post=5956"}],"curies":[{"name":"wp","href":"https:\/\/api.w.org\/{rel}","templated":true}]}}