{"id":5942,"date":"2020-01-06T18:17:04","date_gmt":"2020-01-06T17:17:04","guid":{"rendered":"http:\/\/blog.inmontanis.info\/?p=5942"},"modified":"2023-08-02T22:01:56","modified_gmt":"2023-08-02T20:01:56","slug":"maniva-6-1-2020-bis-zum-sonnenuntergang","status":"publish","type":"post","link":"http:\/\/blog.inmontanis.info\/?p=5942","title":{"rendered":"Maniva, 6.1.2020 \/\/ Bis zum Sonnenuntergang"},"content":{"rendered":"<p><strong>Sunny Southern Alps Tag 15: Maniva, 6.1.2020<\/strong><\/p>\n<p>Da unser Hotel ab heute ein Monat geschlossen ist (lt. Prospekt war das auch im letzten Jahr so, ab 6.1. bis Anfang Februar), mussten wir uns eh ein Zimmer f\u00fcr morgen suchen und getrennt fahren. Mit getrennten Autos gings heute also zum Passo Maniva. Wir hatten gestern lang im Internet nach Infos gesucht, ob der Colle San Zeno im Winter geschlossen ist, weil ich meinte, dass das so w\u00e4re. Aufgrund einer anderen Suche hab ich dann zuf\u00e4llig einen Bericht von mir gefunden, dass ich am 6.1.2013 den Pass gefahren bin :) Hatte ich dann wohl falsch in Erinnerung. Also fuhren wir ihn. Wird zeitlich zwar nicht viel bringen, ist aber ja trotzdem nett.<\/p>\n<p>Anfangs wollte Trinc fr\u00fcher am Maniva sein als ich, dann fuhr er nach mir los, so dass ich erst mal alleine fuhr. Erst lang sp\u00e4ter, um 11.30 Uhr, kam seine SMS, dass er mit dem Skibus fahren musste, weil der Parkplatz oben voll war und er auf der Stra\u00dfe weiter hinten zu dem einen Hotel parkt.<\/p>\n<p>Die Abfahrten waren teilweise noch etwas eisiger als gestern, aber stellenweise ging&#8217;s auch besser. Wir blieben zum Sonnenuntergang an der Dasdana-Bergstation (da ist ja das kleine &#8220;Ristoro&#8221;), da l\u00e4sst man die Leute wohl etwas l\u00e4nger bleiben, auch wenn die DSB nur bis 16.00 f\u00e4hrt. Volllaufen lassen, wie das in \u00d6sterreich teilweise der Fall w\u00e4re, hat sich keiner. Sp\u00e4ter am Parkplatz bekamen wir in der Pizzeria um 17:30 sogar eine Pizza.<\/p>\n<p>(Fotos anklicken zum Vergr\u00f6\u00dfern)<\/p>\n<p><a href='http:\/\/extra.inmontanis.info\/d\/57233-2\/ge201912202001.jpg'><img src=http:\/\/extra.inmontanis.info\/d\/57231-3\/ge201912202001.jpg \/><\/a><br \/>\n^ U: Maniva<\/p>\n<p><a href='http:\/\/ski.inmontanis.info\/d\/270369-2\/DSC03360.jpg'><img src=http:\/\/ski.inmontanis.info\/d\/270368-3\/DSC03360.jpg \/><\/a><br \/>\n^ 4SB<\/p>\n<p><a href='http:\/\/ski.inmontanis.info\/d\/270373-2\/DSC03361.jpg'><img src=http:\/\/ski.inmontanis.info\/d\/270372-3\/DSC03361.jpg \/><\/a><br \/>\n^ DSB Barard (nein, die St\u00fctze steht nicht auf dem Dach)<\/p>\n<p><a href='http:\/\/ski.inmontanis.info\/d\/270377-2\/DSC03362.jpg'><img src=http:\/\/ski.inmontanis.info\/d\/270376-3\/DSC03362.jpg \/><\/a><br \/>\n^ DSB Barard, 3x hoch, 3x nieder<\/p>\n<p><a href='http:\/\/ski.inmontanis.info\/d\/270381-2\/DSC03364.jpg'><img src=http:\/\/ski.inmontanis.info\/d\/270380-3\/DSC03364.jpg \/><\/a><br \/>\n^ Offpiste rechts DSB Barard, tw. gut eingefahren und halbwegs fahrbar, aber gro\u00dfteils unsch\u00f6n gefroren und heute nicht weich werdend<\/p>\n<p><a href='http:\/\/ski.inmontanis.info\/d\/270385-2\/DSC03365.jpg'><img src=http:\/\/ski.inmontanis.info\/d\/270384-3\/DSC03365.jpg \/><\/a><br \/>\n^ DSB Barard, aller guten Nascivera-St\u00fctzen sind 3 ;)<\/p>\n<p><a href='http:\/\/ski.inmontanis.info\/d\/270389-2\/DSC03368.jpg'><img src=http:\/\/ski.inmontanis.info\/d\/270388-3\/DSC03368.jpg \/><\/a><br \/>\n^ Blick zum Verbindungs-Seillift und dahinter DSB Dasdana<\/p>\n<p><a href='http:\/\/ski.inmontanis.info\/d\/270393-2\/DSC03369.jpg'><img src=http:\/\/ski.inmontanis.info\/d\/270392-3\/DSC03369.jpg \/><\/a><br \/>\n^ Rechts verk\u00fcrzte Talstation DSB Barard, links wohl die ehemalige Abfahrt zur einstigen Talstation<\/p>\n<p><a href='http:\/\/ski.inmontanis.info\/d\/270397-2\/DSC03371.jpg'><img src=http:\/\/ski.inmontanis.info\/d\/270396-3\/DSC03371.jpg \/><\/a><br \/>\n^ Witziger Grat-Weg von der DSB Barard richtung 4SB\/Pass\/Parkpl\u00e4tze, ich hole nun Trinc ab bzw. treffe ihn an einem der Gasth\u00e4user.<\/p>\n<p><a href='http:\/\/ski.inmontanis.info\/d\/270401-2\/DSC03376.jpg'><img src=http:\/\/ski.inmontanis.info\/d\/270400-3\/DSC03376.jpg \/><\/a><br \/>\n^ Schneiteich<\/p>\n<p><a href='http:\/\/ski.inmontanis.info\/d\/270405-2\/DSC03379.jpg'><img src=http:\/\/ski.inmontanis.info\/d\/270404-3\/DSC03379.jpg \/><\/a><br \/>\n^ DSB Barard, Talstation<\/p>\n<p><a href='http:\/\/ski.inmontanis.info\/d\/270409-2\/DSC03380.jpg'><img src=http:\/\/ski.inmontanis.info\/d\/270408-3\/DSC03380.jpg \/><\/a><br \/>\n^ DSB Dasdana, nix los heute &#8211; es war aber auch wieder kalt und windig<\/p>\n<p><a href='http:\/\/ski.inmontanis.info\/d\/270413-2\/DSC03381.jpg'><img src=http:\/\/ski.inmontanis.info\/d\/270412-3\/DSC03381.jpg \/><\/a><br \/>\n^ Panoramaabfahrt DSB Dasdana<\/p>\n<p><a href='http:\/\/ski.inmontanis.info\/d\/270417-2\/DSC03384.jpg'><img src=http:\/\/ski.inmontanis.info\/d\/270416-3\/DSC03384.jpg \/><\/a><br \/>\n^ Offpiste zwischen SL Zocchi (nach links abbiegen) und DSB Barard (geradeaus bzw. rechts abbiegen)<\/p>\n<p><a href='http:\/\/ski.inmontanis.info\/d\/270421-2\/DSC03385.jpg'><img src=http:\/\/ski.inmontanis.info\/d\/270420-3\/DSC03385.jpg \/><\/a><br \/>\n^ SL Zocchi, dahinter DSB Dasdana. Die SL-Abfahrt war auch sehr eisig abgefahren, au\u00dfer ganz am Rand, wo es teilweise recht nett war.<\/p>\n<p><a href='http:\/\/ski.inmontanis.info\/d\/270425-2\/DSC03917.jpg'><img src=http:\/\/ski.inmontanis.info\/d\/270424-3\/DSC03917.jpg \/><\/a><br \/>\n^ IR-Blick von der DSB Dasdana-Bergstation, mit DSB Barard-Bergstation<\/p>\n<p><a href='http:\/\/ski.inmontanis.info\/d\/270429-2\/DSC03918.jpg'><img src=http:\/\/ski.inmontanis.info\/d\/270428-3\/DSC03918.jpg \/><\/a><br \/>\n^ Inseln im Smogmeer ;)<\/p>\n<p><a href='http:\/\/ski.inmontanis.info\/d\/270433-2\/DSC03388.jpg'><img src=http:\/\/ski.inmontanis.info\/d\/270432-3\/DSC03388.jpg \/><\/a><br \/>\n^ R\u00fcckseitenpano von der DSB Dasdana<\/p>\n<p><a href='http:\/\/ski.inmontanis.info\/d\/270437-2\/DSC03395.jpg'><img src=http:\/\/ski.inmontanis.info\/d\/270436-3\/DSC03395.jpg \/><\/a><br \/>\n^ Hier am Chalet Dasdana darf man bis zum Sonnenuntergang bleiben (zumindest jetzt noch)<\/p>\n<p><a href='http:\/\/ski.inmontanis.info\/d\/270441-2\/DSC03396.jpg'><img src=http:\/\/ski.inmontanis.info\/d\/270440-3\/DSC03396.jpg \/><\/a><br \/>\n^ Pano Po-Ebene<\/p>\n<p><a href='http:\/\/ski.inmontanis.info\/d\/270445-2\/DSC03399.jpg'><img src=http:\/\/ski.inmontanis.info\/d\/270444-3\/DSC03399.jpg \/><\/a><br \/>\n^ Appennino<\/p>\n<p><a href='http:\/\/ski.inmontanis.info\/d\/270449-2\/DSC03404.jpg'><img src=http:\/\/ski.inmontanis.info\/d\/270448-3\/DSC03404.jpg \/><\/a><br \/>\n^ Zoom von Dasdana zur Bergstation DSB Barard. Wichtigster Lift im Skigebiet, denn nur via Barard kommt man zu Zocchi bzw. Dasdana. Vermutlich war das auch der Grund f\u00fcr die Verk\u00fcrzung des Lifts? Obwohl man dann nat\u00fcrlich auch eine Mittelstation (ggf. noch weiter oben) h\u00e4tte einbauen k\u00f6nnen..<\/p>\n<p><a href='http:\/\/ski.inmontanis.info\/d\/270521-2\/DSC03406.jpg'><img src=http:\/\/ski.inmontanis.info\/d\/270520-3\/DSC03406.jpg \/><\/a><br \/>\n^ Zoom Montecampione-Skigebiet von Maniva\/Dasdana (links 3SB Valmaione, mittig Bergstation DSB Dosso Rotondo und rechts daneben SL Longarino Bergstation und die 4KSB)<\/p>\n<p><a href='http:\/\/ski.inmontanis.info\/d\/270453-2\/DSC03409.jpg'><img src=http:\/\/ski.inmontanis.info\/d\/270452-3\/DSC03409.jpg \/><\/a><br \/>\n^ Die Ex-Nato-Station herangezoomt<\/p>\n<p><a href='http:\/\/ski.inmontanis.info\/d\/270457-2\/DSC03926.jpg'><img src=http:\/\/ski.inmontanis.info\/d\/270456-3\/DSC03926.jpg \/><\/a><br \/>\n^ Ex-Nato-Station in IR<\/p>\n<p><a href='http:\/\/ski.inmontanis.info\/d\/270461-2\/DSC03943.jpg'><img src=http:\/\/ski.inmontanis.info\/d\/270460-3\/DSC03943.jpg \/><\/a><br \/>\n^ IR Po-Ebene+Appennin<\/p>\n<p><a href='http:\/\/ski.inmontanis.info\/d\/270465-2\/DSC03947.jpg'><img src=http:\/\/ski.inmontanis.info\/d\/270464-3\/DSC03947.jpg \/><\/a><br \/>\n^ IR-Pano<\/p>\n<p><a href='http:\/\/ski.inmontanis.info\/d\/270469-2\/DSC03953.jpg'><img src=http:\/\/ski.inmontanis.info\/d\/270468-3\/DSC03953.jpg \/><\/a><br \/>\n^ IR-R\u00fcckseitenpano<\/p>\n<p><a href='http:\/\/ski.inmontanis.info\/d\/270473-2\/DSC03413.jpg'><img src=http:\/\/ski.inmontanis.info\/d\/270472-3\/DSC03413.jpg \/><\/a><br \/>\n^ DSB Dasdana mit Mond<\/p>\n<p><a href='http:\/\/ski.inmontanis.info\/d\/270477-2\/DSC03414.jpg'><img src=http:\/\/ski.inmontanis.info\/d\/270476-3\/DSC03414.jpg \/><\/a><br \/>\n^ Sonnenuntergang an der Bergstation Dasdana<\/p>\n<p><a href='http:\/\/ski.inmontanis.info\/d\/270481-2\/DSC03416.jpg'><img src=http:\/\/ski.inmontanis.info\/d\/270480-3\/DSC03416.jpg \/><\/a><br \/>\n^ Sonnenuntergang an der Bergstation Dasdana<\/p>\n<p><a href='http:\/\/ski.inmontanis.info\/d\/270485-2\/DSC03418.jpg'><img src=http:\/\/ski.inmontanis.info\/d\/270484-3\/DSC03418.jpg \/><\/a><br \/>\n^ Sonnenuntergang an der Bergstation Dasdana<\/p>\n<p><a href='http:\/\/ski.inmontanis.info\/d\/270489-2\/DSC03421.jpg'><img src=http:\/\/ski.inmontanis.info\/d\/270488-3\/DSC03421.jpg \/><\/a><br \/>\n^ Sonnenuntergang an der Abfahrt von Dasdana zum Pass. Dieser Monte Guglielmo steht nicht nur am Pano vom Montecampione im Weg ..<\/p>\n<p><a href='http:\/\/ski.inmontanis.info\/d\/270493-2\/DSC03424.jpg'><img src=http:\/\/ski.inmontanis.info\/d\/270492-3\/DSC03424.jpg \/><\/a><br \/>\n^ Sonnenuntergang (16:52)<\/p>\n<p><a href='http:\/\/ski.inmontanis.info\/d\/270497-2\/DSC03425.jpg'><img src=http:\/\/ski.inmontanis.info\/d\/270496-3\/DSC03425.jpg \/><\/a><br \/>\n^ Abfahrt von DSB Dasdana zum Pass<\/p>\n<p><a href='http:\/\/ski.inmontanis.info\/d\/270501-2\/DSC03429.jpg'><img src=http:\/\/ski.inmontanis.info\/d\/270500-3\/DSC03429.jpg \/><\/a><br \/>\n^ Abendd\u00e4mmerung \u00fcber der Po-Ebene<\/p>\n<p><a href='http:\/\/ski.inmontanis.info\/d\/270505-2\/DSC03432.jpg'><img src=http:\/\/ski.inmontanis.info\/d\/270504-3\/DSC03432.jpg \/><\/a><br \/>\n^ Abendd\u00e4mmerung mit Mond<\/p>\n<p><a href='http:\/\/ski.inmontanis.info\/d\/270509-2\/DSC03433.jpg'><img src=http:\/\/ski.inmontanis.info\/d\/270508-3\/DSC03433.jpg \/><\/a><br \/>\n^ Abendd\u00e4mmerung \u00fcber der Po-Ebene<\/p>\n<p><a href='http:\/\/ski.inmontanis.info\/d\/270513-2\/DSC03446.jpg'><img src=http:\/\/ski.inmontanis.info\/d\/270512-3\/DSC03446.jpg \/><\/a><br \/>\n^ Um 17 Uhr musste man auf Gegenverkehr aufpassen<\/p>\n<p><a href='http:\/\/ski.inmontanis.info\/d\/270517-2\/ge20200106a.jpg'><img src=http:\/\/ski.inmontanis.info\/d\/270516-3\/ge20200106a.jpg \/><\/a><br \/>\n^ GPS-Track 6.1.2020 in T\u00fcrkis und vorherige Besuche in Magenta<\/p>\n<p><a href='http:\/\/extra.inmontanis.info\/d\/57509-2\/DSC03447.jpg'><img src=http:\/\/extra.inmontanis.info\/d\/57508-3\/DSC03447.jpg \/><\/a><br \/>\n^ Eine Salsiccia-Zwiebel-Pizza um 17:30<\/p>\n<p>Weiter gings \u00fcber die Autobahn zum Comer See, wo wir in einem Hotel in sch\u00f6n altmodischen Zimmern \u00fcbernachten, etwas teurer als die letzten Tage. Der Wasserkocher im Zimmer ist ohne Zucker (oder Milch) wohl auch nicht f\u00fcr alle geeignet. Aber ich hatte zumindest noch eine Packung der leckeren s\u00fc\u00dfen Honig-Kekse vom Glicini-Hotel :)<\/p>\n<p><a href='http:\/\/extra.inmontanis.info\/d\/57513-2\/DSC03451.jpg'><img src=http:\/\/extra.inmontanis.info\/d\/57512-3\/DSC03451.jpg \/><\/a><br \/>\n^ Heutiges Hotelzimmer<\/p>\n<p><a href='http:\/\/extra.inmontanis.info\/d\/57517-2\/DSC03452.jpg'><img src=http:\/\/extra.inmontanis.info\/d\/57516-3\/DSC03452.jpg \/><\/a><br \/>\n^ Heutiges Hotelzimmer<\/p>\n<p><a href='http:\/\/extra.inmontanis.info\/d\/57521-2\/DSC03455.jpg'><img src=http:\/\/extra.inmontanis.info\/d\/57520-3\/DSC03455.jpg \/><\/a><br \/>\n^ Heutiges Hotelzimmerpano mit Comersee<\/p>\n<p>Etwas umst\u00e4ndlich ist das Badezimmer mit Sensorbeleuchtung. St\u00f6rend ist das Notausgang-Schild im Schlafzimmer an der Decke, das nachts mit einer gr\u00fcnen LED leider nicht f\u00fcr ein dunkles Zimmer sorgt. Das Fr\u00fchst\u00fcck ab 7 Uhr ist sehr fr\u00fch, allerdings etwas verbesserungsf\u00e4hig. \u00dcbrigens waren auch einige weitere Deutsche hier heute Nacht.<\/p>\n<p>(Fortsetzung folgt.)<\/p>\n","protected":false},"excerpt":{"rendered":"<p>Sunny Southern Alps Tag 15: Maniva, 6.1.2020<\/p>\n<p>Da unser Hotel ab heute ein Monat geschlossen ist (lt. Prospekt war das auch im letzten Jahr so, ab 6.1. bis Anfang Februar), mussten wir uns eh ein Zimmer f\u00fcr morgen suchen und getrennt fahren. Mit getrennten Autos gings heute also zum Passo Maniva. Wir hatten gestern lang <a href=\"http:\/\/blog.inmontanis.info\/?p=5942\">[&#8230;]<\/a><\/p>\n","protected":false},"author":1,"featured_media":0,"comment_status":"closed","ping_status":"closed","sticky":false,"template":"","format":"standard","meta":{"footnotes":""},"categories":[181,15,462,59,27],"tags":[49,38,90,47],"class_list":["post-5942","post","type-post","status-publish","format-standard","hentry","category-2019-12-sunny-southern-alps","category-italienitaly","category-maniva","category-nostalgie","category-skifahren-winterskiing-winter","tag-4sb","tag-dsb","tag-infrarot","tag-sl","odd"],"_links":{"self":[{"href":"http:\/\/blog.inmontanis.info\/index.php?rest_route=\/wp\/v2\/posts\/5942","targetHints":{"allow":["GET"]}}],"collection":[{"href":"http:\/\/blog.inmontanis.info\/index.php?rest_route=\/wp\/v2\/posts"}],"about":[{"href":"http:\/\/blog.inmontanis.info\/index.php?rest_route=\/wp\/v2\/types\/post"}],"author":[{"embeddable":true,"href":"http:\/\/blog.inmontanis.info\/index.php?rest_route=\/wp\/v2\/users\/1"}],"replies":[{"embeddable":true,"href":"http:\/\/blog.inmontanis.info\/index.php?rest_route=%2Fwp%2Fv2%2Fcomments&post=5942"}],"version-history":[{"count":4,"href":"http:\/\/blog.inmontanis.info\/index.php?rest_route=\/wp\/v2\/posts\/5942\/revisions"}],"predecessor-version":[{"id":5946,"href":"http:\/\/blog.inmontanis.info\/index.php?rest_route=\/wp\/v2\/posts\/5942\/revisions\/5946"}],"wp:attachment":[{"href":"http:\/\/blog.inmontanis.info\/index.php?rest_route=%2Fwp%2Fv2%2Fmedia&parent=5942"}],"wp:term":[{"taxonomy":"category","embeddable":true,"href":"http:\/\/blog.inmontanis.info\/index.php?rest_route=%2Fwp%2Fv2%2Fcategories&post=5942"},{"taxonomy":"post_tag","embeddable":true,"href":"http:\/\/blog.inmontanis.info\/index.php?rest_route=%2Fwp%2Fv2%2Ftags&post=5942"}],"curies":[{"name":"wp","href":"https:\/\/api.w.org\/{rel}","templated":true}]}}