{"id":5936,"date":"2020-01-05T18:12:53","date_gmt":"2020-01-05T17:12:53","guid":{"rendered":"http:\/\/blog.inmontanis.info\/?p=5936"},"modified":"2023-08-01T22:04:59","modified_gmt":"2023-08-01T20:04:59","slug":"montecampione-5-1-2020","status":"publish","type":"post","link":"http:\/\/blog.inmontanis.info\/?p=5936","title":{"rendered":"Montecampione, 5.1.2020"},"content":{"rendered":"<p><strong>Sunny Southern Alps Tag 14: Montecampione, 5.1.2020<\/strong><\/p>\n<p>Heute waren wir am Montecampione. Die alte schwarze Abfahrt an der Secondino-DSB ging etwas schlechter als am 1.1., das Firnfenster auf den S\u00fcdh\u00e4ngen war auch etwas k\u00fcrzer, aber vorhanden. Auch sonst probierten wir einiges neben der Piste. Abgesehen von der DSB Splaza und dem Pano war Trincerone allerdings nicht begeistert vom Skigebiet. Was wohl auch den harten Pisten derzeit geschuldet war.<\/p>\n<p>Wollte dann zum Sonnenuntergang oben bleiben, aber da die Verbindungslifte nur bis 16.15\/16.20 fahren und ich f\u00fcr&#8217;s Pano oberhalb der 3SB \/ DSB Secondino war (die beide bis 16:30 fahren w\u00fcrden), wurde ich leider vom Pistendienst verscheucht (und ich f\u00fcrchte, man kann sich da auch nirgends vor denen verstecken) ..<\/p>\n<p>(Fotos anklicken zum Vergr\u00f6\u00dfern)<\/p>\n<p><a href='http:\/\/extra.inmontanis.info\/d\/57233-2\/ge201912202001.jpg'><img src=http:\/\/extra.inmontanis.info\/d\/57231-3\/ge201912202001.jpg \/><\/a><br \/>\n^ R: Montecampione<\/p>\n<p><a href='http:\/\/ski.inmontanis.info\/d\/270261-2\/DSC03327.jpg'><img src=http:\/\/ski.inmontanis.info\/d\/270260-3\/DSC03327.jpg \/><\/a><br \/>\n^ Oberer\/Hinterster Parkplatz; Toiletten- und alter Kassencontainer (der neue steht weiter rechts) + Skibus im Tram-Look, der nach oben pendelt (leider keine Zeit gehabt, den mal zu fahren)<\/p>\n<p><a href='http:\/\/ski.inmontanis.info\/d\/270265-2\/DSC03869.jpg'><img src=http:\/\/ski.inmontanis.info\/d\/270264-3\/DSC03869.jpg \/><\/a><br \/>\n^ IR-Pano Gardasee und Po-Ebene<\/p>\n<p><a href='http:\/\/ski.inmontanis.info\/d\/270269-2\/DSC03329.jpg'><img src=http:\/\/ski.inmontanis.info\/d\/270268-3\/DSC03329.jpg \/><\/a><br \/>\n^ 3SB Larice und Parkpl\u00e4tze (eine Ebene gar nicht ger\u00e4umt), dahinter die leider geschlossene DSB<\/p>\n<p><a href='http:\/\/ski.inmontanis.info\/d\/270273-2\/DSC03870.jpg'><img src=http:\/\/ski.inmontanis.info\/d\/270272-3\/DSC03870.jpg \/><\/a><br \/>\n^ DSB Prato Secondino, Po-Ebene und Westalpen (IR)<\/p>\n<p><a href='http:\/\/ski.inmontanis.info\/d\/270277-2\/DSC03871.jpg'><img src=http:\/\/ski.inmontanis.info\/d\/270276-3\/DSC03871.jpg \/><\/a><br \/>\n^ IR-Zoom mit DSB Prato Secondino zu Monviso (rechts, 277km) und S\u00fcdwest\/Meeralpen (links, ca. 290-300km)<\/p>\n<p><a href='http:\/\/ski.inmontanis.info\/d\/270281-2\/DSC03872.jpg'><img src=http:\/\/ski.inmontanis.info\/d\/270280-3\/DSC03872.jpg \/><\/a><br \/>\n^ IR-Zoom mit DSB Prato Secondino zum Monviso ( 277km) und die Stadt in der Ebene wird wohl Turin sein<\/p>\n<p><a href='http:\/\/ski.inmontanis.info\/d\/270285-2\/DSC03879.jpg'><img src=http:\/\/ski.inmontanis.info\/d\/270284-3\/DSC03879.jpg \/><\/a><br \/>\n^ IR-Zoom Appennin (170-190km), wenig Schnee<\/p>\n<p><a href='http:\/\/ski.inmontanis.info\/d\/270289-2\/DSC03881.jpg'><img src=http:\/\/ski.inmontanis.info\/d\/270288-3\/DSC03881.jpg \/><\/a><br \/>\n^ IR-Zoom Meeralpen, hinter dem Schlot sollte Mondole\/Frabosa &amp; Co sein (ca. 260km)<\/p>\n<p><a href='http:\/\/ski.inmontanis.info\/d\/270293-2\/DSC03883.jpg'><img src=http:\/\/ski.inmontanis.info\/d\/270292-3\/DSC03883.jpg \/><\/a><br \/>\n^ Alpenbogen Westalpen mit Monte Rosa rechts (IR)<\/p>\n<p><a href='http:\/\/ski.inmontanis.info\/d\/270297-2\/DSC03884.jpg'><img src=http:\/\/ski.inmontanis.info\/d\/270296-3\/DSC03884.jpg \/><\/a><br \/>\n^ IR-Foto in Gegenrichtung mit 3SB Larice<\/p>\n<p><a href='http:\/\/ski.inmontanis.info\/d\/270301-2\/DSC03332.jpg'><img src=http:\/\/ski.inmontanis.info\/d\/270300-3\/DSC03332.jpg \/><\/a><br \/>\n^ Pano mit Blick zum Gardasee (und Appennin rechts)<\/p>\n<p><a href='http:\/\/ski.inmontanis.info\/d\/270305-2\/DSC03339.jpg'><img src=http:\/\/ski.inmontanis.info\/d\/270304-3\/DSC03339.jpg \/><\/a><br \/>\n^ Zoom Gardasee<\/p>\n<p><a href='http:\/\/ski.inmontanis.info\/d\/270361-2\/DSC03334.jpg'><img src=http:\/\/ski.inmontanis.info\/d\/270360-3\/DSC03334.jpg \/><\/a><br \/>\n^ Zoom Ex-Natostation oberhalb des Manivapasses<\/p>\n<p><a href='http:\/\/ski.inmontanis.info\/d\/270365-2\/DSC03335.jpg'><img src=http:\/\/ski.inmontanis.info\/d\/270364-3\/DSC03335.jpg \/><\/a><br \/>\n^ Zoom Skigebiet Manivapass<\/p>\n<p><a href='http:\/\/ski.inmontanis.info\/d\/270357-2\/DSC03338.jpg'><img src=http:\/\/ski.inmontanis.info\/d\/270356-3\/DSC03338.jpg \/><\/a><br \/>\n^ Zoom Ex-Skigebiet von Collio<\/p>\n<p><a href='http:\/\/ski.inmontanis.info\/d\/270309-2\/DSC03341.jpg'><img src=http:\/\/ski.inmontanis.info\/d\/270308-3\/DSC03341.jpg \/><\/a><br \/>\n^ Offpiste DSB Dosso Rotondo, hier wars sogar pulvrig<\/p>\n<p><a href='http:\/\/ski.inmontanis.info\/d\/270313-2\/DSC03343.jpg'><img src=http:\/\/ski.inmontanis.info\/d\/270312-3\/DSC03343.jpg \/><\/a><br \/>\n^ An der schwarzen Abfahrt DSB Prato Secondino gab es komische Schie\u00dfst\u00e4nde und Holzmasten und<\/p>\n<p><a href='http:\/\/ski.inmontanis.info\/d\/270317-2\/DSC03345.jpg'><img src=http:\/\/ski.inmontanis.info\/d\/270316-3\/DSC03345.jpg \/><\/a><br \/>\n^ .. und K\u00e4fige an den B\u00e4umen. Vielleicht werden hier Singv\u00f6gel gejagt? Die sollen in Italien ja als Delikatesse gelten.<\/p>\n<p><a href='http:\/\/ski.inmontanis.info\/d\/270321-2\/DSC03346.jpg'><img src=http:\/\/ski.inmontanis.info\/d\/270320-3\/DSC03346.jpg \/><\/a><br \/>\n^ Offpiste DSB Splaza, teilweise durchaus nett, nur oben Bruchharsch<\/p>\n<p><a href='http:\/\/ski.inmontanis.info\/d\/270325-2\/DSC03351.jpg'><img src=http:\/\/ski.inmontanis.info\/d\/270324-3\/DSC03351.jpg \/><\/a><br \/>\n^ Offpiste DSB Splaza, hier im Schatten in der Mulde im oberen Teil leider kein Pulver, sondern eher eisig gefroren, schade. Weiter unten dann Pulver.<\/p>\n<p><a href='http:\/\/ski.inmontanis.info\/d\/270329-2\/DSC03353.jpg'><img src=http:\/\/ski.inmontanis.info\/d\/270328-3\/DSC03353.jpg \/><\/a><br \/>\n^ 16:20 zwischen DSB Plaza und 3SB Larice, wurd leider bald vertrieben, daher kein Sonnenuntergang<\/p>\n<p><a href='http:\/\/ski.inmontanis.info\/d\/270333-2\/DSC03893.jpg'><img src=http:\/\/ski.inmontanis.info\/d\/270332-3\/DSC03893.jpg \/><\/a><br \/>\n^ IR-Pano zu den derzeit stillgelegten Liften im hinteren Teil (DSB, SL, 4SB)<\/p>\n<p><a href='http:\/\/ski.inmontanis.info\/d\/270337-2\/DSC03355.jpg'><img src=http:\/\/ski.inmontanis.info\/d\/270336-3\/DSC03355.jpg \/><\/a><br \/>\n^ Pano  richtung Gardasee<\/p>\n<p><a href='http:\/\/ski.inmontanis.info\/d\/270341-2\/DSC03892.jpg'><img src=http:\/\/ski.inmontanis.info\/d\/270340-3\/DSC03892.jpg \/><\/a><br \/>\n^ IR-Pano richtung Gardasee. Moment, da hinten die dunkle Fl\u00e4che ..<\/p>\n<p><a href='http:\/\/ski.inmontanis.info\/d\/270345-2\/DSC03895.jpg'><img src=http:\/\/ski.inmontanis.info\/d\/270344-3\/DSC03895.jpg \/><\/a><br \/>\n^ IR-Zoom Gardasee (ca. 45km) und die dunkle Fl\u00e4che dahinter kann ja nur das Mittelmeer, die Adria sein?! (w\u00e4re ca. 200-250km, was  lt. Sichtweitenberechnung eigentlich gar nicht sichtbar sein kann; evtl. passt die Formel in dem Bereich nicht ganz oder es war eine Spiegelung oder es war doch nicht die Adria)<\/p>\n<p><a href='http:\/\/ski.inmontanis.info\/d\/270349-2\/DSC03901.jpg'><img src=http:\/\/ski.inmontanis.info\/d\/270348-3\/DSC03901.jpg \/><\/a><br \/>\n^ IR-Zoom Gardasee und evtl. Adria<\/p>\n<p><a href='http:\/\/ski.inmontanis.info\/d\/270353-2\/DSC03896.jpg'><img src=http:\/\/ski.inmontanis.info\/d\/270352-3\/DSC03896.jpg \/><\/a><br \/>\n^ IR-Pano Gardasee links und Appennin mittig+rechts<\/p>\n<p><a href='http:\/\/ski.inmontanis.info\/d\/270129-3\/ge20200101c.jpg'><img src=http:\/\/ski.inmontanis.info\/d\/270128-4\/ge20200101c.jpg \/><\/a><br \/>\n^ GPS-Track 5.1.2020 in Dunkelblau, 1.1.2020 in T\u00fcrkis und weitere vorherige Besuche in Magenta<\/p>\n<p>(Fortsetzung folgt.)<\/p>\n","protected":false},"excerpt":{"rendered":"<p>Sunny Southern Alps Tag 14: Montecampione, 5.1.2020<\/p>\n<p>Heute waren wir am Montecampione. Die alte schwarze Abfahrt an der Secondino-DSB ging etwas schlechter als am 1.1., das Firnfenster auf den S\u00fcdh\u00e4ngen war auch etwas k\u00fcrzer, aber vorhanden. Auch sonst probierten wir einiges neben der Piste. Abgesehen von der DSB Splaza und dem Pano war Trincerone allerdings <a href=\"http:\/\/blog.inmontanis.info\/?p=5936\">[&#8230;]<\/a><\/p>\n","protected":false},"author":1,"featured_media":0,"comment_status":"closed","ping_status":"closed","sticky":false,"template":"","format":"standard","meta":{"footnotes":""},"categories":[181,15,446,27],"tags":[38,90,45],"class_list":["post-5936","post","type-post","status-publish","format-standard","hentry","category-2019-12-sunny-southern-alps","category-italienitaly","category-montecampione","category-skifahren-winterskiing-winter","tag-dsb","tag-infrarot","tag-see","odd"],"_links":{"self":[{"href":"http:\/\/blog.inmontanis.info\/index.php?rest_route=\/wp\/v2\/posts\/5936","targetHints":{"allow":["GET"]}}],"collection":[{"href":"http:\/\/blog.inmontanis.info\/index.php?rest_route=\/wp\/v2\/posts"}],"about":[{"href":"http:\/\/blog.inmontanis.info\/index.php?rest_route=\/wp\/v2\/types\/post"}],"author":[{"embeddable":true,"href":"http:\/\/blog.inmontanis.info\/index.php?rest_route=\/wp\/v2\/users\/1"}],"replies":[{"embeddable":true,"href":"http:\/\/blog.inmontanis.info\/index.php?rest_route=%2Fwp%2Fv2%2Fcomments&post=5936"}],"version-history":[{"count":3,"href":"http:\/\/blog.inmontanis.info\/index.php?rest_route=\/wp\/v2\/posts\/5936\/revisions"}],"predecessor-version":[{"id":5939,"href":"http:\/\/blog.inmontanis.info\/index.php?rest_route=\/wp\/v2\/posts\/5936\/revisions\/5939"}],"wp:attachment":[{"href":"http:\/\/blog.inmontanis.info\/index.php?rest_route=%2Fwp%2Fv2%2Fmedia&parent=5936"}],"wp:term":[{"taxonomy":"category","embeddable":true,"href":"http:\/\/blog.inmontanis.info\/index.php?rest_route=%2Fwp%2Fv2%2Fcategories&post=5936"},{"taxonomy":"post_tag","embeddable":true,"href":"http:\/\/blog.inmontanis.info\/index.php?rest_route=%2Fwp%2Fv2%2Ftags&post=5936"}],"curies":[{"name":"wp","href":"https:\/\/api.w.org\/{rel}","templated":true}]}}