{"id":5915,"date":"2019-12-29T18:17:31","date_gmt":"2019-12-29T17:17:31","guid":{"rendered":"http:\/\/blog.inmontanis.info\/?p=5915"},"modified":"2023-08-01T21:34:14","modified_gmt":"2023-08-01T19:34:14","slug":"pontechianale-29-12-2019","status":"publish","type":"post","link":"http:\/\/blog.inmontanis.info\/?p=5915","title":{"rendered":"Pontechianale, 29.12.2019"},"content":{"rendered":"<p><strong>Sunny Southern Alps Tag 9: Pontechianale, 29.12.2019<\/strong><\/p>\n<p>Um 9:30 kam ich in Pontechianale an und kaufte mir die (Klebe-) Tageskarte um 20,-. Oben stark windverblasen, offpiste erst gar nicht probiert. Hatte mich gestern schon gewundert, dass man auf Facebook schrieb, man h\u00e4tte 2 Talabfahrten offen, aber die &#8220;normale&#8221; hatte ja auch eine kleine Variante (diese Minivariante war allerdings heut gar nicht offen). Es waren aber tats\u00e4chlich 2 Talabfahrten offen! In der Nachbearbeitung stellte ich fest, dass ich die rechte sogar schon im geschlossenen Status mal gefahren bin. Die ist jedenfalls auch sehr sch\u00f6n. Nur unten retour zur DSB war&#8217;s noch etwas schwieriger als sonst.<\/p>\n<p>Schnee war in Summe auf den Pisten ganz OK, griffig, kaum knollig, nur ganz unten eisig, dar\u00fcber auf den Talabfahrten abschnittsweise sogar firnig weich.<\/p>\n<p>(Fotos anklicken zum Vergr\u00f6\u00dfern)<\/p>\n<p><a href='http:\/\/extra.inmontanis.info\/d\/57233-2\/ge201912202001.jpg'><img src=http:\/\/extra.inmontanis.info\/d\/57231-3\/ge201912202001.jpg \/><\/a><br \/>\n^ F: Pontechianale<br \/>\nN: Abries<br \/>\nM: Ceillac<br \/>\nO: Molines &#8211; St. Veran<\/p>\n<p><a href='http:\/\/ski.inmontanis.info\/d\/269673-3\/DSC02895.jpg'><img src=http:\/\/ski.inmontanis.info\/d\/269672-3\/DSC02895.jpg \/><\/a><br \/>\n^ DSB Talstation und Parkplatz<\/p>\n<p><a href='http:\/\/ski.inmontanis.info\/d\/269677-3\/DSC02902.jpg'><img src=http:\/\/ski.inmontanis.info\/d\/269676-3\/DSC02902.jpg \/><\/a><br \/>\n^ SL Conce, der k\u00fcrzere der beiden; die linke Abfahrt war nicht pr\u00e4pariert<\/p>\n<p><a href='http:\/\/ski.inmontanis.info\/d\/269681-2\/DSC02903.jpg'><img src=http:\/\/ski.inmontanis.info\/d\/269680-3\/DSC02903.jpg \/><\/a><br \/>\n^ SL Conce, beide SL hatten wohl relativ frisch gestrichene St\u00fctzen, zumindest roch es \u00fcberall nach Lack &#8211; aber warum ausgerechnet wieder die h\u00e4sslichste und langweiligste aller m\u00f6glichen Farben, Olivgr\u00fcn?! Oder hatte man noch Farbe vom letzten Anstrich \u00fcbrig ..<\/p>\n<p><a href='http:\/\/ski.inmontanis.info\/d\/269685-2\/DSC02904.jpg'><img src=http:\/\/ski.inmontanis.info\/d\/269684-3\/DSC02904.jpg \/><\/a><br \/>\n^ Abfahrten SL Conce<\/p>\n<p><a href='http:\/\/ski.inmontanis.info\/d\/269689-2\/DSC02905.jpg'><img src=http:\/\/ski.inmontanis.info\/d\/269688-3\/DSC02905.jpg \/><\/a><br \/>\n^ SL Savarex<\/p>\n<p><a href='http:\/\/ski.inmontanis.info\/d\/269693-2\/DSC02906.jpg'><img src=http:\/\/ski.inmontanis.info\/d\/269692-3\/DSC02906.jpg \/><\/a><br \/>\n^ Die sch\u00f6ne SL Savarex Talstation<\/p>\n<p><a href='http:\/\/ski.inmontanis.info\/d\/269697-2\/DSC02908.jpg'><img src=http:\/\/ski.inmontanis.info\/d\/269696-3\/DSC02908.jpg \/><\/a><br \/>\n^ SL Savarex, im oberen Bereich hats den Schnee arg weggeweht und windgepresst offpiste quasi unm\u00f6glich<\/p>\n<p><a href='http:\/\/ski.inmontanis.info\/d\/269701-2\/DSC02909.jpg'><img src=http:\/\/ski.inmontanis.info\/d\/269700-3\/DSC02909.jpg \/><\/a><br \/>\n^ SL Savarex<\/p>\n<p><a href='http:\/\/ski.inmontanis.info\/d\/269705-2\/DSC02919.jpg'><img src=http:\/\/ski.inmontanis.info\/d\/269704-3\/DSC02919.jpg \/><\/a><br \/>\n^ Abfahrt SL Savarex<\/p>\n<p><a href='http:\/\/ski.inmontanis.info\/d\/269709-2\/DSC02923.jpg'><img src=http:\/\/ski.inmontanis.info\/d\/269708-3\/DSC02923.jpg \/><\/a><br \/>\n^ Auf und Blick zur (linken) Talabfahrt<\/p>\n<p><a href='http:\/\/ski.inmontanis.info\/d\/269713-2\/DSC02925.jpg'><img src=http:\/\/ski.inmontanis.info\/d\/269712-3\/DSC02925.jpg \/><\/a><br \/>\n^ .. denn es waren heute beide Talabfahrten offen und pr\u00e4pariert, hier die sch\u00f6ne rechte. Die hatte ich noch nie offen erlebt.<\/p>\n<p><a href='http:\/\/ski.inmontanis.info\/d\/269717-2\/DSC02926.jpg'><img src=http:\/\/ski.inmontanis.info\/d\/269716-3\/DSC02926.jpg \/><\/a><br \/>\n^ Rechte Talabfahrt<\/p>\n<p><a href='http:\/\/ski.inmontanis.info\/d\/269721-2\/DSC02927.jpg'><img src=http:\/\/ski.inmontanis.info\/d\/269720-3\/DSC02927.jpg \/><\/a><br \/>\n^ Rechte Talabfahrt, wie sch\u00f6n<\/p>\n<p><a href='http:\/\/ski.inmontanis.info\/d\/269725-2\/DSC02931.jpg'><img src=http:\/\/ski.inmontanis.info\/d\/269724-3\/DSC02931.jpg \/><\/a><br \/>\n^ Rechte Talabfahrt<\/p>\n<p><a href='http:\/\/ski.inmontanis.info\/d\/269729-2\/DSC02953.jpg'><img src=http:\/\/ski.inmontanis.info\/d\/269728-3\/DSC02953.jpg \/><\/a><br \/>\n^ Rechte Talabfahrt<\/p>\n<p><a href='http:\/\/ski.inmontanis.info\/d\/269733-2\/DSC02936.jpg'><img src=http:\/\/ski.inmontanis.info\/d\/269732-3\/DSC02936.jpg \/><\/a><br \/>\n^ Rechte Talabfahrt<\/p>\n<p><a href='http:\/\/ski.inmontanis.info\/d\/269737-2\/DSC02937.jpg'><img src=http:\/\/ski.inmontanis.info\/d\/269736-3\/DSC02937.jpg \/><\/a><br \/>\n^ Rechte Talabfahrt<\/p>\n<p><a href='http:\/\/ski.inmontanis.info\/d\/269741-2\/DSC02939.jpg'><img src=http:\/\/ski.inmontanis.info\/d\/269740-3\/DSC02939.jpg \/><\/a><br \/>\n^ Vereinigung beider Talabfahrten<\/p>\n<p><a href='http:\/\/ski.inmontanis.info\/d\/269745-2\/DSC02940.jpg'><img src=http:\/\/ski.inmontanis.info\/d\/269744-3\/DSC02940.jpg \/><\/a><br \/>\n^ Ab hier war&#8217;s dann etwas h\u00e4rter<\/p>\n<p><a href='http:\/\/ski.inmontanis.info\/d\/269749-2\/DSC02941.jpg'><img src=http:\/\/ski.inmontanis.info\/d\/269748-3\/DSC02941.jpg \/><\/a><br \/>\n^ Ende der Talabfahrt .. bzw. konnte man wie \u00fcblich \u00fcber die kleine Br\u00fccke weiter ..<\/p>\n<p><a href='http:\/\/ski.inmontanis.info\/d\/269753-2\/DSC02943.jpg'><img src=http:\/\/ski.inmontanis.info\/d\/269752-3\/DSC02943.jpg \/><\/a><br \/>\n^ .. allerdings war dieses St\u00fcck etwas schwierig.<\/p>\n<p><a href='http:\/\/ski.inmontanis.info\/d\/269757-2\/DSC02944.jpg'><img src=http:\/\/ski.inmontanis.info\/d\/269756-3\/DSC02944.jpg \/><\/a><br \/>\n^ .. und der \u00fcbliche Fu\u00dfweg \u00fcber den Parkplatz zur DSB-Talstation<\/p>\n<p><a href='http:\/\/ski.inmontanis.info\/d\/269761-2\/DSC02946.jpg'><img src=http:\/\/ski.inmontanis.info\/d\/269760-3\/DSC02946.jpg \/><\/a><br \/>\n^ Linke Talabfahrt<\/p>\n<p><a href='http:\/\/ski.inmontanis.info\/d\/269765-2\/DSC02950.jpg'><img src=http:\/\/ski.inmontanis.info\/d\/269764-3\/DSC02950.jpg \/><\/a><br \/>\n^ Linke Talabfahrt, die ist nat\u00fcrlich auch nett<\/p>\n<p><a href='http:\/\/ski.inmontanis.info\/d\/269769-2\/DSC02951.jpg'><img src=http:\/\/ski.inmontanis.info\/d\/269768-3\/DSC02951.jpg \/><\/a><br \/>\n^ SL Savarex, meine l\u00e4ngste Wartezeit heute.<\/p>\n<p><a href='http:\/\/ski.inmontanis.info\/d\/269773-2\/DSC02954.jpg'><img src=http:\/\/ski.inmontanis.info\/d\/269772-3\/DSC02954.jpg \/><\/a><br \/>\n^ SL Conce<\/p>\n<p><a href='http:\/\/ski.inmontanis.info\/d\/269777-2\/DSC02956.jpg'><img src=http:\/\/ski.inmontanis.info\/d\/269776-3\/DSC02956.jpg \/><\/a><br \/>\n^ Blick von der (linken) Talabfahrt zur DSB H\u00f6he Ex-ESL-Mittelstation<\/p>\n<p><a href='http:\/\/ski.inmontanis.info\/d\/269781-2\/DSC02961.jpg'><img src=http:\/\/ski.inmontanis.info\/d\/269780-3\/DSC02961.jpg \/><\/a><br \/>\n^ Linke Talabfahrt; viel Schnee hat&#8217;s abschnittsweise auf beiden nicht, tw. war es nachmittags sogar firnig weich<\/p>\n<p><a href='http:\/\/ski.inmontanis.info\/d\/269785-2\/DSC02963.jpg'><img src=http:\/\/ski.inmontanis.info\/d\/269784-3\/DSC02963.jpg \/><\/a><br \/>\n^ DSB<\/p>\n<p><a href='http:\/\/ski.inmontanis.info\/d\/269789-2\/DSC02965.jpg'><img src=http:\/\/ski.inmontanis.info\/d\/269788-3\/DSC02965.jpg \/><\/a><br \/>\n^ DSB-Schatten<\/p>\n<p><a href='http:\/\/ski.inmontanis.info\/d\/269793-2\/DSC02967.jpg'><img src=http:\/\/ski.inmontanis.info\/d\/269792-3\/DSC02967.jpg \/><\/a><br \/>\n^ SL Savarex<\/p>\n<p><a href='http:\/\/ski.inmontanis.info\/d\/269797-3\/ge20191229c.jpg'><img src=http:\/\/ski.inmontanis.info\/d\/269796-3\/ge20191229c.jpg \/><\/a><br \/>\n^ GPS-Track 29.12.2019 in T\u00fcrkis und vorherige Besuche in Magenta<\/p>\n<p><a href='http:\/\/ski.inmontanis.info\/d\/269801-3\/ge20191229d.jpg'><img src=http:\/\/ski.inmontanis.info\/d\/269800-3\/ge20191229d.jpg \/><\/a><br \/>\n^ Gr\u00f6\u00dfen und Lagen der Skigebiete in der Gegend: Prali links, Pontechianale oben und die 3 franz\u00f6sischen Skigebiete Abries, Molines und Ceillac im Queyras.<br \/>\n(Meine Nummer 1 ist wohl Pontechianale, auf Platz 2 .. k\u00f6nnte es Abries knapp vor Prali schaffen.)<\/p>\n<p>Gegen 15 Uhr musste ich aufh\u00f6ren, weil ich noch heimfahren wollte. Die franz\u00f6sischen Eink\u00e4ufe in K\u00fchl- bzw. Gefrierschrank tun und morgen 1 Tag arbeiten (den Tag Urlaub heb ich mir dann lieber f\u00fcr ein anderes Mal auf), bevor es dann um Silvester wieder f\u00fcr 2 Tage in die Lombardei geht.<\/p>\n<p>Das mit den \u00c4lplermaccaroni an der Rheintal-Rastst\u00e4tte wird sich nun auch fast immer erledigt haben, denn die haben nur noch bis 21 statt 22 Uhr warme K\u00fcche und daf\u00fcr war ich, wie wohl meistens, zu sp\u00e4t :( &#8211; somit in AT nur eine Fleischk\u00e4ssemmel gegessen.<\/p>\n<p>(Fortsetzung folgt.)<\/p>\n","protected":false},"excerpt":{"rendered":"<p>Sunny Southern Alps Tag 9: Pontechianale, 29.12.2019<\/p>\n<p>Um 9:30 kam ich in Pontechianale an und kaufte mir die (Klebe-) Tageskarte um 20,-. Oben stark windverblasen, offpiste erst gar nicht probiert. Hatte mich gestern schon gewundert, dass man auf Facebook schrieb, man h\u00e4tte 2 Talabfahrten offen, aber die &#8220;normale&#8221; hatte ja auch eine kleine Variante (diese <a href=\"http:\/\/blog.inmontanis.info\/?p=5915\">[&#8230;]<\/a><\/p>\n","protected":false},"author":1,"featured_media":0,"comment_status":"closed","ping_status":"closed","sticky":false,"template":"","format":"standard","meta":{"footnotes":""},"categories":[181,15,59,421,27],"tags":[38,80,47],"class_list":["post-5915","post","type-post","status-publish","format-standard","hentry","category-2019-12-sunny-southern-alps","category-italienitaly","category-nostalgie","category-pontechianale","category-skifahren-winterskiing-winter","tag-dsb","tag-marchisio","tag-sl","odd"],"_links":{"self":[{"href":"http:\/\/blog.inmontanis.info\/index.php?rest_route=\/wp\/v2\/posts\/5915","targetHints":{"allow":["GET"]}}],"collection":[{"href":"http:\/\/blog.inmontanis.info\/index.php?rest_route=\/wp\/v2\/posts"}],"about":[{"href":"http:\/\/blog.inmontanis.info\/index.php?rest_route=\/wp\/v2\/types\/post"}],"author":[{"embeddable":true,"href":"http:\/\/blog.inmontanis.info\/index.php?rest_route=\/wp\/v2\/users\/1"}],"replies":[{"embeddable":true,"href":"http:\/\/blog.inmontanis.info\/index.php?rest_route=%2Fwp%2Fv2%2Fcomments&post=5915"}],"version-history":[{"count":2,"href":"http:\/\/blog.inmontanis.info\/index.php?rest_route=\/wp\/v2\/posts\/5915\/revisions"}],"predecessor-version":[{"id":5917,"href":"http:\/\/blog.inmontanis.info\/index.php?rest_route=\/wp\/v2\/posts\/5915\/revisions\/5917"}],"wp:attachment":[{"href":"http:\/\/blog.inmontanis.info\/index.php?rest_route=%2Fwp%2Fv2%2Fmedia&parent=5915"}],"wp:term":[{"taxonomy":"category","embeddable":true,"href":"http:\/\/blog.inmontanis.info\/index.php?rest_route=%2Fwp%2Fv2%2Fcategories&post=5915"},{"taxonomy":"post_tag","embeddable":true,"href":"http:\/\/blog.inmontanis.info\/index.php?rest_route=%2Fwp%2Fv2%2Ftags&post=5915"}],"curies":[{"name":"wp","href":"https:\/\/api.w.org\/{rel}","templated":true}]}}