{"id":5907,"date":"2019-12-27T20:23:54","date_gmt":"2019-12-27T19:23:54","guid":{"rendered":"http:\/\/blog.inmontanis.info\/?p=5907"},"modified":"2023-07-30T21:15:54","modified_gmt":"2023-07-30T19:15:54","slug":"ceillac-abries-queyras-27-12-2019","status":"publish","type":"post","link":"http:\/\/blog.inmontanis.info\/?p=5907","title":{"rendered":"Ceillac &#038; Abries (Queyras), 27.12.2019"},"content":{"rendered":"<p><strong>Sunny Southern Alps Tag 7: Ceillac &#038; Abries, 27.12.2019<\/strong><\/p>\n<p>Laut Wettervorhersage h\u00e4tte es in Ceillac ab ca. 10 Uhr sonnig sein und in Abries bis ca. 13 Uhr leicht schneien sollen (weiter s\u00fcdlich auch nicht viel anders, in Montclar hing oben eine tiefe Wolke, n\u00f6rdlich und westlich generell schlechter). Um 10 in Ceillac angekommen sah es auch noch OK aus, aber es wurde nicht besser, sondern schlechter. Ab 11 Uhr schneite es. Am rechten KSSL gab&#8217;s auch immer etwas Wartezeiten. Die Hintenrum\/Au\u00dfenrumtalabfahrt wollte ich aber doch 2x  fahren, trotz des flachen und schiebelastigen Schlussst\u00fccks. <\/p>\n<p>Die 2-Tageskarte kostete \u00fcbrigens 59,60 \u20ac, die Tageskarten sind nicht mehr im ganzen Queyras g\u00fcltig, aber anscheinend gibt es f\u00fcr Ceillac+Abries eine gemeinsame Tageskarte. Aber wenn alle Talabafahrten offen haben, kann man es m.E. in beiden Gebieten einen ganzen Tag aushalten. Da ich aber ja morgen nach Molines St Veran will, fuhr ich eben nachmittags noch nach Abries.<\/p>\n<p>(Fotos anklicken zum Vergr\u00f6\u00dfern)<\/p>\n<p><a href='http:\/\/extra.inmontanis.info\/d\/57233-2\/ge201912202001.jpg'><img src=http:\/\/extra.inmontanis.info\/d\/57231-3\/ge201912202001.jpg \/><\/a><br \/>\n^ M: Ceillac<br \/>\nN: Abries<\/p>\n<p><a href='http:\/\/ski.inmontanis.info\/d\/269497-2\/DSC02720.jpg'><img src=http:\/\/ski.inmontanis.info\/d\/269496-3\/DSC02720.jpg \/><\/a><br \/>\n^ Auf der Stra\u00dfe nach Ceillac lag noch etwas Schnee<\/p>\n<p><a href='http:\/\/ski.inmontanis.info\/d\/269501-2\/DSC02721.jpg'><img src=http:\/\/ski.inmontanis.info\/d\/269500-3\/DSC02721.jpg \/><\/a><br \/>\n^ Bisher sah das Wetter ja gut aus<\/p>\n<p><a href='http:\/\/ski.inmontanis.info\/d\/269505-2\/DSC02726.jpg'><img src=http:\/\/ski.inmontanis.info\/d\/269504-3\/DSC02726.jpg \/><\/a><br \/>\n^ Die beiden Hauptlifte in Ceillac, Pra Loupet und Sainte Anne, an letzterem gab es die ganze Zeit leichte Wartezeiten<\/p>\n<p><a href='http:\/\/ski.inmontanis.info\/d\/269509-2\/DSC02727.jpg'><img src=http:\/\/ski.inmontanis.info\/d\/269508-3\/DSC02727.jpg \/><\/a><br \/>\n^ KSSL Pra Loupet biegt nach links ab, KSSL Sainte Anne f\u00e4hrt geradeaus weiter<\/p>\n<p><a href='http:\/\/ski.inmontanis.info\/d\/269513-2\/DSC02730.jpg'><img src=http:\/\/ski.inmontanis.info\/d\/269512-3\/DSC02730.jpg \/><\/a><br \/>\n^ KSSL Sainte Anne<\/p>\n<p><a href='http:\/\/ski.inmontanis.info\/d\/269517-2\/DSC02732.jpg'><img src=http:\/\/ski.inmontanis.info\/d\/269516-3\/DSC02732.jpg \/><\/a><br \/>\n^ KSSL Sainte Anne<\/p>\n<p><a href='http:\/\/ski.inmontanis.info\/d\/269521-2\/DSC02733.jpg'><img src=http:\/\/ski.inmontanis.info\/d\/269520-3\/DSC02733.jpg \/><\/a><br \/>\n^ Eine der Abfahrten am KSSL Sainte Anne<\/p>\n<p><a href='http:\/\/ski.inmontanis.info\/d\/269525-2\/DSC02735.jpg'><img src=http:\/\/ski.inmontanis.info\/d\/269524-3\/DSC02735.jpg \/><\/a><br \/>\n^ Diese St\u00fctze tr\u00e4gt 2 Nummern: Links Nr. 8 f\u00fcr Pra Loupet (hat an der vorherigen Kurve 2 St\u00fctzen), rechts Nr. 7 f\u00fcr Sainte Anne<\/p>\n<p><a href='http:\/\/ski.inmontanis.info\/d\/269529-2\/DSC02736.jpg'><img src=http:\/\/ski.inmontanis.info\/d\/269528-3\/DSC02736.jpg \/><\/a><br \/>\n^ Leider wurde es anstatt sonniger schlechter und es fing bald zu schneien an.<\/p>\n<p><a href='http:\/\/ski.inmontanis.info\/d\/269533-3\/DSC02739.jpg'><img src=http:\/\/ski.inmontanis.info\/d\/269532-4\/DSC02739.jpg \/><\/a><br \/>\n^ Au\u00dfenrumabfahrt Chaurionde<\/p>\n<p><a href='http:\/\/ski.inmontanis.info\/d\/269537-3\/DSC02742.jpg'><img src=http:\/\/ski.inmontanis.info\/d\/269536-4\/DSC02742.jpg \/><\/a><br \/>\n^ Au\u00dfenrumabfahrt Chaurionde, unten halt leider ein ewiger Skiweg mit Schiebest\u00fccken<\/p>\n<p><a href='http:\/\/ski.inmontanis.info\/d\/269541-3\/DSC02743.jpg'><img src=http:\/\/ski.inmontanis.info\/d\/269540-4\/DSC02743.jpg \/><\/a><br \/>\n^ 6KSB<\/p>\n<p><a href='http:\/\/ski.inmontanis.info\/d\/269545-3\/DSC02744.jpg'><img src=http:\/\/ski.inmontanis.info\/d\/269544-4\/DSC02744.jpg \/><\/a><br \/>\n^ Au\u00dfenrumabfahrt Chaurionde<\/p>\n<p><a href='http:\/\/ski.inmontanis.info\/d\/269549-3\/DSC02745.jpg'><img src=http:\/\/ski.inmontanis.info\/d\/269548-4\/DSC02745.jpg \/><\/a><br \/>\n^ Au\u00dfenrumabfahrt Chaurionde, zu Mittag besserte sich das Wetter wieder<\/p>\n<p><a href='http:\/\/ski.inmontanis.info\/d\/269553-3\/ge20191227a.jpg'><img src=http:\/\/ski.inmontanis.info\/d\/269552-4\/ge20191227a.jpg \/><\/a><br \/>\n^ GPS-Track 27.12.2019 in T\u00fcrkis, vorherige Besuche in Magenta, man erkennt auch gut den ewigen Skiweg der Au\u00dfenrumabfahrt<\/p>\n<p>Um 13:15 war ich dann in Abries, wo es wohl gerade halbwegs sonnig wurde. Mein Fokus lag an den Hintenrum\/Au\u00dfenrumabfahrten, von denen man mit dem Skibus retour muss (alle halbe Stunde) und wo ich die schwarze Abfahrt noch nicht kannte. Die gefiel mehr sehr gut, unpr\u00e4pariert, gut eingefahren, leicht verbuckelt, pulvrig, kurvig, abwechslungsreich.<\/p>\n<p>Nach dem 2. Mal schwarze Abfahrt und Bus retour, durfte man um 15:40 f\u00fcr 5min nicht in die 6KSB einsteigen &#8211; keine Ahnung was sie da hatten, jedenfalls konnte ich dadurch einen KSSL nicht mehr fahren, denn ich wollte noch die rote Au\u00dfenrumtalabfahrt fahren.<\/p>\n<p>Der Bus um 16:30 war schlie\u00dflich nicht empfehlenswert &#8211; komplett voll inkl. Stehpl\u00e4tze. Um 16:40 schaffte ich nochmals die 6KSB rauf und die direkte Talabfahrt runter. 10min sp\u00e4ter noch den Tal-KSSL zum Abschluss. Ein halber Tag in Abries, wenn die Au\u00dfenrum-Skibusabfahrten offen sind, ist einfach etwas kurz.<\/p>\n<p><a href='http:\/\/ski.inmontanis.info\/d\/269381-2\/DSC02751.jpg'><img src=http:\/\/ski.inmontanis.info\/d\/269380-3\/DSC02751.jpg \/><\/a><br \/>\n^ 6KSB und Parkpl\u00e4tze<\/p>\n<p><a href='http:\/\/ski.inmontanis.info\/d\/269385-2\/DSC02754.jpg'><img src=http:\/\/ski.inmontanis.info\/d\/269384-3\/DSC02754.jpg \/><\/a><br \/>\n^ KSSL Le Ruibon<\/p>\n<p><a href='http:\/\/ski.inmontanis.info\/d\/269389-2\/DSC02757.jpg'><img src=http:\/\/ski.inmontanis.info\/d\/269388-3\/DSC02757.jpg \/><\/a><br \/>\n^ Start der schwarzen Au\u00dfenrumabfahrt La Brune; rechts die Abfahrt Draye<\/p>\n<p><a href='http:\/\/ski.inmontanis.info\/d\/269393-2\/DSC02760.jpg'><img src=http:\/\/ski.inmontanis.info\/d\/269392-3\/DSC02760.jpg \/><\/a><br \/>\n^ Schwarze Au\u00dfenrumabfahrt La Brune<\/p>\n<p><a href='http:\/\/ski.inmontanis.info\/d\/269397-2\/DSC02761.jpg'><img src=http:\/\/ski.inmontanis.info\/d\/269396-3\/DSC02761.jpg \/><\/a><br \/>\n^ Schwarze Au\u00dfenrumabfahrt La Brune, kurvig nett trassiert<\/p>\n<p><a href='http:\/\/ski.inmontanis.info\/d\/269401-2\/DSC02762.jpg'><img src=http:\/\/ski.inmontanis.info\/d\/269400-3\/DSC02762.jpg \/><\/a><br \/>\n^ Schwarze Au\u00dfenrumabfahrt La Brune<\/p>\n<p><a href='http:\/\/ski.inmontanis.info\/d\/269405-2\/DSC02765.jpg'><img src=http:\/\/ski.inmontanis.info\/d\/269404-3\/DSC02765.jpg \/><\/a><br \/>\n^ Schwarze Au\u00dfenrumabfahrt La Brune<\/p>\n<p><a href='http:\/\/ski.inmontanis.info\/d\/269409-2\/DSC02766.jpg'><img src=http:\/\/ski.inmontanis.info\/d\/269408-3\/DSC02766.jpg \/><\/a><br \/>\n^ Schwarze Au\u00dfenrumabfahrt La Brune<\/p>\n<p><a href='http:\/\/ski.inmontanis.info\/d\/269413-2\/DSC02768.jpg'><img src=http:\/\/ski.inmontanis.info\/d\/269412-3\/DSC02768.jpg \/><\/a><br \/>\n^ Schwarze Au\u00dfenrumabfahrt La Brune<\/p>\n<p><a href='http:\/\/ski.inmontanis.info\/d\/269417-2\/DSC02771.jpg'><img src=http:\/\/ski.inmontanis.info\/d\/269416-3\/DSC02771.jpg \/><\/a><br \/>\n^ Schwarze Au\u00dfenrumabfahrt La Brune<\/p>\n<p><a href='http:\/\/ski.inmontanis.info\/d\/269421-2\/DSC02773.jpg'><img src=http:\/\/ski.inmontanis.info\/d\/269420-3\/DSC02773.jpg \/><\/a><br \/>\n^ Schwarze Au\u00dfenrumabfahrt La Brune<\/p>\n<p><a href='http:\/\/ski.inmontanis.info\/d\/269425-2\/DSC02776.jpg'><img src=http:\/\/ski.inmontanis.info\/d\/269424-3\/DSC02776.jpg \/><\/a><br \/>\n^ Von hier kommt man entweder rechts mit etwas schieben auf dem Skiweg zur roten Au\u00dfenrumabfahrt, oder man f\u00e4hrt hier gerade aus runter und landet dann etwas unterhalb der Bushaltestelle<\/p>\n<p><a href='http:\/\/ski.inmontanis.info\/d\/269429-2\/DSC02779.jpg'><img src=http:\/\/ski.inmontanis.info\/d\/269428-3\/DSC02779.jpg \/><\/a><br \/>\n^ Rechts das Ende der roten Au\u00dfenrumabfahrt, zwischen meiner Variante und der Bushaltestelle ist aber ein Graben<\/p>\n<p><a href='http:\/\/ski.inmontanis.info\/d\/269433-2\/DSC02780.jpg'><img src=http:\/\/ski.inmontanis.info\/d\/269432-3\/DSC02780.jpg \/><\/a><br \/>\n^ .. also muss ich das St\u00fcck zur Bushaltestelle halt rauflaufen.<\/p>\n<p><a href='http:\/\/ski.inmontanis.info\/d\/269437-2\/DSC02783.jpg'><img src=http:\/\/ski.inmontanis.info\/d\/269436-3\/DSC02783.jpg \/><\/a><br \/>\n^ KSSL Le Ruibon<\/p>\n<p><a href='http:\/\/ski.inmontanis.info\/d\/269441-2\/DSC02784.jpg'><img src=http:\/\/ski.inmontanis.info\/d\/269440-3\/DSC02784.jpg \/><\/a><br \/>\n^ KSSL Le Ruibon<\/p>\n<p><a href='http:\/\/ski.inmontanis.info\/d\/269445-2\/DSC02788.jpg'><img src=http:\/\/ski.inmontanis.info\/d\/269444-3\/DSC02788.jpg \/><\/a><br \/>\n^ Talpano mit KSSL Le Ruibon<\/p>\n<p><a href='http:\/\/ski.inmontanis.info\/d\/269449-2\/DSC02789.jpg'><img src=http:\/\/ski.inmontanis.info\/d\/269448-3\/DSC02789.jpg \/><\/a><br \/>\n^ KSSL Le Ruibon<\/p>\n<p><a href='http:\/\/ski.inmontanis.info\/d\/269453-2\/DSC02790.jpg'><img src=http:\/\/ski.inmontanis.info\/d\/269452-3\/DSC02790.jpg \/><\/a><br \/>\n^ KSSL La Colette, f\u00fcr den hatte ich heute Nachmittag leider nur wenig Zeit<\/p>\n<p><a href='http:\/\/ski.inmontanis.info\/d\/269457-2\/DSC02792.jpg'><img src=http:\/\/ski.inmontanis.info\/d\/269456-3\/DSC02792.jpg \/><\/a><br \/>\n^ Skiweg zur roten Au\u00dfenrumabfahrt Valpr\u00e9veyre<\/p>\n<p><a href='http:\/\/ski.inmontanis.info\/d\/269461-2\/DSC02799.jpg'><img src=http:\/\/ski.inmontanis.info\/d\/269460-3\/DSC02799.jpg \/><\/a><br \/>\n^ KSSL La Colette um 16 Uhr, die letzten Sonnenstrahlen..<\/p>\n<p><a href='http:\/\/ski.inmontanis.info\/d\/269465-2\/DSC02803.jpg'><img src=http:\/\/ski.inmontanis.info\/d\/269464-3\/DSC02803.jpg \/><\/a><br \/>\n^ Rote Au\u00dfenrumabfahrt Valpr\u00e9veyre<\/p>\n<p><a href='http:\/\/ski.inmontanis.info\/d\/269469-2\/DSC02806.jpg'><img src=http:\/\/ski.inmontanis.info\/d\/269468-3\/DSC02806.jpg \/><\/a><br \/>\n^ Rote Au\u00dfenrumabfahrt Valpr\u00e9veyre<\/p>\n<p><a href='http:\/\/ski.inmontanis.info\/d\/269473-2\/DSC02808.jpg'><img src=http:\/\/ski.inmontanis.info\/d\/269472-3\/DSC02808.jpg \/><\/a><br \/>\n^ Valpr\u00e9veyre, zu diesem kleinen Ort f\u00fchrt im Winter wohl keine Stra\u00dfe<\/p>\n<p><a href='http:\/\/ski.inmontanis.info\/d\/269477-2\/DSC02812.jpg'><img src=http:\/\/ski.inmontanis.info\/d\/269476-3\/DSC02812.jpg \/><\/a><br \/>\n^ Rote Au\u00dfenrumabfahrt Valpr\u00e9veyre<\/p>\n<p><a href='http:\/\/ski.inmontanis.info\/d\/269481-2\/DSC02819.jpg'><img src=http:\/\/ski.inmontanis.info\/d\/269480-3\/DSC02819.jpg \/><\/a><br \/>\n^ Rote Au\u00dfenrumabfahrt Valpr\u00e9veyre<\/p>\n<p><a href='http:\/\/ski.inmontanis.info\/d\/269485-2\/DSC02823.jpg'><img src=http:\/\/ski.inmontanis.info\/d\/269484-3\/DSC02823.jpg \/><\/a><br \/>\n^ Rote Au\u00dfenrumabfahrt Valpr\u00e9veyre<\/p>\n<p><a href='http:\/\/ski.inmontanis.info\/d\/269489-2\/DSC02827.jpg'><img src=http:\/\/ski.inmontanis.info\/d\/269488-3\/DSC02827.jpg \/><\/a><br \/>\n^ Nach einer weiteren Fahrt mit der 6KSB und der direkten Talabfahrt ging sich um 16:50 auch noch eine Fahrt mit dem kleinen Tal-KSSL aus.<\/p>\n<p><a href='http:\/\/ski.inmontanis.info\/d\/269493-2\/ge20191227d.jpg'><img src=http:\/\/ski.inmontanis.info\/d\/269492-3\/ge20191227d.jpg \/><\/a><br \/>\n^ GPS-Track 27.12.2019 in T\u00fcrkis, vorherige Besuche in Magenta, inkl. Busfahrt unten von den Au\u00dfenrumabfahrten. Unweit entfernt links oben \u00fcbrigens das Skigebiet Prali!<\/p>\n<p>Das Fazit zu den heuer besuchten 3 Skigebieten im Queyras gibts im morgigen Bericht von Molines St Veran.<\/p>\n<p>Danach ging&#8217;s noch etwas zum Einkaufen, wobei mir noch einfiel, dass ich ja morgen Abend doch auch noch im Carrefour in Brian\u00e7on halten muss. In Gap im Buffalo gab es die Profiteroles heute leider nicht, also musste ich die Amerikanische Waffel mit Schokosauce und Eis nehmen &#8211; im Burger King bei uns in AT\/DE hei\u00dft das ja <em>Belgische<\/em> Waffel ;)<\/p>\n<p>(Fortsetzung folgt.)<\/p>\n","protected":false},"excerpt":{"rendered":"<p>Sunny Southern Alps Tag 7: Ceillac &#038; Abries, 27.12.2019<\/p>\n<p>Laut Wettervorhersage h\u00e4tte es in Ceillac ab ca. 10 Uhr sonnig sein und in Abries bis ca. 13 Uhr leicht schneien sollen (weiter s\u00fcdlich auch nicht viel anders, in Montclar hing oben eine tiefe Wolke, n\u00f6rdlich und westlich generell schlechter). Um 10 in Ceillac angekommen sah <a href=\"http:\/\/blog.inmontanis.info\/?p=5907\">[&#8230;]<\/a><\/p>\n","protected":false},"author":1,"featured_media":0,"comment_status":"closed","ping_status":"closed","sticky":false,"template":"","format":"standard","meta":{"footnotes":""},"categories":[181,16,286,27],"tags":[56,48],"class_list":["post-5907","post","type-post","status-publish","format-standard","hentry","category-2019-12-sunny-southern-alps","category-france","category-queyras","category-skifahren-winterskiing-winter","tag-6sb","tag-kssl","odd"],"_links":{"self":[{"href":"http:\/\/blog.inmontanis.info\/index.php?rest_route=\/wp\/v2\/posts\/5907","targetHints":{"allow":["GET"]}}],"collection":[{"href":"http:\/\/blog.inmontanis.info\/index.php?rest_route=\/wp\/v2\/posts"}],"about":[{"href":"http:\/\/blog.inmontanis.info\/index.php?rest_route=\/wp\/v2\/types\/post"}],"author":[{"embeddable":true,"href":"http:\/\/blog.inmontanis.info\/index.php?rest_route=\/wp\/v2\/users\/1"}],"replies":[{"embeddable":true,"href":"http:\/\/blog.inmontanis.info\/index.php?rest_route=%2Fwp%2Fv2%2Fcomments&post=5907"}],"version-history":[{"count":3,"href":"http:\/\/blog.inmontanis.info\/index.php?rest_route=\/wp\/v2\/posts\/5907\/revisions"}],"predecessor-version":[{"id":5910,"href":"http:\/\/blog.inmontanis.info\/index.php?rest_route=\/wp\/v2\/posts\/5907\/revisions\/5910"}],"wp:attachment":[{"href":"http:\/\/blog.inmontanis.info\/index.php?rest_route=%2Fwp%2Fv2%2Fmedia&parent=5907"}],"wp:term":[{"taxonomy":"category","embeddable":true,"href":"http:\/\/blog.inmontanis.info\/index.php?rest_route=%2Fwp%2Fv2%2Fcategories&post=5907"},{"taxonomy":"post_tag","embeddable":true,"href":"http:\/\/blog.inmontanis.info\/index.php?rest_route=%2Fwp%2Fv2%2Ftags&post=5907"}],"curies":[{"name":"wp","href":"https:\/\/api.w.org\/{rel}","templated":true}]}}