{"id":5900,"date":"2019-12-25T23:00:50","date_gmt":"2019-12-25T22:00:50","guid":{"rendered":"http:\/\/blog.inmontanis.info\/?p=5900"},"modified":"2023-07-31T18:33:24","modified_gmt":"2023-07-31T16:33:24","slug":"valberg-25-12-2019","status":"publish","type":"post","link":"http:\/\/blog.inmontanis.info\/?p=5900","title":{"rendered":"Valberg, 25.12.2019"},"content":{"rendered":"<p><strong>Sunny Southern Alps Tag 5: Valberg, 25.12.2019<\/strong><\/p>\n<p>In Valberg um 9:30 angekommen, gab es insofern eine positive \u00dcberraschung, dass zwei der hinteren\/oberen Lifte (Dreccia) nun wenigstens doch offen waren. Leider generell viele Pisten nicht pr\u00e4pariert und die unpr\u00e4perierten waren unfahrbar eisig. Die pr\u00e4parierten waren teilweise auch sehr hart, teilweise knollig (was heute sogar noch angenehmer war). Die Tageskarte kostete 29,90 \u20ac.<\/p>\n<p>Mittags hielt ich an einem Imbiss-Stand neben der Piste und kaufte mir eine Montagnard-Pizza plus Pommes (weil ohne Kartoffeln) und Cola um 18 \u20ac, wobei ich mir die halbe Pizza f\u00fcr abends mitgenommen hatte.<\/p>\n<p>Um 15:15 war ich mit allem durch und h\u00f6rte auf, da es keine wiederholenswerte Abfahrt bei den heutigen Verh\u00e4ltnissen mehr gab, ausser die kurze, firnige am KSSL Combe, die ich aber nun auch oft genug gefahren bin.<\/p>\n<p>Die WC-Situation im Skigebiet ist auch nicht sehr toll, an mindestens einer Talstation kostenpflichtig und die im Plan oben am Berg eingezeichneten hab ich nicht gesehen; ein anderes im Tal (mit Schild) war dagegen abgeschlossen.<\/p>\n<p>(Fotos anklicken zum Vergr\u00f6\u00dfern)<\/p>\n<p><a href='http:\/\/extra.inmontanis.info\/d\/57233-2\/ge201912202001.jpg'><img src=http:\/\/extra.inmontanis.info\/d\/57231-3\/ge201912202001.jpg \/><\/a><br \/>\n^ K: Valberg<\/p>\n<p><a href='http:\/\/extra.inmontanis.info\/d\/57345-2\/DSC02500.jpg'><img src=http:\/\/extra.inmontanis.info\/d\/57344-3\/DSC02500.jpg \/><\/a><br \/>\n^ Hotelpano zum Meer<\/p>\n<p><a href='http:\/\/extra.inmontanis.info\/d\/57349-2\/DSC02503.jpg'><img src=http:\/\/extra.inmontanis.info\/d\/57348-3\/DSC02503.jpg \/><\/a><br \/>\n^ Graue Felsen ..<\/p>\n<p><a href='http:\/\/extra.inmontanis.info\/d\/57353-2\/DSC02512.jpg'><img src=http:\/\/extra.inmontanis.info\/d\/57352-3\/DSC02512.jpg \/><\/a><br \/>\n^ .. und rote Felsen<\/p>\n<p><a href='http:\/\/extra.inmontanis.info\/d\/57357-2\/DSC02517.jpg'><img src=http:\/\/extra.inmontanis.info\/d\/57356-3\/DSC02517.jpg \/><\/a><br \/>\n^ Schmale Schlucht<\/p>\n<p><a href='http:\/\/extra.inmontanis.info\/d\/57361-2\/DSC02523.jpg'><img src=http:\/\/extra.inmontanis.info\/d\/57360-3\/DSC02523.jpg \/><\/a><br \/>\n^ Gorges du Cians<\/p>\n<p><a href='http:\/\/ski.inmontanis.info\/d\/269125-2\/DSC02527.jpg'><img src=http:\/\/ski.inmontanis.info\/d\/269124-3\/DSC02527.jpg \/><\/a><br \/>\n^ Pistenplan, immerhin Dreccia mit 2 Sesseln nun offen<\/p>\n<p><a href='http:\/\/ski.inmontanis.info\/d\/269129-2\/DSC02533.jpg'><img src=http:\/\/ski.inmontanis.info\/d\/269128-3\/DSC02533.jpg \/><\/a><br \/>\n^ KSSL Combe und die hinteren Skigebietsgipfel Eguilles und Dreccia<\/p>\n<p><a href='http:\/\/ski.inmontanis.info\/d\/269133-2\/DSC02534.jpg'><img src=http:\/\/ski.inmontanis.info\/d\/269132-3\/DSC02534.jpg \/><\/a><br \/>\n^ KSSL T\u00eate du Sapet und parallele 3SB Rages (nicht gefahren, da es ja den KSSL gab)<\/p>\n<p><a href='http:\/\/ski.inmontanis.info\/d\/269137-2\/DSC02537.jpg'><img src=http:\/\/ski.inmontanis.info\/d\/269136-3\/DSC02537.jpg \/><\/a><br \/>\n^ 6KSB Eguilles<\/p>\n<p><a href='http:\/\/ski.inmontanis.info\/d\/269141-2\/DSC02541.jpg'><img src=http:\/\/ski.inmontanis.info\/d\/269140-3\/DSC02541.jpg \/><\/a><br \/>\n^ Beschneiungsteich neben der Bergstation 6KSB Eguilles<\/p>\n<p><a href='http:\/\/ski.inmontanis.info\/d\/269145-2\/DSC02542.jpg'><img src=http:\/\/ski.inmontanis.info\/d\/269144-3\/DSC02542.jpg \/><\/a><br \/>\n^ Abfahrt an der 6KSB Eguilles<\/p>\n<p><a href='http:\/\/ski.inmontanis.info\/d\/269149-2\/DSC02544.jpg'><img src=http:\/\/ski.inmontanis.info\/d\/269148-3\/DSC02544.jpg \/><\/a><br \/>\n^ KSSL Saint Jean, mit F\u00f6rderbandmatten am Einstieg ausgelegt. Bl\u00f6de franz\u00f6sische Sitte.<\/p>\n<p><a href='http:\/\/ski.inmontanis.info\/d\/269153-2\/DSC02547.jpg'><img src=http:\/\/ski.inmontanis.info\/d\/269152-3\/DSC02547.jpg \/><\/a><br \/>\n^ KSSL Saint Jean, nix frisch pr\u00e4pariert und beide Pisten eisig glatt<\/p>\n<p><a href='http:\/\/ski.inmontanis.info\/d\/269157-2\/DSC02548.jpg'><img src=http:\/\/ski.inmontanis.info\/d\/269156-3\/DSC02548.jpg \/><\/a><br \/>\n^ Gr\u00fcne Abfahrt am KSSL Saint Jean; weiter richtung Beuil war momentan schneemangelsbedingt geschlossen<\/p>\n<p><a href='http:\/\/ski.inmontanis.info\/d\/269161-2\/DSC02549.jpg'><img src=http:\/\/ski.inmontanis.info\/d\/269160-3\/DSC02549.jpg \/><\/a><br \/>\n^ Beschneiungsteich neben der Bergstation 6KSB Eguilles<\/p>\n<p><a href='http:\/\/ski.inmontanis.info\/d\/269165-2\/DSC02554.jpg'><img src=http:\/\/ski.inmontanis.info\/d\/269164-3\/DSC02554.jpg \/><\/a><br \/>\n^ Seepano mit 6KSB Eguilles<\/p>\n<p><a href='http:\/\/ski.inmontanis.info\/d\/269169-2\/DSC02558.jpg'><img src=http:\/\/ski.inmontanis.info\/d\/269168-3\/DSC02558.jpg \/><\/a><br \/>\n^ SSL Cinivieres mit dem See<\/p>\n<p><a href='http:\/\/ski.inmontanis.info\/d\/269173-2\/DSC02563.jpg'><img src=http:\/\/ski.inmontanis.info\/d\/269172-3\/DSC02563.jpg \/><\/a><br \/>\n^ Abfahrt am SSL Cinivieres, dahinter Dreccia mit noch vielen geschlossenen oder zumindest unpr\u00e4parierten Abfahrten, die ich bei den momentan vereisten Verh\u00e4ltnissen nicht propiert hab.<\/p>\n<p><a href='http:\/\/ski.inmontanis.info\/d\/269177-2\/DSC02566.jpg'><img src=http:\/\/ski.inmontanis.info\/d\/269176-3\/DSC02566.jpg \/><\/a><br \/>\n^ R\u00fcckseite Dreccia, die beiden KSSL waren leider noch geschlossen<\/p>\n<p><a href='http:\/\/ski.inmontanis.info\/d\/269181-2\/DSC02569.jpg'><img src=http:\/\/ski.inmontanis.info\/d\/269180-3\/DSC02569.jpg \/><\/a><br \/>\n^ Nett trassierte Abfahrt Mouflons<\/p>\n<p><a href='http:\/\/ski.inmontanis.info\/d\/269185-2\/DSC02570.jpg'><img src=http:\/\/ski.inmontanis.info\/d\/269184-3\/DSC02570.jpg \/><\/a><br \/>\n^ Nett trassierte Abfahrt Mouflons<\/p>\n<p><a href='http:\/\/ski.inmontanis.info\/d\/269189-2\/DSC02571.jpg'><img src=http:\/\/ski.inmontanis.info\/d\/269188-3\/DSC02571.jpg \/><\/a><br \/>\n^ Die Dreccia-R\u00fcckseite (3SB Barzes) ist leider langweiliger, wobei dieser Teil nachmittags sch\u00f6n weich war &#8211; nur nicht der untere Schattenschlusshang zur 3SB. W\u00e4r sch\u00f6ner gewesen, wenn rechts der k\u00fcrzere KSSL Raton in Betrieb gewesen w\u00e4re.<\/p>\n<p><a href='http:\/\/ski.inmontanis.info\/d\/269193-2\/DSC02575.jpg'><img src=http:\/\/ski.inmontanis.info\/d\/269192-3\/DSC02575.jpg \/><\/a><br \/>\n^ 3SB Barzes<\/p>\n<p><a href='http:\/\/ski.inmontanis.info\/d\/269197-2\/DSC02576.jpg'><img src=http:\/\/ski.inmontanis.info\/d\/269196-3\/DSC02576.jpg \/><\/a><br \/>\n^ Noch eine nette, wenn auch nicht frisch pr\u00e4parierte, Abfahrt<\/p>\n<p><a href='http:\/\/ski.inmontanis.info\/d\/269201-2\/DSC02578.jpg'><img src=http:\/\/ski.inmontanis.info\/d\/269200-3\/DSC02578.jpg \/><\/a><br \/>\n^ KSSL Combe<\/p>\n<p><a href='http:\/\/ski.inmontanis.info\/d\/269205-2\/DSC02581.jpg'><img src=http:\/\/ski.inmontanis.info\/d\/269204-3\/DSC02581.jpg \/><\/a><br \/>\n^ Verbindungsabfahrten von und zu den Liften am Croix du Sapet<\/p>\n<p><a href='http:\/\/ski.inmontanis.info\/d\/269209-2\/DSC02582.jpg'><img src=http:\/\/ski.inmontanis.info\/d\/269208-3\/DSC02582.jpg \/><\/a><br \/>\n^ KSSL Vasson und 3SB Clot de Maty (Croix du Sapet)<\/p>\n<p><a href='http:\/\/ski.inmontanis.info\/d\/269213-2\/DSC02584.jpg'><img src=http:\/\/ski.inmontanis.info\/d\/269212-3\/DSC02584.jpg \/><\/a><br \/>\n^ 3SB und KSSL parallel, eh klar, was ich da fahr. War sogar tw. mehr los am KSSL als an der 3SB, so geh\u00f6rt sich das ;)<\/p>\n<p><a href='http:\/\/ski.inmontanis.info\/d\/269217-2\/DSC02585.jpg'><img src=http:\/\/ski.inmontanis.info\/d\/269216-3\/DSC02585.jpg \/><\/a><br \/>\n^ 4SB Croix du Sapet<\/p>\n<p><a href='http:\/\/ski.inmontanis.info\/d\/269221-2\/DSC02587.jpg'><img src=http:\/\/ski.inmontanis.info\/d\/269220-3\/DSC02587.jpg \/><\/a><br \/>\n^ Valberg 1700<\/p>\n<p><a href='http:\/\/ski.inmontanis.info\/d\/269225-2\/DSC02588.jpg'><img src=http:\/\/ski.inmontanis.info\/d\/269224-3\/DSC02588.jpg \/><\/a><br \/>\n^ Blick vom Croix du Sapet zu den anderen Gipfeln des Skigebiets<\/p>\n<p><a href='http:\/\/ski.inmontanis.info\/d\/269229-2\/DSC02589.jpg'><img src=http:\/\/ski.inmontanis.info\/d\/269228-3\/DSC02589.jpg \/><\/a><br \/>\n^ Die s\u00fcdseitige Abfahrt am kurzen KSSL Combe hatte nachmittags tollen Firn!<\/p>\n<p><a href='http:\/\/ski.inmontanis.info\/d\/269233-2\/DSC02593.jpg'><img src=http:\/\/ski.inmontanis.info\/d\/269232-3\/DSC02593.jpg \/><\/a><br \/>\n^ Die niedrigere Abfahrt am KSSL Saint Jean blieb dagegen nachmittags eisig<\/p>\n<p><a href='http:\/\/ski.inmontanis.info\/d\/269237-2\/ge20191225a.jpg'><img src=http:\/\/ski.inmontanis.info\/d\/269236-3\/ge20191225a.jpg \/><\/a><br \/>\n^ GPS-Track 25.12.2019 in T\u00fcrkis und vorheriger Besuch in Magenta<\/p>\n<p>Immerhin war es wieder sehr sonnig, aber gestern in Roubion hatte es mir mehr Spass gemacht, auch der Schnee war besser. <\/p>\n<p>F\u00fcr die R\u00fcckfahrt entschied ich mich f\u00fcr die andere Schluchtstra\u00dfe, wo ich ein paar interessante Dinge entdeckte:<\/p>\n<p><a href='http:\/\/extra.inmontanis.info\/d\/57365-2\/DSC02594.jpg'><img src=http:\/\/extra.inmontanis.info\/d\/57364-3\/DSC02594.jpg \/><\/a><br \/>\n^ einspurige Tunnel ..<\/p>\n<p><a href='http:\/\/extra.inmontanis.info\/d\/57369-2\/DSC02600.jpg'><img src=http:\/\/extra.inmontanis.info\/d\/57368-3\/DSC02600.jpg \/><\/a><br \/>\n^ .. und eine Br\u00fccke, \u00fcber die man nicht mit dem Auto f\u00e4hrt ..<\/p>\n<p><a href='http:\/\/extra.inmontanis.info\/d\/57373-2\/DSC02602.jpg'><img src=http:\/\/extra.inmontanis.info\/d\/57372-3\/DSC02602.jpg \/><\/a><br \/>\n^ .. weitere einspurige Tunnels<\/p>\n<p><a href='http:\/\/extra.inmontanis.info\/d\/57377-2\/DSC02604.jpg'><img src=http:\/\/extra.inmontanis.info\/d\/57376-3\/DSC02604.jpg \/><\/a><br \/>\n^ .. genauer gesagt sind die einspurigen Tunnels nur in s\u00fcdlicher Fahrtrichtung<\/p>\n<p><a href='http:\/\/extra.inmontanis.info\/d\/57381-2\/DSC02606.jpg'><img src=http:\/\/extra.inmontanis.info\/d\/57380-3\/DSC02606.jpg \/><\/a><br \/>\n^ .. h\u00f6rt gar nicht auf mit diesen einspurigen Tunnel<\/p>\n<p><a href='http:\/\/extra.inmontanis.info\/d\/57385-2\/DSC02607.jpg'><img src=http:\/\/extra.inmontanis.info\/d\/57384-3\/DSC02607.jpg \/><\/a><br \/>\n^ .. der hier ..<\/p>\n<p><a href='http:\/\/extra.inmontanis.info\/d\/57389-2\/DSC02608.jpg'><img src=http:\/\/extra.inmontanis.info\/d\/57388-3\/DSC02608.jpg \/><\/a><br \/>\n^ .. ist der l\u00e4ngste<\/p>\n<p><a href='http:\/\/extra.inmontanis.info\/d\/57393-2\/DSC02610.jpg'><img src=http:\/\/extra.inmontanis.info\/d\/57392-3\/DSC02610.jpg \/><\/a><br \/>\n^ Da ich diese Strecke so genial fand, bin ich mal umgekehrt um auch die andere Stra\u00dfenseite zu fahren. Aha, Gorges de Daluis<\/p>\n<p><a href='http:\/\/extra.inmontanis.info\/d\/57397-2\/DSC02612.jpg'><img src=http:\/\/extra.inmontanis.info\/d\/57396-3\/DSC02612.jpg \/><\/a><br \/>\n^ <\/p>\n<p><a href='http:\/\/extra.inmontanis.info\/d\/57401-2\/DSC02617.jpg'><img src=http:\/\/extra.inmontanis.info\/d\/57400-3\/DSC02617.jpg \/><\/a><br \/>\n^ Gorges de Daluis, ganz sch\u00f6n krass steile, tiefe Schlucht<\/p>\n<p><a href='http:\/\/extra.inmontanis.info\/d\/57405-2\/DSC02620.jpg'><img src=http:\/\/extra.inmontanis.info\/d\/57404-3\/DSC02620.jpg \/><\/a><br \/>\n^ Den kuriosen Wasserfall hab ich erst auf dem Bild daheim entdeckt<\/p>\n<p><a href='http:\/\/extra.inmontanis.info\/d\/57409-2\/DSC02622.jpg'><img src=http:\/\/extra.inmontanis.info\/d\/57408-3\/DSC02622.jpg \/><\/a><br \/>\n^ Gorges de Daluis<\/p>\n<p><a href='http:\/\/extra.inmontanis.info\/d\/57413-2\/DSC02626.jpg'><img src=http:\/\/extra.inmontanis.info\/d\/57412-3\/DSC02626.jpg \/><\/a><br \/>\n^ Gorges de Daluis<\/p>\n<p><a href='http:\/\/extra.inmontanis.info\/d\/57417-2\/DSC02628.jpg'><img src=http:\/\/extra.inmontanis.info\/d\/57416-3\/DSC02628.jpg \/><\/a><br \/>\n^ Wie sich herausstellte, war das eine Eisenbahn- bzw. Stra\u00dfenbahnbr\u00fccke (Tramway de Guillaumes)<\/p>\n<p><a href='http:\/\/extra.inmontanis.info\/d\/57421-2\/DSC02629.jpg'><img src=http:\/\/extra.inmontanis.info\/d\/57420-3\/DSC02629.jpg \/><\/a><br \/>\n^ <\/p>\n<p><a href='http:\/\/extra.inmontanis.info\/d\/57425-2\/DSC02635.jpg'><img src=http:\/\/extra.inmontanis.info\/d\/57424-3\/DSC02635.jpg \/><\/a><br \/>\n^ Gorges de Daluis, Blick richtung S\u00fcden<\/p>\n<p><a href='http:\/\/extra.inmontanis.info\/d\/57429-2\/DSC02637.jpg'><img src=http:\/\/extra.inmontanis.info\/d\/57428-3\/DSC02637.jpg \/><\/a><br \/>\n^ .. und Blick richtung Norden<\/p>\n<p><a href='http:\/\/extra.inmontanis.info\/d\/57433-2\/DSC02639.jpg'><img src=http:\/\/extra.inmontanis.info\/d\/57432-3\/DSC02639.jpg \/><\/a><br \/>\n^ Tiefblick von der Br\u00fccke<\/p>\n<p><a href='http:\/\/extra.inmontanis.info\/d\/57437-2\/DSC02640.jpg'><img src=http:\/\/extra.inmontanis.info\/d\/57436-3\/DSC02640.jpg \/><\/a><br \/>\n^ Tiefblick von der Br\u00fccke<\/p>\n<p><a href='http:\/\/extra.inmontanis.info\/d\/57441-2\/DSC02642.jpg'><img src=http:\/\/extra.inmontanis.info\/d\/57440-3\/DSC02642.jpg \/><\/a><br \/>\n^ Schlucht, Stra\u00dfe, Br\u00fccke<\/p>\n<p><a href='http:\/\/extra.inmontanis.info\/d\/57445-2\/DSC02645.jpg'><img src=http:\/\/extra.inmontanis.info\/d\/57444-3\/DSC02645.jpg \/><\/a><br \/>\n^ Links Stra\u00dfe, rechts Tramway<\/p>\n<p><a href='http:\/\/extra.inmontanis.info\/d\/57449-2\/DSC02646.jpg'><img src=http:\/\/extra.inmontanis.info\/d\/57448-3\/DSC02646.jpg \/><\/a><br \/>\n^ Ex-Tramway de Guillaumes<\/p>\n<p><a href='http:\/\/extra.inmontanis.info\/d\/57453-2\/DSC02649.jpg'><img src=http:\/\/extra.inmontanis.info\/d\/57452-3\/DSC02649.jpg \/><\/a><br \/>\n^ Ex-Tramway de Guillaumes<\/p>\n<p><a href='http:\/\/extra.inmontanis.info\/d\/57457-2\/DSC02650.jpg'><img src=http:\/\/extra.inmontanis.info\/d\/57456-3\/DSC02650.jpg \/><\/a><br \/>\n^ Gorges de Daluis<\/p>\n<p>.. das war jetzt irgendwie sogar interessanter als der Skitag in Valberg ..<\/p>\n<p>Danach fuhr ich nach Sisteron, wo ich mal wieder im Ibis Budget \u00fcbernachtete, da sich die Fahrt bis Gap nicht lohnte, weil die betreffenden Restaurants heute am Weihnachtstag sicherlich eh zu haben. \u00dcbernachtung kostete 43,80 plus 6,60 f\u00fcr&#8217;s Fr\u00fchst\u00fcck oder so. (Wobei das Fr\u00fchst\u00fcck am n\u00e4chsten Tag dann im normalen Ibis nebendran war, somit ein etwas gr\u00f6\u00dferes Buffet.)<\/p>\n<p>(Fortsetzung folgt.)<\/p>\n","protected":false},"excerpt":{"rendered":"<p>Sunny Southern Alps Tag 5: Valberg, 25.12.2019<\/p>\n<p>In Valberg um 9:30 angekommen, gab es insofern eine positive \u00dcberraschung, dass zwei der hinteren\/oberen Lifte (Dreccia) nun wenigstens doch offen waren. Leider generell viele Pisten nicht pr\u00e4pariert und die unpr\u00e4perierten waren unfahrbar eisig. Die pr\u00e4parierten waren teilweise auch sehr hart, teilweise knollig (was heute sogar noch angenehmer <a href=\"http:\/\/blog.inmontanis.info\/?p=5900\">[&#8230;]<\/a><\/p>\n","protected":false},"author":1,"featured_media":0,"comment_status":"closed","ping_status":"closed","sticky":false,"template":"","format":"standard","meta":{"footnotes":""},"categories":[181,16,27,342],"tags":[55,49,87,48,45,86],"class_list":["post-5900","post","type-post","status-publish","format-standard","hentry","category-2019-12-sunny-southern-alps","category-france","category-skifahren-winterskiing-winter","category-valberg","tag-3sb","tag-4sb","tag-grotteklamm","tag-kssl","tag-see","tag-wasserfall","odd"],"_links":{"self":[{"href":"http:\/\/blog.inmontanis.info\/index.php?rest_route=\/wp\/v2\/posts\/5900","targetHints":{"allow":["GET"]}}],"collection":[{"href":"http:\/\/blog.inmontanis.info\/index.php?rest_route=\/wp\/v2\/posts"}],"about":[{"href":"http:\/\/blog.inmontanis.info\/index.php?rest_route=\/wp\/v2\/types\/post"}],"author":[{"embeddable":true,"href":"http:\/\/blog.inmontanis.info\/index.php?rest_route=\/wp\/v2\/users\/1"}],"replies":[{"embeddable":true,"href":"http:\/\/blog.inmontanis.info\/index.php?rest_route=%2Fwp%2Fv2%2Fcomments&post=5900"}],"version-history":[{"count":2,"href":"http:\/\/blog.inmontanis.info\/index.php?rest_route=\/wp\/v2\/posts\/5900\/revisions"}],"predecessor-version":[{"id":5902,"href":"http:\/\/blog.inmontanis.info\/index.php?rest_route=\/wp\/v2\/posts\/5900\/revisions\/5902"}],"wp:attachment":[{"href":"http:\/\/blog.inmontanis.info\/index.php?rest_route=%2Fwp%2Fv2%2Fmedia&parent=5900"}],"wp:term":[{"taxonomy":"category","embeddable":true,"href":"http:\/\/blog.inmontanis.info\/index.php?rest_route=%2Fwp%2Fv2%2Fcategories&post=5900"},{"taxonomy":"post_tag","embeddable":true,"href":"http:\/\/blog.inmontanis.info\/index.php?rest_route=%2Fwp%2Fv2%2Ftags&post=5900"}],"curies":[{"name":"wp","href":"https:\/\/api.w.org\/{rel}","templated":true}]}}