{"id":5887,"date":"2019-12-21T23:42:52","date_gmt":"2019-12-21T22:42:52","guid":{"rendered":"http:\/\/blog.inmontanis.info\/?p=5887"},"modified":"2023-02-12T21:01:25","modified_gmt":"2023-02-12T20:01:25","slug":"prali-21-12-2019","status":"publish","type":"post","link":"http:\/\/blog.inmontanis.info\/?p=5887","title":{"rendered":"Prali, 21.12.2019"},"content":{"rendered":"<p><strong>Sunny Southern Alps Tag 1: Prali, 21.12.2019<\/strong><\/p>\n<p>Da es schon zu Beginn der Woche fraglich schien, ob ich wetterbedingt im Saisonkartenbereich skifahren w\u00fcrde, fing ich bereits am Montag an, jeden Abend fr\u00fcher ins Bett zu gehen. Am Donnerstag dagegen wurde f\u00fcr SA in der Lombardei am sonnigsten gemeldet, was sich am FR aber wieder \u00e4nderte.<\/p>\n<p>Etliche Skigebiete, die ich gestern im Web besuchte, hatten aber schlechte Nachrichten f\u00fcr heute (trotz sonniger Vorhersage), mehrere waren wegen Regen oder zu viel Schnee heute geschlossen. Usseglio meldete gestern Abend jedoch noch Betrieb f\u00fcr heute, also entschied ich mich daf\u00fcr und fuhr um 3 Uhr morgens weg, nachdem ich um 20h ins Bett ging. Nach Varese schaute ich doch kurz auf deren Facebookseite, leider war die DSB heute zu. Aus einigen anderen Skigebieten war auch nix aktuelles zu finden, aber Sestriere hat mal alle interssanten SL zu, somit auch keinen Sinn. Locana Alpe Cialma hatte zumindest letzte Woche offen, in dem Fall ist das mehr Information als was man sonst gew\u00f6hnt ist und ich plante dorthin um. Sobald man vom Tal aus das Skigebiet sehen konnte, nahm ich das Zoomobjektiv und stellte einen wohl eher geschlossenen oberen SL fest, also wieder umkehren und neu planen.<\/p>\n<p><a href='http:\/\/ski.inmontanis.info\/d\/268579-2\/DSC02169.jpg'><img src=http:\/\/ski.inmontanis.info\/d\/268578-3\/DSC02169.jpg \/><\/a><br \/>\n^ Zoom ins Skigebiet von Locana, die Abfahrt am oberen SL scheint nicht pr\u00e4pariert, also vmtl. geschlossen.<\/p>\n<p>In Champorcher war lt. Homepage die Talabfahrt und die lange KSB zu, also auch sinnlos. Frais hat heuer zu (<em>das war mein Wissensstand zu der Zeit, im Laufe der folgenden Woche entdeckte ich dann doch eine Info, dass sie heuer offen haben<\/em>), vom Col de Lys gab&#8217;s noch gar keine Infos und in Rucas sah man auf der Webcam nicht, ob der obere SL laufen w\u00fcrde (Piste sah irgendwie pr\u00e4pariert aus, aber man sah eben nur Leute am kurzen SL). Also fuhr ich nach Prali. Halbtageskarte kostete 20,- \u20ac, angekommen war ich um 13.15, die alte Sandomenico-Keycard wurde wie zuletzt im Mai akzeptiert.<\/p>\n<p>Eigentlich wollte ich erst mal mit dem SL fahren, aber .. ich musste dann doch gleich die offene Rechnung begleichen: die stets geschlossene schwarze Rossa Gran Saret. Toller Pulver bis runter. Wohl geschlossen und unpr\u00e4pariert, weil man hier den Mountainbiketrack reingebaut hatte. Oben waren die Pisten leider sehr windverblasen und die letzten St\u00fccke der beiden Talabfahrten teils sehr eisig. Trotzdem blieb mein Schwerpunkt heute bei den Talabfahrten, weil ich die ja bisher noch nicht so h\u00e4ufig gefahren bin, insb. die beiden linken. <\/p>\n<p>(Fotos anklicken zum Vergr\u00f6\u00dfern)<\/p>\n<p><a href='http:\/\/extra.inmontanis.info\/d\/57233-2\/ge201912202001.jpg'><img src=http:\/\/extra.inmontanis.info\/d\/57231-3\/ge201912202001.jpg \/><\/a><br \/>\n^ A: Usseglio<br \/>\nB: Locana<br \/>\nC: Prali<\/p>\n<p><a href='http:\/\/ski.inmontanis.info\/d\/268583-2\/DSC02172.jpg'><img src=http:\/\/ski.inmontanis.info\/d\/268582-3\/DSC02172.jpg \/><\/a><br \/>\n^ Linke Talabfahrt endlich mal offiziell offen, wenn ich hier bin<\/p>\n<p><a href='http:\/\/ski.inmontanis.info\/d\/268587-2\/DSC02175.jpg'><img src=http:\/\/ski.inmontanis.info\/d\/268586-3\/DSC02175.jpg \/><\/a><br \/>\n^ DSB Sektion 1<\/p>\n<p><a href='http:\/\/ski.inmontanis.info\/d\/268591-2\/DSC02178.jpg'><img src=http:\/\/ski.inmontanis.info\/d\/268590-3\/DSC02178.jpg \/><\/a><br \/>\n^ Der untere Hang am SL ging sehr gut, sch\u00f6n pulvrig leicht verbuckelt. Oben alles windverblasen.<\/p>\n<p><a href='http:\/\/ski.inmontanis.info\/d\/268595-2\/DSC02179.jpg'><img src=http:\/\/ski.inmontanis.info\/d\/268594-3\/DSC02179.jpg \/><\/a><br \/>\n^ Die schwarze Abfahrt von hier hinunter ins Tal d\u00fcrfte vmtl. generell geschlossen sein<\/p>\n<p><a href='http:\/\/ski.inmontanis.info\/d\/268599-2\/DSC02180.jpg'><img src=http:\/\/ski.inmontanis.info\/d\/268598-3\/DSC02180.jpg \/><\/a><br \/>\n^ .. egal, heute wollte ich sie endlich mal fahren.<\/p>\n<p><a href='http:\/\/ski.inmontanis.info\/d\/268603-2\/DSC02183.jpg'><img src=http:\/\/ski.inmontanis.info\/d\/268602-3\/DSC02183.jpg \/><\/a><br \/>\n^ Schwarze, geschlossene, linke Talabfahrt<\/p>\n<p><a href='http:\/\/ski.inmontanis.info\/d\/268607-2\/DSC02184.jpg'><img src=http:\/\/ski.inmontanis.info\/d\/268606-3\/DSC02184.jpg \/><\/a><\/p>\n<p><a href='http:\/\/ski.inmontanis.info\/d\/268611-2\/DSC02186.jpg'><img src=http:\/\/ski.inmontanis.info\/d\/268610-3\/DSC02186.jpg \/><\/a><br \/>\n^ Durchaus tiefer, aber noch gut fahrbarer Pulver<\/p>\n<p><a href='http:\/\/ski.inmontanis.info\/d\/268615-2\/DSC02190.jpg'><img src=http:\/\/ski.inmontanis.info\/d\/268614-3\/DSC02190.jpg \/><\/a><br \/>\n^ Schwarze, geschlossene, linke Talabfahrt<\/p>\n<p><a href='http:\/\/ski.inmontanis.info\/d\/268619-2\/DSC02191.jpg'><img src=http:\/\/ski.inmontanis.info\/d\/268618-3\/DSC02191.jpg \/><\/a><br \/>\n^ Schwarze, geschlossene, linke Talabfahrt<\/p>\n<p><a href='http:\/\/ski.inmontanis.info\/d\/268623-2\/DSC02193.jpg'><img src=http:\/\/ski.inmontanis.info\/d\/268622-3\/DSC02193.jpg \/><\/a><br \/>\n^ Schwarze, geschlossene, linke Talabfahrt (Kreuzung DSB Sektion 1)<\/p>\n<p><a href='http:\/\/ski.inmontanis.info\/d\/268627-2\/DSC02194.jpg'><img src=http:\/\/ski.inmontanis.info\/d\/268626-3\/DSC02194.jpg \/><\/a><br \/>\n^ Schwarze, geschlossene, linke Talabfahrt (Kreuzung DSB Sektion 1)<\/p>\n<p><a href='http:\/\/ski.inmontanis.info\/d\/268631-2\/DSC02195.jpg'><img src=http:\/\/ski.inmontanis.info\/d\/268630-3\/DSC02195.jpg \/><\/a><br \/>\n^ Schwarze, geschlossene, linke Talabfahrt (Kreuzung Ex-SL  Sektion 2)<\/p>\n<p><a href='http:\/\/ski.inmontanis.info\/d\/268635-2\/DSC02197.jpg'><img src=http:\/\/ski.inmontanis.info\/d\/268634-3\/DSC02197.jpg \/><\/a><br \/>\n^ Einm\u00fcndung in die offene, linke Talabfahrt<\/p>\n<p><a href='http:\/\/ski.inmontanis.info\/d\/268639-2\/DSC02198.jpg'><img src=http:\/\/ski.inmontanis.info\/d\/268638-3\/DSC02198.jpg \/><\/a><br \/>\n^ Linke Talabfahrt<\/p>\n<p><a href='http:\/\/ski.inmontanis.info\/d\/268643-2\/DSC02200.jpg'><img src=http:\/\/ski.inmontanis.info\/d\/268642-3\/DSC02200.jpg \/><\/a><br \/>\n^ Linke Talabfahrt<\/p>\n<p><a href='http:\/\/ski.inmontanis.info\/d\/268647-2\/DSC02203.jpg'><img src=http:\/\/ski.inmontanis.info\/d\/268646-3\/DSC02203.jpg \/><\/a><br \/>\n^ Ex-ESL-Talstation<\/p>\n<p><a href='http:\/\/ski.inmontanis.info\/d\/268651-2\/DSC02211.jpg'><img src=http:\/\/ski.inmontanis.info\/d\/268650-3\/DSC02211.jpg \/><\/a><br \/>\n^ Pano mit SL<\/p>\n<p><a href='http:\/\/ski.inmontanis.info\/d\/268655-2\/DSC02212.jpg'><img src=http:\/\/ski.inmontanis.info\/d\/268654-3\/DSC02212.jpg \/><\/a><br \/>\n^ SL Talstation<\/p>\n<p><a href='http:\/\/ski.inmontanis.info\/d\/268659-2\/DSC02213.jpg'><img src=http:\/\/ski.inmontanis.info\/d\/268658-3\/DSC02213.jpg \/><\/a><br \/>\n^ Unterer Teil SL-Trasse, auch bei genug Schnee im Winter nicht mit Pistenraupe pr\u00e4pariert<\/p>\n<p><a href='http:\/\/ski.inmontanis.info\/d\/268663-2\/DSC02216.jpg'><img src=http:\/\/ski.inmontanis.info\/d\/268662-3\/DSC02216.jpg \/><\/a><br \/>\n^ Viel Schnee<\/p>\n<p><a href='http:\/\/ski.inmontanis.info\/d\/268667-2\/DSC02220.jpg'><img src=http:\/\/ski.inmontanis.info\/d\/268666-3\/DSC02220.jpg \/><\/a><br \/>\n^ SL Auffahrt<\/p>\n<p><a href='http:\/\/ski.inmontanis.info\/d\/268671-2\/DSC02222.jpg'><img src=http:\/\/ski.inmontanis.info\/d\/268670-3\/DSC02222.jpg \/><\/a><br \/>\n^ SL und DSB Sektion 2, hier alles windverweht<\/p>\n<p><a href='http:\/\/ski.inmontanis.info\/d\/268675-2\/DSC02223.jpg'><img src=http:\/\/ski.inmontanis.info\/d\/268674-3\/DSC02223.jpg \/><\/a><br \/>\n^ DSB Sektion 1 Bergstation; es war schon knapp sonnig..<\/p>\n<p><a href='http:\/\/ski.inmontanis.info\/d\/268679-2\/DSC02224.jpg'><img src=http:\/\/ski.inmontanis.info\/d\/268678-3\/DSC02224.jpg \/><\/a><br \/>\n^ Linke Talabfahrt<\/p>\n<p><a href='http:\/\/ski.inmontanis.info\/d\/268683-2\/DSC02229.jpg'><img src=http:\/\/ski.inmontanis.info\/d\/268682-3\/DSC02229.jpg \/><\/a><br \/>\n^ DSB Sektion 2, offpiste leider windverkrustet<\/p>\n<p><a href='http:\/\/ski.inmontanis.info\/d\/268687-2\/DSC02232.jpg'><img src=http:\/\/ski.inmontanis.info\/d\/268686-3\/DSC02232.jpg \/><\/a><br \/>\n^ Starker Wind auch am SL, aber die Lifte hielten alle durch.<\/p>\n<p><a href='http:\/\/ski.inmontanis.info\/d\/268691-2\/DSC02235.jpg'><img src=http:\/\/ski.inmontanis.info\/d\/268690-3\/DSC02235.jpg \/><\/a><br \/>\n^ Ex-SL Sektion 1<\/p>\n<p><a href='http:\/\/ski.inmontanis.info\/d\/268695-2\/DSC02236.jpg'><img src=http:\/\/ski.inmontanis.info\/d\/268694-3\/DSC02236.jpg \/><\/a><br \/>\n^ Ex-\u00dcbungs-SL im Tal<\/p>\n<p><a href='http:\/\/ski.inmontanis.info\/d\/268699-2\/ge20191221a.jpg'><img src=http:\/\/ski.inmontanis.info\/d\/268698-3\/ge20191221a.jpg \/><\/a><br \/>\n^ GPS-Track 21.12.2019 in Magenta und einige vorherige Besuche in T\u00fcrkis<\/p>\n<p>\u00dcbernachtet hab ich mal wieder in einem meiner piemonteser Lieblingshotels (Glicini 4*), diesmal (also gestern Abend) erstmals auf der Hotelhomepage gebucht und um g\u00fcnstige 36,- \u20ac \u00dcF bekommen.<\/p>\n<p><a href='http:\/\/extra.inmontanis.info\/d\/57313-2\/DSC02237.jpg'><img src=http:\/\/extra.inmontanis.info\/d\/57312-3\/DSC02237.jpg \/><\/a><br \/>\n^ Hotelzimmer<\/p>\n<p><a href='http:\/\/extra.inmontanis.info\/d\/57317-2\/DSC02239.jpg'><img src=http:\/\/extra.inmontanis.info\/d\/57316-3\/DSC02239.jpg \/><\/a><br \/>\n^ Hotelzimmer<\/p>\n<p>Bin ja nicht so der Schwarzteefan, aber seit Russland und T\u00fcrkei geht das schon mal (mit viel Zucker) &#8211; und da sich pakistanischer Schwarztee mal interessant anh\u00f6rte, probierte ich den &#8211; war aufgrund seines Zimtgeschmacks sogar recht lecker. Insbesondere auch mit den Honigkeksen. Goss mir noch eine zweite und dritte Tasse auf, sind ja recht klein, lie\u00df es aber auch nicht zu lange ziehen (damit es mir nicht zu stark wird). <\/p>\n<p><a href='http:\/\/extra.inmontanis.info\/d\/57321-2\/DSC02241.jpg'><img src=http:\/\/extra.inmontanis.info\/d\/57320-3\/DSC02241.jpg \/><\/a><br \/>\n^ Tee<\/p>\n<p>WLAN-Empfang ist hier hinten im letzten Zimmer allerdings recht gring und von der Sauberkeit (Staub\/Spinnenweben in den hohen Ecken) k\u00f6nnte es auch etwas besser sein. Das Restaurant wurd auch mal wieder etwas umgebaut, Men\u00fc gibts keines, also a\u00df ich eine Pizza (durchaus interessante zur Auswahl, aber auch nicht so g\u00fcnstig), entschied mich f\u00fcr eine mit Ragu, Eier, Salsiccia und Frischk\u00e4se oder so was. Lecker, aber etwas knuspriger h\u00e4tte sie sein k\u00f6nnen.<\/p>\n<p>Skigebietsm\u00e4\u00dfig sind die n\u00e4chsten Tage weiterhin etwas problematisch. Frabosa bleibt zB. morgen ganz zu, Pontechianale wg. noch zu hoher Lawinengefahr vmtl. auch, San Giacommo ist dank des Regens bis auf weiteres zu, Lurisia ohne konkrete Info, St. Gree macht zwar auf (aber wohl max. mit dem SL oben, Talabfahrt wird wohl weggeregnet sein), Crissolo hatte heute wohl irgendwas offen (aber ohne genaue Info). Leider wird halt gerade f\u00fcr Crissolo (und n\u00f6rdlicher) f\u00fcr morgen noch etwas Schneefall gemeldet, ab Pontechianale und s\u00fcdlich solls sehr sonnig werden.<\/p>\n<p>In den kleineren, niedrigeren Skigebieten im S\u00fcden der frz. Alpen liegt leider kaum Schnee, Auron und Isola h\u00e4tten quasi Vollbetrieb. Valberg dank h\u00f6herer Lage hat auch einiges offen. Aber ich w\u00e4r gern mal wieder Roubion, Colmiane oder Greolieres gefahren &#8211; da schauts leider \u00fcberall recht schlecht aus.<\/p>\n<p>Nebenbei: Der Stra\u00dfenzustand in Italien wird auch immer schlechter. Auf der Fahrt heute teils riesige L\u00f6cher im Asphalt, auch an einigen Autobahnabschnitten (wenn man zu weit rechts am Rand fahren w\u00fcrde), wo man sich wohl an einigen einen kaputten Reifen holen k\u00f6nnte..<\/p>\n<p>(Fortsetzung folgt.)<\/p>\n","protected":false},"excerpt":{"rendered":"<p>Sunny Southern Alps Tag 1: Prali, 21.12.2019<\/p>\n<p>Da es schon zu Beginn der Woche fraglich schien, ob ich wetterbedingt im Saisonkartenbereich skifahren w\u00fcrde, fing ich bereits am Montag an, jeden Abend fr\u00fcher ins Bett zu gehen. Am Donnerstag dagegen wurde f\u00fcr SA in der Lombardei am sonnigsten gemeldet, was sich am FR aber wieder \u00e4nderte.<\/p>\n<p> <a href=\"http:\/\/blog.inmontanis.info\/?p=5887\">[&#8230;]<\/a><\/p>\n","protected":false},"author":1,"featured_media":0,"comment_status":"closed","ping_status":"closed","sticky":false,"template":"","format":"standard","meta":{"footnotes":""},"categories":[181,15,59,226,27],"tags":[38,80,47],"class_list":["post-5887","post","type-post","status-publish","format-standard","hentry","category-2019-12-sunny-southern-alps","category-italienitaly","category-nostalgie","category-prali","category-skifahren-winterskiing-winter","tag-dsb","tag-marchisio","tag-sl","odd"],"_links":{"self":[{"href":"http:\/\/blog.inmontanis.info\/index.php?rest_route=\/wp\/v2\/posts\/5887","targetHints":{"allow":["GET"]}}],"collection":[{"href":"http:\/\/blog.inmontanis.info\/index.php?rest_route=\/wp\/v2\/posts"}],"about":[{"href":"http:\/\/blog.inmontanis.info\/index.php?rest_route=\/wp\/v2\/types\/post"}],"author":[{"embeddable":true,"href":"http:\/\/blog.inmontanis.info\/index.php?rest_route=\/wp\/v2\/users\/1"}],"replies":[{"embeddable":true,"href":"http:\/\/blog.inmontanis.info\/index.php?rest_route=%2Fwp%2Fv2%2Fcomments&post=5887"}],"version-history":[{"count":2,"href":"http:\/\/blog.inmontanis.info\/index.php?rest_route=\/wp\/v2\/posts\/5887\/revisions"}],"predecessor-version":[{"id":5889,"href":"http:\/\/blog.inmontanis.info\/index.php?rest_route=\/wp\/v2\/posts\/5887\/revisions\/5889"}],"wp:attachment":[{"href":"http:\/\/blog.inmontanis.info\/index.php?rest_route=%2Fwp%2Fv2%2Fmedia&parent=5887"}],"wp:term":[{"taxonomy":"category","embeddable":true,"href":"http:\/\/blog.inmontanis.info\/index.php?rest_route=%2Fwp%2Fv2%2Fcategories&post=5887"},{"taxonomy":"post_tag","embeddable":true,"href":"http:\/\/blog.inmontanis.info\/index.php?rest_route=%2Fwp%2Fv2%2Ftags&post=5887"}],"curies":[{"name":"wp","href":"https:\/\/api.w.org\/{rel}","templated":true}]}}