{"id":5864,"date":"2019-12-01T21:02:07","date_gmt":"2019-12-01T20:02:07","guid":{"rendered":"http:\/\/blog.inmontanis.info\/?p=5864"},"modified":"2023-08-04T18:27:11","modified_gmt":"2023-08-04T16:27:11","slug":"bormio-1-12-2019","status":"publish","type":"post","link":"http:\/\/blog.inmontanis.info\/?p=5864","title":{"rendered":"Bormio, 1.12.2019"},"content":{"rendered":"<p><strong>So, 1.12.2019<\/strong><\/p>\n<p>Am Seilbahnparkplatz in Bormio angekommen las ich, dass dieser 3,- \u20ac kostet. Da die Talabfahrt eh noch nicht offen ist, fuhr ich kurzerhand nach Bormio 2000 hinauf, wo der Parkplatz nichts kostet. Als letzter erwischte ich gerade noch die Abfahrt der PB, so dass ich auch keinesfalls sp\u00e4ter am Gipfel war, als wenn ich die EUB vom Tal gefahren w\u00e4re :) Wenn sp\u00e4ter mal die Talabfahrt offen ist, werd ich aber unten parken. Wobei in Ciuk ja auch noch ein Parkplatz sein soll lt. Plan (keine Ahnung ob gratis wie in B2000).<\/p>\n<p>Oben auf knapp 3000m war der Schnee super. Als erstes fuhr ich die Abfahrt, auf die ich das letzte Mal am sehns\u00fcchtigsten geblickt hatte: die bimbi al sole. Und die ist echt ziemlich genial, insbesondere von der PB-Bergstation aus. Abwechslungsreiche steilere und flachere Passagen, kurvig, nicht zu modelliert, nicht zu verfangz\u00e4unt und etwas \u00fcber 1000 hm  und somit die letzten St\u00fccke durch den Wald.<\/p>\n<p>Als zweites nahm ich die linke Abfahrt und mir wurde mal wieder eine Sache klar: Es ist wohl Geschmacksache, ob man lieber Abfahrten mit gleichbleibendem Gef\u00e4lle mag oder stattdessen abwechselnd steilere und flachere Passagen (bis hin zu skiwegartigen St\u00fccken) &#8211; ich bevorzuge absolut letzteres und das trifft zumindest auf die beiden \u00e4u\u00dferen Pisten hier zu. <\/p>\n<p>2013 wurde die PB ja etwas renoviert, zum Gl\u00fcck merkt man kaum was davon. St\u00fctzen und Kabinen wirken nach wie vor klassisch und somit ist das weiterhin eine der letzten, klassichen, italienischen Skigebiets-Pendelbahnen. Mit knapp \u00fcber 1000hm und sehr vielen Abfahrtsvarianten (man kann alle Abfahrten im oberen Bereich \u00fcber die PB fahren ohne die Sesselbahnen fahren zu m\u00fcssen) landet sie bei mir ziemlich auf Platz 1. Ich fuhr auch fast nur die PB, die ich im halb- oder dreiviertelstundentakt schaffte. Sch\u00f6n auch, wenn es noch Lifte gibt, die \u00e4lter sind als man selbst (PB ist BJ 1969) ;)<\/p>\n<p>Ab Mittag wurde es oben aber immer nebliger (unsch\u00f6n auch noch gefrierender Nebel), die PB fuhr nur noch im 30-Min-Takt (den ich nicht immer schaffte) und so nahm ich doch noch ca. 2x die untere 4KSB und noch 3x die 3SB.<\/p>\n<p>(Fotos anklicken zum Vergr\u00f6\u00dfern)<\/p>\n<p><a href='http:\/\/ski.inmontanis.info\/d\/267959-2\/DSC01695.jpg'><img src=http:\/\/ski.inmontanis.info\/d\/267958-3\/DSC01695.jpg \/><\/a><br \/>\n^ PB und obere 4KSB<\/p>\n<p><a href='http:\/\/ski.inmontanis.info\/d\/267963-2\/DSC01698.jpg'><img src=http:\/\/ski.inmontanis.info\/d\/267962-3\/DSC01698.jpg \/><\/a><br \/>\n^ PB und obere 4KSB und die rechte der beiden Abfahrten vom Gipfel aus<\/p>\n<p><a href='http:\/\/ski.inmontanis.info\/d\/267967-2\/DSC01699.jpg'><img src=http:\/\/ski.inmontanis.info\/d\/267966-3\/DSC01699.jpg \/><\/a><br \/>\n^ PB<\/p>\n<p><a href='http:\/\/ski.inmontanis.info\/d\/267971-2\/DSC01703.jpg'><img src=http:\/\/ski.inmontanis.info\/d\/267970-3\/DSC01703.jpg \/><\/a><br \/>\n^ PB, 4KSB und Start der Abfahrt Bimbi al Sole<\/p>\n<p><a href='http:\/\/ski.inmontanis.info\/d\/267975-2\/DSC01706.jpg'><img src=http:\/\/ski.inmontanis.info\/d\/267974-3\/DSC01706.jpg \/><\/a><br \/>\n^ Abfahrt Bimbi al Sole im mittleren Teil, generell eher wenig modelliert und abwechslungsreich<\/p>\n<p><a href='http:\/\/ski.inmontanis.info\/d\/267979-2\/DSC01710.jpg'><img src=http:\/\/ski.inmontanis.info\/d\/267978-3\/DSC01710.jpg \/><\/a><br \/>\n^ PB-Bergstation, auch hier wieder dunkel\/smaragdgr\u00fcn<\/p>\n<p><a href='http:\/\/ski.inmontanis.info\/d\/267983-2\/DSC01714.jpg'><img src=http:\/\/ski.inmontanis.info\/d\/267982-3\/DSC01714.jpg \/><\/a><br \/>\n^ Abfahrt Praimont<\/p>\n<p><a href='http:\/\/ski.inmontanis.info\/d\/267987-2\/DSC01716.jpg'><img src=http:\/\/ski.inmontanis.info\/d\/267986-3\/DSC01716.jpg \/><\/a><br \/>\n^ SL Rocca Est<\/p>\n<p><a href='http:\/\/ski.inmontanis.info\/d\/267991-2\/DSC01719.jpg'><img src=http:\/\/ski.inmontanis.info\/d\/267990-3\/DSC01719.jpg \/><\/a><br \/>\n^ Bormio 2000, Snowboardtest<\/p>\n<p><a href='http:\/\/ski.inmontanis.info\/d\/267995-2\/DSC01720.jpg'><img src=http:\/\/ski.inmontanis.info\/d\/267994-3\/DSC01720.jpg \/><\/a><br \/>\n^ Pistenplan. Glaub aber, da fehlt die eine oder andere Variante.<\/p>\n<p><a href='http:\/\/ski.inmontanis.info\/d\/267999-2\/DSC01721.jpg'><img src=http:\/\/ski.inmontanis.info\/d\/267998-3\/DSC01721.jpg \/><\/a><br \/>\n^ PB-Talstation, Reste der ehemaligen Agudio-EUB Ciuk ;)<\/p>\n<p><a href='http:\/\/ski.inmontanis.info\/d\/268003-2\/DSC01726.jpg'><img src=http:\/\/ski.inmontanis.info\/d\/268002-3\/DSC01726.jpg \/><\/a><br \/>\n^ PB unterer Teil<\/p>\n<p><a href='http:\/\/ski.inmontanis.info\/d\/268007-2\/DSC01729.jpg'><img src=http:\/\/ski.inmontanis.info\/d\/268006-3\/DSC01729.jpg \/><\/a><br \/>\n^ PB Mitte<\/p>\n<p><a href='http:\/\/ski.inmontanis.info\/d\/268011-2\/DSC01730.jpg'><img src=http:\/\/ski.inmontanis.info\/d\/268010-3\/DSC01730.jpg \/><\/a><br \/>\n^ Mittlere\/Linke Abfahrten<\/p>\n<p><a href='http:\/\/ski.inmontanis.info\/d\/268015-2\/DSC01732.jpg'><img src=http:\/\/ski.inmontanis.info\/d\/268014-3\/DSC01732.jpg \/><\/a><br \/>\n^ .. hat sogar noch Muldencharakter und wurde nicht g\u00e4nzlich modelliert<\/p>\n<p><a href='http:\/\/ski.inmontanis.info\/d\/268019-2\/DSC01734.jpg'><img src=http:\/\/ski.inmontanis.info\/d\/268018-3\/DSC01734.jpg \/><\/a><br \/>\n^ Kabine 1<\/p>\n<p><a href='http:\/\/ski.inmontanis.info\/d\/268023-2\/DSC01735.jpg'><img src=http:\/\/ski.inmontanis.info\/d\/268022-3\/DSC01735.jpg \/><\/a><br \/>\n^ Technische Daten der PB (Tal- und Bergstation fehlen, lt. GE ca. 1920\/2950m, was nicht ganz zu den 1067m H\u00f6henunterschied der PB passen)<\/p>\n<p>Interessant, die alten technischen Daten vor dem Umbau:<\/p>\n<p><a href='http:\/\/ski.inmontanis.info\/d\/105523-3\/P1440614.JPG'><img src=http:\/\/ski.inmontanis.info\/d\/105522-4\/P1440614.JPG \/><\/a><\/p>\n<p>.. demnach wurde die Kabinenkapazit\u00e4t von 75 auf 47 Personen verringert und die 8,5 m\/s sind statt der Maximalgeschwindigkeit jetzt die Durchschnittsgeschwindigkeit<\/p>\n<p><a href='http:\/\/ski.inmontanis.info\/d\/268027-2\/DSC01742.jpg'><img src=http:\/\/ski.inmontanis.info\/d\/268026-3\/DSC01742.jpg \/><\/a><br \/>\n^ PB Talstation und Doppel-SL Nevada<\/p>\n<p><a href='http:\/\/ski.inmontanis.info\/d\/268031-2\/DSC01744.jpg'><img src=http:\/\/ski.inmontanis.info\/d\/268030-3\/DSC01744.jpg \/><\/a><br \/>\n^ Die Modernisierung 2013 der PB und Kabinen hielt sich zum Gl\u00fcck in Grenzen ..<\/p>\n<p><a href='http:\/\/ski.inmontanis.info\/d\/268035-2\/DSC01745.jpg'><img src=http:\/\/ski.inmontanis.info\/d\/268034-3\/DSC01745.jpg \/><\/a><br \/>\n^ .. aber LED-Lampen hat man eingebaut :)<\/p>\n<p><a href='http:\/\/ski.inmontanis.info\/d\/268039-2\/DSC01750.jpg'><img src=http:\/\/ski.inmontanis.info\/d\/268038-3\/DSC01750.jpg \/><\/a><br \/>\n^ Einer der versteckteren Pistenabschnitte, kaum befahren<\/p>\n<p><a href='http:\/\/ski.inmontanis.info\/d\/268043-2\/DSC01751.jpg'><img src=http:\/\/ski.inmontanis.info\/d\/268042-3\/DSC01751.jpg \/><\/a><br \/>\n^ Da es am Gipfel immer nebliger wurde (und dieser auch noch an der Skibrille anfror) fuhr ich nachmittags noch ein paar mal die untere 4KSB und die 3SB<\/p>\n<p><a href='http:\/\/ski.inmontanis.info\/d\/268047-2\/DSC01755.jpg'><img src=http:\/\/ski.inmontanis.info\/d\/268046-3\/DSC01755.jpg \/><\/a><br \/>\n^ 3SB-Abfahrt, auch noch nicht g\u00e4nzlich plan modelliert, wie man es im modernen Italien mittlerweile leider gewohnt ist<\/p>\n<p><a href='http:\/\/ski.inmontanis.info\/d\/268051-2\/DSC01759.jpg'><img src=http:\/\/ski.inmontanis.info\/d\/268050-3\/DSC01759.jpg \/><\/a><br \/>\n^ Doppel-SL Nevada, der rechte mit Zwirbelkurve geht etwas weiter hinauf<\/p>\n<p><a href='http:\/\/ski.inmontanis.info\/d\/268055-2\/DSC01763.jpg'><img src=http:\/\/ski.inmontanis.info\/d\/268054-3\/DSC01763.jpg \/><\/a><br \/>\n^ .. aber nicht so weit wie sein Vorg\u00e4nger. Glaub da stand fr\u00fcher ja mal ein KSSL hier.<\/p>\n<p><a href='http:\/\/ski.inmontanis.info\/d\/268059-2\/DSC01764.jpg'><img src=http:\/\/ski.inmontanis.info\/d\/268058-3\/DSC01764.jpg \/><\/a><br \/>\n^ PB St\u00fctze 1<\/p>\n<p><a href='http:\/\/ski.inmontanis.info\/d\/268063-2\/DSC01769.jpg'><img src=http:\/\/ski.inmontanis.info\/d\/268062-3\/DSC01769.jpg \/><\/a><br \/>\n^ PB St\u00fctze 1<\/p>\n<p><a href='http:\/\/ski.inmontanis.info\/d\/268067-2\/DSC01772.jpg'><img src=http:\/\/ski.inmontanis.info\/d\/268066-3\/DSC01772.jpg \/><\/a><br \/>\n^ PB St\u00fctze 2<\/p>\n<p><a href='http:\/\/ski.inmontanis.info\/d\/268071-2\/ge20191201a.jpg'><img src=http:\/\/ski.inmontanis.info\/d\/268070-3\/ge20191201a.jpg \/><\/a><br \/>\n^ GPS-Track Bormio 1.12.2019, all diese Abfahrten lassen sich von der PB fahren (ein paar Abschnitte noch nicht offen, ein paar nicht gefahren). Wenn es jetzt auch noch Abfahrten rechts von der Bergstation weg g\u00e4be&#8230;<\/p>\n<p>Fazit: Bormio hat mich heute sehr \u00fcberzeugt. Viel mehr kann man aus einer einzigen 1000hm-Pendelbahn nicht rausholen.<\/p>\n<p>Um 14h h\u00f6rte ich wetterbedingt auf und fuhr \u00fcber den mittlerweile schneebedeckten Berninapass wieder heim. Zuvor gab es vor Tirano nat\u00fcrlich etwas Stau &#8211; aber der war gestern Abend (als ich in Gegenrichtung fuhr) wesentlich l\u00e4nger. Echt bescheuert, warum man ausgerechnet am gr\u00f6\u00dften Ort hier im Tal noch keine Umgehungsstra\u00dfe gebaut hat. Alternativ k\u00f6nnte ich zwar \u00fcber Livigno fahren, lohnt sich bei der teuren Tunnelmaut nicht, so viel kann ich ja leider nicht tanken, als dass ich das durch Umwegeinsparung und g\u00fcnstigere Treibstoffkosten einspare.<\/p>\n<p><a href='http:\/\/extra.inmontanis.info\/d\/57163-2\/DSC01778.jpg'><img src=http:\/\/extra.inmontanis.info\/d\/57162-3\/DSC01778.jpg \/><\/a><br \/>\n^ Auffahrt Berninapass, heute etwas vorsichtiger zu fahren<\/p>\n<p><a href='http:\/\/extra.inmontanis.info\/d\/57167-2\/DSC01782.jpg'><img src=http:\/\/extra.inmontanis.info\/d\/57166-3\/DSC01782.jpg \/><\/a><br \/>\n^ Teilweise musste man wg. Schneeverwehungen im Schrittempo fahren, weil man nichts mehr von der Stra\u00dfe sah. <\/p>\n<p>&#8211;<\/p>\n<p>Ich denke, ich hatte in meinen UK-Berichten mal erw\u00e4hnt, dass mir diese dort immer wieder mal zu findenden dunkelgr\u00fcnen Fliesen recht gut gefallen. Auch als Wandfarbe \/ Wandtapeten in Serien (die in der Vergangenheit spielen) ist mir das schon \u00f6fters positiv aufgefallen. Dass ich ausgerechnet dieses WE im Hotelzimmer wie dann auch in Bormio an der PB so viel von diesem dunklen Gr\u00fcn finden werde, war insofern ein interessanter Zufall, da ich jetzt endlich mit meiner Badezimmer&#8221;retrofizierung&#8221; fertig bin. Glaub das hatte ich mal erw\u00e4hnt, dass ich den Herbst da was machen m\u00f6chte -> Fliesen gr\u00fcn streichen und nostalgisch aussehende Armaturen anschaffen.<\/p>\n<p>Ende September hatte ich angefangen am PC auf Bildern rumzumalen -> alles in gr\u00fcnen Fliesen schaut vielleicht doch nicht so toll aus. Wei\u00dfe Linien f\u00fcr wei\u00dfe Fugen erg\u00e4nzt: Jawoll, das schaut schon viel besser aus. Die Websuche offenbarte aber noch zwei andere interessante, altmodische Fliesenfarbt\u00f6ne: Dunkelblau und Dunkelrot. Also mischte ich auch das ins Bild. Aber so wirklich wollte mir da nichts gefallen. Schlussendlich strich ich Rot aus dem Badezimmer (und strich stattdessen die Fensterwand in der K\u00fcche knallrot plus Fensterrahmen in Hellblau) und erg\u00e4nzte Wei\u00df f\u00fcr einen Teil der Fliesen. Und statt eine oder zwei Seiten in Dunkelblau zu machen, nahm ich Dunkelblau nur als &#8220;Bord\u00fcre&#8221;. Das gefiel mir. Blieb noch die Frage nach dem richtigen Gr\u00fcnton. Smaragdgr\u00fcn, Victoria green, Britisch Racing Green, .. irgendwie passt so alles, aber der Gr\u00fcnton sollte weder zu hell sein, noch zu sehr ins Gelbe oder T\u00fcrkise gehen, wohl aber kr\u00e4ftig sein. Die Entscheidung fiel dann auf die RAL-Farbe &#8220;Moosgr\u00fcn&#8221;, was sich dann nicht als falsch herausstellte. Blau wurde &#8220;Ultramarin&#8221;, das sehr kr\u00e4ftig ist, aber auch gern einen Ticken heller h\u00e4tte sein k\u00f6nnen. <\/p>\n<p>Das Streichen der Fliesen ging an sich recht gut, aber gr\u00fcne Fliesen ohne helle Fugen schauen bescheuert aus und das Nachstreichen der Fugen war dann so richtig zeitaufwendig, es klappte weder mit Lochlineal, noch mit Kreppband sonderlich gut &#8211; schlussendlich krazte ich bei allen Fliesen den Rand nach und das \u00fcbersch\u00fcssige Wei\u00df weg = etliche Abende besch\u00e4ftigt gewesen und es schaut zugegebenerma\u00dfen auch nicht 100%ig sauber aus. Allerdings waren die Fugen ja auch nicht exakt gerade und unterschiedlich breit. Und zu exakt w\u00e4re ja auch nicht sonderlich retro. Insofern bin ich mit dem Ergebnis schon recht zufrieden so, insofern, dass man es einfach nicht perfekt hinbekommen kann und es ohne wei\u00dfe Fugen viel bl\u00f6der aussehen w\u00fcrde.<\/p>\n<p>Vorher:<br \/>\n<a href='http:\/\/extra.inmontanis.info\/d\/57171-2\/DSC00838.jpg'><img src=http:\/\/extra.inmontanis.info\/d\/57170-3\/DSC00838.jpg \/><\/a><\/p>\n<p>Nachher:<br \/>\n<a href='http:\/\/extra.inmontanis.info\/d\/57175-2\/DSC01847.jpg'><img src=http:\/\/extra.inmontanis.info\/d\/57174-3\/DSC01847.jpg \/><\/a><\/p>\n<p><a href='http:\/\/extra.inmontanis.info\/d\/57179-2\/DSC01851.jpg'><img src=http:\/\/extra.inmontanis.info\/d\/57178-3\/DSC01851.jpg \/><\/a><\/p>\n<p><a href='http:\/\/extra.inmontanis.info\/d\/57183-3\/DSC00833.jpg'><img src=http:\/\/extra.inmontanis.info\/d\/57182-4\/DSC00833.jpg \/><\/a><br \/>\n^ Alt<\/p>\n<p><a href='http:\/\/extra.inmontanis.info\/d\/57187-3\/DSC01807.jpg'><img src=http:\/\/extra.inmontanis.info\/d\/57186-4\/DSC01807.jpg \/><\/a><br \/>\n^ Neu<\/p>\n<p><a href='http:\/\/extra.inmontanis.info\/d\/57191-3\/DSC01841.jpg'><img src=http:\/\/extra.inmontanis.info\/d\/57190-4\/DSC01841.jpg \/><\/a><br \/>\n^ (wie lang die Aufkleber halten werden, wird sich zeigen .. Hab ich aber zuf\u00e4llig auf Amazon entdeckt und fand ich auch recht passend)<\/p>\n<p><a href='http:\/\/extra.inmontanis.info\/d\/57195-3\/DSC00834.jpg'><img src=http:\/\/extra.inmontanis.info\/d\/57194-4\/DSC00834.jpg \/><\/a><br \/>\n^ Alt<\/p>\n<p><a href='http:\/\/extra.inmontanis.info\/d\/57199-3\/DSC01837.jpg'><img src=http:\/\/extra.inmontanis.info\/d\/57198-4\/DSC01837.jpg \/><\/a><br \/>\n^ Neu &#8211; auch die Uhr und die T\u00fcrgriffe mussten nat\u00fcrlich halbwegs stimmig ersetzt werden<\/p>\n<p><a href='http:\/\/extra.inmontanis.info\/d\/57203-3\/DSC01821.jpg'><img src=http:\/\/extra.inmontanis.info\/d\/57202-4\/DSC01821.jpg \/><\/a><br \/>\n^ .. einfach auf der Wand weitergemalt :)<\/p>\n<p><a href='http:\/\/extra.inmontanis.info\/d\/57207-3\/DSC00830.jpg'><img src=http:\/\/extra.inmontanis.info\/d\/57206-4\/DSC00830.jpg \/><\/a><br \/>\n^ Alt<\/p>\n<p><a href='http:\/\/extra.inmontanis.info\/d\/57211-3\/DSC01825.jpg'><img src=http:\/\/extra.inmontanis.info\/d\/57210-4\/DSC01825.jpg \/><\/a><br \/>\n^ Neu<\/p>\n<p>Die ganzen Armaturen und Haken kamen allesamt aus China via Amazon. Bei einem Produkt lag statt Schrauben und D\u00fcbel nur ein Kleber dabei. Dessen Aufschrift ist mal sehr witzig, die Schlusspointe ist genial:<\/p>\n<p><a href='http:\/\/extra.inmontanis.info\/d\/57215-3\/DSC01783.jpg'><img src=http:\/\/extra.inmontanis.info\/d\/57214-4\/DSC01783.jpg \/><\/a><br \/>\nAUS DEUTSCHLAND<br \/>\nDie f\u00fcnfte Generation des nano-strukturen in Deutschland<\/p>\n<p><a href='http:\/\/extra.inmontanis.info\/d\/57219-3\/DSC01790.jpg'><img src=http:\/\/extra.inmontanis.info\/d\/57218-4\/DSC01790.jpg \/><\/a><br \/>\nAnwendung. Fenster und t\u00fcren, K\u00fcche, bad, die Gemeinsame und wasserdicht<br \/>\nvor allem f\u00fcr die abgas &#8211; fan, Haken, handtuchhalter, waschbecken, kasten, stec<br \/>\nkdosen, lampenfassungen, Gummi, kunststoff, Metall, Keramik, gips, marmor,kle<br \/>\niderschrank Griff,Holz, pappe, kunsthandwerk,Elektro &#8211; zubeh\u00f6r Wie bindungAnw<br \/>\nendung: vor beiden oberfl\u00e4chen kleben an farbe, Rost und schmutzges\u00e4ubert,die<br \/>\noberfl\u00e4che muss trocken Der einen Seite geklebt.MITumfassenden Druck verteilt<br \/>\nund das gel.Etwa zehn minuten nach der tage24 &#8211; stunden &#8211; wirkung OptimalVor<br \/>\nsicht: nicht eintritt, ist nicht erlaubt, dass derKontakt MIT kindernum die gefahrzuv<br \/>\nermeiden. Die Deutsche Fabrik<\/p>\n<p>:)<\/p>\n<p>(N\u00e4chstes Wohnungsprojekt ist dann eine 4-Elemente-Faltschiebet\u00fcr wie bei alten Pendelbahnen bzw. Stra\u00dfenbahnen; allerdings wohl aus Holz statt Metall. Bis ich aber f\u00fcr das Design Zeit haben werde (und bei einem Tischler nachfrage, was das kosten wird), wird es wohl wieder Herbst werden ..)<\/p>\n","protected":false},"excerpt":{"rendered":"<p>So, 1.12.2019<\/p>\n<p>Am Seilbahnparkplatz in Bormio angekommen las ich, dass dieser 3,- \u20ac kostet. Da die Talabfahrt eh noch nicht offen ist, fuhr ich kurzerhand nach Bormio 2000 hinauf, wo der Parkplatz nichts kostet. Als letzter erwischte ich gerade noch die Abfahrt der PB, so dass ich auch keinesfalls sp\u00e4ter am Gipfel war, als wenn <a href=\"http:\/\/blog.inmontanis.info\/?p=5864\">[&#8230;]<\/a><\/p>\n","protected":false},"author":1,"featured_media":0,"comment_status":"closed","ping_status":"closed","sticky":false,"template":"","format":"standard","meta":{"footnotes":""},"categories":[522,15,27,81],"tags":[55,49,79,52,47],"class_list":["post-5864","post","type-post","status-publish","format-standard","hentry","category-bormio","category-italienitaly","category-skifahren-winterskiing-winter","category-kurztrips","tag-3sb","tag-4sb","tag-agudio","tag-pb","tag-sl","odd"],"_links":{"self":[{"href":"http:\/\/blog.inmontanis.info\/index.php?rest_route=\/wp\/v2\/posts\/5864","targetHints":{"allow":["GET"]}}],"collection":[{"href":"http:\/\/blog.inmontanis.info\/index.php?rest_route=\/wp\/v2\/posts"}],"about":[{"href":"http:\/\/blog.inmontanis.info\/index.php?rest_route=\/wp\/v2\/types\/post"}],"author":[{"embeddable":true,"href":"http:\/\/blog.inmontanis.info\/index.php?rest_route=\/wp\/v2\/users\/1"}],"replies":[{"embeddable":true,"href":"http:\/\/blog.inmontanis.info\/index.php?rest_route=%2Fwp%2Fv2%2Fcomments&post=5864"}],"version-history":[{"count":6,"href":"http:\/\/blog.inmontanis.info\/index.php?rest_route=\/wp\/v2\/posts\/5864\/revisions"}],"predecessor-version":[{"id":5870,"href":"http:\/\/blog.inmontanis.info\/index.php?rest_route=\/wp\/v2\/posts\/5864\/revisions\/5870"}],"wp:attachment":[{"href":"http:\/\/blog.inmontanis.info\/index.php?rest_route=%2Fwp%2Fv2%2Fmedia&parent=5864"}],"wp:term":[{"taxonomy":"category","embeddable":true,"href":"http:\/\/blog.inmontanis.info\/index.php?rest_route=%2Fwp%2Fv2%2Fcategories&post=5864"},{"taxonomy":"post_tag","embeddable":true,"href":"http:\/\/blog.inmontanis.info\/index.php?rest_route=%2Fwp%2Fv2%2Ftags&post=5864"}],"curies":[{"name":"wp","href":"https:\/\/api.w.org\/{rel}","templated":true}]}}