{"id":5860,"date":"2019-11-30T20:17:17","date_gmt":"2019-11-30T19:17:17","guid":{"rendered":"http:\/\/blog.inmontanis.info\/?p=5860"},"modified":"2023-08-03T22:23:48","modified_gmt":"2023-08-03T20:23:48","slug":"pescegallo-chiesa-valmalenco-30-11-2019","status":"publish","type":"post","link":"http:\/\/blog.inmontanis.info\/?p=5860","title":{"rendered":"Pescegallo &#038; Chiesa Valmalenco, 30.11.2019"},"content":{"rendered":"<p><strong>Sa, 30.11.2019<\/strong><\/p>\n<p>Ab diesem WE gab es eine respektable Auswahl an ge\u00f6ffneten Skigebieten in meinem Saisonkarteng\u00fcltigkeitsbereich, deshalb fiel mir die Entscheidung nicht leicht. F\u00fcr heute war sehr sonnig gemeldet, morgen im Tagesverlauf Schneefall. Schlussendlich wollte ich eine Kombination aus Chiesa\/Valmalenco und Pescegallo machen. Lt. Navi w\u00e4re Chiesa (via Bernina statt Maloja) 20min schneller zu erreichen, aber die Stra\u00dfe schneebedeckt &#8211; und heute Nachmittag ist es auch angenehmer, in Chiesa statt in Pescegallo zu sein. Also fuhr ich erst mal Pescegallo, wo es mir ja zuletzt recht gut gefallen hatte und wo ich um kurz nach 9 Uhr ankam. <\/p>\n<p>Ge\u00f6ffnet waren bereits alle Lifte und Pisten (also DSB+SL), allerdings ist es momentan ein ziemliches Schattenloch. Am Alfi-Leser h\u00f6rte ich wohlwollend die Stimme &#8220;Stagionale&#8221; rufen. Ja, die Skidata-Saisonkarte muss in der Lombardei nicht nur auf Skidata- und Axess-, sondern auch auf Alfi-Lesern funktionieren.<\/p>\n<p>(Fotos anklicken zum Vergr\u00f6\u00dfern)<\/p>\n<p><a href='http:\/\/extra.inmontanis.info\/d\/57147-2\/DSC01608.jpg'><img src=http:\/\/extra.inmontanis.info\/d\/57146-3\/DSC01608.jpg \/><\/a><br \/>\n^ Heute ging&#8217;s \u00fcber den Malojapass<\/p>\n<p><a href='http:\/\/ski.inmontanis.info\/d\/267939-2\/DSC01611.jpg'><img src=http:\/\/ski.inmontanis.info\/d\/267938-3\/DSC01611.jpg \/><\/a><br \/>\n^ Ankunft in Pescegallo, alle Talabfahrten pr\u00e4pariert<\/p>\n<p><a href='http:\/\/ski.inmontanis.info\/d\/267943-2\/DSC01613.jpg'><img src=http:\/\/ski.inmontanis.info\/d\/267942-3\/DSC01613.jpg \/><\/a><br \/>\n^ Ziemlich schattig hier im Hochwinter<\/p>\n<p><a href='http:\/\/ski.inmontanis.info\/d\/267947-2\/DSC01616.jpg'><img src=http:\/\/ski.inmontanis.info\/d\/267946-3\/DSC01616.jpg \/><\/a><br \/>\n^ Abfahrt am SL sehr gut, aber die DSB-Abfahrten waren sehr knollig<\/p>\n<p><a href='http:\/\/ski.inmontanis.info\/d\/267951-2\/DSC01618.jpg'><img src=http:\/\/ski.inmontanis.info\/d\/267950-3\/DSC01618.jpg \/><\/a><br \/>\n^ Tourengeher \u00fcberqueren Bach<\/p>\n<p><a href='http:\/\/ski.inmontanis.info\/d\/267955-2\/DSC01621.jpg'><img src=http:\/\/ski.inmontanis.info\/d\/267954-3\/DSC01621.jpg \/><\/a><br \/>\n^ Am Start der roten Abfahrt gab es dann recht fr\u00fch etwas Sonne, weiter runter aber wieder arg knollig<\/p>\n<p>Schnee am SL oben war sehr gut, die Talabfahrten dagegen weniger sch\u00f6n und knollig, so dass ich die schwarze und die rote Abfahrt nur jeweils 1x fuhr und somit nur ca. 1 Stunde blieb, bevor ich weiter nach Chiesa fuhr, wobei lt. Routenplaner alle Skigebiet in der Gegend von hier aus in fast identischen ca. 1.5h anzufahren w\u00e4ren.<\/p>\n<p>Anstatt um 12h mit der PB rauf zu kommen (die 4KSB als 2. Zubringer war lt. gestrigem Betirebsplan leider noch nicht ge\u00f6ffnet) hab ich nach 15min rumfahren am \u00fcberf\u00fcllten Parkplatz der PB erst um 12:00 einen Platz gefunden, wo ich mich hinstellen konnte und keinen behindern w\u00fcrde (wobei ich nachmittags mitten in der Stra\u00dfe stand, weil die beiden rechts von mir inzwischen weg waren). Bei meinem n\u00e4chsten Besuch hier wird hoffentlich die 4KSB in Betrieb sein. Die n\u00e4chste PB (160 Personen) fuhr dann um 12:15 und diese bin ich bisher ja noch nie gefahren.<\/p>\n<p>Nat\u00fcrlich war es auch hier teilweise recht knollig. Die R\u00fcckbringer-DSB t\u00e4te bis 17h fahren, ich fuhr um 15:30 und mit der n\u00e4chsten PB um ca. 15:37 runter, es war mir mittlerweile zu kalt und bin auch alles genug abgefahren, so gro\u00df ist es hier ja nicht. Landschaftlich ist es aber schon nett hier.<\/p>\n<p><a href='http:\/\/ski.inmontanis.info\/d\/267831-2\/DSC01623.jpg'><img src=http:\/\/ski.inmontanis.info\/d\/267830-3\/DSC01623.jpg \/><\/a><br \/>\n^ PB Snow Eagle<\/p>\n<p><a href='http:\/\/ski.inmontanis.info\/d\/267835-2\/DSC01627.jpg'><img src=http:\/\/ski.inmontanis.info\/d\/267834-3\/DSC01627.jpg \/><\/a><br \/>\n^ Seitenblick von der PB<\/p>\n<p><a href='http:\/\/ski.inmontanis.info\/d\/267839-2\/DSC01630.jpg'><img src=http:\/\/ski.inmontanis.info\/d\/267838-3\/DSC01630.jpg \/><\/a><br \/>\n^ Talblick von der PB-Bergstation<\/p>\n<p><a href='http:\/\/ski.inmontanis.info\/d\/267843-2\/DSC01632.jpg'><img src=http:\/\/ski.inmontanis.info\/d\/267842-3\/DSC01632.jpg \/><\/a><br \/>\n^ Pano von der PB-Bergstation<\/p>\n<p><a href='http:\/\/ski.inmontanis.info\/d\/267847-2\/DSC01635.jpg'><img src=http:\/\/ski.inmontanis.info\/d\/267846-3\/DSC01635.jpg \/><\/a><br \/>\n^ PB-Bergstation<\/p>\n<p><a href='http:\/\/ski.inmontanis.info\/d\/267851-2\/DSC01638.jpg'><img src=http:\/\/ski.inmontanis.info\/d\/267850-3\/DSC01638.jpg \/><\/a><br \/>\n^ Abfahrt von der PB ins Skigebiet; rechts die Abfahrt der R\u00fcckbringer-DSB (Alternativ: Schr\u00e4gaufzug\/SSB links)<\/p>\n<p><a href='http:\/\/ski.inmontanis.info\/d\/267855-2\/DSC01643.jpg'><img src=http:\/\/ski.inmontanis.info\/d\/267854-3\/DSC01643.jpg \/><\/a><br \/>\n^ Steinh\u00e4user mit den beiden 4KSB Cima Motta<\/p>\n<p><a href='http:\/\/ski.inmontanis.info\/d\/267859-2\/DSC01645.jpg'><img src=http:\/\/ski.inmontanis.info\/d\/267858-3\/DSC01645.jpg \/><\/a><br \/>\n^ 4KSB Bocchel del Torno, hat ja leider nur eine Abfahrt .. aber man kann auch hier fahren<\/p>\n<p><a href='http:\/\/ski.inmontanis.info\/d\/267863-2\/DSC01648.jpg'><img src=http:\/\/ski.inmontanis.info\/d\/267862-3\/DSC01648.jpg \/><\/a><br \/>\n^ Pano 4KSB Bocchel del Torno<\/p>\n<p><a href='http:\/\/ski.inmontanis.info\/d\/267867-2\/DSC01653.jpg'><img src=http:\/\/ski.inmontanis.info\/d\/267866-3\/DSC01653.jpg \/><\/a><br \/>\n^ 4KSB Bocchel del Torno<\/p>\n<p><a href='http:\/\/ski.inmontanis.info\/d\/267871-2\/DSC01656.jpg'><img src=http:\/\/ski.inmontanis.info\/d\/267870-3\/DSC01656.jpg \/><\/a><br \/>\n^ 4KSB Scerscen, die schwarze Abfahrt links war auch schon offen (konnte ich letztes Mal ja nicht fahren)<\/p>\n<p><a href='http:\/\/ski.inmontanis.info\/d\/267875-2\/DSC01658.jpg'><img src=http:\/\/ski.inmontanis.info\/d\/267874-3\/DSC01658.jpg \/><\/a><br \/>\n^ Holprige Hinweistafel an der schwarzen Abfahrt<\/p>\n<p><a href='http:\/\/ski.inmontanis.info\/d\/267879-2\/DSC01659.jpg'><img src=http:\/\/ski.inmontanis.info\/d\/267878-3\/DSC01659.jpg \/><\/a><br \/>\n^ Orte, wo ein Zaun Sinn macht ;)<\/p>\n<p><a href='http:\/\/ski.inmontanis.info\/d\/267883-2\/DSC01661.jpg'><img src=http:\/\/ski.inmontanis.info\/d\/267882-3\/DSC01661.jpg \/><\/a><br \/>\n^ Talpano<\/p>\n<p><a href='http:\/\/ski.inmontanis.info\/d\/267887-2\/DSC01662.jpg'><img src=http:\/\/ski.inmontanis.info\/d\/267886-3\/DSC01662.jpg \/><\/a><br \/>\n^ Etwas offpiste neben der schwarzen Abfahrt<\/p>\n<p><a href='http:\/\/ski.inmontanis.info\/d\/267891-2\/DSC01663.jpg'><img src=http:\/\/ski.inmontanis.info\/d\/267890-3\/DSC01663.jpg \/><\/a><br \/>\n^ Schwarze Th\u00f6ni-Piste, auch recht nett und nur der unterste Hang ist schwarz<\/p>\n<p><a href='http:\/\/ski.inmontanis.info\/d\/267895-2\/DSC01667.jpg'><img src=http:\/\/ski.inmontanis.info\/d\/267894-3\/DSC01667.jpg \/><\/a><br \/>\n^ Die mittlere rote Piste an der Scerscen-4KSB, auch nett<\/p>\n<p><a href='http:\/\/ski.inmontanis.info\/d\/267899-2\/DSC01668.jpg'><img src=http:\/\/ski.inmontanis.info\/d\/267898-3\/DSC01668.jpg \/><\/a><br \/>\n^ Ex-SL<\/p>\n<p><a href='http:\/\/ski.inmontanis.info\/d\/267903-2\/DSC01669.jpg'><img src=http:\/\/ski.inmontanis.info\/d\/267902-3\/DSC01669.jpg \/><\/a><br \/>\n^ Ex-SL<\/p>\n<p><a href='http:\/\/ski.inmontanis.info\/d\/267907-2\/DSC01671.jpg'><img src=http:\/\/ski.inmontanis.info\/d\/267906-3\/DSC01671.jpg \/><\/a><br \/>\n^ Cima Motta \/ 4KSB Palu-Motta, bei meinem letzten Besuch stand hier noch eine 4SB<\/p>\n<p><a href='http:\/\/ski.inmontanis.info\/d\/267911-2\/DSC01672.jpg'><img src=http:\/\/ski.inmontanis.info\/d\/267910-3\/DSC01672.jpg \/><\/a><br \/>\n^ Schwarze Abfahrt an der 4KSB Palu-Motta<\/p>\n<p><a href='http:\/\/ski.inmontanis.info\/d\/267915-2\/DSC01673.jpg'><img src=http:\/\/ski.inmontanis.info\/d\/267914-3\/DSC01673.jpg \/><\/a><br \/>\n^ 4KSB Palu-Motta<\/p>\n<p>Danach bin ich noch kurz zum stillgelegten Skigebiet gegen\u00fcber gefahren. Wenn ich das richtig irgendwo gelesen hab, soll eine der DSBs hier abgebaut und verkauft und wo anders in Italien wieder aufgestellt werden.<\/p>\n<p><a href='http:\/\/ski.inmontanis.info\/d\/267919-2\/DSC01677.jpg'><img src=http:\/\/ski.inmontanis.info\/d\/267918-3\/DSC01677.jpg \/><\/a><br \/>\n^ Gegen\u00fcber das stillgelegte Skigebiet von Caspoggio, die DSB Sektion 1 ist immerhin im Sommer noch in Betrieb<\/p>\n<p><a href='http:\/\/ski.inmontanis.info\/d\/267923-2\/DSC01678.jpg'><img src=http:\/\/ski.inmontanis.info\/d\/267922-3\/DSC01678.jpg \/><\/a><br \/>\n^ DSB Caspoggio<\/p>\n<p><a href='http:\/\/ski.inmontanis.info\/d\/267927-2\/DSC01679.jpg'><img src=http:\/\/ski.inmontanis.info\/d\/267926-3\/DSC01679.jpg \/><\/a><br \/>\n^ DSB Caspoggio<\/p>\n<p><a href='http:\/\/ski.inmontanis.info\/d\/267931-2\/DSC01680.jpg'><img src=http:\/\/ski.inmontanis.info\/d\/267930-3\/DSC01680.jpg \/><\/a><br \/>\n^ Neben der DSB gibts noch ein F\u00f6rderband und Schneekanonen, ein bisschen Skibetrieb gibts also noch<\/p>\n<p><a href='http:\/\/ski.inmontanis.info\/d\/267935-2\/DSC01681.jpg'><img src=http:\/\/ski.inmontanis.info\/d\/267934-3\/DSC01681.jpg \/><\/a><br \/>\n^ DSB Caspoggio Sektion 1 \u00d6ffnungszeiten im Sommer<\/p>\n<p>Leider k\u00f6nnte die Fahrt ins Valmalenco heute Mittag noch ein sehr teures Nachspiel haben, denn ich kam mal wieder viel zu schnell an einem Geschwindigkeitsmesser vorbei. Es gab keinerlei Geschwindigkeitsbegrenzungsschilder zuvor oder im Bereich des &#8220;Blitzers&#8221; (wobei es mal nicht geblitzt hat, aber muss er ja auch nicht) und das Ortsschild auf der linken Seite fiel mir nicht auf. Bei der R\u00fcckfahrt wollte ich dokumentieren, dass es kein Ortsschild und kein 50er-Schild gab, aber eben, das Ortsschild stand doch da.<\/p>\n<p>Hier abends in Gegenrichtung fotografiert:<br \/>\n<a href='http:\/\/extra.inmontanis.info\/d\/57151-2\/DSC01686.jpg'><img src=http:\/\/extra.inmontanis.info\/d\/57150-3\/DSC01686.jpg \/><\/a><\/p>\n<p>Falls das Ding also funktioniert hat und ich wirklich knapp 90 drauf hatte (etwas gebremst hatte ich noch, aber ich war ja der \u00fcberzeugung, dass es kein Ortsschild und keine Begrenzung gab), k\u00f6nnten das lt. Websuche \u00fcber 600,- \u20ac werden. Sch\u00f6ner Schei\u00df. Da werd ich mir mal einen Warner am Navi oder Handy installieren m\u00fcssen. (Scheint in IT sogar legal zu sein.)<\/p>\n<p>Einquartiert hab ich mich auf dem Weg richtung Bormio in Sondalo (weil morgen f\u00fcr Bormio der Wetterbericht noch am wenigsten Schneefall vorausgesagt hatte), fast nebendran wo ich schon mal vor einigen Jahren gen\u00e4chtigt hatte. Dieses, jenes und ein anderes vor Tirano (wo ich auch schon mal war) waren f\u00fcr heute die g\u00fcnstigsten Hotels auf Booking.com &#8211; also teste ich mal das, wo ich noch nicht war. Pizzeria-Restaurant ist auch dabei, \u00dcF hatte 35 gekostet. Fr\u00fchst\u00fcck lt. Zettel ab 7:30, Abendessen ab 19.30. Das EZ ist nicht sehr gro\u00df, aber mit Schreibtisch und angenehm warm geheizt. Die M\u00f6bel sind in dunkelbraun und smaragd\/t\u00fcrkis\/dunkelgr\u00fcn gehalten, was mir ja in letzter Zeit recht gut gef\u00e4llt. Abendmen\u00fc h\u00e4tte man um 12 \u20ac (+1,50 Gedeck) haben k\u00f6nnen, aber es gab nicht so viel spannendes, daher nahm ich lieber die Pizza mit Salsiccia, Champignons und Paprika.<\/p>\n<p><a href='http:\/\/extra.inmontanis.info\/d\/57155-2\/DSC01691.jpg'><img src=http:\/\/extra.inmontanis.info\/d\/57154-3\/DSC01691.jpg \/><\/a><br \/>\n^ Heutiges Hotelzimmer in (Smaragd)gr\u00fcn und Braun<\/p>\n<p>Das Fr\u00fchst\u00fccksbuffet am n\u00e4chsten Tag war auch gro\u00df genug, wenn auch weder frische Croissants (nur abgepackt) und das Wei\u00dfbrot z\u00e4h war, aber immerhin gab&#8217;s \u00fcberhaupt eines (plus Mortadella, Speck und K\u00e4se), Focaccia (auch recht trocken), Pizza (nicht probiert) &#8211; und die \u00fcblichen Sachen nat\u00fcrlich.<\/p>\n<p>(Fortsetzung von Bormio folgt.)<\/p>\n","protected":false},"excerpt":{"rendered":"<p>Sa, 30.11.2019<\/p>\n<p>Ab diesem WE gab es eine respektable Auswahl an ge\u00f6ffneten Skigebieten in meinem Saisonkarteng\u00fcltigkeitsbereich, deshalb fiel mir die Entscheidung nicht leicht. F\u00fcr heute war sehr sonnig gemeldet, morgen im Tagesverlauf Schneefall. Schlussendlich wollte ich eine Kombination aus Chiesa\/Valmalenco und Pescegallo machen. Lt. Navi w\u00e4re Chiesa (via Bernina statt Maloja) 20min schneller zu erreichen, <a href=\"http:\/\/blog.inmontanis.info\/?p=5860\">[&#8230;]<\/a><\/p>\n","protected":false},"author":1,"featured_media":0,"comment_status":"closed","ping_status":"closed","sticky":false,"template":"","format":"standard","meta":{"footnotes":""},"categories":[505,15,217,27,81],"tags":[49,38,52,47],"class_list":["post-5860","post","type-post","status-publish","format-standard","hentry","category-chiesa-in-valmalenco","category-italienitaly","category-pescegallo","category-skifahren-winterskiing-winter","category-kurztrips","tag-4sb","tag-dsb","tag-pb","tag-sl","odd"],"_links":{"self":[{"href":"http:\/\/blog.inmontanis.info\/index.php?rest_route=\/wp\/v2\/posts\/5860","targetHints":{"allow":["GET"]}}],"collection":[{"href":"http:\/\/blog.inmontanis.info\/index.php?rest_route=\/wp\/v2\/posts"}],"about":[{"href":"http:\/\/blog.inmontanis.info\/index.php?rest_route=\/wp\/v2\/types\/post"}],"author":[{"embeddable":true,"href":"http:\/\/blog.inmontanis.info\/index.php?rest_route=\/wp\/v2\/users\/1"}],"replies":[{"embeddable":true,"href":"http:\/\/blog.inmontanis.info\/index.php?rest_route=%2Fwp%2Fv2%2Fcomments&post=5860"}],"version-history":[{"count":2,"href":"http:\/\/blog.inmontanis.info\/index.php?rest_route=\/wp\/v2\/posts\/5860\/revisions"}],"predecessor-version":[{"id":5862,"href":"http:\/\/blog.inmontanis.info\/index.php?rest_route=\/wp\/v2\/posts\/5860\/revisions\/5862"}],"wp:attachment":[{"href":"http:\/\/blog.inmontanis.info\/index.php?rest_route=%2Fwp%2Fv2%2Fmedia&parent=5860"}],"wp:term":[{"taxonomy":"category","embeddable":true,"href":"http:\/\/blog.inmontanis.info\/index.php?rest_route=%2Fwp%2Fv2%2Fcategories&post=5860"},{"taxonomy":"post_tag","embeddable":true,"href":"http:\/\/blog.inmontanis.info\/index.php?rest_route=%2Fwp%2Fv2%2Ftags&post=5860"}],"curies":[{"name":"wp","href":"https:\/\/api.w.org\/{rel}","templated":true}]}}