{"id":5857,"date":"2019-11-24T23:01:00","date_gmt":"2019-11-24T22:01:00","guid":{"rendered":"http:\/\/blog.inmontanis.info\/?p=5857"},"modified":"2023-08-04T18:45:17","modified_gmt":"2023-08-04T16:45:17","slug":"tonale-aprica-s-caterina-23-24-11-2019","status":"publish","type":"post","link":"http:\/\/blog.inmontanis.info\/?p=5857","title":{"rendered":"Tonale + Aprica + S. Caterina, 23.+24.11.2019"},"content":{"rendered":"<p><strong>Sa, 23.11.2019 &#8211; Passo Tonale<\/strong><\/p>\n<p>Ab heute gilt endlich meine Lombardei-Saisonkarte. Ge\u00f6ffnet sind auch schon einige Skigebiete, also ging&#8217;s trotz der eher schlechten Wettervorhersagen nach Italien (in AT zwar sonniger, aber mit dem Sturm auch alles sehr schlie\u00dfungsgef\u00e4hrdet).<\/p>\n<p>Um 7:50 Uhr fuhr ich versp\u00e4tet weg, bei den Wettervorhersagen hatte ich&#8217;s nicht sehr eilig und bin daher &#8211; au\u00dfer um Bozen rum &#8211; nicht auf der mautpflichtigen, italienischen Autobahn gefahren. Die Stra\u00dfe rauf zum Tonale war dann lt. Navi\/TMC gesperrt, aber lt. Internet betraf das nur Schwerverkehr. War dann offen, so dass ich um 11:45 am Pass ankam. Die Sicht war teilweise, insb. an den rechten beiden KSB, gar nich sooo schlecht, der Schnee aber recht pappig bremsend, so dass man \u00f6fters mal schieben musste, zumal einige Pistenabschnitte sehr flach sind. Mit den anderen Skiern gings dann besser (obwohl beide im Sommer am Hintertuxer beim Service waren und seitdem nicht mehr verwendet wurden).<\/p>\n<p>Die linke Skigebietsseite gl\u00e4nzte dann leider mit Abwesenheiten, keine Pistenbegrenzungsstecken, keine Wegweiser, keine Sperrschilder bei gesperrten Abfahrten und somit keine Ahnung, wie ich zur Mittelstation komme und somit die falsche Abzweigung genommen und ich musste etwas aufsteigen.<\/p>\n<p>Den Wind sp\u00fcrte man eigentlich nur an der EUB, es schneite zudem ganztags, aber nicht besonders stark. Immerhin waren bis auf die 3SB (und der SL und die EUB) nur Hauben-KSB offen. Pisten oftmals recht flach, aber in Summe wars doch ganz OK. Bis auf die nervige BMF-6KSB.<\/p>\n<p>(Fotos anklicken zum Vergr\u00f6\u00dfern)<\/p>\n<p><a href='http:\/\/extra.inmontanis.info\/d\/57131-2\/DSC01502.jpg'><img src=http:\/\/extra.inmontanis.info\/d\/57130-3\/DSC01502.jpg \/><\/a><br \/>\n^ Val di Sole<\/p>\n<p><a href='http:\/\/extra.inmontanis.info\/d\/57135-2\/DSC01503.jpg'><img src=http:\/\/extra.inmontanis.info\/d\/57134-3\/DSC01503.jpg \/><\/a><br \/>\n^ Auffahrt zum Passo Tonale<\/p>\n<p><a href='http:\/\/ski.inmontanis.info\/d\/267767-2\/DSC01504.jpg'><img src=http:\/\/ski.inmontanis.info\/d\/267766-3\/DSC01504.jpg \/><\/a><br \/>\n^ Auffahrt zum Passo Tonale<\/p>\n<p><a href='http:\/\/ski.inmontanis.info\/d\/267771-2\/DSC01506.jpg'><img src=http:\/\/ski.inmontanis.info\/d\/267770-3\/DSC01506.jpg \/><\/a><br \/>\n^ Sehr winterlich hier oben<\/p>\n<p><a href='http:\/\/ski.inmontanis.info\/d\/267775-2\/DSC01507.jpg'><img src=http:\/\/ski.inmontanis.info\/d\/267774-3\/DSC01507.jpg \/><\/a><br \/>\n^ Tiefster Winter<\/p>\n<p><a href='http:\/\/ski.inmontanis.info\/d\/267779-2\/DSC01509.jpg'><img src=http:\/\/ski.inmontanis.info\/d\/267778-3\/DSC01509.jpg \/><\/a><br \/>\n^ 4KSB Contrabbandieri, hier war die Sicht einigerma\u00dfen<\/p>\n<p><a href='http:\/\/ski.inmontanis.info\/d\/267783-2\/DSC01510.jpg'><img src=http:\/\/ski.inmontanis.info\/d\/267782-3\/DSC01510.jpg \/><\/a><br \/>\n^ 4KSB Contrabbandieri<\/p>\n<p><a href='http:\/\/ski.inmontanis.info\/d\/267787-2\/DSC01511.jpg'><img src=http:\/\/ski.inmontanis.info\/d\/267786-3\/DSC01511.jpg \/><\/a><br \/>\n^ Der Stecken lie\u00df sich problemlos \u00fcber 1m tief reinstecken<\/p>\n<p><a href='http:\/\/ski.inmontanis.info\/d\/267791-2\/DSC01515.jpg'><img src=http:\/\/ski.inmontanis.info\/d\/267790-3\/DSC01515.jpg \/><\/a><br \/>\n^ Wie man zu den linken Liften kommt und wieder retour, war leider nicht erkennbar<\/p>\n<p><a href='http:\/\/ski.inmontanis.info\/d\/267795-2\/DSC01516.jpg'><img src=http:\/\/ski.inmontanis.info\/d\/267794-3\/DSC01516.jpg \/><\/a><br \/>\n^ Nett, dass der Lift mit den \u00e4ltesten St\u00fctzen auch lief<\/p>\n<p><a href='http:\/\/ski.inmontanis.info\/d\/267799-2\/DSC01517.jpg'><img src=http:\/\/ski.inmontanis.info\/d\/267798-3\/DSC01517.jpg \/><\/a><br \/>\n^ Hatte keine Ahnung, ob das die offiziell ge\u00f6ffnete Abfahrt zur Mittelstation ist oder ob diese hier \u00fcberhaupt offen hatte -> nein, weder noch.<\/p>\n<p><a href='http:\/\/ski.inmontanis.info\/d\/267803-2\/DSC01520.jpg'><img src=http:\/\/ski.inmontanis.info\/d\/267802-3\/DSC01520.jpg \/><\/a><br \/>\n^ .. das war die Abfahrt zur Mittelstation. Die Gondel richtung Presena war ausgaragiert, aber offiziell war alles gesperrt, seit Tagen wg. Lawinengefahr<\/p>\n<p><a href='http:\/\/ski.inmontanis.info\/d\/267807-2\/DSC01521.jpg'><img src=http:\/\/ski.inmontanis.info\/d\/267806-3\/DSC01521.jpg \/><\/a><br \/>\n^ Typisch italienisches Bild<\/p>\n<p><a href='http:\/\/ski.inmontanis.info\/d\/267811-2\/DSC01523.jpg'><img src=http:\/\/ski.inmontanis.info\/d\/267810-3\/DSC01523.jpg \/><\/a><br \/>\n^ Heutige Nerv-6KSB Vittoria \/ BMF. Das Schneeproblem trotz Hauben hatten heute zwar mehrere Lifte, aber bei diesem hier blieb bei der Auffahrt manchmal die Haube offen. Zudem nervige Sitzabtrenner. Und Zwangsverriegelung. Die werde ich den Rest der Saison nicht mehr fahren, wenn sie durch andere ge\u00f6ffnete Lifte hoffentlich nicht mehr n\u00f6tig sein wird.<\/p>\n<p><a href='http:\/\/ski.inmontanis.info\/d\/267815-2\/DSC01524.jpg'><img src=http:\/\/ski.inmontanis.info\/d\/267814-3\/DSC01524.jpg \/><\/a><br \/>\n^ Winterlicher Tonalepass<\/p>\n<p><a href='http:\/\/ski.inmontanis.info\/d\/267823-2\/DSC01527.jpg'><img src=http:\/\/ski.inmontanis.info\/d\/267822-3\/DSC01527.jpg \/><\/a><br \/>\n^ Hatte heute zeitweise solche Skibrillen mit Maske getestet. Ist aber etwas suboptimal, wenn man Bubble-KSB f\u00e4hrt bzw. viel schieben muss, da es dann schnell anl\u00e4uft. Und so extrem kalt war es heute auch nicht.<\/p>\n<p><a href='http:\/\/ski.inmontanis.info\/d\/267819-2\/DSC01526.jpg'><img src=http:\/\/ski.inmontanis.info\/d\/267818-3\/DSC01526.jpg \/><\/a><br \/>\n^ talw\u00e4rts richtung Ponte die Legno. Hier gabs heute einige Unf\u00e4lle.<\/p>\n<p>Einquartiert hab ich mich zwischen Tonale und Edolo, hatte ich gestern  nach der Suche bei booking.com auf der Buchungsseite des Hotels (Iscla, an sich recht gut bewertet) noch ein paar Euro g\u00fcnstiger bekommen (51 \u20ac Halbpension).  Die Bedienstete hat dann nicht mal gewusst, dass ich Halbpension bestellt hatte. Hab dann wohl irgendwie ein gr\u00f6\u00dferes Zimmer bekommen, Stra\u00dfe und Fluss doch recht laut (obwohl die Fenster dick wirken). <\/p>\n<p><a href='http:\/\/extra.inmontanis.info\/d\/57139-2\/DSC01529.jpg'><img src=http:\/\/extra.inmontanis.info\/d\/57138-3\/DSC01529.jpg \/><\/a><br \/>\n^ Hotelzimmer<\/p>\n<p><a href='http:\/\/extra.inmontanis.info\/d\/57143-2\/DSC01532.jpg'><img src=http:\/\/extra.inmontanis.info\/d\/57142-3\/DSC01532.jpg \/><\/a><br \/>\n^ .. noch auff\u00e4lliger h\u00e4tte man den Kabelkanal vom Fernseher auch nicht verlegen k\u00f6nnen ;)<\/p>\n<p>Abendessen sehr fisch\/meerestierlastig an sich (weil Meerspezialit\u00e4tenrestaurant) &#8211; da ich aber kein Fan von Muscheln etc bin, nahm ich die Gorgonzola-Nudeln als Vorspeise und danach Hirschgulasch mit Polenta und Crema Catalana als Nachspeise. Das Men\u00fc kostete lt. Beleg sogar nur 12,50 (+ 1l wasser 2,50) &#8211; wobei der Aufpreis f\u00fcr die HP lt. Buchung 20 \u20ac zum \u00dcbernachten-ohne-Fr\u00fchst\u00fcck-Tarif war.<\/p>\n<p>Mitten im Saal war allerdings eine (Alleinunterhalter?) B\u00fchne, da hatte ich schon so eine dunkle Vorahnung. Mein Zimmer ist ja leider direkt \u00fcber dem Restaurant (obwohl es auch einen zweiten Stock und ein zweites Haus daneben gegeben h\u00e4tte). Das ist der generelle Nachteil (bzw. das generelle Risiko) der Bequemlichkeit, ein Restaurant im Hotel zu haben. Vielleicht sollte ich in Zukunft auf Garni-Hotels oder Pensionen umstellen. Nur ist es da oft schwieriger, sp\u00e4t anzukommen..<\/p>\n<p>An sich h\u00f6rte man im Zimmer recht wenig vom Restaurant, aber um 21:40 Uhr fing es an, lautes Gegr\u00f6hle als k\u00e4me es von Besoffenen.<\/p>\n<p>Auch bis 23 Uhr noch viel L\u00e4rm vom Restaurant. Da ist man glatt um den Stra\u00dfenl\u00e4rm froh ..<\/p>\n<p>Ab 23 Uhr wurde es dann so richtig laut mit Musik und Moderation, boah diese verf* A*lochhotels!! Somit kein Hotel, wo ich nochmals hin m\u00f6chte. Hab dann den TV eingeschaltet und &#8220;Gegenl\u00e4rm&#8221; produziert.<\/p>\n<p>Ab 23:30 kurzfristig etwas ruhiger, bevor es ab 24 Uhr wieder laut weiter ging.<\/p>\n<p>Um 2 Uhr weiterhin keine Anstalten, dass es da unten irgendwann mal leiser werden w\u00fcrde, an Schlaf ist nicht zu denken. Meinen laut aufgedrehten TV vernehmen vermutlich auch maximal die anderen Hotelg\u00e4ste.<\/p>\n<p>Um 2:15 hab ich mich angezogen und mich ins Auto verkrochen und auf den Parkplatz gegen\u00fcber gestellt. Hatte zwar kein Bett mehr im Auto und auch nicht mehr den Schlafsack, aber immerhin noch meine Fensterschutzfolien\/schaumstoffe und auch die Wolldecke. Leider war&#8217;s auch im Auto nicht so einfach, einzuschlafen. Wurde mit der Zeit auch etwas kalt. Zudem bin ich mehrere Male aufgewacht, als die Leute teilweise laut gr\u00f6hlend weggefahren sind. Und leicht geregnet hatte es auch. Um 5 Uhr bin ich aufgewacht (evtl. wegen der K\u00e4lte) und wieder ins Zimmer gegangen, weil mittlerweile die Veranstaltung beendet war. <\/p>\n<p>Fr\u00fchst\u00fcck gab es ab 8 Uhr, leider kein Fr\u00fchst\u00fccksbuffet im Haupthaus (wo ich mir vorgenommen h\u00e4tte, mich etwas verschwenderisch aufzuf\u00fchren), sondern nur 2 Croissants im Caf\u00e9 auf der anderen Stra\u00dfenseite. Bei Google hinterlie\u00df ich eine 1-Sterne-Bewertung, die aber bei dem hohen Schnitt von 4-5 nicht weiter auffallen wird.<\/p>\n<p><strong>So, 24.11.2019 &#8211; Aprica &#038; Santa Caterina Valfurva<\/strong><\/p>\n<p>Heutiges Ziel war Santa Caterina, aber aufgrund des gew\u00e4hlten \u00dcbernachtungsortes wollte ich auf dem Weg dorthin noch in Aprica f\u00fcr ein paar Stunden halten. (Ansonsten w\u00e4re ich gestern noch nach Aprica weiter gefahren und logischerweise fr\u00fcher am Tonale gewesen.) <\/p>\n<p>Aprica war dann auch gleich mal doppelt entt\u00e4uschend:<br \/>\n1. hat man es nicht geschafft, den neuen Graffer-Sl \u00fcber den langen Sommer aufzustellen: Tal- und Bergstation fehlen noch.<br \/>\n2. war die Verbindung zu den anderen Skigebietsteilen nicht offen. Nicht dass ich mich nicht gestern eh etwas gewundert h\u00e4tte, dass sie offen sein soll, denn die oberen Skiwege sind ja gern mal wg. Lawinengefahr gesperrt.<\/p>\n<p><a href='http:\/\/ski.inmontanis.info\/d\/267731-2\/DSC01535.jpg'><img src=http:\/\/ski.inmontanis.info\/d\/267730-3\/DSC01535.jpg \/><\/a><br \/>\n^ Einige Tourengeher sind die Talabfahrt zwar rauf, aber Restschnee am Saisonende geht besser zu fahren, daher fuhr ich sp\u00e4ter mit der 6EUB wieder runter<\/p>\n<p><a href='http:\/\/ski.inmontanis.info\/d\/267735-2\/DSC01539.jpg'><img src=http:\/\/ski.inmontanis.info\/d\/267734-3\/DSC01539.jpg \/><\/a><br \/>\n^ Ernsthaft? Man hat den ganzen Sommer Zeit, den SL zu ersetzen und schafft es nicht? Es steht noch keine Talstation?<\/p>\n<p><a href='http:\/\/ski.inmontanis.info\/d\/267739-2\/DSC01541.jpg'><img src=http:\/\/ski.inmontanis.info\/d\/267738-3\/DSC01541.jpg \/><\/a><br \/>\n^ Man hat den Wald gerodet und somit eine neue Abfahrt direkt am SL geschaffen. Vmtl. sind dann die beiden anderen seltener f\u00fcr Rennen gesperrt.<\/p>\n<p><a href='http:\/\/ski.inmontanis.info\/d\/267743-2\/DSC01542.jpg'><img src=http:\/\/ski.inmontanis.info\/d\/267742-3\/DSC01542.jpg \/><\/a><br \/>\n^ Neuer SL und Talblick<\/p>\n<p><a href='http:\/\/ski.inmontanis.info\/d\/267747-2\/DSC01544.jpg'><img src=http:\/\/ski.inmontanis.info\/d\/267746-3\/DSC01544.jpg \/><\/a><br \/>\n^ War ja zu erwarten: Die Verbindung vom rechten zum mittleren Teilskigebiet bzw. retour ist wg. Lawinengefahr geschlossen.<\/p>\n<p><a href='http:\/\/ski.inmontanis.info\/d\/267751-2\/DSC01547.jpg'><img src=http:\/\/ski.inmontanis.info\/d\/267750-3\/DSC01547.jpg \/><\/a><br \/>\n^ .. daher ist auf der Magnolta-Seite nur die DSB offen.<\/p>\n<p><a href='http:\/\/ski.inmontanis.info\/d\/267755-2\/DSC01549.jpg'><img src=http:\/\/ski.inmontanis.info\/d\/267754-3\/DSC01549.jpg \/><\/a><br \/>\n^ Auch die Bergstation des neuen Graffer-SL fehlt noch<\/p>\n<p><a href='http:\/\/ski.inmontanis.info\/d\/267759-2\/DSC01550.jpg'><img src=http:\/\/ski.inmontanis.info\/d\/267758-3\/DSC01550.jpg \/><\/a><br \/>\n^ Wer braucht in einer Agudio-6EUB schon ein zweites Fenster in der T\u00fcr, wenn diese eh immer einen Spalt offen steht ;)<\/p>\n<p><a href='http:\/\/ski.inmontanis.info\/d\/267763-2\/DSC01551.jpg'><img src=http:\/\/ski.inmontanis.info\/d\/267762-3\/DSC01551.jpg \/><\/a><br \/>\n^ Mein Navi schickte mich heut mal so herum runter &#8211; wei\u00df gar nicht, ob mir diese Liftleiche schon mal aufgefallen ist. Werd ich im Winterverlauf mal alle detailliert durchgehen m\u00fcssen, so viel wie hier rumstehen.<\/p>\n<p>Da es leicht nieselte und die DSB-Sitze nass waren, begn\u00fcgte ich mich mit zwei Fahrten an der DSB und fuhr dann mit der Gondel wieder runter und weiter nach Santa Caterina Valfurva, wo ich etwas vor 12 Uhr ankam und wo man mittlerweile ein kostenpflichtiges Parkhaus gebaut hat, alleinig: Zufahrt war gesperrt, die Ausfahrt war offen. Ob das Parkhaus selbst schon offen war, war nicht wirklich zu erkennen (Schnee lag, die halbe Einfahrt war mit einem Gatter versperrt), an den Halteverboten davor standen etliche Autos und da gerade was frei wurde, stellte ich mich halt auch dort hin.<\/p>\n<p>Ge\u00f6ffneten waren hier heute die hintere (obere) 4KSB mit ihren beiden Abfahrten, sowie die 8EUB mit einer Abfahrt zur Mittelstation.<\/p>\n<p>Das mit einer 4KSB r\u00fcckseitig gelegene &#8220;Sunny Valley&#8221; ist eine der sch\u00f6nsten und einsamsten mit Lift erschlossenen Ecken der Alpen, zeitgleich rundherum felsig und steil, aber weit offen und im Bereich des Lifts flach. Die meiste Zeit sieht man nur die kaum auffallende Abfahrt und die 4ksb (nicht mal die EUB). Erinnerte eher an andere Gebirge (z.B. T\u00fcrkei) als die Alpen, wobei ich auch eine gewisse \u00c4hnlichkiet mit dem SL Andelplan in Argentera herstellte. Aufgrund des Gegenwindes waren heute evtl. ein paar Schussfahrten und mehr Schieben n\u00f6tig, denn einige Stellen sind schon sehr flach hier. Hab ich aber trotzdem gleich mal zu meiner neuen Lieblings-4KSB erkoren ;) <\/p>\n<p><a href='http:\/\/ski.inmontanis.info\/d\/267655-2\/DSC01554.jpg'><img src=http:\/\/ski.inmontanis.info\/d\/267654-3\/DSC01554.jpg \/><\/a><br \/>\n^ Alle stehen im Halteverbot neben der Einfahrt zum Parkhaus<\/p>\n<p><a href='http:\/\/ski.inmontanis.info\/d\/267659-2\/DSC01555.jpg'><img src=http:\/\/ski.inmontanis.info\/d\/267658-3\/DSC01555.jpg \/><\/a><br \/>\n^ Das Parkhaus so offen zu bauen, war wohl auch nicht so sinnvoll &#8211; soviel Schnee wie hier liegt. Zudem mit dem Absperrgitter \u00fcber die halbe Breite zweifelhaft, ob \u00fcberhaupt offen. Preise siehe Schild.<\/p>\n<p><a href='http:\/\/ski.inmontanis.info\/d\/267663-2\/DSC01558.jpg'><img src=http:\/\/ski.inmontanis.info\/d\/267662-3\/DSC01558.jpg \/><\/a><br \/>\n^ Auf dem gro\u00dfen und ebenfalls gesperrten Platz stand nur einer<\/p>\n<p><a href='http:\/\/ski.inmontanis.info\/d\/267667-2\/DSC01559.jpg'><img src=http:\/\/ski.inmontanis.info\/d\/267666-3\/DSC01559.jpg \/><\/a><br \/>\n^ Pistenplan<\/p>\n<p><a href='http:\/\/ski.inmontanis.info\/d\/267671-2\/DSC01560.jpg'><img src=http:\/\/ski.inmontanis.info\/d\/267670-3\/DSC01560.jpg \/><\/a><br \/>\n^ EUB Sektion 1, die noch geschlossene Talabfahrt war leider unglatt und sehr knollig pr\u00e4pariert, daher bin ich sie nicht gefahren.<\/p>\n<p><a href='http:\/\/ski.inmontanis.info\/d\/267675-2\/DSC01564.jpg'><img src=http:\/\/ski.inmontanis.info\/d\/267674-3\/DSC01564.jpg \/><\/a><br \/>\n^ EUB Bergstation und 4KSB Sobretta \/ Sunny Valley<\/p>\n<p><a href='http:\/\/ski.inmontanis.info\/d\/267679-2\/DSC01567.jpg'><img src=http:\/\/ski.inmontanis.info\/d\/267678-3\/DSC01567.jpg \/><\/a><br \/>\n^ ZIemlich unm\u00f6glich in diesen Diamond-Kabinen die Ski an die Stangen zu lehnen<\/p>\n<p><a href='http:\/\/ski.inmontanis.info\/d\/267683-2\/DSC01568.jpg'><img src=http:\/\/ski.inmontanis.info\/d\/267682-3\/DSC01568.jpg \/><\/a><br \/>\n^ 4KSB Sobretta \/ Sunny Valley. Sehr nett gelegen, wenn auch teilweise etwas flache Pisten, ohne Schieben gings heut kaum<\/p>\n<p><a href='http:\/\/ski.inmontanis.info\/d\/267687-2\/DSC01569.jpg'><img src=http:\/\/ski.inmontanis.info\/d\/267686-3\/DSC01569.jpg \/><\/a><br \/>\n^ 4KSB Sobretta, sehr nett hier hinten<\/p>\n<p><a href='http:\/\/ski.inmontanis.info\/d\/267691-2\/DSC01571.jpg'><img src=http:\/\/ski.inmontanis.info\/d\/267690-3\/DSC01571.jpg \/><\/a><br \/>\n^ 4KSB Sobretta<\/p>\n<p><a href='http:\/\/ski.inmontanis.info\/d\/267695-2\/DSC01574.jpg'><img src=http:\/\/ski.inmontanis.info\/d\/267694-3\/DSC01574.jpg \/><\/a><br \/>\n^ 4KSB Sobretta, fast 2km lang und geht bis auf knapp 2900m. Und mehr als 2 Skifahrer sah man heute Nachmittag hier selten<\/p>\n<p><a href='http:\/\/ski.inmontanis.info\/d\/267699-2\/DSC01575.jpg'><img src=http:\/\/ski.inmontanis.info\/d\/267698-3\/DSC01575.jpg \/><\/a><br \/>\n^ Viel unber\u00fchrtes Gel\u00e4nde neben der 4KSB Sobretta. Sch\u00f6n auch, dass die nur am Rand dieses Kessels ist, betont die Einsamkeit dieser Sch\u00fcssel ohne jeglichen Blick ins Tal.<\/p>\n<p><a href='http:\/\/ski.inmontanis.info\/d\/267703-2\/DSC01576.jpg'><img src=http:\/\/ski.inmontanis.info\/d\/267702-3\/DSC01576.jpg \/><\/a><br \/>\n^ 4KSB Sobretta, Blick talw\u00e4rts<\/p>\n<p><a href='http:\/\/ski.inmontanis.info\/d\/267707-2\/DSC01580.jpg'><img src=http:\/\/ski.inmontanis.info\/d\/267706-3\/DSC01580.jpg \/><\/a><br \/>\n^ 4KSB Sobretta, Talstation<\/p>\n<p><a href='http:\/\/ski.inmontanis.info\/d\/267711-2\/DSC01582.jpg'><img src=http:\/\/ski.inmontanis.info\/d\/267710-3\/DSC01582.jpg \/><\/a><br \/>\n^ Abfahrt zur Mittelstation und vorne die seit glaub letzter Saison geschlossenen Gavia-SL<\/p>\n<p><a href='http:\/\/ski.inmontanis.info\/d\/267715-2\/DSC01588.jpg'><img src=http:\/\/ski.inmontanis.info\/d\/267714-3\/DSC01588.jpg \/><\/a><br \/>\n^ EUB Sektion 2<\/p>\n<p><a href='http:\/\/ski.inmontanis.info\/d\/267719-2\/DSC01589.jpg'><img src=http:\/\/ski.inmontanis.info\/d\/267718-3\/DSC01589.jpg \/><\/a><br \/>\n^ EUB Sektion 2, die schwarzen Abfahrten waren grundpr\u00e4pariert und k\u00f6nnten auch n\u00e4chstes WE aufgehen<\/p>\n<p><a href='http:\/\/ski.inmontanis.info\/d\/267723-2\/DSC01598.jpg'><img src=http:\/\/ski.inmontanis.info\/d\/267722-3\/DSC01598.jpg \/><\/a><br \/>\n^ Parkhaus an der Talstation<\/p>\n<p><a href='http:\/\/ski.inmontanis.info\/d\/267727-2\/DSC01600.jpg'><img src=http:\/\/ski.inmontanis.info\/d\/267726-3\/DSC01600.jpg \/><\/a><br \/>\n^ .. alles aber weiterhin noch nicht so ganz fertig ..<\/p>\n<p>Um 15:30 machte ich die letzte Bergfahrt mit der EUB und nach etwas \u00fcber 4h Fahrzeit (via Bernina) war ich wieder daheim. <\/p>\n","protected":false},"excerpt":{"rendered":"<p>Sa, 23.11.2019 &#8211; Passo Tonale<\/p>\n<p>Ab heute gilt endlich meine Lombardei-Saisonkarte. Ge\u00f6ffnet sind auch schon einige Skigebiete, also ging&#8217;s trotz der eher schlechten Wettervorhersagen nach Italien (in AT zwar sonniger, aber mit dem Sturm auch alles sehr schlie\u00dfungsgef\u00e4hrdet).<\/p>\n<p>Um 7:50 Uhr fuhr ich versp\u00e4tet weg, bei den Wettervorhersagen hatte ich&#8217;s nicht sehr eilig und bin <a href=\"http:\/\/blog.inmontanis.info\/?p=5857\">[&#8230;]<\/a><\/p>\n","protected":false},"author":1,"featured_media":0,"comment_status":"closed","ping_status":"closed","sticky":false,"template":"","format":"standard","meta":{"footnotes":""},"categories":[531,15,436,402,27,81],"tags":[49,56,53,79,91,47],"class_list":["post-5857","post","type-post","status-publish","format-standard","hentry","category-aprica","category-italienitaly","category-passo-tonale-p-d-legno","category-santa-caterina-valfurva","category-skifahren-winterskiing-winter","category-kurztrips","tag-4sb","tag-6sb","tag-8eub","tag-agudio","tag-graffer","tag-sl","odd"],"_links":{"self":[{"href":"http:\/\/blog.inmontanis.info\/index.php?rest_route=\/wp\/v2\/posts\/5857","targetHints":{"allow":["GET"]}}],"collection":[{"href":"http:\/\/blog.inmontanis.info\/index.php?rest_route=\/wp\/v2\/posts"}],"about":[{"href":"http:\/\/blog.inmontanis.info\/index.php?rest_route=\/wp\/v2\/types\/post"}],"author":[{"embeddable":true,"href":"http:\/\/blog.inmontanis.info\/index.php?rest_route=\/wp\/v2\/users\/1"}],"replies":[{"embeddable":true,"href":"http:\/\/blog.inmontanis.info\/index.php?rest_route=%2Fwp%2Fv2%2Fcomments&post=5857"}],"version-history":[{"count":2,"href":"http:\/\/blog.inmontanis.info\/index.php?rest_route=\/wp\/v2\/posts\/5857\/revisions"}],"predecessor-version":[{"id":5859,"href":"http:\/\/blog.inmontanis.info\/index.php?rest_route=\/wp\/v2\/posts\/5857\/revisions\/5859"}],"wp:attachment":[{"href":"http:\/\/blog.inmontanis.info\/index.php?rest_route=%2Fwp%2Fv2%2Fmedia&parent=5857"}],"wp:term":[{"taxonomy":"category","embeddable":true,"href":"http:\/\/blog.inmontanis.info\/index.php?rest_route=%2Fwp%2Fv2%2Fcategories&post=5857"},{"taxonomy":"post_tag","embeddable":true,"href":"http:\/\/blog.inmontanis.info\/index.php?rest_route=%2Fwp%2Fv2%2Ftags&post=5857"}],"curies":[{"name":"wp","href":"https:\/\/api.w.org\/{rel}","templated":true}]}}