{"id":5853,"date":"2019-11-07T21:20:20","date_gmt":"2019-11-07T20:20:20","guid":{"rendered":"http:\/\/blog.inmontanis.info\/?p=5853"},"modified":"2023-08-06T10:50:02","modified_gmt":"2023-08-06T08:50:02","slug":"stubaier-gletscher-7-11-2019","status":"publish","type":"post","link":"http:\/\/blog.inmontanis.info\/?p=5853","title":{"rendered":"Stubaier Gletscher, 7.11.2019"},"content":{"rendered":"<p>Am heutigen Donnerstag konnte ich mir freinehmen und da die Vorhersagen zumindest halbtags recht sonnig waren, tat ich das auch. Weil entweder wird&#8217;s am WE schlechter oder voller. Also ging&#8217;s zum Stubaier Gletscher, der mir diesen Herbst ja noch fehlt. Wie \u00fcblich mit 2 Paar Ski, weil ich meine Sommer-Racecarver zum gratis Service gab. Und weil es steinig sein soll, kamen meine alten Allmountains mit. <\/p>\n<p>Als ich oben war, fuhr ich gleich mal 5x den SL Gai\u00dfkar, weil nix los und sonnig gelegen. Danach die \u00fcblichen Runden und je nachdem wo gerade weniger los war. So kam ich z.B. zum SL Eisjoch erst nach 15 Uhr, die Daunferner-Lifte waren ab Mittag leerer. Leider war es ab Mittag doch recht bedeckt und nicht mehr fotogen. <\/p>\n<p>Vor Mittag probierte ich es mit der Mittelstationsabfahrt. Normalerweise geht die im Herbst besser, so lang sie nicht offiziell offen ist. Aber heute war es wohl noch zu fr\u00fch, es war grauenhaft. Im oberen Teil wurden die Schneedepots verteilt (mehr oder weniger Eisbrocken), danach Bruchharsch durch die Beschneiung. Nur wenige St\u00fccke waren pulvrig. Somit nur 1x gefahren. <\/p>\n<p>Sehr steinig, insb. nachmittags, war es um die Jochdohle, am Starthang am SL Gai\u00dfkar, an der Stationsumfahrung Schaufeljoch-EUB, sowie am Skiweg vom Rotadl\/Daunferner zum Eisgrat, weniger steinig am Gamsgarten (vom Daunferner kommend). Daher bin ich bis zum Schluss mit den alten Skiern gefahren und hab die frisch gemachten nicht gleich wieder zerst\u00f6rt. <\/p>\n<p>Pistenm\u00e4\u00dfig gefiel es mir am SL Gai\u00dfkar und am SL Daunscharte am besten, wobei ich letzteren ja wg. Andrang erst gefahren bin, als die Abfahrt schon im Schatten war bzw. eh kaum noch Sonne schien. Die Abfahrten an den Daunferner-SL waren stark aufgefahren. <\/p>\n<p>(Fotos anklicken zum Vergr\u00f6\u00dfern)<\/p>\n<p><a href='http:\/\/ski.inmontanis.info\/d\/267555-2\/DSC01405.jpg'><img src=http:\/\/ski.inmontanis.info\/d\/267554-3\/DSC01405.jpg \/><\/a><br \/>\n^ Schnee bis ins Tal und die Tourengeher sind schon ab dort unterwegs<\/p>\n<p><a href='http:\/\/ski.inmontanis.info\/d\/267559-2\/DSC01406.jpg'><img src=http:\/\/ski.inmontanis.info\/d\/267558-3\/DSC01406.jpg \/><\/a><br \/>\n^ SL Gai\u00dfkar und Wolken\/Hochnebeldecke im S\u00fcden<\/p>\n<p><a href='http:\/\/ski.inmontanis.info\/d\/267563-2\/DSC01407.jpg'><img src=http:\/\/ski.inmontanis.info\/d\/267562-3\/DSC01407.jpg \/><\/a><br \/>\n^ Schaufeljoch-Jochdohle \/ SL Gai\u00dfkar<\/p>\n<p><a href='http:\/\/ski.inmontanis.info\/d\/267567-2\/DSC01409.jpg'><img src=http:\/\/ski.inmontanis.info\/d\/267566-3\/DSC01409.jpg \/><\/a><br \/>\n^ SL Gai\u00dfkar<\/p>\n<p><a href='http:\/\/ski.inmontanis.info\/d\/267571-2\/DSC01411.jpg'><img src=http:\/\/ski.inmontanis.info\/d\/267570-3\/DSC01411.jpg \/><\/a><br \/>\n^ SL Gai\u00dfkar \/ Schaufeljoch<\/p>\n<p><a href='http:\/\/ski.inmontanis.info\/d\/267575-2\/DSC01417.jpg'><img src=http:\/\/ski.inmontanis.info\/d\/267574-3\/DSC01417.jpg \/><\/a><br \/>\n^ SL Gai\u00dfkar<\/p>\n<p><a href='http:\/\/ski.inmontanis.info\/d\/267579-2\/DSC01418.jpg'><img src=http:\/\/ski.inmontanis.info\/d\/267578-3\/DSC01418.jpg \/><\/a><br \/>\n^ SL Gai\u00dfkarferner<\/p>\n<p><a href='http:\/\/ski.inmontanis.info\/d\/267583-2\/DSC01419.jpg'><img src=http:\/\/ski.inmontanis.info\/d\/267582-3\/DSC01419.jpg \/><\/a><br \/>\n^ SL Gai\u00dfkarferner unten<\/p>\n<p><a href='http:\/\/ski.inmontanis.info\/d\/267587-2\/DSC01421.jpg'><img src=http:\/\/ski.inmontanis.info\/d\/267586-3\/DSC01421.jpg \/><\/a><br \/>\n^ Verbindung Jochdohle &#8211; Eisjoch<\/p>\n<p><a href='http:\/\/ski.inmontanis.info\/d\/267591-2\/DSC01422.jpg'><img src=http:\/\/ski.inmontanis.info\/d\/267590-3\/DSC01422.jpg \/><\/a><br \/>\n^ Windach \/ Wildspitz<\/p>\n<p><a href='http:\/\/ski.inmontanis.info\/d\/267595-2\/DSC01423.jpg'><img src=http:\/\/ski.inmontanis.info\/d\/267594-3\/DSC01423.jpg \/><\/a><br \/>\n^ Gegenanstieg zur DSB Wildspitz<\/p>\n<p><a href='http:\/\/ski.inmontanis.info\/d\/267599-2\/DSC01426.jpg'><img src=http:\/\/ski.inmontanis.info\/d\/267598-3\/DSC01426.jpg \/><\/a><br \/>\n^ Pano DSB Wildspitz<\/p>\n<p><a href='http:\/\/ski.inmontanis.info\/d\/267603-2\/DSC01428.jpg'><img src=http:\/\/ski.inmontanis.info\/d\/267602-3\/DSC01428.jpg \/><\/a><br \/>\n^ SL Daunferner<\/p>\n<p><a href='http:\/\/ski.inmontanis.info\/d\/267607-2\/DSC01430.jpg'><img src=http:\/\/ski.inmontanis.info\/d\/267606-3\/DSC01430.jpg \/><\/a><br \/>\n^ SL Daunferner \/ Daunscharte<\/p>\n<p><a href='http:\/\/ski.inmontanis.info\/d\/267611-2\/DSC01431.jpg'><img src=http:\/\/ski.inmontanis.info\/d\/267610-3\/DSC01431.jpg \/><\/a><br \/>\n^ 8KSB Rotadl; der Eisjochhang war zwar ruppig unpr\u00e4pariert<\/p>\n<p><a href='http:\/\/ski.inmontanis.info\/d\/267615-2\/DSC01435.jpg'><img src=http:\/\/ski.inmontanis.info\/d\/267614-3\/DSC01435.jpg \/><\/a><br \/>\n^ Bis vor einigen Jahren war hier noch Gletscher<\/p>\n<p><a href='http:\/\/ski.inmontanis.info\/d\/267619-2\/DSC01438.jpg'><img src=http:\/\/ski.inmontanis.info\/d\/267618-3\/DSC01438.jpg \/><\/a><br \/>\n^ Eisjoch-Hang, aber neben der Piste offpiste gings ganz gut, hier oben. Weiter unten dann lieber auf der ruppigen Piste weiter, da zu viel Feindkontakt daneben.<\/p>\n<p><a href='http:\/\/ski.inmontanis.info\/d\/267623-2\/DSC01440.jpg'><img src=http:\/\/ski.inmontanis.info\/d\/267622-3\/DSC01440.jpg \/><\/a><br \/>\n^ Mittelstationsabfahrt leider auch grausig zu fahren; hier rechts wurden die Depots verteilt, unterhalb dann Bruchharschbeschneiung<\/p>\n<p><a href='http:\/\/ski.inmontanis.info\/d\/267627-2\/DSC01441.jpg'><img src=http:\/\/ski.inmontanis.info\/d\/267626-3\/DSC01441.jpg \/><\/a><br \/>\n^ Mittelstation<\/p>\n<p><a href='http:\/\/ski.inmontanis.info\/d\/267631-2\/DSC01443.jpg'><img src=http:\/\/ski.inmontanis.info\/d\/267630-3\/DSC01443.jpg \/><\/a><br \/>\n^ SL Windachferner<\/p>\n<p><a href='http:\/\/ski.inmontanis.info\/d\/267635-2\/DSC01447.jpg'><img src=http:\/\/ski.inmontanis.info\/d\/267634-3\/DSC01447.jpg \/><\/a><br \/>\n^ Am SL Daunscharte spitzte auf der SL-Trasse ein Fels oder gro\u00dfer Stein. H\u00e4tte man ja auch schon l\u00e4ngst mal entfernen k\u00f6nnen..<\/p>\n<p><a href='http:\/\/ski.inmontanis.info\/d\/267639-2\/DSC01448.jpg'><img src=http:\/\/ski.inmontanis.info\/d\/267638-3\/DSC01448.jpg \/><\/a><br \/>\n^ Eisgrat (Sportscheck), am SL waren auch nachmittags bis ca. 14.30 noch Wartezeiten<\/p>\n<p><a href='http:\/\/ski.inmontanis.info\/d\/267643-2\/DSC01449.jpg'><img src=http:\/\/ski.inmontanis.info\/d\/267642-3\/DSC01449.jpg \/><\/a><br \/>\n^ So steinig wie hier an der Jochdohle war es auf einigen Abfahrten<\/p>\n<p><a href='http:\/\/ski.inmontanis.info\/d\/267647-2\/DSC01452.jpg'><img src=http:\/\/ski.inmontanis.info\/d\/267646-3\/DSC01452.jpg \/><\/a><br \/>\n^ Die diesseitige Piste am Eisjoch-SL wurde verlegt, statt Renn\/Normal\/Rennpiste ist sie nur mehr zweigeteilt und die normale Abfahrt viel weiter am Rand.<\/p>\n<p><a href='http:\/\/ski.inmontanis.info\/d\/267651-2\/DSC01453.jpg'><img src=http:\/\/ski.inmontanis.info\/d\/267650-3\/DSC01453.jpg \/><\/a><br \/>\n^ Die Eisjoch-KSB-St\u00fctzen sind wieder stark erh\u00f6ht, viel Gletscher abseits der Matten geschmolzen<\/p>\n<p>Fazit \/ Reihung von den 3 Herbst-Tagen:<br \/>\n1. Kaunertaler<br \/>\n2. Stubaier<br \/>\n3. \u00d6tztaler<\/p>\n<p>N\u00e4chster Skitag voraussichtlich mit Start der Saisonkarte am 23.11.<\/p>\n","protected":false},"excerpt":{"rendered":"<p>Am heutigen Donnerstag konnte ich mir freinehmen und da die Vorhersagen zumindest halbtags recht sonnig waren, tat ich das auch. Weil entweder wird&#8217;s am WE schlechter oder voller. Also ging&#8217;s zum Stubaier Gletscher, der mir diesen Herbst ja noch fehlt. Wie \u00fcblich mit 2 Paar Ski, weil ich meine Sommer-Racecarver zum gratis Service gab. Und <a href=\"http:\/\/blog.inmontanis.info\/?p=5853\">[&#8230;]<\/a><\/p>\n","protected":false},"author":1,"featured_media":0,"comment_status":"closed","ping_status":"closed","sticky":false,"template":"","format":"standard","meta":{"footnotes":""},"categories":[25,13,27,895],"tags":[],"class_list":["post-5853","post","type-post","status-publish","format-standard","hentry","category-noreport","category-austria","category-skifahren-winterskiing-winter","category-stubaier-gletscher","odd"],"_links":{"self":[{"href":"http:\/\/blog.inmontanis.info\/index.php?rest_route=\/wp\/v2\/posts\/5853","targetHints":{"allow":["GET"]}}],"collection":[{"href":"http:\/\/blog.inmontanis.info\/index.php?rest_route=\/wp\/v2\/posts"}],"about":[{"href":"http:\/\/blog.inmontanis.info\/index.php?rest_route=\/wp\/v2\/types\/post"}],"author":[{"embeddable":true,"href":"http:\/\/blog.inmontanis.info\/index.php?rest_route=\/wp\/v2\/users\/1"}],"replies":[{"embeddable":true,"href":"http:\/\/blog.inmontanis.info\/index.php?rest_route=%2Fwp%2Fv2%2Fcomments&post=5853"}],"version-history":[{"count":3,"href":"http:\/\/blog.inmontanis.info\/index.php?rest_route=\/wp\/v2\/posts\/5853\/revisions"}],"predecessor-version":[{"id":5856,"href":"http:\/\/blog.inmontanis.info\/index.php?rest_route=\/wp\/v2\/posts\/5853\/revisions\/5856"}],"wp:attachment":[{"href":"http:\/\/blog.inmontanis.info\/index.php?rest_route=%2Fwp%2Fv2%2Fmedia&parent=5853"}],"wp:term":[{"taxonomy":"category","embeddable":true,"href":"http:\/\/blog.inmontanis.info\/index.php?rest_route=%2Fwp%2Fv2%2Fcategories&post=5853"},{"taxonomy":"post_tag","embeddable":true,"href":"http:\/\/blog.inmontanis.info\/index.php?rest_route=%2Fwp%2Fv2%2Ftags&post=5853"}],"curies":[{"name":"wp","href":"https:\/\/api.w.org\/{rel}","templated":true}]}}