{"id":5849,"date":"2019-10-27T23:02:23","date_gmt":"2019-10-27T22:02:23","guid":{"rendered":"http:\/\/blog.inmontanis.info\/?p=5849"},"modified":"2023-08-04T19:13:03","modified_gmt":"2023-08-04T17:13:03","slug":"bergamasker-alpen-27-10-2019","status":"publish","type":"post","link":"http:\/\/blog.inmontanis.info\/?p=5849","title":{"rendered":"Bergamasker Alpen, 27.10.2019"},"content":{"rendered":"<p><strong>27.10.2019 &#8211; Bergamasker Alpen<\/strong><\/p>\n<p>Von Bormio aus ging&#8217;s \u00fcber den Mortirolo-Pass nach Edolo. So hab ich den Aprica-Pass vermieden, den ich im Winter wohl oft genug fahren werde. War allerdings noch zu dunkel, um sinnvoll Fotos zu machen.<\/p>\n<p>Schilpario wollte ich \u00fcber den Vivione-Pass anfahren, der Wintersperre haben soll und den ich meines Wissens noch nicht gefahren bin. Leider war er schon geschlossen &#8211; entweder Wintersperre oder generell, so genau war das nicht zu erkennen. Da ich aber trotzdem nach Schilpario fahren wollte, ging&#8217;s halt notgedrungen au\u00dfenrum.<\/p>\n<p>(Fotos anklicken zum Vergr\u00f6\u00dfern)<\/p>\n<p><a href='http:\/\/extra.inmontanis.info\/d\/57063-2\/ge20191027a.jpg'><img src=http:\/\/extra.inmontanis.info\/d\/57062-3\/ge20191027a.jpg \/><\/a><br \/>\n^ Rot: Fahrstrecke 26.10.<br \/>\nT\u00fcrkis: Fahrstrecke 27.10.2019<br \/>\nA) Kaunertaler Gletscher<br \/>\nB) Bormio<br \/>\nC) Mortirolo Pass<br \/>\nD) Vivione Pass<br \/>\nE) Schilpario<br \/>\nF) Monte Pora<br \/>\nG) Clusone<br \/>\nH) Gromo<br \/>\nI) Alpe Arera<br \/>\nJ) Valtorta<br \/>\nK) San Marco Pass<br \/>\nL) Spl\u00fcgen Pass<\/p>\n<p><a href='http:\/\/extra.inmontanis.info\/d\/57067-2\/DSC01210.jpg'><img src=http:\/\/extra.inmontanis.info\/d\/57066-3\/DSC01210.jpg \/><\/a><br \/>\n^ Auffahrt zum Passo Vivione<\/p>\n<p><a href='http:\/\/extra.inmontanis.info\/d\/57071-2\/DSC01219.jpg'><img src=http:\/\/extra.inmontanis.info\/d\/57070-3\/DSC01219.jpg \/><\/a><br \/>\n^ Dieses Winteresperren-Schild hielt ich f\u00fcr eine ganzj\u00e4hrige Infotafel, dass der Pass halt im Winter geschlossen w\u00e4re.<\/p>\n<p><a href='http:\/\/extra.inmontanis.info\/d\/57075-2\/DSC01223.jpg'><img src=http:\/\/extra.inmontanis.info\/d\/57074-3\/DSC01223.jpg \/><\/a><br \/>\n^ Auffahrt zum Passo Vivione. Teils recht schmal..<\/p>\n<p><a href='http:\/\/extra.inmontanis.info\/d\/57079-2\/DSC01229.jpg'><img src=http:\/\/extra.inmontanis.info\/d\/57078-3\/DSC01229.jpg \/><\/a><br \/>\n^ Auffahrt zum Passo Vivione<\/p>\n<p><a href='http:\/\/extra.inmontanis.info\/d\/57083-2\/DSC01231.jpg'><img src=http:\/\/extra.inmontanis.info\/d\/57082-3\/DSC01231.jpg \/><\/a><br \/>\n^ Das Sperrschild sah mir eher danach aus, als w\u00e4re die Stra\u00dfe generell geschlossen, unabh\u00e4ngig von einer Wintersperre. Wo km 15-28 ist, ist mangels km-Schilder aber ja zudem nicht erkennbar.<\/p>\n<p><a href='http:\/\/extra.inmontanis.info\/d\/57087-2\/DSC01234.jpg'><img src=http:\/\/extra.inmontanis.info\/d\/57086-3\/DSC01234.jpg \/><\/a><br \/>\n^ Auffahrt zum Passo Vivione<\/p>\n<p><a href='http:\/\/extra.inmontanis.info\/d\/57091-2\/DSC01236.jpg'><img src=http:\/\/extra.inmontanis.info\/d\/57090-3\/DSC01236.jpg \/><\/a><br \/>\n^ R\u00fcckblick ins Tal<\/p>\n<p><a href='http:\/\/extra.inmontanis.info\/d\/57095-2\/DSC01239.jpg'><img src=http:\/\/extra.inmontanis.info\/d\/57094-3\/DSC01239.jpg \/><\/a><br \/>\n^ Auffahrt zum Passo Vivione<\/p>\n<p><a href='http:\/\/extra.inmontanis.info\/d\/57099-3\/DSC01243.jpg'><img src=http:\/\/extra.inmontanis.info\/d\/57098-4\/DSC01243.jpg \/><\/a><br \/>\n^ und anscheinend direkt am Pass ist nun diese Betonsperre, dahinter parken Fahrzeuge, als w\u00e4ren die von der anderen Seite raufgekommen. Durch den Matsch rechts hab ich mich aber doch nicht fahren trauen .. \u00c4rgerlich, also wieder retour und au\u00dfenrum ..<\/p>\n<p><a href='http:\/\/ski.inmontanis.info\/d\/267375-2\/DSC01249.jpg'><img src=http:\/\/ski.inmontanis.info\/d\/267374-3\/DSC01249.jpg \/><\/a><br \/>\n^ Der \u00dcbungslift in Schilpario soll ja noch in Betrieb sein (und auch meine Saisonkarte gelten). Weiter hinauf die ehemalige Korblift\/4KSB-Abfahrt<\/p>\n<p><a href='http:\/\/ski.inmontanis.info\/d\/267379-2\/DSC01252.jpg'><img src=http:\/\/ski.inmontanis.info\/d\/267378-3\/DSC01252.jpg \/><\/a><br \/>\n^ Ex-Korblift-Talstation<\/p>\n<p><a href='http:\/\/ski.inmontanis.info\/d\/267383-2\/DSC01253.jpg'><img src=http:\/\/ski.inmontanis.info\/d\/267382-3\/DSC01253.jpg \/><\/a><br \/>\n^ Ex-Korblift-Talstation<\/p>\n<p><a href='http:\/\/ski.inmontanis.info\/d\/267387-2\/DSC01255.jpg'><img src=http:\/\/ski.inmontanis.info\/d\/267386-3\/DSC01255.jpg \/><\/a><br \/>\n^ Die Abfahrt oberhalb des SL wurde wohl sp\u00e4testens mit der 4KSB planiert. Die ehemals, wenn auch kurze, 2. Sektion (zu Korbliftzeiten ein SL, zu KSB-Zeiten als DSB geplant) wurde ja nicht wieder aufgebaut.<\/p>\n<p><a href='http:\/\/ski.inmontanis.info\/d\/267391-2\/DSC01257.jpg'><img src=http:\/\/ski.inmontanis.info\/d\/267390-3\/DSC01257.jpg \/><\/a><br \/>\n^ Ex-4KSB-Talstation. Nach wenigen Jahren wurde sie wieder abgebaut.<\/p>\n<p>Hier noch einige Bilder, die ich 2008 gemacht hatte:<\/p>\n<p><a href='http:\/\/ski.inmontanis.info\/d\/66206-3\/P1300001.JPG'><img src=http:\/\/ski.inmontanis.info\/d\/66205-4\/P1300001.JPG \/><\/a><\/p>\n<p><a href='http:\/\/ski.inmontanis.info\/d\/66210-3\/P1300002.JPG'><img src=http:\/\/ski.inmontanis.info\/d\/66209-4\/P1300002.JPG \/><\/a><\/p>\n<p><a href='http:\/\/ski.inmontanis.info\/d\/66198-3\/P1290998.JPG'><img src=http:\/\/ski.inmontanis.info\/d\/66197-4\/P1290998.JPG \/><\/a><\/p>\n<p><a href='http:\/\/ski.inmontanis.info\/d\/66182-3\/P1290866.JPG'><img src=http:\/\/ski.inmontanis.info\/d\/66180-4\/P1290866.JPG \/><\/a><\/p>\n<p>&#8212;<\/p>\n<p><a href='http:\/\/ski.inmontanis.info\/d\/267395-2\/DSC01258.jpg'><img src=http:\/\/ski.inmontanis.info\/d\/267394-3\/DSC01258.jpg \/><\/a><br \/>\n^ Parkplatz<\/p>\n<p><a href='http:\/\/ski.inmontanis.info\/d\/267399-2\/DSC01261.jpg'><img src=http:\/\/ski.inmontanis.info\/d\/267398-3\/DSC01261.jpg \/><\/a><br \/>\n^ Parkplatz-Pano ;)<\/p>\n<p>Ok, werd ich im Winter mit der Saisonkarte doch mal hier vorbei fahren. Um die Stationen von oben zu fotografieren. Evtl. lauf ich auch das kurze St\u00fcck zur ehemaligen Bergstation zu Fu\u00df bzw. mit den Fellen hinauf. Von Colere bis hier hin ist es ja nicht weit.<\/p>\n<p><a href='http:\/\/ski.inmontanis.info\/d\/267403-2\/DSC01263.jpg'><img src=http:\/\/ski.inmontanis.info\/d\/267402-3\/DSC01263.jpg \/><\/a><br \/>\n^ Blick ins Skigbiet von Colere<\/p>\n<p>Weiter ging es nach Clusone. Da wollte ich die Seilbahn-Einzeichnung in der Stra\u00dfenkarte ja auch schon 2008 besuchen. Und in den Folgejahren. Irgendwie nie geschafft. Im Vorfeld nochmals kontrolliert, es sollten noch Tal- und Bergstation sowie so gut wie alle St\u00fctzen stehen. Eine Stra\u00dfe sollte auf halbe H\u00f6he hinauf f\u00fchren. Grund genug, also endlich mal ein paar Fotos zu machen.<\/p>\n<p>Der ca. 2km lange ESL Clusone\/Pianone soll in den 1950ern gebaut worden, aber nie in Betrieb gewesen sein. Dazu gibt es ein Foto eines im Betrieb befindlichen Skilifts von 1952, vermutlich also vor dem Bau des ESL. Keine Ahnung, wie die Skifahrer damals dort hin gelangten, war ja doch eine sehr weite Strecke aus dem Tal dort hin. Vielleicht gab es ja zuvor noch einen Zubringer?<\/p>\n<p>Hier das Bild vom Skilift:<br \/>\n<a href='https:\/\/www.storylab.it\/media\/watermarked\/vittbell\/2015-04-01\/pglhzyjmca1952-10-skilift-in-pianone.jpg'>https:\/\/www.storylab.it\/media\/watermarked\/vittbell\/2015-04-01\/pglhzyjmca1952-10-skilift-in-pianone.jpg<\/a><\/p>\n<p><a href='http:\/\/extra.inmontanis.info\/d\/56959-2\/DSC01265.jpg'><img src=http:\/\/extra.inmontanis.info\/d\/56957-3\/DSC01265.jpg \/><\/a><br \/>\n^ Irgendwo geradeaus ging einst ein ESL den Berg hinauf &#8230;<\/p>\n<p><a href='http:\/\/extra.inmontanis.info\/d\/56963-2\/DSC01266.jpg'><img src=http:\/\/extra.inmontanis.info\/d\/56962-3\/DSC01266.jpg \/><\/a><br \/>\n^ Nahe eines kleinen Parkplatzes versteckt sich die Talstation des ESL<\/p>\n<p><a href='http:\/\/extra.inmontanis.info\/d\/56967-2\/DSC01268.jpg'><img src=http:\/\/extra.inmontanis.info\/d\/56966-3\/DSC01268.jpg \/><\/a><br \/>\n^ .. in deren unterem Stockwerk sich sogar einige Sessel befinden. An der Fanta-Dose links unten scheint \u00fcbrigens L. 750 zu stehen ;-)<\/p>\n<p><a href='http:\/\/extra.inmontanis.info\/d\/56971-2\/DSC01269.jpg'><img src=http:\/\/extra.inmontanis.info\/d\/56970-3\/DSC01269.jpg \/><\/a><br \/>\n^ Sessellager<\/p>\n<p><a href='http:\/\/extra.inmontanis.info\/d\/56975-2\/DSC01272.jpg'><img src=http:\/\/extra.inmontanis.info\/d\/56974-3\/DSC01272.jpg \/><\/a><br \/>\n^ Sessellager. Ganz sch\u00f6n verrostet.<\/p>\n<p><a href='http:\/\/extra.inmontanis.info\/d\/56979-2\/DSC01273.jpg'><img src=http:\/\/extra.inmontanis.info\/d\/56978-3\/DSC01273.jpg \/><\/a><br \/>\n^ Vor \u00fcber 60 Jahren wurden diese Sessel gebaut &#8211; und waren nie in Betrieb.<\/p>\n<p><a href='http:\/\/extra.inmontanis.info\/d\/56983-2\/DSC01274.jpg'><img src=http:\/\/extra.inmontanis.info\/d\/56982-3\/DSC01274.jpg \/><\/a><br \/>\n^ Rostige Klemmen<\/p>\n<p><a href='http:\/\/extra.inmontanis.info\/d\/56987-2\/DSC01275.jpg'><img src=http:\/\/extra.inmontanis.info\/d\/56986-3\/DSC01275.jpg \/><\/a><br \/>\n^ Abspannung und ein weiterer Sessel<\/p>\n<p><a href='http:\/\/extra.inmontanis.info\/d\/56991-2\/DSC01276.jpg'><img src=http:\/\/extra.inmontanis.info\/d\/56990-3\/DSC01276.jpg \/><\/a><br \/>\n^ Abspannung<\/p>\n<p><a href='http:\/\/extra.inmontanis.info\/d\/56995-2\/DSC01277.jpg'><img src=http:\/\/extra.inmontanis.info\/d\/56994-3\/DSC01277.jpg \/><\/a><br \/>\n^ Umlenkscheibe<\/p>\n<p><a href='http:\/\/extra.inmontanis.info\/d\/56999-2\/DSC01278.jpg'><img src=http:\/\/extra.inmontanis.info\/d\/56998-3\/DSC01278.jpg \/><\/a><br \/>\n^ Talstation<\/p>\n<p><a href='http:\/\/extra.inmontanis.info\/d\/57003-2\/DSC01280.jpg'><img src=http:\/\/extra.inmontanis.info\/d\/57002-3\/DSC01280.jpg \/><\/a><br \/>\n^ Die Lifttrasse, es war keine St\u00fctze zu erkennen und raufgehen wollte ich nicht.<\/p>\n<p><a href='http:\/\/extra.inmontanis.info\/d\/57007-2\/DSC01281.jpg'><img src=http:\/\/extra.inmontanis.info\/d\/57006-3\/DSC01281.jpg \/><\/a><br \/>\n^ Talstation<\/p>\n<p><a href='http:\/\/extra.inmontanis.info\/d\/57011-2\/DSC01284.jpg'><img src=http:\/\/extra.inmontanis.info\/d\/57010-3\/DSC01284.jpg \/><\/a><br \/>\n^ Umlenkscheibe<\/p>\n<p><a href='http:\/\/extra.inmontanis.info\/d\/57015-2\/DSC01289.jpg'><img src=http:\/\/extra.inmontanis.info\/d\/57014-3\/DSC01289.jpg \/><\/a><br \/>\n^ Die Stra\u00dfe den Berg hinauf ist meist ungeteert und einspurig und am Wochenende durchaus einiges los.<\/p>\n<p><a href='http:\/\/extra.inmontanis.info\/d\/57019-2\/DSC01290.jpg'><img src=http:\/\/extra.inmontanis.info\/d\/57018-3\/DSC01290.jpg \/><\/a><br \/>\n^ Am Ende der Stra\u00dfe kann man leicht zu dieser St\u00fctze kommen (im Herbst vmtl. einfacher als im Sommer, wenn hier Tiere auf der Weide sind)<\/p>\n<p><a href='http:\/\/extra.inmontanis.info\/d\/57023-2\/DSC01292.jpg'><img src=http:\/\/extra.inmontanis.info\/d\/57022-3\/DSC01292.jpg \/><\/a><br \/>\n^ Den St\u00fctzenschatten erkennt man auch auf dem Sat-Bild bei Google.<\/p>\n<p><a href='http:\/\/extra.inmontanis.info\/d\/57027-2\/DSC01294.jpg'><img src=http:\/\/extra.inmontanis.info\/d\/57026-3\/DSC01294.jpg \/><\/a><br \/>\n^ St\u00fctze und Pano<\/p>\n<p><a href='http:\/\/extra.inmontanis.info\/d\/57031-2\/DSC01295.jpg'><img src=http:\/\/extra.inmontanis.info\/d\/57030-3\/DSC01295.jpg \/><\/a><br \/>\n^ 3 Seilrollen pro Seite<\/p>\n<p><a href='http:\/\/extra.inmontanis.info\/d\/57035-2\/DSC01296.jpg'><img src=http:\/\/extra.inmontanis.info\/d\/57034-3\/DSC01296.jpg \/><\/a><br \/>\n^ Betonst\u00fctze<\/p>\n<p><a href='http:\/\/extra.inmontanis.info\/d\/57039-2\/DSC01297.jpg'><img src=http:\/\/extra.inmontanis.info\/d\/57038-3\/DSC01297.jpg \/><\/a><\/p>\n<p><a href='http:\/\/extra.inmontanis.info\/d\/57043-2\/DSC01299.jpg'><img src=http:\/\/extra.inmontanis.info\/d\/57042-3\/DSC01299.jpg \/><\/a><br \/>\n^ Rollen mit Gummi<\/p>\n<p><a href='http:\/\/extra.inmontanis.info\/d\/57047-2\/DSC01301.jpg'><img src=http:\/\/extra.inmontanis.info\/d\/57046-3\/DSC01301.jpg \/><\/a><\/p>\n<p><a href='http:\/\/extra.inmontanis.info\/d\/57051-2\/DSC01305.jpg'><img src=http:\/\/extra.inmontanis.info\/d\/57050-3\/DSC01305.jpg \/><\/a><br \/>\n^ Da mir der Hang weiter hinauf zu steil war und die Bergstation viel zu weit entfernt, suchte ich die n\u00e4chste St\u00fctze weiter unten im Wald &#8211; und fand sie, was ja gar nicht so einfach ist, so versteckt ..<\/p>\n<p><a href='http:\/\/extra.inmontanis.info\/d\/57055-2\/DSC01309.jpg'><img src=http:\/\/extra.inmontanis.info\/d\/57054-3\/DSC01309.jpg \/><\/a><br \/>\n^ Die B\u00e4ume \u00fcberragen die St\u00fctze<\/p>\n<p><a href='http:\/\/extra.inmontanis.info\/d\/57059-2\/ge20191027d.jpg'><img src=http:\/\/extra.inmontanis.info\/d\/57058-3\/ge20191027d.jpg \/><\/a><br \/>\n^ Rot der ehemalige ESL, Magenta irgendwo irgendwie der ehemalige Skilift, T\u00fcrkis die ge\u00f6ffnete Stra\u00dfe.<\/p>\n<p>Als n\u00e4chstes ging&#8217;s nach Spiazzi di Gromo, meinen heurigen Lombardei-Saisonskipass kaufen. Der ist ja bis Ende Oktober noch um 50,- \u20ac g\u00fcnstiger, mit 790,- \u20ac aber trotzdem noch sehr teuer. Ging recht z\u00fcgig, ein Formular musste ich aber ausf\u00fcllen,  irgendeine Art von Quittung oder Kassenzettel bekam ich aber keine, nur die Keycard. Was ja schon etwas eigenartig ist. Sollte man die Karte also besser nicht verlieren oder abnehmen lassen. Ok, Foto mit der Nummer hab ich gemacht.<\/p>\n<p><a href='http:\/\/ski.inmontanis.info\/d\/267407-2\/DSC01310.jpg'><img src=http:\/\/ski.inmontanis.info\/d\/267406-3\/DSC01310.jpg \/><\/a><br \/>\n^ Pano in Gromo<\/p>\n<p><a href='http:\/\/ski.inmontanis.info\/d\/267411-2\/DSC01312.jpg'><img src=http:\/\/ski.inmontanis.info\/d\/267410-3\/DSC01312.jpg \/><\/a><br \/>\n^ Die linke der beiden DSB ist im Sommer f\u00fcr Radfahrer offen<\/p>\n<p>Eines der beiden Restaurants nahe der Talstation hatte offen und ich nahm mir einen Hamburger mit (Salsiccia gab&#8217;s leider keine).<\/p>\n<p>Danach ging&#8217;s nach Oltre il Colle bzw. zur Alpe Arera. Als ich 2008 hier war, war das Skigebiet ja bereits stillgelegt und die DSB abgebaut, aber die Stra\u00dfe zur Mittelstation wurde gerade gebaut oder ausgebaut. Die wollte ich heut somit mal fahren. Immerhin stehen die Stationen auch weiter oben noch herum. Sch\u00f6nes s\u00fcdseitiges Gel\u00e4nde, schade, dass das Skigebiet hier so schnell geschlossen wurde.<\/p>\n<p>Zuerst ein paar Fotos von 2008:<\/p>\n<p><a href='http:\/\/ski.inmontanis.info\/d\/65358-3\/P1290860.JPG'><img src=http:\/\/ski.inmontanis.info\/d\/65357-4\/P1290860.JPG \/><\/a><\/p>\n<p><a href='http:\/\/ski.inmontanis.info\/d\/64496-3\/P1290287.JPG'><img src=http:\/\/ski.inmontanis.info\/d\/64495-4\/P1290287.JPG \/><\/a><br \/>\n^ 2. Sektion DSB und daneben SL-Bergstation<\/p>\n<p><a href='http:\/\/ski.inmontanis.info\/d\/64508-3\/P1290290.JPG'><img src=http:\/\/ski.inmontanis.info\/d\/64507-4\/P1290290.JPG \/><\/a><\/p>\n<p>&#8212;<\/p>\n<p><a href='http:\/\/ski.inmontanis.info\/d\/267415-2\/DSC01318.jpg'><img src=http:\/\/ski.inmontanis.info\/d\/267414-3\/DSC01318.jpg \/><\/a><br \/>\n^ Blick ins ehemalige Skigebiet Alpe Arera<\/p>\n<p><a href='http:\/\/ski.inmontanis.info\/d\/267419-2\/DSC01322.jpg'><img src=http:\/\/ski.inmontanis.info\/d\/267418-3\/DSC01322.jpg \/><\/a><br \/>\n^ Die D\u00f6rfer um Oltre il Colle sind schon recht eigenartig auf mehreren H\u00fcgeln und H\u00e4ngen gebaut<\/p>\n<p><a href='http:\/\/ski.inmontanis.info\/d\/267423-2\/DSC01325.jpg'><img src=http:\/\/ski.inmontanis.info\/d\/267422-3\/DSC01325.jpg \/><\/a><br \/>\n^ Auffahrt zur ehemaligen Mittelstation Alpe Arera<\/p>\n<p><a href='http:\/\/ski.inmontanis.info\/d\/267427-2\/DSC01327.jpg'><img src=http:\/\/ski.inmontanis.info\/d\/267426-3\/DSC01327.jpg \/><\/a><br \/>\n^ Parkplatz an der ehemaligen Mittelstation. Ganz sch\u00f6n was los.<\/p>\n<p><a href='http:\/\/ski.inmontanis.info\/d\/267431-2\/DSC01328.jpg'><img src=http:\/\/ski.inmontanis.info\/d\/267430-3\/DSC01328.jpg \/><\/a><br \/>\n^ Ehemalige Talstation des kurzen, linken SL. Am hang dahinter links ist ein kurzer SL in Zambla; recht dahinter im Sonnenfeld ist das Skigebiet Monte Alben. Ob die beiden noch in Betrieb sind, wei\u00df ich nicht, sind ja jeweils schon mal modernisiert\/ausgetauscht worden.<\/p>\n<p><a href='http:\/\/ski.inmontanis.info\/d\/267435-2\/DSC01329.jpg'><img src=http:\/\/ski.inmontanis.info\/d\/267434-3\/DSC01329.jpg \/><\/a><br \/>\n^ Hier schlug mein LSAP-o-Meter aus &#8230;<\/p>\n<p><a href='http:\/\/ski.inmontanis.info\/d\/267439-2\/DSC01330.jpg'><img src=http:\/\/ski.inmontanis.info\/d\/267438-3\/DSC01330.jpg \/><\/a><br \/>\n^ H\u00e4nge an der oberen Sektion<\/p>\n<p><a href='http:\/\/ski.inmontanis.info\/d\/267443-2\/DSC01331.jpg'><img src=http:\/\/ski.inmontanis.info\/d\/267442-3\/DSC01331.jpg \/><\/a><br \/>\n^ Rechts der 2. DSB-Sektion ging fast parallel noch ein SL hinauf. Hier ist die Talstation<\/p>\n<p><a href='http:\/\/ski.inmontanis.info\/d\/267447-2\/DSC01333.jpg'><img src=http:\/\/ski.inmontanis.info\/d\/267446-3\/DSC01333.jpg \/><\/a><br \/>\n^ Ex-SL-Talstation<\/p>\n<p><a href='http:\/\/ski.inmontanis.info\/d\/267451-2\/DSC01334.jpg'><img src=http:\/\/ski.inmontanis.info\/d\/267450-3\/DSC01334.jpg \/><\/a><br \/>\n^ Ex-SL-Trasse<\/p>\n<p><a href='http:\/\/ski.inmontanis.info\/d\/267455-2\/DSC01335.jpg'><img src=http:\/\/ski.inmontanis.info\/d\/267454-3\/DSC01335.jpg \/><\/a><br \/>\n^ .. wohl ein Teil von einem Liftb\u00fcgel\/Tellerstange<\/p>\n<p><a href='http:\/\/ski.inmontanis.info\/d\/267459-2\/DSC01337.jpg'><img src=http:\/\/ski.inmontanis.info\/d\/267458-3\/DSC01337.jpg \/><\/a><br \/>\n^ Sciovia-Schild<\/p>\n<p><a href='http:\/\/ski.inmontanis.info\/d\/267463-2\/DSC01338.jpg'><img src=http:\/\/ski.inmontanis.info\/d\/267462-3\/DSC01338.jpg \/><\/a><br \/>\n^ Wohl ehemalige SL-St\u00fctze<\/p>\n<p><a href='http:\/\/ski.inmontanis.info\/d\/267467-2\/DSC01342.jpg'><img src=http:\/\/ski.inmontanis.info\/d\/267466-3\/DSC01342.jpg \/><\/a><br \/>\n^ Ex-Bergstation DSB Sektion 1<\/p>\n<p><a href='http:\/\/ski.inmontanis.info\/d\/267471-2\/DSC01343.jpg'><img src=http:\/\/ski.inmontanis.info\/d\/267470-3\/DSC01343.jpg \/><\/a><br \/>\n^ Weiter hinauf zur Bergstation der 2. Sektion darf man leider nicht fahren<\/p>\n<p><a href='http:\/\/ski.inmontanis.info\/d\/267475-2\/DSC01345.jpg'><img src=http:\/\/ski.inmontanis.info\/d\/267474-3\/DSC01345.jpg \/><\/a><br \/>\n^ Ex-Bergstation DSB Sektion 1<\/p>\n<p><a href='http:\/\/ski.inmontanis.info\/d\/267479-2\/DSC01350.jpg'><img src=http:\/\/ski.inmontanis.info\/d\/267478-3\/DSC01350.jpg \/><\/a><br \/>\n^ Rollengummi..<\/p>\n<p><a href='http:\/\/ski.inmontanis.info\/d\/267483-2\/DSC01352.jpg'><img src=http:\/\/ski.inmontanis.info\/d\/267482-3\/DSC01352.jpg \/><\/a><br \/>\n^ Ex-WC<\/p>\n<p><a href='http:\/\/ski.inmontanis.info\/d\/267487-2\/DSC01354.jpg'><img src=http:\/\/ski.inmontanis.info\/d\/267486-3\/DSC01354.jpg \/><\/a><br \/>\n^ Ex-WC<\/p>\n<p><a href='http:\/\/ski.inmontanis.info\/d\/267491-2\/DSC01355.jpg'><img src=http:\/\/ski.inmontanis.info\/d\/267490-3\/DSC01355.jpg \/><\/a><br \/>\n^ Ex-Durchgang<\/p>\n<p><a href='http:\/\/ski.inmontanis.info\/d\/267495-2\/DSC01357.jpg'><img src=http:\/\/ski.inmontanis.info\/d\/267494-3\/DSC01357.jpg \/><\/a><br \/>\n^ Ex-Talstation DSB Sektion 2<\/p>\n<p><a href='http:\/\/ski.inmontanis.info\/d\/267499-2\/DSC01358.jpg'><img src=http:\/\/ski.inmontanis.info\/d\/267498-3\/DSC01358.jpg \/><\/a><br \/>\n^ Parkplatz und Panorama von der Mittelstation<\/p>\n<p><a href='http:\/\/ski.inmontanis.info\/d\/267503-2\/DSC01359.jpg'><img src=http:\/\/ski.inmontanis.info\/d\/267502-3\/DSC01359.jpg \/><\/a><br \/>\n^ Ex-Talstation DSB Sektion 2<\/p>\n<p><a href='http:\/\/ski.inmontanis.info\/d\/267507-2\/DSC01361.jpg'><img src=http:\/\/ski.inmontanis.info\/d\/267506-3\/DSC01361.jpg \/><\/a><br \/>\n^ Ex-Talstation DSB Sektion 2<\/p>\n<p><a href='http:\/\/ski.inmontanis.info\/d\/267511-2\/DSC01363.jpg'><img src=http:\/\/ski.inmontanis.info\/d\/267510-3\/DSC01363.jpg \/><\/a><br \/>\n^ Ex-Strecke DSB Sektion 2<\/p>\n<p><a href='http:\/\/ski.inmontanis.info\/d\/267515-2\/DSC01364.jpg'><img src=http:\/\/ski.inmontanis.info\/d\/267514-3\/DSC01364.jpg \/><\/a><br \/>\n^ Ex-Talstation DSB Sektion 2<\/p>\n<p><a href='http:\/\/ski.inmontanis.info\/d\/267519-2\/DSC01365.jpg'><img src=http:\/\/ski.inmontanis.info\/d\/267518-3\/DSC01365.jpg \/><\/a><br \/>\n^ Blick von der 2. zur 1. Sektion<\/p>\n<p><a href='http:\/\/ski.inmontanis.info\/d\/267523-2\/DSC01370.jpg'><img src=http:\/\/ski.inmontanis.info\/d\/267522-3\/DSC01370.jpg \/><\/a><br \/>\n^ Ex-Talstation DSB Sektion 2<\/p>\n<p><a href='http:\/\/ski.inmontanis.info\/d\/267527-2\/DSC01376.jpg'><img src=http:\/\/ski.inmontanis.info\/d\/267526-3\/DSC01376.jpg \/><\/a><br \/>\n^ Tolles Panorama<\/p>\n<p><a href='http:\/\/ski.inmontanis.info\/d\/267531-2\/DSC01378.jpg'><img src=http:\/\/ski.inmontanis.info\/d\/267530-3\/DSC01378.jpg \/><\/a><br \/>\n^ Ex-Talstation DSB Sektion 2<\/p>\n<p><a href='http:\/\/ski.inmontanis.info\/d\/267535-2\/DSC01380.jpg'><img src=http:\/\/ski.inmontanis.info\/d\/267534-3\/DSC01380.jpg \/><\/a><br \/>\n^ Ex-Talstation DSB Sektion 2<\/p>\n<p><a href='http:\/\/ski.inmontanis.info\/d\/267539-2\/DSC01382.jpg'><img src=http:\/\/ski.inmontanis.info\/d\/267538-3\/DSC01382.jpg \/><\/a><br \/>\n^ Die H\u00e4nge am kurzen linken SL<\/p>\n<p><a href='http:\/\/ski.inmontanis.info\/d\/267543-2\/ge20191027f.jpg'><img src=http:\/\/ski.inmontanis.info\/d\/267542-3\/ge20191027f.jpg \/><\/a><br \/>\n^ Rot die ehemaligen Lifte; T\u00fcrkis die aktuelle Stra\u00dfe<\/p>\n<p>Zuletzt wollte ich nach Valtorta fahren. Dort k\u00e4me ich zwar vielleicht auch im Winter her (falls ich nicht von Barzio aus rauffahre), aber lt. Karte g\u00e4be es eine Stra\u00dfe bis rauf ins Skigebiet. Die war dann leider doch geschlossen. Trotzdem landschaftlich sehr sch\u00f6ne Anfahrt, werd ich vielleicht auch im Winter mal so rum fahren .. und evtl. doch 2x in das Skigebiet fahren anstatt nur 1x wie geplant.<\/p>\n<p><a href='http:\/\/extra.inmontanis.info\/d\/57103-3\/DSC01387.jpg'><img src=http:\/\/extra.inmontanis.info\/d\/57102-4\/DSC01387.jpg \/><\/a><br \/>\n^ Fahrt richtung Valtorta<\/p>\n<p><a href='http:\/\/extra.inmontanis.info\/d\/57107-3\/DSC01389.jpg'><img src=http:\/\/extra.inmontanis.info\/d\/57106-4\/DSC01389.jpg \/><\/a><br \/>\n^ Fahrt richtung Valtorta<\/p>\n<p><a href='http:\/\/extra.inmontanis.info\/d\/57111-3\/DSC01392.jpg'><img src=http:\/\/extra.inmontanis.info\/d\/57110-4\/DSC01392.jpg \/><\/a><br \/>\n^ Fahrt hinauf zur Lifttalstation von Valtorta<\/p>\n<p><a href='http:\/\/ski.inmontanis.info\/d\/267547-2\/DSC01397.jpg'><img src=http:\/\/ski.inmontanis.info\/d\/267546-3\/DSC01397.jpg \/><\/a><br \/>\n^ Vom Parkplatz aus w\u00fcrde noch eine Stra\u00dfe weiter hinauf gehen, die aber leider gesperrt ist.<\/p>\n<p><a href='http:\/\/ski.inmontanis.info\/d\/267551-2\/DSC01399.jpg'><img src=http:\/\/ski.inmontanis.info\/d\/267550-3\/DSC01399.jpg \/><\/a><br \/>\n^ Parkplatz, die noch recht neue 4KSB und die planierten Abfahrten sind etwas entt\u00e4uschend bei der Anfahrt durch das enge, steile Tal<\/p>\n<p><a href='http:\/\/extra.inmontanis.info\/d\/57123-3\/DSC01401.jpg'><img src=http:\/\/extra.inmontanis.info\/d\/57122-4\/DSC01401.jpg \/><\/a><br \/>\n^ Das Panorama ist wie so meist in den wilden Bergamasker Alpen aber toll.<\/p>\n<p>Auf dem R\u00fcckweg ging&#8217;s erst \u00fcber den Passo San Marco, den ich zwar erst letztes Jahr gefahren bin, aber eben praktisch auf dem Weg lag und im Winter ja auch geschlossen hat. Danach hatte ich mir vorgenommen, \u00fcber den im Winter ebenfalls geschlossenen Spl\u00fcgenpass fahren, wobei es bereits in Chiavenna dunkel war, gesehen hab ich also landschaftlich leider nix. Daf\u00fcr war ich jetzt weit genug in der Schweiz, um im Rheintal noch eine Portion \u00c4lplermagronen zu essen ;) Im Anschluss n\u00fctzte ich noch ein letztes Mal meine Arlberg-Jahresmautkarte aus, die noch bis Anfang November galt.<\/p>\n<p><a href='http:\/\/extra.inmontanis.info\/d\/57127-3\/DSC01402.jpg'><img src=http:\/\/extra.inmontanis.info\/d\/57126-4\/DSC01402.jpg \/><\/a><br \/>\n^ Nordpano vom Passo San Marco<\/p>\n","protected":false},"excerpt":{"rendered":"<p>27.10.2019 &#8211; Bergamasker Alpen<\/p>\n<p>Von Bormio aus ging&#8217;s \u00fcber den Mortirolo-Pass nach Edolo. So hab ich den Aprica-Pass vermieden, den ich im Winter wohl oft genug fahren werde. War allerdings noch zu dunkel, um sinnvoll Fotos zu machen.<\/p>\n<p>Schilpario wollte ich \u00fcber den Vivione-Pass anfahren, der Wintersperre haben soll und den ich meines Wissens noch <a href=\"http:\/\/blog.inmontanis.info\/?p=5849\">[&#8230;]<\/a><\/p>\n","protected":false},"author":1,"featured_media":0,"comment_status":"closed","ping_status":"closed","sticky":false,"template":"","format":"standard","meta":{"footnotes":""},"categories":[525,479,15,542,544,32,81],"tags":[49,38,35,47],"class_list":["post-5849","post","type-post","status-publish","format-standard","hentry","category-barzio-bobbio","category-gromo-spiazzi","category-italienitaly","category-oltre-il-colle","category-schilpario","category-lostplaces","category-kurztrips","tag-4sb","tag-dsb","tag-esl","tag-sl","odd"],"_links":{"self":[{"href":"http:\/\/blog.inmontanis.info\/index.php?rest_route=\/wp\/v2\/posts\/5849","targetHints":{"allow":["GET"]}}],"collection":[{"href":"http:\/\/blog.inmontanis.info\/index.php?rest_route=\/wp\/v2\/posts"}],"about":[{"href":"http:\/\/blog.inmontanis.info\/index.php?rest_route=\/wp\/v2\/types\/post"}],"author":[{"embeddable":true,"href":"http:\/\/blog.inmontanis.info\/index.php?rest_route=\/wp\/v2\/users\/1"}],"replies":[{"embeddable":true,"href":"http:\/\/blog.inmontanis.info\/index.php?rest_route=%2Fwp%2Fv2%2Fcomments&post=5849"}],"version-history":[{"count":4,"href":"http:\/\/blog.inmontanis.info\/index.php?rest_route=\/wp\/v2\/posts\/5849\/revisions"}],"predecessor-version":[{"id":9055,"href":"http:\/\/blog.inmontanis.info\/index.php?rest_route=\/wp\/v2\/posts\/5849\/revisions\/9055"}],"wp:attachment":[{"href":"http:\/\/blog.inmontanis.info\/index.php?rest_route=%2Fwp%2Fv2%2Fmedia&parent=5849"}],"wp:term":[{"taxonomy":"category","embeddable":true,"href":"http:\/\/blog.inmontanis.info\/index.php?rest_route=%2Fwp%2Fv2%2Fcategories&post=5849"},{"taxonomy":"post_tag","embeddable":true,"href":"http:\/\/blog.inmontanis.info\/index.php?rest_route=%2Fwp%2Fv2%2Ftags&post=5849"}],"curies":[{"name":"wp","href":"https:\/\/api.w.org\/{rel}","templated":true}]}}