{"id":5845,"date":"2019-11-01T16:36:25","date_gmt":"2019-11-01T15:36:25","guid":{"rendered":"http:\/\/blog.inmontanis.info\/?p=5845"},"modified":"2023-08-06T22:00:55","modified_gmt":"2023-08-06T20:00:55","slug":"kalender-2020","status":"publish","type":"post","link":"http:\/\/blog.inmontanis.info\/?p=5845","title":{"rendered":"Kalender 2020"},"content":{"rendered":"<p>Wie schon in den Vorjahren stell ich auch heuer wieder meinen Kalender kostenlos zum Drucken (aber nicht zum Weiterverkaufen) zur Verf\u00fcgung.<\/p>\n<p>Wie \u00fcblich sind alle Bilder in den letzten 12 Monaten entstanden. Diesmal in folgenden 9 L\u00e4ndern: Deutschland, Schweiz, Italien, Slowenien, Gro\u00dfbritannien (England + Schottland), Finnland, Aserbaidschan, Griechenland, T\u00fcrkei<\/p>\n<p>PDF, 73 MB, in A3 angelegt mit Anschnitt und Schnittmarken:<br \/>\n<a href='http:\/\/ski.inmontanis.info\/0alpinforum\/kalender2020.pdf'>http:\/\/ski.inmontanis.info\/0alpinforum\/kalender2020.pdf<\/a><\/p>\n<p>Und hier die einzelnen Monate:<\/p>\n<p><img src=http:\/\/ski.inmontanis.info\/0alpinforum\/kalender20200.jpg \/><\/p>\n<p><img src=http:\/\/ski.inmontanis.info\/0alpinforum\/kalender20201.jpg \/><\/p>\n<p><img src=http:\/\/ski.inmontanis.info\/0alpinforum\/kalender20202.jpg \/><\/p>\n<p><img src=http:\/\/ski.inmontanis.info\/0alpinforum\/kalender20203.jpg \/><\/p>\n<p><img src=http:\/\/ski.inmontanis.info\/0alpinforum\/kalender20204.jpg \/><\/p>\n<p><img src=http:\/\/ski.inmontanis.info\/0alpinforum\/kalender20205.jpg \/><\/p>\n<p><img src=http:\/\/ski.inmontanis.info\/0alpinforum\/kalender20206.jpg \/><\/p>\n<p><img src=http:\/\/ski.inmontanis.info\/0alpinforum\/kalender20207.jpg \/><\/p>\n<p><img src=http:\/\/ski.inmontanis.info\/0alpinforum\/kalender20208.jpg \/><\/p>\n<p><img src=http:\/\/ski.inmontanis.info\/0alpinforum\/kalender20209.jpg \/><\/p>\n<p><img src=http:\/\/ski.inmontanis.info\/0alpinforum\/kalender202010.jpg \/><\/p>\n<p><img src=http:\/\/ski.inmontanis.info\/0alpinforum\/kalender202011.jpg \/><\/p>\n<p><img src=http:\/\/ski.inmontanis.info\/0alpinforum\/kalender202012.jpg \/><\/p>\n","protected":false},"excerpt":{"rendered":"<p>Wie schon in den Vorjahren stell ich auch heuer wieder meinen Kalender kostenlos zum Drucken (aber nicht zum Weiterverkaufen) zur Verf\u00fcgung.<\/p>\n<p>Wie \u00fcblich sind alle Bilder in den letzten 12 Monaten entstanden. Diesmal in folgenden 9 L\u00e4ndern: Deutschland, Schweiz, Italien, Slowenien, Gro\u00dfbritannien (England + Schottland), Finnland, Aserbaidschan, Griechenland, T\u00fcrkei<\/p>\n<p>PDF, 73 MB, in A3 angelegt <a href=\"http:\/\/blog.inmontanis.info\/?p=5845\">[&#8230;]<\/a><\/p>\n","protected":false},"author":1,"featured_media":0,"comment_status":"closed","ping_status":"closed","sticky":false,"template":"","format":"standard","meta":{"footnotes":""},"categories":[911],"tags":[],"class_list":["post-5845","post","type-post","status-publish","format-standard","hentry","category-kalender","odd"],"_links":{"self":[{"href":"http:\/\/blog.inmontanis.info\/index.php?rest_route=\/wp\/v2\/posts\/5845","targetHints":{"allow":["GET"]}}],"collection":[{"href":"http:\/\/blog.inmontanis.info\/index.php?rest_route=\/wp\/v2\/posts"}],"about":[{"href":"http:\/\/blog.inmontanis.info\/index.php?rest_route=\/wp\/v2\/types\/post"}],"author":[{"embeddable":true,"href":"http:\/\/blog.inmontanis.info\/index.php?rest_route=\/wp\/v2\/users\/1"}],"replies":[{"embeddable":true,"href":"http:\/\/blog.inmontanis.info\/index.php?rest_route=%2Fwp%2Fv2%2Fcomments&post=5845"}],"version-history":[{"count":2,"href":"http:\/\/blog.inmontanis.info\/index.php?rest_route=\/wp\/v2\/posts\/5845\/revisions"}],"predecessor-version":[{"id":5848,"href":"http:\/\/blog.inmontanis.info\/index.php?rest_route=\/wp\/v2\/posts\/5845\/revisions\/5848"}],"wp:attachment":[{"href":"http:\/\/blog.inmontanis.info\/index.php?rest_route=%2Fwp%2Fv2%2Fmedia&parent=5845"}],"wp:term":[{"taxonomy":"category","embeddable":true,"href":"http:\/\/blog.inmontanis.info\/index.php?rest_route=%2Fwp%2Fv2%2Fcategories&post=5845"},{"taxonomy":"post_tag","embeddable":true,"href":"http:\/\/blog.inmontanis.info\/index.php?rest_route=%2Fwp%2Fv2%2Ftags&post=5845"}],"curies":[{"name":"wp","href":"https:\/\/api.w.org\/{rel}","templated":true}]}}