{"id":5839,"date":"2019-10-26T23:34:57","date_gmt":"2019-10-26T21:34:57","guid":{"rendered":"http:\/\/blog.inmontanis.info\/?p=5839"},"modified":"2023-08-06T20:58:21","modified_gmt":"2023-08-06T18:58:21","slug":"kaunertaler-gletscher-26-10-2019","status":"publish","type":"post","link":"http:\/\/blog.inmontanis.info\/?p=5839","title":{"rendered":"Kaunertaler Gletscher, 26.10.2019"},"content":{"rendered":"<p><strong>26.10.2019 &#8211; Kaunertaler Gletscher<\/strong> <\/p>\n<p>Eigentlich h\u00e4tte ich ja letztes WE 2 Tage in die Lombardei fahren wollen. Leider war das Wettter zu schlecht; allerdings auch im Norden zum Skifahren nicht gut genug. Also w\u00e4re ich gern unter der Woche auf einen Gletscher gefahren. Eigentlich am Stubaier, aber da wurde es lt. Webcam nicht nur immer schlechter, auch die ge\u00f6ffneten Lifte nahmen wieder ab. Also nahm ich mir vor, an einem Sch\u00f6nwettertag zum Kaunertaler zu fahren, denn neben der 8EUB ist auch schon die 4KSB in Betrieb und unter der Woche wenig los. Die Sturmvorhersagen auf Bergfex waren mir aber jeden Tag zu stark, als dass ich das Risiko h\u00e4tte eingehen wollen. (Mittags waren die Lifte aber doch immer offen.)<\/p>\n<p>Das WE um den 26. sollte nun in der Lombardei sonnig werden. Da ich im Oktober aber erst 1x Skifahren war (und es n\u00e4chste Woche wohl zu voll werden wird), wollte ich auch einen Skitag haben. Mehr oder weniger gut auf dem Weg w\u00e4ren Kaunertaler, Schnalstaler und Stilfserjoch. Bei letzterem st\u00f6rten mich aber insbesondere 2 Dinge: selbst unter der Woche gab es lt. Webcam kaum eine Zeit, wo bei den  Geister-SL nicht jeder B\u00fcgel\/Teller besetzt war und lt. Website ist nach wie vor beim Payer und Cristallo um 12:30 Schluss. Inwieweit das korrekt ist, wei\u00df man nat\u00fcrlich nicht, da man diese Lifte auf den Webcams nicht sieht. Die Geister-SL waren jedenfalls ohne Mittagspause in Betrieb.<\/p>\n<p>Schnalstaler sah unter der Woche recht leer aus (insb. am SL), Kaunertaler auch. Schlussendlich entschied ich mich f\u00fcr den Kaunertaler, weil besser auf dem Weg und der Skipass dort f\u00fcr mich (wesentlich) g\u00fcnstiger kommt. Und danach eben nur f\u00fcr einen Tag in die Bergamasker Alpen, also \u00e4hnliche Kombination wie letztes Jahr. Nur dass ich mir heuer die Saisonkarte f\u00fcr die Lombardei kaufen m\u00f6chte. Die ist bis Ende Oktober 50.- \u20ac g\u00fcnstiger, also nicht so wirklich lohnenswert, wenn man die Strecke ab Innsbruck einberechnet, aber vom Kaunertaler ist es ja nicht mehr so weit und ich hab mir noch ein paar Sachen rausgesucht, die ich besuchten wollte..<\/p>\n<p>Um ca. 9:15 Uhr war ich am Parkplatz, fr\u00fcher hier zu sein hei\u00dft ja eh nur, Schatten zu haben. Schnee war einige Zeit sehr hart, wurde aber gegen Mittag hier und da weicher bzw. aufgefahrener. Die ja reinen Schneedepot-Pisten an EUB und KSB sind breit und erstaunlich dick und an der 4KSB waren sogar beide Abfahrten bis Mittelstation offen. Nach 2 Fahrten mit der 8EUB blieb ich bis 11:30 an der 4KSB, weil es an der Gondel doch recht voll war. Zudem ist der Wechsel ja recht m\u00fchsam, wenn man dazwischen nicht mit einem SL fahren kann. <\/p>\n<p>Zu Mittag war&#8217;s an der 8EUB etwas leerer, danach wurde es aber wieder voller, also bald wieder zur\u00fcck zur 4KSB, wo es mir heute eh besser gefiel. Stellenweise war es nachmittags recht tief aufgefahren, ohne Sonne war der Starthang an der 8EUB sp\u00e4ter auch recht giftig, an einigen Abschnitten bleib es auch eher eisig (besonders am SL Falgin) und ein paar Steine gab&#8217;s auch mal, aber in Summe hat es schon ganz gut gepasst und es gefiel mir besser als vor 2 Wochen am \u00d6tztaler.<\/p>\n<p>Nach 15 Uhr gingen sich noch ein paar Fahrten am Falgin-SL aus. Die beste Abfahrt heute fand ich allerdings erst um 10 vor 4 &#8211; und musste somit dann noch einmal den SL Falgin fahren, bevor der Betrieb f\u00fcr heute eingestellt wurde.<\/p>\n<p>(Fotos anklicken zum Vergr\u00f6\u00dfern)<\/p>\n<p><a href='http:\/\/ski.inmontanis.info\/d\/267167-2\/DSC01094.jpg'><img src=http:\/\/ski.inmontanis.info\/d\/267166-3\/DSC01094.jpg \/><\/a><br \/>\n^ Morgens war&#8217;s wartezeitm\u00e4\u00dfig an der 8EUB noch angenehm, aber bald wurde es doch recht voll und ich verzog mich zur 4KSB<\/p>\n<p><a href='http:\/\/ski.inmontanis.info\/d\/267171-2\/DSC01095.jpg'><img src=http:\/\/ski.inmontanis.info\/d\/267170-3\/DSC01095.jpg \/><\/a><br \/>\n^ S\u00fcdtirol-Pano<\/p>\n<p><a href='http:\/\/ski.inmontanis.info\/d\/267175-2\/DSC01097.jpg'><img src=http:\/\/ski.inmontanis.info\/d\/267174-3\/DSC01097.jpg \/><\/a><br \/>\n^ Rote 8EUB Abfahrt; die schwarze links im Bild war noch nicht offen (obwohl auch genug Schnee verteilt war)<\/p>\n<p><a href='http:\/\/ski.inmontanis.info\/d\/267179-2\/DSC01099.jpg'><img src=http:\/\/ski.inmontanis.info\/d\/267178-3\/DSC01099.jpg \/><\/a><br \/>\n^ Dicke Depotschneedecke an der roten 8EUB-Abfahrt<\/p>\n<p><a href='http:\/\/ski.inmontanis.info\/d\/267183-2\/DSC01101.jpg'><img src=http:\/\/ski.inmontanis.info\/d\/267182-3\/DSC01101.jpg \/><\/a><br \/>\n^ Neues Funifor<\/p>\n<p><a href='http:\/\/ski.inmontanis.info\/d\/267187-2\/DSC01103.jpg'><img src=http:\/\/ski.inmontanis.info\/d\/267186-3\/DSC01103.jpg \/><\/a><br \/>\n^ 8EUB-Starthang, der zumindest im Herbst eher schwarz als blau markiert werden sollte ;)<\/p>\n<p><a href='http:\/\/ski.inmontanis.info\/d\/267191-2\/DSC01104.jpg'><img src=http:\/\/ski.inmontanis.info\/d\/267190-3\/DSC01104.jpg \/><\/a><br \/>\n^ Noch Depot \u00fcbrig<\/p>\n<p><a href='http:\/\/ski.inmontanis.info\/d\/267195-2\/DSC01106.jpg'><img src=http:\/\/ski.inmontanis.info\/d\/267194-3\/DSC01106.jpg \/><\/a><br \/>\n^ Am SL Falgin war die meiste Zeit die H\u00f6lle los, au\u00dfer \u00fcber Mittag und dann ganz zum Schluss.<\/p>\n<p><a href='http:\/\/ski.inmontanis.info\/d\/267199-2\/DSC01109.jpg'><img src=http:\/\/ski.inmontanis.info\/d\/267198-3\/DSC01109.jpg \/><\/a><br \/>\n^ Die Mulde ist nicht mehr sehr muldig, man ben\u00f6tigt weniger Schwung, weil hier dick Schnee liegt.<\/p>\n<p><a href='http:\/\/ski.inmontanis.info\/d\/267203-2\/DSC01113.jpg'><img src=http:\/\/ski.inmontanis.info\/d\/267202-3\/DSC01113.jpg \/><\/a><br \/>\n^ Verbindungsabfahrt von der EUB zur KSB; die war ein St\u00fcck weiter oben doch recht steinig. Depot w\u00e4re ja noch vorhanden, wenn auch etwas eigenartig positioniert.<\/p>\n<p><a href='http:\/\/ski.inmontanis.info\/d\/267207-2\/DSC01114.jpg'><img src=http:\/\/ski.inmontanis.info\/d\/267206-3\/DSC01114.jpg \/><\/a><br \/>\n^ SL N\u00f6rderjoch, leider noch nicht offen, aber daf\u00fcr ging ja die 4KSB<\/p>\n<p><a href='http:\/\/ski.inmontanis.info\/d\/267211-2\/DSC01119.jpg'><img src=http:\/\/ski.inmontanis.info\/d\/267210-3\/DSC01119.jpg \/><\/a><br \/>\n^ Zus\u00e4tzlich zur neuen Seilbahn wird auch noch ein Haus gebaut.<\/p>\n<p><a href='http:\/\/ski.inmontanis.info\/d\/267215-2\/DSC01121.jpg'><img src=http:\/\/ski.inmontanis.info\/d\/267214-3\/DSC01121.jpg \/><\/a><br \/>\n^ Ex-Wei\u00dfseeferner-SL<\/p>\n<p><a href='http:\/\/ski.inmontanis.info\/d\/267219-2\/DSC01124.jpg'><img src=http:\/\/ski.inmontanis.info\/d\/267218-3\/DSC01124.jpg \/><\/a><br \/>\n^ Depot an der 4KSB Talstation, auch noch genug da<\/p>\n<p><a href='http:\/\/ski.inmontanis.info\/d\/267223-2\/DSC01126.jpg'><img src=http:\/\/ski.inmontanis.info\/d\/267222-3\/DSC01126.jpg \/><\/a><br \/>\n^ 4KSB-Abfahrt<\/p>\n<p><a href='http:\/\/ski.inmontanis.info\/d\/267227-2\/DSC01129.jpg'><img src=http:\/\/ski.inmontanis.info\/d\/267226-3\/DSC01129.jpg \/><\/a><br \/>\n^ Beide 4KSB-Abfahrten waren rein mit Depotschnee offen<\/p>\n<p><a href='http:\/\/ski.inmontanis.info\/d\/267231-2\/DSC01130.jpg'><img src=http:\/\/ski.inmontanis.info\/d\/267230-3\/DSC01130.jpg \/><\/a><br \/>\n^ Verbindung 4KSB &#8211; 8 EUB, ohne N\u00f6rderjoch- und Wei\u00dfseeferner-SL ja leider etwas schiebelastig. Bin aber eh meist \u00fcber&#8217;s WC (Restaurant) gegangen.<\/p>\n<p><a href='http:\/\/ski.inmontanis.info\/d\/267235-2\/DSC01131.jpg'><img src=http:\/\/ski.inmontanis.info\/d\/267234-3\/DSC01131.jpg \/><\/a><br \/>\n^ 8EUB-Abfahrt, bis auf die Schwarze (und nat\u00fcrlich die Tunnelpiste zur Mittelstation) waren alle Abfahrtsst\u00fccke offen&#8230;<\/p>\n<p><a href='http:\/\/ski.inmontanis.info\/d\/267239-2\/DSC01133.jpg'><img src=http:\/\/ski.inmontanis.info\/d\/267238-3\/DSC01133.jpg \/><\/a><br \/>\n^ .. aber selbst die schwarze h\u00e4tte man hier oben \u00f6ffnen k\u00f6nnen, da Depot schon durchgehend verteilt war.<\/p>\n<p><a href='http:\/\/ski.inmontanis.info\/d\/267243-2\/DSC01134.jpg'><img src=http:\/\/ski.inmontanis.info\/d\/267242-3\/DSC01134.jpg \/><\/a><br \/>\n^ Funpark, SL Falgin, Ex-Wei\u00dfseeferner-SL<\/p>\n<p><a href='http:\/\/ski.inmontanis.info\/d\/267247-2\/DSC01135.jpg'><img src=http:\/\/ski.inmontanis.info\/d\/267246-3\/DSC01135.jpg \/><\/a><br \/>\n^ Dicke Schneedecke<\/p>\n<p><a href='http:\/\/ski.inmontanis.info\/d\/267251-2\/DSC01142.jpg'><img src=http:\/\/ski.inmontanis.info\/d\/267250-3\/DSC01142.jpg \/><\/a><br \/>\n^ SL Falgin, den k\u00f6nnte man doch jetzt mit den alten Wei\u00dfseeferner-SL-Teilen etwas aufmotzen und beschleunigen oder gar doppeln ..<\/p>\n<p><a href='http:\/\/ski.inmontanis.info\/d\/267255-2\/DSC01144.jpg'><img src=http:\/\/ski.inmontanis.info\/d\/267254-3\/DSC01144.jpg \/><\/a><br \/>\n^ SL Falgin<\/p>\n<p><a href='http:\/\/ski.inmontanis.info\/d\/267259-2\/DSC01148.jpg'><img src=http:\/\/ski.inmontanis.info\/d\/267258-3\/DSC01148.jpg \/><\/a><br \/>\n^ Ein Skiclub hatte eine Privatpiste mit einem Skidoo und einem Schlepperb\u00fcgel<\/p>\n<p><a href='http:\/\/ski.inmontanis.info\/d\/267263-2\/DSC01150.jpg'><img src=http:\/\/ski.inmontanis.info\/d\/267262-3\/DSC01150.jpg \/><\/a><br \/>\n^ Die geringste Schneeauflage hatte es auf den Gletscherpisten<\/p>\n<p><a href='http:\/\/ski.inmontanis.info\/d\/267267-2\/DSC01153.jpg'><img src=http:\/\/ski.inmontanis.info\/d\/267266-3\/DSC01153.jpg \/><\/a><br \/>\n^ Das gletscherfreie St\u00fcck wird auch immer l\u00e4nger<\/p>\n<p><a href='http:\/\/ski.inmontanis.info\/d\/267271-2\/DSC01155.jpg'><img src=http:\/\/ski.inmontanis.info\/d\/267270-3\/DSC01155.jpg \/><\/a><br \/>\n^ Neue Funiforst\u00fctze<\/p>\n<p><a href='http:\/\/ski.inmontanis.info\/d\/267275-2\/DSC01158.jpg'><img src=http:\/\/ski.inmontanis.info\/d\/267274-3\/DSC01158.jpg \/><\/a><br \/>\n^ Talstationen EUB\/PB + die etwas schneearme und steinige Verbindungsabfahrt zur 4KSB<\/p>\n<p><a href='http:\/\/ski.inmontanis.info\/d\/267279-2\/DSC01159.jpg'><img src=http:\/\/ski.inmontanis.info\/d\/267278-3\/DSC01159.jpg \/><\/a><br \/>\n^ Talstation Funifor<\/p>\n<p><a href='http:\/\/ski.inmontanis.info\/d\/267283-2\/DSC01164.jpg'><img src=http:\/\/ski.inmontanis.info\/d\/267282-3\/DSC01164.jpg \/><\/a><br \/>\n^ Talstationen EUB\/PB<\/p>\n<p><a href='http:\/\/ski.inmontanis.info\/d\/267287-2\/DSC01166.jpg'><img src=http:\/\/ski.inmontanis.info\/d\/267286-3\/DSC01166.jpg \/><\/a><br \/>\n^ N\u00f6rderjoch-SL<\/p>\n<p><a href='http:\/\/ski.inmontanis.info\/d\/267291-2\/DSC01167.jpg'><img src=http:\/\/ski.inmontanis.info\/d\/267290-3\/DSC01167.jpg \/><\/a><br \/>\n^ N\u00f6rderjoch-SL<\/p>\n<p><a href='http:\/\/ski.inmontanis.info\/d\/267295-2\/DSC01168.jpg'><img src=http:\/\/ski.inmontanis.info\/d\/267294-3\/DSC01168.jpg \/><\/a><br \/>\n^ Ex-N\u00f6rderjoch-2-SL<\/p>\n<p><a href='http:\/\/ski.inmontanis.info\/d\/267299-2\/DSC01169.jpg'><img src=http:\/\/ski.inmontanis.info\/d\/267298-3\/DSC01169.jpg \/><\/a><br \/>\n^ Talstation Funifor<\/p>\n<p><a href='http:\/\/ski.inmontanis.info\/d\/267303-2\/DSC01170.jpg'><img src=http:\/\/ski.inmontanis.info\/d\/267302-3\/DSC01170.jpg \/><\/a><br \/>\n^ Funifor St\u00fctze 1<\/p>\n<p><a href='http:\/\/ski.inmontanis.info\/d\/267307-2\/DSC01171.jpg'><img src=http:\/\/ski.inmontanis.info\/d\/267306-3\/DSC01171.jpg \/><\/a><br \/>\n^ N\u00f6rderjoch-SL \/ ehemaliger Funpark-Bereich<\/p>\n<p><a href='http:\/\/ski.inmontanis.info\/d\/267311-2\/DSC01172.jpg'><img src=http:\/\/ski.inmontanis.info\/d\/267310-3\/DSC01172.jpg \/><\/a><br \/>\n^ N\u00f6rderjoch-SL<\/p>\n<p><a href='http:\/\/ski.inmontanis.info\/d\/267315-2\/DSC01180.jpg'><img src=http:\/\/ski.inmontanis.info\/d\/267314-3\/DSC01180.jpg \/><\/a><br \/>\n^ 4KSB-Abfahrten<\/p>\n<p><a href='http:\/\/ski.inmontanis.info\/d\/267319-2\/DSC01182.jpg'><img src=http:\/\/ski.inmontanis.info\/d\/267318-3\/DSC01182.jpg \/><\/a><br \/>\n^ 4KSB-Abfahrt<\/p>\n<p><a href='http:\/\/ski.inmontanis.info\/d\/267323-2\/DSC01183.jpg'><img src=http:\/\/ski.inmontanis.info\/d\/267322-3\/DSC01183.jpg \/><\/a><br \/>\n^ Beide Funiforst\u00fctzen<\/p>\n<p><a href='http:\/\/ski.inmontanis.info\/d\/267327-2\/DSC01184.jpg'><img src=http:\/\/ski.inmontanis.info\/d\/267326-3\/DSC01184.jpg \/><\/a><br \/>\n^ N\u00f6rderjoch-SL<\/p>\n<p><a href='http:\/\/ski.inmontanis.info\/d\/267331-2\/DSC01186.jpg'><img src=http:\/\/ski.inmontanis.info\/d\/267330-3\/DSC01186.jpg \/><\/a><br \/>\n^ 4KSB-Abfahrten<\/p>\n<p><a href='http:\/\/ski.inmontanis.info\/d\/267335-2\/DSC01188.jpg'><img src=http:\/\/ski.inmontanis.info\/d\/267334-3\/DSC01188.jpg \/><\/a><br \/>\n^ 8EUB<\/p>\n<p><a href='http:\/\/ski.inmontanis.info\/d\/267339-2\/DSC01190.jpg'><img src=http:\/\/ski.inmontanis.info\/d\/267338-3\/DSC01190.jpg \/><\/a><br \/>\n^ Dort unten g\u00e4be es auch noch 2 Depots<\/p>\n<p><a href='http:\/\/ski.inmontanis.info\/d\/267343-2\/DSC01191.jpg'><img src=http:\/\/ski.inmontanis.info\/d\/267342-3\/DSC01191.jpg \/><\/a><br \/>\n^ N\u00f6rderjoch-SL<\/p>\n<p><a href='http:\/\/ski.inmontanis.info\/d\/267347-2\/DSC01195.jpg'><img src=http:\/\/ski.inmontanis.info\/d\/267346-3\/DSC01195.jpg \/><\/a><br \/>\n^ N\u00f6rderjoch-SL<\/p>\n<p><a href='http:\/\/ski.inmontanis.info\/d\/267351-2\/DSC01202.jpg'><img src=http:\/\/ski.inmontanis.info\/d\/267350-3\/DSC01202.jpg \/><\/a><br \/>\n^ Funiforgeh\u00e4nge\/Laufwerk noch ohne Gondelkabine<\/p>\n<p><a href='http:\/\/ski.inmontanis.info\/d\/267355-2\/DSC01203.jpg'><img src=http:\/\/ski.inmontanis.info\/d\/267354-3\/DSC01203.jpg \/><\/a><br \/>\n^ Am SL Falgin scheint man den Trainingsbereich auch etwas verbreitert zu haben<\/p>\n<p><a href='http:\/\/ski.inmontanis.info\/d\/267359-2\/DSC01206.jpg'><img src=http:\/\/ski.inmontanis.info\/d\/267358-3\/DSC01206.jpg \/><\/a><br \/>\n^ Funifor St\u00fctze 2<\/p>\n<p><a href='http:\/\/ski.inmontanis.info\/d\/267363-2\/DSC01207.jpg'><img src=http:\/\/ski.inmontanis.info\/d\/267362-3\/DSC01207.jpg \/><\/a><br \/>\n^ Die beste Abfahrt des Tages, erst etwas offpiste durch die Felsen und dann das jungfr\u00e4ulich, pulvrig pr\u00e4parierte St\u00fcck. (SL Falgin)<\/p>\n<p><a href='http:\/\/ski.inmontanis.info\/d\/267367-2\/DSC01209.jpg'><img src=http:\/\/ski.inmontanis.info\/d\/267366-3\/DSC01209.jpg \/><\/a><br \/>\n^ .. das auch weiter unten noch gut ging<\/p>\n<p><a href='http:\/\/ski.inmontanis.info\/d\/267371-2\/ge20191026b.jpg'><img src=http:\/\/ski.inmontanis.info\/d\/267370-3\/ge20191026b.jpg \/><\/a><br \/>\n^ GPS-Track 26.10.2019<\/p>\n<p>Nach dem Skifahren ging&#8217;s zum Tanken \u00fcber Samnaun und &#8211; da ich Bernina ja im Winter oft genug fahren werde &#8211; \u00fcber Reschen und Umbrail nach Bormio, wo ich an der Talstation vom Skigebiet San Colombano \u00fcbernachten wollte. Abend gegessen hab ich bereits in S\u00fcdtirol unterhalb des Reschenpass (Haidepark). Pizza gibt&#8217;s dort ab 17 Uhr, aber so fr\u00fch war ich eh nicht dran. Ich entschied mich f\u00fcr die Pizza Genovese mit Pesto, Rosmarin, Kartoffeln und Parmesan, was sich mal nach was anderem angeh\u00f6rt hatte und auch sehr lecker war, auch die beiden St\u00fccke kalt am n\u00e4chsten Tag. <\/p>\n<p>Nat\u00fcrlich hie\u00df diese Restaurantwahl (im Gegensatz zu Bormio), dass es nach dem Essen dunkel war und ich \u00fcber&#8217;n Umbrail in der Nacht fahren musste und nichts mehr vom Stilfserjoch gesehen habe. Am gew\u00fcnschten Parkplatz angekommen sah ich mir noch einen Film am Handy an und ging recht fr\u00fch ins Bett und bedingt durch die Zeitumstellung stellte ich den Wecker auf 4:30 Uhr. Ist ja auch noch einiges zu fahren f\u00fcr die morgigen Ziele &#8230;<\/p>\n<p>(Fortsetzung folgt.)<\/p>\n","protected":false},"excerpt":{"rendered":"<p>26.10.2019 &#8211; Kaunertaler Gletscher <\/p>\n<p>Eigentlich h\u00e4tte ich ja letztes WE 2 Tage in die Lombardei fahren wollen. Leider war das Wettter zu schlecht; allerdings auch im Norden zum Skifahren nicht gut genug. Also w\u00e4re ich gern unter der Woche auf einen Gletscher gefahren. Eigentlich am Stubaier, aber da wurde es lt. Webcam nicht nur <a href=\"http:\/\/blog.inmontanis.info\/?p=5839\">[&#8230;]<\/a><\/p>\n","protected":false},"author":1,"featured_media":0,"comment_status":"closed","ping_status":"closed","sticky":false,"template":"","format":"standard","meta":{"footnotes":""},"categories":[905,13,28,81],"tags":[53,52,45,47],"class_list":["post-5839","post","type-post","status-publish","format-standard","hentry","category-kaunertaler-gletscher","category-austria","category-skifahren-sommer","category-kurztrips","tag-8eub","tag-pb","tag-see","tag-sl","odd"],"_links":{"self":[{"href":"http:\/\/blog.inmontanis.info\/index.php?rest_route=\/wp\/v2\/posts\/5839","targetHints":{"allow":["GET"]}}],"collection":[{"href":"http:\/\/blog.inmontanis.info\/index.php?rest_route=\/wp\/v2\/posts"}],"about":[{"href":"http:\/\/blog.inmontanis.info\/index.php?rest_route=\/wp\/v2\/types\/post"}],"author":[{"embeddable":true,"href":"http:\/\/blog.inmontanis.info\/index.php?rest_route=\/wp\/v2\/users\/1"}],"replies":[{"embeddable":true,"href":"http:\/\/blog.inmontanis.info\/index.php?rest_route=%2Fwp%2Fv2%2Fcomments&post=5839"}],"version-history":[{"count":3,"href":"http:\/\/blog.inmontanis.info\/index.php?rest_route=\/wp\/v2\/posts\/5839\/revisions"}],"predecessor-version":[{"id":5842,"href":"http:\/\/blog.inmontanis.info\/index.php?rest_route=\/wp\/v2\/posts\/5839\/revisions\/5842"}],"wp:attachment":[{"href":"http:\/\/blog.inmontanis.info\/index.php?rest_route=%2Fwp%2Fv2%2Fmedia&parent=5839"}],"wp:term":[{"taxonomy":"category","embeddable":true,"href":"http:\/\/blog.inmontanis.info\/index.php?rest_route=%2Fwp%2Fv2%2Fcategories&post=5839"},{"taxonomy":"post_tag","embeddable":true,"href":"http:\/\/blog.inmontanis.info\/index.php?rest_route=%2Fwp%2Fv2%2Ftags&post=5839"}],"curies":[{"name":"wp","href":"https:\/\/api.w.org\/{rel}","templated":true}]}}