{"id":5830,"date":"2019-08-25T21:13:08","date_gmt":"2019-08-25T19:13:08","guid":{"rendered":"http:\/\/blog.inmontanis.info\/?p=5830"},"modified":"2022-09-17T20:49:09","modified_gmt":"2022-09-17T18:49:09","slug":"blackpool-tag-1-25-8-2019","status":"publish","type":"post","link":"http:\/\/blog.inmontanis.info\/?p=5830","title":{"rendered":"Blackpool (Tag 1), 25.8.2019"},"content":{"rendered":"<p><strong>UK &#038; IoM 2019 &#8211; Tag 11: So, 25.8.2019 &#8211; Blackpool Tag 1<\/strong> (km 4.699, Diff. 454km)<\/p>\n<p>Heute und morgen ging&#8217;s schwerpunktm\u00e4\u00dfig zum Stra\u00dfenbahnfahren nach Blackpool. \u00dcber das August-Bank-Holiday-Wochenende (morgen ist in UK Feiertag, die Feiertage sind \u00fcbrigens \u00fcblicherweise montags) gibt es bei den historischen Trams wie \u00fcblich den &#8220;goldenen Fahrplan&#8221; mit (mind.) 6 verschiedenen Fahrzeugen und bis nach Fleetwood, zudem heute einen Tag der offenen T\u00fcr im Depot, so dass ich wohl nicht zu viel Tramfahrten kommen w\u00fcrde und daher eben morgen noch einen zweiten Tag in Blackpool verbringen wollte.<\/p>\n<p>Ich konnte mich lange nicht entscheiden, wo ich diesmal parken wollte, zumal ich etwas sp\u00e4ter als 10 Uhr in Blackpool ankommen w\u00fcrde, da k\u00f6nnte es schon recht voll sein. In Fleetwood und Cleveleys sollte es gratis Parkpl\u00e4tze geben, ich probierte es in Cleveleys, wobei ich nicht all zu viel herumfahren wollte und dann halt doch auf einem kostenpflichtigen Parkplatz gelandet bin &#8211; wo ich aber nur den g\u00fcnstigeren Tagtarif bis 18 Uhr bezahlt hab, danach sollte man ja doch was leichter finden. War somit etwas g\u00fcnstiger als in Blackpool.<\/p>\n<p>Nach den k\u00fchlen letzten Tagen war der heutige Tag durch die Sonne seeehr warm, insbesondere in den geschlossenen Trams, da werde ich heute Abend oder morgen Fr\u00fch noch eine Dusche suchen m\u00fcssen. Und mit dem morgigen Tag zusammen holte ich mir auch etwas Sonnenbrand.<\/p>\n<p>Als ich mit dem Depot (etwas entt\u00e4uscht) fertig war (und bissl was gekauft hatte), fuhr die n\u00e4chste Shuttle-Tram nicht f\u00fcr ca. eine halbe Stunde (irgendein Problem irgendwo, keine Ahnung, ob es auch die Hauptstrecke betraf, also dann eine Runde im alten Bus*, leider war es nicht der offene Doppeldecker und fuhr dann leider anders als ich es im Plan angenommen h\u00e4tte. Viel zum Tramfahren bin ich somit nachmittags nicht mehr gekomen, gut, dass ich morgen nochmal hier bin.<\/p>\n<p>*) Mit ein Grund f\u00fcr das fr\u00fche Ersetzen der Trams mit Bussen war doch auch, das Busse bequemer waren als Trams?! Kann heute nicht mehr stimmen, die ganzen Bodenschwellen und Verkehr, Ampeln .. <\/p>\n<p>Nachmittags lief (wohl auch durch die eine Verz\u00f6gerung) kaum noch was nach Plan, die eine heutige Balloon-Tram stand glaub ich schon am fr\u00fchen Nachmittag vor dem Depot, die &#8220;A&#8221;-Tram schien auch nicht mehr zu kommen, stattdessen kamen zwischendrin die zwei Boote, aber netterweise fuhr die Standard-147 noch halbwegs nach Fahrplan. Mit dieser also die letzte Fahrt bis Cleveleys, musste ja zu meinem Auto wg. der Parkzeit, au\u00dferdem wollte ich die Eink\u00e4ufe abladen, bevor ich noch auf den Sonnenuntergang warte. Ich stellte mich dann n\u00e4her an eine Tramhaltestelle auf einen gratis Parkplatz. <\/p>\n<p>(Fotos anklicken zum Vergr\u00f6\u00dfern)<\/p>\n<p><a href='http:\/\/extra.inmontanis.info\/d\/55319-3\/ge_uk201908e.jpg'><img src=http:\/\/extra.inmontanis.info\/d\/55318-4\/ge_uk201908e.jpg \/><\/a><br \/>\n^ T\u00fcrkis: Fahrstrecke 25.8.2019 (insb. morgens)<br \/>\nK) Blackpool<\/p>\n<p><a href='http:\/\/extra.inmontanis.info\/d\/56785-3\/DSC09948.jpg'><img src=http:\/\/extra.inmontanis.info\/d\/56784-3\/DSC09948.jpg \/><\/a><br \/>\n^ Fr\u00fchherbstliche Morgenstimmung<\/p>\n<p><a href='http:\/\/extra.inmontanis.info\/d\/56789-3\/DSC09950.jpg'><img src=http:\/\/extra.inmontanis.info\/d\/56788-3\/DSC09950.jpg \/><\/a><br \/>\n^ Fr\u00fchherbstliche Morgend\u00e4mmerung<\/p>\n<p><a href='http:\/\/extra.inmontanis.info\/d\/56793-3\/DSC09953.jpg'><img src=http:\/\/extra.inmontanis.info\/d\/56792-3\/DSC09953.jpg \/><\/a><br \/>\n^ Morgend\u00e4mmerung<\/p>\n<p><a href='http:\/\/extra.inmontanis.info\/d\/56797-3\/IMG_20190825_08380368_full_2x1.jpg'><img src=http:\/\/extra.inmontanis.info\/d\/56796-3\/IMG_20190825_08380368_full_2x1.jpg \/><\/a><br \/>\n^ Fr\u00fchst\u00fcck &#8211; Reste vom gestrigen Abendessen, dazu das riesige Naanbrot. Kann man auch kalt essen und zum Wegwerfen war&#8217;s zu viel und zu schade.<\/p>\n<p><a href='http:\/\/extra.inmontanis.info\/d\/56465-2\/DSC09961.jpg'><img src=http:\/\/extra.inmontanis.info\/d\/56464-3\/DSC09961.jpg \/><\/a><br \/>\n^ In der roten Boat-Tram (227)<\/p>\n<p><a href='http:\/\/extra.inmontanis.info\/d\/56469-2\/DSC09965.jpg'><img src=http:\/\/extra.inmontanis.info\/d\/56468-3\/DSC09965.jpg \/><\/a><br \/>\n^ Beide Boat-Trams sind heute im Einsatz<\/p>\n<p><a href='http:\/\/extra.inmontanis.info\/d\/56473-2\/DSC09977.jpg'><img src=http:\/\/extra.inmontanis.info\/d\/56472-3\/DSC09977.jpg \/><\/a><br \/>\n^ Modernisierter Doppeldeck-Wagen 713<\/p>\n<p><a href='http:\/\/extra.inmontanis.info\/d\/56477-2\/DSC09980.jpg'><img src=http:\/\/extra.inmontanis.info\/d\/56476-3\/DSC09980.jpg \/><\/a><br \/>\n^ Strandblick von der Tram aus. Schon recht voll in Blackpool im Sommer.<\/p>\n<p><a href='http:\/\/extra.inmontanis.info\/d\/56481-2\/DSC09983.jpg'><img src=http:\/\/extra.inmontanis.info\/d\/56480-3\/DSC09983.jpg \/><\/a><br \/>\n^ Barvarian J\u00e4ger and Bierkeller. Scheint wohl geschlossen.<\/p>\n<p><a href='http:\/\/extra.inmontanis.info\/d\/56485-2\/DSC09985.jpg'><img src=http:\/\/extra.inmontanis.info\/d\/56484-3\/DSC09985.jpg \/><\/a><br \/>\n^ Cabin \/ Cabin Lift \/ Tram 713<\/p>\n<p><a href='http:\/\/extra.inmontanis.info\/d\/56489-2\/DSC09988.jpg'><img src=http:\/\/extra.inmontanis.info\/d\/56488-3\/DSC09988.jpg \/><\/a><br \/>\n^ 631 fuhr das kurze St\u00fcck zum Depot<\/p>\n<p><a href='http:\/\/extra.inmontanis.info\/d\/56493-2\/DSC09992.jpg'><img src=http:\/\/extra.inmontanis.info\/d\/56492-3\/DSC09992.jpg \/><\/a><br \/>\n^ Rigby Road Depot<\/p>\n<p><a href='http:\/\/extra.inmontanis.info\/d\/56497-2\/DSC09996.jpg'><img src=http:\/\/extra.inmontanis.info\/d\/56496-3\/DSC09996.jpg \/><\/a><br \/>\n^ Nr. 634 hat Faltt\u00fcren<\/p>\n<p><a href='http:\/\/extra.inmontanis.info\/d\/56501-2\/DSC09995.jpg'><img src=http:\/\/extra.inmontanis.info\/d\/56500-3\/DSC09995.jpg \/><\/a><br \/>\n^ Coronation-Car 304, leider momentan nicht betriebsf\u00e4hig<\/p>\n<p><a href='http:\/\/extra.inmontanis.info\/d\/56505-2\/DSC09998.jpg'><img src=http:\/\/extra.inmontanis.info\/d\/56504-3\/DSC09998.jpg \/><\/a><br \/>\n^ Coronation-Car 304, s\u00e4he innen und au\u00dfen etwas anders aus ..<\/p>\n<p><a href='http:\/\/extra.inmontanis.info\/d\/56509-2\/DSC00001.jpg'><img src=http:\/\/extra.inmontanis.info\/d\/56508-3\/DSC00001.jpg \/><\/a><br \/>\n^ .. hatte damals sogar schon Schiebet\u00fcren<\/p>\n<p><a href='http:\/\/extra.inmontanis.info\/d\/56513-2\/DSC00002.jpg'><img src=http:\/\/extra.inmontanis.info\/d\/56512-3\/DSC00002.jpg \/><\/a><br \/>\n^ Coronation-Car 304, leider momentan nicht betriebsf\u00e4hig<\/p>\n<p><a href='http:\/\/extra.inmontanis.info\/d\/56517-2\/DSC00009.jpg'><img src=http:\/\/extra.inmontanis.info\/d\/56516-3\/DSC00009.jpg \/><\/a><br \/>\n^ Die meisten Trams konnte man leider nur aus der Ferne sehen. So wirklich offen war der heutige Tag der offenen T\u00fcr also nicht.<\/p>\n<p><a href='http:\/\/extra.inmontanis.info\/d\/56521-2\/DSC00014.jpg'><img src=http:\/\/extra.inmontanis.info\/d\/56520-3\/DSC00014.jpg \/><\/a><br \/>\n^ Ein paar alte Busse standen auch rum<\/p>\n<p><a href='http:\/\/extra.inmontanis.info\/d\/56525-2\/DSC00020.jpg'><img src=http:\/\/extra.inmontanis.info\/d\/56524-3\/DSC00020.jpg \/><\/a><br \/>\n^ Ein paar alte Busse standen auch rum<\/p>\n<p><a href='http:\/\/extra.inmontanis.info\/d\/56529-2\/DSC00018.jpg'><img src=http:\/\/extra.inmontanis.info\/d\/56528-3\/DSC00018.jpg \/><\/a><br \/>\n^ Die speziellen Illumination &#8211; Trams, von den ja leider auch ca. 2 seit einigen Jahren nicht mehr in Betrieb sind<\/p>\n<p><a href='http:\/\/extra.inmontanis.info\/d\/56533-2\/DSC00021.jpg'><img src=http:\/\/extra.inmontanis.info\/d\/56532-3\/DSC00021.jpg \/><\/a><br \/>\n^ .. besonders Tramnik-One wird wohl schmerzlich vermisst ;)<\/p>\n<p><a href='http:\/\/extra.inmontanis.info\/d\/56537-2\/DSC00023.jpg'><img src=http:\/\/extra.inmontanis.info\/d\/56536-3\/DSC00023.jpg \/><\/a><br \/>\n^ Nr. 761 und dahinter Bolton 66<\/p>\n<p><a href='http:\/\/extra.inmontanis.info\/d\/56541-2\/DSC00025.jpg'><img src=http:\/\/extra.inmontanis.info\/d\/56540-3\/DSC00025.jpg \/><\/a><br \/>\n^ 761<\/p>\n<p><a href='http:\/\/extra.inmontanis.info\/d\/56545-2\/DSC00031.jpg'><img src=http:\/\/extra.inmontanis.info\/d\/56544-3\/DSC00031.jpg \/><\/a><br \/>\n^ OMO-Car Nr. 8 (One Man Operation), leider derzeit auch nicht im Publikumsbetrieb<\/p>\n<p><a href='http:\/\/extra.inmontanis.info\/d\/56549-2\/DSC00035.jpg'><img src=http:\/\/extra.inmontanis.info\/d\/56548-3\/DSC00035.jpg \/><\/a><br \/>\n^ 2 Oldtimer-Autos standen auch rum<\/p>\n<p><a href='http:\/\/extra.inmontanis.info\/d\/56553-2\/DSC00037.jpg'><img src=http:\/\/extra.inmontanis.info\/d\/56552-3\/DSC00037.jpg \/><\/a><br \/>\n^ Nr. 143 wird seit einiger Zeit hergerichtet und h\u00e4tte schon l\u00e4ngst fertig sein sollen, leider verz\u00f6gerte sich die Inbetriebnahme mehrmals, so dass ich sie halt in einem anderen Jahr fahren muss. Ich komm ja gern immer wieder nach Blackpool ;-)<\/p>\n<p><a href='http:\/\/extra.inmontanis.info\/d\/56557-2\/DSC00039.jpg'><img src=http:\/\/extra.inmontanis.info\/d\/56556-3\/DSC00039.jpg \/><\/a><br \/>\n^ Es gab viele Verkaufsst\u00e4nde mit gebrauchten B\u00fcchern und Modellen, da musste ich nat\u00fcrlich einiges mitnehmen. Es h\u00e4tte sogar fahrende Modelle f\u00fcr Modelleisenbahnen gegeben!<\/p>\n<p><a href='http:\/\/extra.inmontanis.info\/d\/56561-2\/DSC00043.jpg'><img src=http:\/\/extra.inmontanis.info\/d\/56560-3\/DSC00043.jpg \/><\/a><br \/>\n^ .. und auch eine gro\u00dfe, fahrende Modelltram war ausgestellt, hier mit 2 Blackpool (&#038; Umgebung) -Trams, die es derzeit hier nicht in Echt zu fahren gibt<\/p>\n<p><a href='http:\/\/extra.inmontanis.info\/d\/56565-2\/IMG_20190825_13252014_full_2x1.jpg'><img src=http:\/\/extra.inmontanis.info\/d\/56564-3\/IMG_20190825_13252014_full_2x1.jpg \/><\/a><br \/>\n^ So ein Dreadnought genannter Wagen (1897) mit seinen 2 Treppen pro Seite in Echt ist momentan leider auch nicht einsatzbereit, sollte aber irgendwo gelagert sein &#8211; leider wohl nicht hier. Als kleines Metall-Modell gab&#8217;s das wohl leider auch nie, nur als Plastik-Modell. Und wie ich heute erfahren hatte, war das zum selbst zusammenbauen. Denn ein Verkaufsstand hatte noch ein paar Reste von den Modellen als Bausatz &#8211; musste ich nat\u00fcrlich eines mitnehmen.<\/p>\n<p>Jedenfalls find ichs recht bl\u00f6d, dass in den letzten Jahren immer nur die Balloon- und Brushcars restauriert wurden und nicht die wirklich coolen Spezialwagen. An einem Stand war eine Sammelbox f\u00fcr die Princess-Alice-Restaurierung, da hab ich dann meine Restm\u00fcnzen reingeschmissen, macht wenigstens etwas mehr Sinn.<\/p>\n<p><a href='http:\/\/extra.inmontanis.info\/d\/56569-2\/DSC00044.jpg'><img src=http:\/\/extra.inmontanis.info\/d\/56568-3\/DSC00044.jpg \/><\/a><br \/>\n^ Eine weitere (abgesperrte) Halle<\/p>\n<p><a href='http:\/\/extra.inmontanis.info\/d\/56573-2\/DSC00051.jpg'><img src=http:\/\/extra.inmontanis.info\/d\/56572-3\/DSC00051.jpg \/><\/a><br \/>\n^ Es gab zudem einen gratis Oldtimer-Busbetrieb mit ca. 3 Bussen, wobei diese nicht sonderlich alt waren.<\/p>\n<p>Alles in Allem war ich eher entt\u00e4uscht. Zu viel Trams waren in den Tiefen des Depots versteckt, zu viel Absperrb\u00e4nder, die Highlights (au\u00dfer das Coronation Car) waren nicht mal richtig zu sehen (wie die ausgemusterten Illumination-Cars oder Princess Alice (Open-Top-Baloon \/ Doppeldecker oben offen, war wohl irgendwo versteckt hinter anderen, hab ich gar nicht gesehen) oder standen in anderen Depots (wie z.B. Dreadnought). Die gro\u00dfe (und recht g\u00fcnstige) Auswahl an alten B\u00fcchern und Modellen fand ich fast besser als die paar Trams, die man wirklich gut sehen konnte.<\/p>\n<p><a href='http:\/\/extra.inmontanis.info\/d\/56577-2\/DSC00057.jpg'><img src=http:\/\/extra.inmontanis.info\/d\/56576-3\/DSC00057.jpg \/><\/a><br \/>\n^ 147 vor dem Tower, der mal kurz in Wolken war. Wegen dieses sch\u00f6nen, alten Doppeldeckers war ich ja heuer haupts\u00e4chlich in Blackpool<\/p>\n<p><a href='http:\/\/extra.inmontanis.info\/d\/56581-2\/DSC00065.jpg'><img src=http:\/\/extra.inmontanis.info\/d\/56580-3\/DSC00065.jpg \/><\/a><br \/>\n^ 147 im unteren Stock<\/p>\n<p><a href='http:\/\/extra.inmontanis.info\/d\/56585-2\/DSC00068.jpg'><img src=http:\/\/extra.inmontanis.info\/d\/56584-3\/DSC00068.jpg \/><\/a><br \/>\n^ 147 im oberen Stock<\/p>\n<p><a href='http:\/\/extra.inmontanis.info\/d\/56589-2\/DSC00069.jpg'><img src=http:\/\/extra.inmontanis.info\/d\/56588-3\/DSC00069.jpg \/><\/a><br \/>\n^ 147<\/p>\n<p><a href='http:\/\/extra.inmontanis.info\/d\/56593-2\/DSC00072.jpg'><img src=http:\/\/extra.inmontanis.info\/d\/56592-3\/DSC00072.jpg \/><\/a><br \/>\n^ 147 und 600 vorm Tower<\/p>\n<p><a href='http:\/\/extra.inmontanis.info\/d\/56597-2\/DSC00080.jpg'><img src=http:\/\/extra.inmontanis.info\/d\/56596-3\/DSC00080.jpg \/><\/a><br \/>\n^ 147 in Cleveleys<\/p>\n<p><a href='http:\/\/extra.inmontanis.info\/d\/56601-2\/DSC00084.jpg'><img src=http:\/\/extra.inmontanis.info\/d\/56600-3\/DSC00084.jpg \/><\/a><br \/>\n^ 147 in Cleveleys. Im Gegensatz zu den normalen kleinen Metallmodellen ist der Wagen hier um 1 Fenster l\u00e4nger und hat 2 (Dreh-) Fahrgestelle statt nur 2 R\u00e4der pro Seite. Und auch wenn die Fensterverzierung der kleinen Fenster nur rote Folie sein sollte, sch\u00f6n ist&#8217;s allemal.<\/p>\n<p><a href='http:\/\/extra.inmontanis.info\/d\/56605-2\/DSC00085.jpg'><img src=http:\/\/extra.inmontanis.info\/d\/56604-3\/DSC00085.jpg \/><\/a><br \/>\n^ 147 in Cleveleys<\/p>\n<p>Da man mit der Tageskarte f\u00fcr die historischen Trams auch die normalen Trams fahren darf (was ich insb. in Blackpool aber h\u00f6chst ungern mach, weil sie mir nicht gefallen, sie oft \u00fcberf\u00fcllt sind und mir das dauernde T\u00fcr-Gepiepse auf den Zeiger geht), fuhr ich abends also mit den neuen Trams wieder nach Blackpool, wobei ich \u00f6fters ausstieg und abschnittsweise an der K\u00fcstenpromenade entlang ging, um dann wieder 1-2 Stationen zu fahren. Bis ich abends die Tram zur\u00fcck zum Auto nahm, war es doch schon 22 Uhr.<\/p>\n<p><a href='http:\/\/extra.inmontanis.info\/d\/56609-2\/DSC00087.jpg'><img src=http:\/\/extra.inmontanis.info\/d\/56608-3\/DSC00087.jpg \/><\/a><br \/>\n^ Little Bispham<\/p>\n<p><a href='http:\/\/extra.inmontanis.info\/d\/56613-2\/DSC00093.jpg'><img src=http:\/\/extra.inmontanis.info\/d\/56612-3\/DSC00093.jpg \/><\/a><br \/>\n^ Hier wird wohl mal wieder gebaut<\/p>\n<p><a href='http:\/\/extra.inmontanis.info\/d\/56617-2\/DSC00095.jpg'><img src=http:\/\/extra.inmontanis.info\/d\/56616-3\/DSC00095.jpg \/><\/a><br \/>\n^ K\u00fcste richtung Blackpool<\/p>\n<p><a href='http:\/\/extra.inmontanis.info\/d\/56621-2\/DSC00098.jpg'><img src=http:\/\/extra.inmontanis.info\/d\/56620-3\/DSC00098.jpg \/><\/a><br \/>\n^ Anti-Kletter-Farbe? Was es nicht alles gibt. Leider zu sp\u00e4t gesehen, zum Gl\u00fcck aber nichts passiert.<\/p>\n<p><a href='http:\/\/extra.inmontanis.info\/d\/56625-2\/DSC00102.jpg'><img src=http:\/\/extra.inmontanis.info\/d\/56624-3\/DSC00102.jpg \/><\/a><br \/>\n^ Little Bispham (mit modernen, kostenpflichtigen Toiletten. Soweit ich das mal \u00fcberflogen hab, ist der Standardpreis hier in der Gegend 0,30 Pfund)<\/p>\n<p><a href='http:\/\/extra.inmontanis.info\/d\/56629-2\/DSC00106.jpg'><img src=http:\/\/extra.inmontanis.info\/d\/56628-3\/DSC00106.jpg \/><\/a><br \/>\n^ Bispham<\/p>\n<p><a href='http:\/\/extra.inmontanis.info\/d\/56633-2\/DSC00109.jpg'><img src=http:\/\/extra.inmontanis.info\/d\/56632-3\/DSC00109.jpg \/><\/a><br \/>\n^ Toilettenh\u00e4uschen (ebenfalls kostenpflichtig)<\/p>\n<p><a href='http:\/\/extra.inmontanis.info\/d\/56637-2\/DSC00112.jpg'><img src=http:\/\/extra.inmontanis.info\/d\/56636-3\/DSC00112.jpg \/><\/a><br \/>\n^ Bispham \/ K\u00fcste<\/p>\n<p><a href='http:\/\/extra.inmontanis.info\/d\/56641-2\/DSC00120.jpg'><img src=http:\/\/extra.inmontanis.info\/d\/56640-3\/DSC00120.jpg \/><\/a><br \/>\n^ Es gibt immer wieder Wege hinunter ..<\/p>\n<p><a href='http:\/\/extra.inmontanis.info\/d\/56645-2\/DSC00127.jpg'><img src=http:\/\/extra.inmontanis.info\/d\/56644-3\/DSC00127.jpg \/><\/a><br \/>\n^ Cabin Lift<\/p>\n<p><a href='http:\/\/extra.inmontanis.info\/d\/56649-2\/DSC00130.jpg'><img src=http:\/\/extra.inmontanis.info\/d\/56648-3\/DSC00130.jpg \/><\/a><br \/>\n^ Cabin Lift, leider momentan (seit einigen Jahren) ja auch au\u00dfer Betrieb (nachdem er wohl sogar modernisiert wurde; hier unten gab es wohl auch mal einen anderen Zugang)<\/p>\n<p><a href='http:\/\/extra.inmontanis.info\/d\/56653-2\/DSC00133.jpg'><img src=http:\/\/extra.inmontanis.info\/d\/56652-3\/DSC00133.jpg \/><\/a><br \/>\n^ .. vermauert<\/p>\n<p><a href='http:\/\/extra.inmontanis.info\/d\/56657-2\/DSC00139.jpg'><img src=http:\/\/extra.inmontanis.info\/d\/56656-3\/DSC00139.jpg \/><\/a><br \/>\n^ Cabin Lift<\/p>\n<p><a href='http:\/\/extra.inmontanis.info\/d\/56661-2\/DSC00141.jpg'><img src=http:\/\/extra.inmontanis.info\/d\/56660-3\/DSC00141.jpg \/><\/a><br \/>\n^ Neben den offiziellen Wegen gibts auch etliche offiziell stillgelegte, die man hier und da aber trotzdem noch gehen kann<\/p>\n<p><a href='http:\/\/extra.inmontanis.info\/d\/56665-2\/DSC00143.jpg'><img src=http:\/\/extra.inmontanis.info\/d\/56664-3\/DSC00143.jpg \/><\/a><br \/>\n^ Aufgelassene Wege, hinten der Tower und North Pier<\/p>\n<p><a href='http:\/\/extra.inmontanis.info\/d\/56669-2\/DSC00149.jpg'><img src=http:\/\/extra.inmontanis.info\/d\/56668-3\/DSC00149.jpg \/><\/a><br \/>\n^ Jubilee Gardens<\/p>\n<p><a href='http:\/\/extra.inmontanis.info\/d\/56673-2\/DSC00150.jpg'><img src=http:\/\/extra.inmontanis.info\/d\/56672-3\/DSC00150.jpg \/><\/a><br \/>\n^ Bald ist Sonnenuntergang<\/p>\n<p><a href='http:\/\/extra.inmontanis.info\/d\/56677-2\/DSC00160.jpg'><img src=http:\/\/extra.inmontanis.info\/d\/56676-3\/DSC00160.jpg \/><\/a><br \/>\n^ Es muss ja nicht alles blitzblank sein, lieber alt und verrostet ;)<\/p>\n<p><a href='http:\/\/extra.inmontanis.info\/d\/56681-2\/DSC00167.jpg'><img src=http:\/\/extra.inmontanis.info\/d\/56680-3\/DSC00167.jpg \/><\/a><\/p>\n<p><a href='http:\/\/extra.inmontanis.info\/d\/56685-2\/DSC00168.jpg'><img src=http:\/\/extra.inmontanis.info\/d\/56684-3\/DSC00168.jpg \/><\/a><\/p>\n<p><a href='http:\/\/extra.inmontanis.info\/d\/56689-2\/DSC00170.jpg'><img src=http:\/\/extra.inmontanis.info\/d\/56688-3\/DSC00170.jpg \/><\/a><br \/>\n^ Gynn Slipway<\/p>\n<p><a href='http:\/\/extra.inmontanis.info\/d\/56693-2\/DSC00172.jpg'><img src=http:\/\/extra.inmontanis.info\/d\/56692-3\/DSC00172.jpg \/><\/a><br \/>\n^ Angler, North Pier, Tower<\/p>\n<p><a href='http:\/\/extra.inmontanis.info\/d\/56697-2\/DSC00176.jpg'><img src=http:\/\/extra.inmontanis.info\/d\/56696-3\/DSC00176.jpg \/><\/a><br \/>\n^ Auf- und Abg\u00e4nge<\/p>\n<p><a href='http:\/\/extra.inmontanis.info\/d\/56701-2\/DSC00178.jpg'><img src=http:\/\/extra.inmontanis.info\/d\/56700-3\/DSC00178.jpg \/><\/a><\/p>\n<p><a href='http:\/\/extra.inmontanis.info\/d\/56705-2\/DSC00179.jpg'><img src=http:\/\/extra.inmontanis.info\/d\/56704-3\/DSC00179.jpg \/><\/a><br \/>\n^ North Pier kurz vor Sonnenuntergang<\/p>\n<p><a href='http:\/\/extra.inmontanis.info\/d\/56709-2\/DSC00182.jpg'><img src=http:\/\/extra.inmontanis.info\/d\/56708-3\/DSC00182.jpg \/><\/a><br \/>\n^ Central Pier kurz vor Sonnenuntergang<\/p>\n<p><a href='http:\/\/extra.inmontanis.info\/d\/56713-2\/DSC00191.jpg'><img src=http:\/\/extra.inmontanis.info\/d\/56712-3\/DSC00191.jpg \/><\/a><br \/>\n^ Versuch, Tower und Sonnenuntergang auf ein Bild zu bringen<\/p>\n<p><a href='http:\/\/extra.inmontanis.info\/d\/56717-2\/DSC00193.jpg'><img src=http:\/\/extra.inmontanis.info\/d\/56716-3\/DSC00193.jpg \/><\/a><br \/>\n^ Sonnenuntergang leider nicht im Meer<\/p>\n<p><a href='http:\/\/extra.inmontanis.info\/d\/56721-2\/IMG_20190825_20302072_full_2x1.jpg'><img src=http:\/\/extra.inmontanis.info\/d\/56720-3\/IMG_20190825_20302072_full_2x1.jpg \/><\/a><br \/>\n^ Fischkuchen oder eher Burger, eine halbe Portion h\u00e4tte mir auch gereicht. Der Fishcake war m.E. viel zu fischig (daher eher Burger als Kuchen) und zwei St\u00fcck zu viel, auch die Pommes waren nicht nur viel zu viel, sondern schmeckten wie \u00fcblich nur nach Fett und nicht nach Kartoffeln. Wie man das beides schafft, obwohl man in UK die Pommes sogar immer so dick schneidet, ist mir echt unerkl\u00e4rlich. F\u00fcr mich w\u00fcrden die Fritten einfach noch 1-2 Minuten l\u00e4nger fritiert geh\u00f6ren, dann w\u00e4ren sie wenigstens knusprig. Hot Dogs schmecken an den Verkaufsst\u00e4nden zumindest hier in Blackpool ja leider genauso lahm, Wurst und Brot schmecken nach nix, die gegrillten Zwiebeln sind teilweise ganz nett, k\u00f6nnten aber auch schmackhafter sein. Verglichen mit Skandinavien ist das alles echt zu vergessen. Und eine Sache stimmt hier definitiv nicht, denn auch dort, wo&#8217;s voll ist, schmeckt&#8217;s nicht besser ;-)<\/p>\n<p><a href='http:\/\/extra.inmontanis.info\/d\/56725-2\/DSC00201.jpg'><img src=http:\/\/extra.inmontanis.info\/d\/56724-3\/DSC00201.jpg \/><\/a><br \/>\n^ Central Pier in der Abendd\u00e4mmerung<\/p>\n<p><a href='http:\/\/extra.inmontanis.info\/d\/56729-2\/DSC00206.jpg'><img src=http:\/\/extra.inmontanis.info\/d\/56728-3\/DSC00206.jpg \/><\/a><br \/>\n^ Abendd\u00e4mmerung zwischen Central und South Pier<\/p>\n<p><a href='http:\/\/extra.inmontanis.info\/d\/56733-2\/DSC00208.jpg'><img src=http:\/\/extra.inmontanis.info\/d\/56732-3\/DSC00208.jpg \/><\/a><br \/>\n^ Abendd\u00e4mmerung zwischen Central und North Pier \/ Tower. <\/p>\n<p><a href='http:\/\/extra.inmontanis.info\/d\/56737-2\/DSC00212.jpg'><img src=http:\/\/extra.inmontanis.info\/d\/56736-3\/DSC00212.jpg \/><\/a><br \/>\n^ Central Pier in der Abendd\u00e4mmerung (21 Uhr)<\/p>\n<p><a href='http:\/\/extra.inmontanis.info\/d\/56741-2\/DSC00214.jpg'><img src=http:\/\/extra.inmontanis.info\/d\/56740-3\/DSC00214.jpg \/><\/a><br \/>\n^ Diese Kugel-Kutschen sind ganztags beliebt und nachts beleuchtet<\/p>\n<p><a href='http:\/\/extra.inmontanis.info\/d\/56745-3\/DSC00216.jpg'><img src=http:\/\/extra.inmontanis.info\/d\/56744-4\/DSC00216.jpg \/><\/a><br \/>\n^ Tower, etwas weniger beleuchtet als dann zu den Illuminations<\/p>\n<p><a href='http:\/\/extra.inmontanis.info\/d\/56749-3\/DSC00225.jpg'><img src=http:\/\/extra.inmontanis.info\/d\/56748-4\/DSC00225.jpg \/><\/a><br \/>\n^ Blackpool Tower<\/p>\n<p><a href='http:\/\/extra.inmontanis.info\/d\/56753-3\/DSC00235.jpg'><img src=http:\/\/extra.inmontanis.info\/d\/56752-4\/DSC00235.jpg \/><\/a><br \/>\n^ North Pier &#8211; Infotafeln<\/p>\n<p><a href='http:\/\/extra.inmontanis.info\/d\/56757-3\/DSC00236.jpg'><img src=http:\/\/extra.inmontanis.info\/d\/56756-4\/DSC00236.jpg \/><\/a><br \/>\n^ North Pier &#8211; Infotafeln<\/p>\n<p><a href='http:\/\/extra.inmontanis.info\/d\/56761-3\/DSC00237.jpg'><img src=http:\/\/extra.inmontanis.info\/d\/56760-4\/DSC00237.jpg \/><\/a><br \/>\n^ North Pier &#8211; Infotafeln<\/p>\n<p><a href='http:\/\/extra.inmontanis.info\/d\/56765-3\/DSC00238.jpg'><img src=http:\/\/extra.inmontanis.info\/d\/56764-4\/DSC00238.jpg \/><\/a><br \/>\n^ North Pier &#8211; Infotafeln<\/p>\n<p><a href='http:\/\/extra.inmontanis.info\/d\/56769-3\/DSC00239.jpg'><img src=http:\/\/extra.inmontanis.info\/d\/56768-4\/DSC00239.jpg \/><\/a><br \/>\n^ North Pier bei Nacht (21:40)<\/p>\n<p><a href='http:\/\/extra.inmontanis.info\/d\/56773-3\/DSC00260.jpg'><img src=http:\/\/extra.inmontanis.info\/d\/56772-4\/DSC00260.jpg \/><\/a><br \/>\n^ Tower und Central Pier<\/p>\n<p><a href='http:\/\/extra.inmontanis.info\/d\/56777-3\/DSC00261.jpg'><img src=http:\/\/extra.inmontanis.info\/d\/56776-4\/DSC00261.jpg \/><\/a><br \/>\n^ Tower und Central Pier<\/p>\n<p><a href='http:\/\/extra.inmontanis.info\/d\/56781-3\/DSC00264.jpg'><img src=http:\/\/extra.inmontanis.info\/d\/56780-4\/DSC00264.jpg \/><\/a><br \/>\n^ North Pier<\/p>\n<p>So, und wo jetzt schlafen? Irgendwo am Stadtrand einen Parkplatz suchen? Oder au\u00dferhalb? Da ich morgen fr\u00fch gerne eine Autobahnrastst\u00e4tte mit Dusche besuchen wollte, fuhr ich ein St\u00fcck raus, suchte eine niederrangige Stra\u00dfe in den Bergen (pardon, H\u00fcgeln) und fand nach ca. 1h ein paar gr\u00f6\u00dfere Parkbuchten (kleinere Waldparkpl\u00e4tze) ohne \u00dcbernachten-Verboten-Schild.<\/p>\n<p>(Fortsetzung folgt.) <\/p>\n","protected":false},"excerpt":{"rendered":"<p>UK &#038; IoM 2019 &#8211; Tag 11: So, 25.8.2019 &#8211; Blackpool Tag 1 (km 4.699, Diff. 454km)<\/p>\n<p>Heute und morgen ging&#8217;s schwerpunktm\u00e4\u00dfig zum Stra\u00dfenbahnfahren nach Blackpool. \u00dcber das August-Bank-Holiday-Wochenende (morgen ist in UK Feiertag, die Feiertage sind \u00fcbrigens \u00fcblicherweise montags) gibt es bei den historischen Trams wie \u00fcblich den &#8220;goldenen Fahrplan&#8221; mit (mind.) 6 verschiedenen <a href=\"http:\/\/blog.inmontanis.info\/?p=5830\">[&#8230;]<\/a><\/p>\n","protected":false},"author":1,"featured_media":0,"comment_status":"closed","ping_status":"closed","sticky":false,"template":"","format":"standard","meta":{"footnotes":""},"categories":[180,195,21,59],"tags":[51,100,37,40],"class_list":["post-5830","post","type-post","status-publish","format-standard","hentry","category-2019-08-uk-iom","category-blackpool","category-britain","category-nostalgie","tag-architektur","tag-langzeitbelichtung","tag-meer","tag-strasenbahn","odd"],"_links":{"self":[{"href":"http:\/\/blog.inmontanis.info\/index.php?rest_route=\/wp\/v2\/posts\/5830","targetHints":{"allow":["GET"]}}],"collection":[{"href":"http:\/\/blog.inmontanis.info\/index.php?rest_route=\/wp\/v2\/posts"}],"about":[{"href":"http:\/\/blog.inmontanis.info\/index.php?rest_route=\/wp\/v2\/types\/post"}],"author":[{"embeddable":true,"href":"http:\/\/blog.inmontanis.info\/index.php?rest_route=\/wp\/v2\/users\/1"}],"replies":[{"embeddable":true,"href":"http:\/\/blog.inmontanis.info\/index.php?rest_route=%2Fwp%2Fv2%2Fcomments&post=5830"}],"version-history":[{"count":4,"href":"http:\/\/blog.inmontanis.info\/index.php?rest_route=\/wp\/v2\/posts\/5830\/revisions"}],"predecessor-version":[{"id":5834,"href":"http:\/\/blog.inmontanis.info\/index.php?rest_route=\/wp\/v2\/posts\/5830\/revisions\/5834"}],"wp:attachment":[{"href":"http:\/\/blog.inmontanis.info\/index.php?rest_route=%2Fwp%2Fv2%2Fmedia&parent=5830"}],"wp:term":[{"taxonomy":"category","embeddable":true,"href":"http:\/\/blog.inmontanis.info\/index.php?rest_route=%2Fwp%2Fv2%2Fcategories&post=5830"},{"taxonomy":"post_tag","embeddable":true,"href":"http:\/\/blog.inmontanis.info\/index.php?rest_route=%2Fwp%2Fv2%2Ftags&post=5830"}],"curies":[{"name":"wp","href":"https:\/\/api.w.org\/{rel}","templated":true}]}}