{"id":5801,"date":"2019-08-21T20:51:56","date_gmt":"2019-08-21T18:51:56","guid":{"rendered":"http:\/\/blog.inmontanis.info\/?p=5801"},"modified":"2019-09-29T21:12:41","modified_gmt":"2019-09-29T19:12:41","slug":"ausere-hebriden-barra-vatersay-21-8-2019","status":"publish","type":"post","link":"http:\/\/blog.inmontanis.info\/?p=5801","title":{"rendered":"\u00c4u\u00dfere Hebriden: Barra\/Vatersay, 21.8.2019"},"content":{"rendered":"<p><strong>UK &#038; IoM 2019 &#8211; Tag 7: Mi, 21.8.2019 &#8211; \u00c4u\u00dfere Hebriden: Barra\/Vatersay<\/strong> (km 2.632, Diff. 146km)<\/p>\n<p>Um kurz vor 6 Uhr war ich in Oban am F\u00e4hrterminal, der Check-in hatte noch nicht begonnen (Ende 6:30 lt. Buchung), die F\u00e4hre bis Castlebay (Insel Barra, \u00e4u\u00dfere Hebriden, zu Schottland geh\u00f6rend) dauert heute um die Uhrzeit von 7.15 &#8211; 14.15 etwas l\u00e4nger, weil sie noch ein paar andere Inseln anf\u00e4hrt (k\u00f6nnte dadurch aber ja kurzweiliger und landschaftlich interessanter sein) und hatte 84,75 GBP gekostet, wobei die hier Fixpreise haben. Das Pfund war zu meiner Reise \u00fcbrigens recht g\u00fcnstig: 1 Pfund ca. 1,10 Euro.<\/p>\n<p>Auf Barra wollte ich dann den Rest des Tages verbringen, erst morgen um 7 Uhr geht meine n\u00e4chste F\u00e4hre auf die n\u00e4chste Insel. Daf\u00fcr, dass ich urspr\u00fcnglich Barra komplett auslassen wollte&#8230; Barra ist zwar recht klein, aber von den Fotos im Netz schien sie mir interssanter als die gr\u00f6\u00dfere Insel morgen zu sein.<\/p>\n<p>Die heutige F\u00e4hre ist sehr schmal, deshalb aber auch ziemlich verwinkelt. W\u00e4hrend der 7-st\u00fcndigen \u00dcberfahrt sah ich einen oder mehrere Filme\/Serienfolgen auf meinem Handy, war einige Zeit an der frischen Luft, a\u00df ein Fr\u00fchst\u00fcck und nutzte die kostenlose Gelegenheit zu einer Dusche, gratis Internet gabs glaub ich auch. <\/p>\n<p>Die Wettervorhersage f\u00fcr Barra zeigte bis Mittag teils starken Regen, danach sonnig. Passt. Ab Tiree bin ich eher im Inneren geblieben, genauer gesagt im Observation Deck. Ich denke, es war heute noch schaukeliger als die F\u00e4hre am Freitag zur Isle of Man, teils echt schlimm. Aufs Mittagessen hatte ich bei dem Geschaukel keine Lust und der Film am Handy war auch recht langweilig und zudem hatte ich eine kurze Nacht, so fiel es mir immer schwerer, nicht einzuschlafen, aber das wollte ich bei dem Geschaukel auch nicht, bevor es mir doch noch \u00fcbel wird..<\/p>\n<p>In Castlebay endlich angekommen, bekam ich um die Uhrzeit aber auch nichts zum Essen, erst ab ca. 18h hatten die Restaurants wieder offen, wobei es eh nur ein paar wenige Hotels mit Restaurant gab (ca. 3) und ein Caf\u00e9, das auch abends zum Essen offen hatte. Hotelrestaurants sind abends in UK recht teuer (Mittags haben sie oft g\u00fcnstige Men\u00fcs) und das Caf\u00e9 hatte alle Tische reserviert, bot aber Speisen zum Mitnehmen an.<\/p>\n<p>Als ich mir um kurz vor 18 Uhr die Karte in dem Caf\u00e9 sah, musste ich feststellen, dass sie a) auch nicht viel g\u00fcnstiger waren und b) auch nicht allzuviel Auswahl hatten &#8211; mangels besserer Alternativen nahm ich die kleine Fish-Cake-Portion. War gut, aber doch etwas klein. Als ich im Auto sa\u00df und gerade zu essen anfangen wollte, kam ein Steirer des Wegs und erz\u00e4hlte mir, dass sie gestern mit dem Leihauto kamen und die F\u00e4hre 6h Versp\u00e4tung hatte, weil ein Loch geschwei\u00dft werden musste&#8230;<\/p>\n<p>Dazwischen hab ich die Insel umrundet und bin einige Seitenstra\u00dfen abgefahren.<\/p>\n<p>(Fotos anklicken zum Vergr\u00f6\u00dfern &#8211; dort auch ohne Streifen.)<\/p>\n<p><a href='http:\/\/extra.inmontanis.info\/d\/55319-3\/ge_uk201908e.jpg'><img src=http:\/\/extra.inmontanis.info\/d\/55318-4\/ge_uk201908e.jpg \/><\/a><br \/>\n^ Dunkelblau (oben): Fahrstrecke 21.8.2019<br \/>\nF\u00e4hre (verlief nicht so direkt wie eingezeichnet!)<br \/>\nG) Barra<\/p>\n<p><a href='http:\/\/extra.inmontanis.info\/d\/55353-2\/ge_uk201908k.jpg'><img src=http:\/\/extra.inmontanis.info\/d\/55351-3\/ge_uk201908k.jpg \/><\/a><br \/>\n^ Dunkelblau: Fahrstrecke 21.8.2019, der Teil auf Barra<\/p>\n<p><a href='http:\/\/extra.inmontanis.info\/d\/55357-2\/DSC08592.jpg'><img src=http:\/\/extra.inmontanis.info\/d\/55356-3\/DSC08592.jpg \/><\/a><br \/>\n^ Oban<\/p>\n<p><a href='http:\/\/extra.inmontanis.info\/d\/55361-2\/DSC08598.jpg'><img src=http:\/\/extra.inmontanis.info\/d\/55360-3\/DSC08598.jpg \/><\/a><br \/>\n^ Oban<\/p>\n<p><a href='http:\/\/extra.inmontanis.info\/d\/55365-2\/DSC08602.jpg'><img src=http:\/\/extra.inmontanis.info\/d\/55364-3\/DSC08602.jpg \/><\/a><br \/>\n^ F\u00e4hre Oban-Barra<\/p>\n<p><a href='http:\/\/extra.inmontanis.info\/d\/55369-2\/DSC08605.jpg'><img src=http:\/\/extra.inmontanis.info\/d\/55368-3\/DSC08605.jpg \/><\/a><br \/>\n^ F\u00e4hre Oban-Barra<\/p>\n<p><a href='http:\/\/extra.inmontanis.info\/d\/55373-2\/DSC08607.jpg'><img src=http:\/\/extra.inmontanis.info\/d\/55372-3\/DSC08607.jpg \/><\/a><br \/>\n^ Oban<\/p>\n<p><a href='http:\/\/extra.inmontanis.info\/d\/55377-2\/DSC08609.jpg'><img src=http:\/\/extra.inmontanis.info\/d\/55376-3\/DSC08609.jpg \/><\/a><br \/>\n^ Gef\u00e4ngnisschiff?!<\/p>\n<p><a href='http:\/\/extra.inmontanis.info\/d\/55381-2\/IMG_20190821_07424312_full_2x1.jpg'><img src=http:\/\/extra.inmontanis.info\/d\/55380-3\/IMG_20190821_07424312_full_2x1.jpg \/><\/a><br \/>\n^ Traditional Breakfast um GBP 7,99 inkl. Getr\u00e4nk. Das Ding unter der Wurst war wohl so was wie gehacktes oder spam (keine Ahnung mehr), die Kugeln waren R\u00f6stis, auf Tomaten\/Bohnen etc. hab ich wie \u00fcblich verzichtet. <\/p>\n<p><a href='http:\/\/extra.inmontanis.info\/d\/55385-2\/DSC08610.jpg'><img src=http:\/\/extra.inmontanis.info\/d\/55384-3\/DSC08610.jpg \/><\/a><br \/>\n^ Bei den Toiletten auf dem Schiff gabs auch 2 (kostenlose) Duschen &#8211; wie praktisch, dass wir mehrere Zwischenstopps haben, wo ich mal eben mein Duschzeug vom Auto holen kann!<\/p>\n<p><a href='http:\/\/extra.inmontanis.info\/d\/55389-2\/DSC08614.jpg'><img src=http:\/\/extra.inmontanis.info\/d\/55388-3\/DSC08614.jpg \/><\/a><br \/>\n^ F\u00e4hre Oban-Barra<\/p>\n<p><a href='http:\/\/extra.inmontanis.info\/d\/55393-2\/DSC08620.jpg'><img src=http:\/\/extra.inmontanis.info\/d\/55392-3\/DSC08620.jpg \/><\/a><br \/>\n^ F\u00e4hre Oban-Coll-Tiree-Barra<\/p>\n<p><a href='http:\/\/extra.inmontanis.info\/d\/55397-2\/DSC08622.jpg'><img src=http:\/\/extra.inmontanis.info\/d\/55396-3\/DSC08622.jpg \/><\/a><br \/>\n^ F\u00e4hre Oban-Coll-Tiree-Barra (Coll)<\/p>\n<p><a href='http:\/\/extra.inmontanis.info\/d\/55401-2\/DSC08623.jpg'><img src=http:\/\/extra.inmontanis.info\/d\/55400-3\/DSC08623.jpg \/><\/a><br \/>\n^ Erster Zwischenhalt: Insel Coll<\/p>\n<p><a href='http:\/\/extra.inmontanis.info\/d\/55405-2\/DSC08624.jpg'><img src=http:\/\/extra.inmontanis.info\/d\/55404-3\/DSC08624.jpg \/><\/a><br \/>\n^ Coll<\/p>\n<p><a href='http:\/\/extra.inmontanis.info\/d\/55409-2\/DSC08626.jpg'><img src=http:\/\/extra.inmontanis.info\/d\/55408-3\/DSC08626.jpg \/><\/a><br \/>\n^ Zwischen Coll und Tiree wurde die See nun schon ungem\u00fctlicher, das Duschen zuvor ging noch gerade so<\/p>\n<p><a href='http:\/\/extra.inmontanis.info\/d\/55413-2\/DSC08629.jpg'><img src=http:\/\/extra.inmontanis.info\/d\/55412-3\/DSC08629.jpg \/><\/a><br \/>\n^ Zweiter Zwischenhalt: Insel Tiree. Danach gings zwischen Coll und Tiree hindurch nach Barra<\/p>\n<p><a href='http:\/\/extra.inmontanis.info\/d\/55417-2\/DSC08631.jpg'><img src=http:\/\/extra.inmontanis.info\/d\/55416-3\/DSC08631.jpg \/><\/a><br \/>\n^ Viel los war nicht auf der F\u00e4hre.<\/p>\n<p><a href='http:\/\/extra.inmontanis.info\/d\/55421-2\/DSC08632.jpg'><img src=http:\/\/extra.inmontanis.info\/d\/55420-3\/DSC08632.jpg \/><\/a><br \/>\n^ Sp\u00e4testens zwischen Tiree und Barra schaukelte es schon heftig<\/p>\n<p><a href='http:\/\/extra.inmontanis.info\/d\/55425-2\/DSC08636.jpg'><img src=http:\/\/extra.inmontanis.info\/d\/55424-3\/DSC08636.jpg \/><\/a><br \/>\n^ Knapp 7 Stunden nach Abfahrt: Ziel Castlebay\/Barra in Sicht.<\/p>\n<p><a href='http:\/\/extra.inmontanis.info\/d\/55429-2\/DSC08637.jpg'><img src=http:\/\/extra.inmontanis.info\/d\/55428-3\/DSC08637.jpg \/><\/a><br \/>\n^ Castlebay \/ Barra. Der auff\u00e4lligste Unterschied zu Skandinavien: Die anders aussehenden H\u00e4user<\/p>\n<p><a href='http:\/\/extra.inmontanis.info\/d\/55433-2\/DSC08640.jpg'><img src=http:\/\/extra.inmontanis.info\/d\/55432-3\/DSC08640.jpg \/><\/a><br \/>\n^ Castlebay<\/p>\n<p><a href='http:\/\/extra.inmontanis.info\/d\/55437-2\/DSC08641.jpg'><img src=http:\/\/extra.inmontanis.info\/d\/55436-3\/DSC08641.jpg \/><\/a><br \/>\n^ Castlebay<\/p>\n<p><a href='http:\/\/extra.inmontanis.info\/d\/55441-2\/DSC08642.jpg'><img src=http:\/\/extra.inmontanis.info\/d\/55440-3\/DSC08642.jpg \/><\/a><br \/>\n^ A888 \/ Barra ostseitig richtung Norden<\/p>\n<p><a href='http:\/\/extra.inmontanis.info\/d\/55445-2\/DSC08645.jpg'><img src=http:\/\/extra.inmontanis.info\/d\/55444-3\/DSC08645.jpg \/><\/a><\/p>\n<p><a href='http:\/\/extra.inmontanis.info\/d\/55449-2\/DSC08646.jpg'><img src=http:\/\/extra.inmontanis.info\/d\/55448-3\/DSC08646.jpg \/><\/a><\/p>\n<p><a href='http:\/\/extra.inmontanis.info\/d\/55453-2\/DSC08648.jpg'><img src=http:\/\/extra.inmontanis.info\/d\/55452-3\/DSC08648.jpg \/><\/a><\/p>\n<p><a href='http:\/\/extra.inmontanis.info\/d\/55457-2\/DSC08650.jpg'><img src=http:\/\/extra.inmontanis.info\/d\/55456-3\/DSC08650.jpg \/><\/a><\/p>\n<p><a href='http:\/\/extra.inmontanis.info\/d\/55461-2\/DSC08652.jpg'><img src=http:\/\/extra.inmontanis.info\/d\/55460-3\/DSC08652.jpg \/><\/a><\/p>\n<p><a href='http:\/\/extra.inmontanis.info\/d\/55465-2\/DSC08655.jpg'><img src=http:\/\/extra.inmontanis.info\/d\/55464-3\/DSC08655.jpg \/><\/a><br \/>\n^ Was mir sp\u00e4testens jetzt auffiel und mich leider nicht mehr loslies, sind die zum gr\u00f6\u00dften Teil einfallslosen, schmucklosen H\u00e4user, insbesondere im Vergleich zu Skandinavien.<\/p>\n<p><a href='http:\/\/extra.inmontanis.info\/d\/55469-2\/DSC08658.jpg'><img src=http:\/\/extra.inmontanis.info\/d\/55468-3\/DSC08658.jpg \/><\/a><\/p>\n<p><a href='http:\/\/extra.inmontanis.info\/d\/55473-2\/DSC08659.jpg'><img src=http:\/\/extra.inmontanis.info\/d\/55472-3\/DSC08659.jpg \/><\/a><\/p>\n<p><a href='http:\/\/extra.inmontanis.info\/d\/55477-2\/DSC08662.jpg'><img src=http:\/\/extra.inmontanis.info\/d\/55476-3\/DSC08662.jpg \/><\/a><\/p>\n<p><a href='http:\/\/extra.inmontanis.info\/d\/55481-2\/DSC08664.jpg'><img src=http:\/\/extra.inmontanis.info\/d\/55480-3\/DSC08664.jpg \/><\/a><\/p>\n<p><a href='http:\/\/extra.inmontanis.info\/d\/55485-2\/DSC08665.jpg'><img src=http:\/\/extra.inmontanis.info\/d\/55484-3\/DSC08665.jpg \/><\/a><br \/>\n^ 4 W\u00e4nde, Dach, mit einer gr\u00e4sslichen Farbe bemalen, fertig. Architekten werden hier kaum ben\u00f6tigt .. Leider lie\u00df mich das Thema auch die n\u00e4chsten Tage nicht mehr los. Wie sch\u00f6n k\u00f6nnten diese Inseln sein, wenn die H\u00e4user etwas sch\u00f6ner (z.B. skandinavischer) aussehen w\u00fcrden .. <\/p>\n<p><a href='http:\/\/extra.inmontanis.info\/d\/55489-2\/DSC08666.jpg'><img src=http:\/\/extra.inmontanis.info\/d\/55488-3\/DSC08666.jpg \/><\/a><br \/>\n^ Stra\u00dfe zur F\u00e4hre Barra-Eriskay<\/p>\n<p><a href='http:\/\/extra.inmontanis.info\/d\/55493-2\/DSC08667.jpg'><img src=http:\/\/extra.inmontanis.info\/d\/55492-3\/DSC08667.jpg \/><\/a><\/p>\n<p><a href='http:\/\/extra.inmontanis.info\/d\/55497-2\/DSC08668.jpg'><img src=http:\/\/extra.inmontanis.info\/d\/55496-3\/DSC08668.jpg \/><\/a><br \/>\n^ F\u00e4hre Barra-Eriskay. Die fahr ich aber erst morgen fr\u00fch, will ja noch was von der Insel hier sehen.<\/p>\n<p><a href='http:\/\/extra.inmontanis.info\/d\/55501-2\/DSC08670.jpg'><img src=http:\/\/extra.inmontanis.info\/d\/55500-3\/DSC08670.jpg \/><\/a><\/p>\n<p><a href='http:\/\/extra.inmontanis.info\/d\/55505-2\/DSC08671.jpg'><img src=http:\/\/extra.inmontanis.info\/d\/55504-3\/DSC08671.jpg \/><\/a><br \/>\n^ F\u00e4hre Barra-Eriskay.<\/p>\n<p><a href='http:\/\/extra.inmontanis.info\/d\/55509-2\/DSC08673.jpg'><img src=http:\/\/extra.inmontanis.info\/d\/55508-3\/DSC08673.jpg \/><\/a><br \/>\n^ Da mitten auf dem Sand in n\u00e4he des Meeres steht ein Auto?!<\/p>\n<p><a href='http:\/\/extra.inmontanis.info\/d\/55513-2\/DSC08677.jpg'><img src=http:\/\/extra.inmontanis.info\/d\/55512-3\/DSC08677.jpg \/><\/a><br \/>\n^ Barra Airport, Start-\/Landebahn.  Ja, auf dem Sand! Und wenn das Meer zu hoch ist, k\u00f6nnen die Flugzeuge halt nicht landen. Leider hab ich das letzte Flugzeug heute verpasst, die beiden heutigen Flieger flogen vor ca. 0,5-1,5h. <\/p>\n<p><a href='http:\/\/extra.inmontanis.info\/d\/55517-2\/DSC08678.jpg'><img src=http:\/\/extra.inmontanis.info\/d\/55516-3\/DSC08678.jpg \/><\/a><br \/>\n^ Barra Airport<\/p>\n<p><a href='http:\/\/extra.inmontanis.info\/d\/55521-2\/DSC08680.jpg'><img src=http:\/\/extra.inmontanis.info\/d\/55520-3\/DSC08680.jpg \/><\/a><br \/>\n^ Barra Nord<\/p>\n<p><a href='http:\/\/extra.inmontanis.info\/d\/55525-2\/DSC08682.jpg'><img src=http:\/\/extra.inmontanis.info\/d\/55524-3\/DSC08682.jpg \/><\/a><\/p>\n<p><a href='http:\/\/extra.inmontanis.info\/d\/55529-2\/DSC08686.jpg'><img src=http:\/\/extra.inmontanis.info\/d\/55528-3\/DSC08686.jpg \/><\/a><\/p>\n<p><a href='http:\/\/extra.inmontanis.info\/d\/55533-2\/DSC08688.jpg'><img src=http:\/\/extra.inmontanis.info\/d\/55532-3\/DSC08688.jpg \/><\/a><br \/>\n^ Westk\u00fcste im n\u00f6rdlichen Teil<\/p>\n<p><a href='http:\/\/extra.inmontanis.info\/d\/55537-2\/DSC08689.jpg'><img src=http:\/\/extra.inmontanis.info\/d\/55536-3\/DSC08689.jpg \/><\/a><\/p>\n<p><a href='http:\/\/extra.inmontanis.info\/d\/55541-2\/DSC08691.jpg'><img src=http:\/\/extra.inmontanis.info\/d\/55540-3\/DSC08691.jpg \/><\/a><br \/>\n^ Da vorne ist dann gleich das Ende der Stra\u00dfe.<\/p>\n<p><a href='http:\/\/extra.inmontanis.info\/d\/55545-2\/DSC08696.jpg'><img src=http:\/\/extra.inmontanis.info\/d\/55544-3\/DSC08696.jpg \/><\/a><br \/>\n^ .. nun wieder richtung S\u00fcden<\/p>\n<p><a href='http:\/\/extra.inmontanis.info\/d\/55549-2\/DSC08697.jpg'><img src=http:\/\/extra.inmontanis.info\/d\/55548-3\/DSC08697.jpg \/><\/a><\/p>\n<p><a href='http:\/\/extra.inmontanis.info\/d\/55553-2\/DSC08703.jpg'><img src=http:\/\/extra.inmontanis.info\/d\/55552-3\/DSC08703.jpg \/><\/a><\/p>\n<p><a href='http:\/\/extra.inmontanis.info\/d\/55557-2\/DSC08705.jpg'><img src=http:\/\/extra.inmontanis.info\/d\/55556-3\/DSC08705.jpg \/><\/a><br \/>\n^ Das Auto (Kleinwagen) da links steht immer noch auf dem Sand. Was die wohl einsammeln?<\/p>\n<p><a href='http:\/\/extra.inmontanis.info\/d\/55561-2\/DSC08711.jpg'><img src=http:\/\/extra.inmontanis.info\/d\/55560-3\/DSC08711.jpg \/><\/a><br \/>\n^ A888 \/ Barra West<\/p>\n<p><a href='http:\/\/extra.inmontanis.info\/d\/55565-2\/DSC08713.jpg'><img src=http:\/\/extra.inmontanis.info\/d\/55564-3\/DSC08713.jpg \/><\/a><br \/>\n^ Westk\u00fcste<\/p>\n<p><a href='http:\/\/extra.inmontanis.info\/d\/55569-2\/DSC08715.jpg'><img src=http:\/\/extra.inmontanis.info\/d\/55568-3\/DSC08715.jpg \/><\/a><\/p>\n<p><a href='http:\/\/extra.inmontanis.info\/d\/55573-2\/DSC08716.jpg'><img src=http:\/\/extra.inmontanis.info\/d\/55572-3\/DSC08716.jpg \/><\/a><\/p>\n<p><a href='http:\/\/extra.inmontanis.info\/d\/55577-2\/DSC08718.jpg'><img src=http:\/\/extra.inmontanis.info\/d\/55576-3\/DSC08718.jpg \/><\/a><\/p>\n<p><a href='http:\/\/extra.inmontanis.info\/d\/55581-2\/DSC08721.jpg'><img src=http:\/\/extra.inmontanis.info\/d\/55580-3\/DSC08721.jpg \/><\/a><\/p>\n<p><a href='http:\/\/extra.inmontanis.info\/d\/55585-2\/DSC08723.jpg'><img src=http:\/\/extra.inmontanis.info\/d\/55584-3\/DSC08723.jpg \/><\/a><br \/>\n^ Da vorne kommt dann auch wieder Castlebay, die Umrundung in Nordrichtung ist damit um<\/p>\n<p><a href='http:\/\/extra.inmontanis.info\/d\/55589-2\/DSC08726.jpg'><img src=http:\/\/extra.inmontanis.info\/d\/55588-3\/DSC08726.jpg \/><\/a><\/p>\n<p><a href='http:\/\/extra.inmontanis.info\/d\/55593-2\/DSC08727.jpg'><img src=http:\/\/extra.inmontanis.info\/d\/55592-3\/DSC08727.jpg \/><\/a><br \/>\n^ Castlebay<\/p>\n<p><a href='http:\/\/extra.inmontanis.info\/d\/55597-2\/DSC08728.jpg'><img src=http:\/\/extra.inmontanis.info\/d\/55596-3\/DSC08728.jpg \/><\/a><\/p>\n<p><a href='http:\/\/extra.inmontanis.info\/d\/55601-2\/DSC08730.jpg'><img src=http:\/\/extra.inmontanis.info\/d\/55600-3\/DSC08730.jpg \/><\/a><br \/>\n^ .. also ab in den S\u00fcden<\/p>\n<p><a href='http:\/\/extra.inmontanis.info\/d\/55605-2\/DSC08731.jpg'><img src=http:\/\/extra.inmontanis.info\/d\/55604-3\/DSC08731.jpg \/><\/a><br \/>\n^ Von Barra nach Vatersay kommt man \u00fcber einen Damm<\/p>\n<p><a href='http:\/\/extra.inmontanis.info\/d\/55609-2\/DSC08740.jpg'><img src=http:\/\/extra.inmontanis.info\/d\/55608-3\/DSC08740.jpg \/><\/a><br \/>\n^ Auf Vatersay<\/p>\n<p><a href='http:\/\/extra.inmontanis.info\/d\/55613-2\/DSC08741.jpg'><img src=http:\/\/extra.inmontanis.info\/d\/55612-3\/DSC08741.jpg \/><\/a><\/p>\n<p><a href='http:\/\/extra.inmontanis.info\/d\/55617-2\/DSC08743.jpg'><img src=http:\/\/extra.inmontanis.info\/d\/55616-3\/DSC08743.jpg \/><\/a><\/p>\n<p><a href='http:\/\/extra.inmontanis.info\/d\/55621-2\/DSC08744.jpg'><img src=http:\/\/extra.inmontanis.info\/d\/55620-3\/DSC08744.jpg \/><\/a><br \/>\n^ Vatersay-Barra<\/p>\n<p><a href='http:\/\/extra.inmontanis.info\/d\/55625-2\/DSC08746.jpg'><img src=http:\/\/extra.inmontanis.info\/d\/55624-3\/DSC08746.jpg \/><\/a><br \/>\n^ Vatersay-Barra<\/p>\n<p><a href='http:\/\/extra.inmontanis.info\/d\/55629-2\/DSC08758.jpg'><img src=http:\/\/extra.inmontanis.info\/d\/55628-3\/DSC08758.jpg \/><\/a><\/p>\n<p><a href='http:\/\/extra.inmontanis.info\/d\/55633-2\/DSC08759.jpg'><img src=http:\/\/extra.inmontanis.info\/d\/55632-3\/DSC08759.jpg \/><\/a><\/p>\n<p><a href='http:\/\/extra.inmontanis.info\/d\/55637-2\/DSC08764.jpg'><img src=http:\/\/extra.inmontanis.info\/d\/55636-3\/DSC08764.jpg \/><\/a><br \/>\n^ Auf dem Damm zwischen Vatersay und Barra<\/p>\n<p><a href='http:\/\/extra.inmontanis.info\/d\/55641-2\/DSC08766.jpg'><img src=http:\/\/extra.inmontanis.info\/d\/55640-3\/DSC08766.jpg \/><\/a><br \/>\n^ Castlebay. Leider kann das Castle je nach Gezeiten nur zu bestimmten Zeiten besucht werden.<\/p>\n<p><a href='http:\/\/extra.inmontanis.info\/d\/55649-2\/DSC08768.jpg'><img src=http:\/\/extra.inmontanis.info\/d\/55648-3\/DSC08768.jpg \/><\/a><br \/>\n^ Castlebay<\/p>\n<p><a href='http:\/\/extra.inmontanis.info\/d\/55645-2\/IMG_20190821_18060172_full_2x1.jpg'><img src=http:\/\/extra.inmontanis.info\/d\/55644-3\/IMG_20190821_18060172_full_2x1.jpg \/><\/a><br \/>\n^ Hm, doch etwas wenig, der Fischkuchen ..<\/p>\n<p>Wirklich satt war ich nicht, aber die Desserts, die sie hatten, waren auch nicht gerade g\u00fcnstig (Eiskrem, Kuchen, alles um oder \u00fcber 5 Pfund). Nachdem ich noch einen anderen, kleinen Shop besucht hatte, entdeckte ich zuf\u00e4llig doch noch einen richtigen Supermarkt (coop) auf dieser Insel und musste mich entscheiden zwischen Eis oder was abgepacktes aus dem K\u00fchlfach, zB. Wraps, Toasts oder kuriosere Dinge, wie das hier:<\/p>\n<p><a href='http:\/\/extra.inmontanis.info\/d\/55653-2\/IMG_20190821_18544420.jpg'><img src=http:\/\/extra.inmontanis.info\/d\/55652-3\/IMG_20190821_18544420.jpg \/><\/a><br \/>\n^ Ich fand noch einen Coop und kaufte mir was, was ich so auch noch nicht gesehen hab. Der Sweet Chilli Dip war dann leider (f\u00fcr meine Verh\u00e4ltnisse) sehr scharf.<\/p>\n<p>Abends hatte ich mal genug Zeit f\u00fcr einen ruhigeren Ausklang, aber der Sonnenuntergang fiel leider nicht &#8220;ins Wasser&#8221;, sondern &#8220;in Wolken&#8221;.<\/p>\n<p><a href='http:\/\/extra.inmontanis.info\/d\/55657-2\/DSC08770.jpg'><img src=http:\/\/extra.inmontanis.info\/d\/55656-3\/DSC08770.jpg \/><\/a><br \/>\n^ A888 \/ westseitig richtung Norden<\/p>\n<p><a href='http:\/\/extra.inmontanis.info\/d\/55661-2\/DSC08774.jpg'><img src=http:\/\/extra.inmontanis.info\/d\/55660-3\/DSC08774.jpg \/><\/a><br \/>\n^ Na, dann warten wir halt mal auf den Sonnenuntergang..<\/p>\n<p><a href='http:\/\/extra.inmontanis.info\/d\/55665-2\/DSC08777.jpg'><img src=http:\/\/extra.inmontanis.info\/d\/55664-3\/DSC08777.jpg \/><\/a><br \/>\n^ .. erst noch eine kleine Seitenstra\u00dfe weiter im Norden ..<\/p>\n<p><a href='http:\/\/extra.inmontanis.info\/d\/55669-2\/DSC08779.jpg'><img src=http:\/\/extra.inmontanis.info\/d\/55668-3\/DSC08779.jpg \/><\/a><\/p>\n<p><a href='http:\/\/extra.inmontanis.info\/d\/55673-2\/DSC08781.jpg'><img src=http:\/\/extra.inmontanis.info\/d\/55672-3\/DSC08781.jpg \/><\/a><\/p>\n<p><a href='http:\/\/extra.inmontanis.info\/d\/55677-2\/DSC08783.jpg'><img src=http:\/\/extra.inmontanis.info\/d\/55676-3\/DSC08783.jpg \/><\/a><br \/>\n^ Hm, na das wird wohl nix mit Sonnenuntergang im Meer heute.<\/p>\n<p><a href='http:\/\/extra.inmontanis.info\/d\/55681-2\/DSC08786.jpg'><img src=http:\/\/extra.inmontanis.info\/d\/55680-3\/DSC08786.jpg \/><\/a><br \/>\n^ \u00dcbernachtet hatte ich am Parkplatz beim Hafen, wo morgen meine F\u00e4hre losgeht und evtl. dort endet, wo die Lichter sind (Eriskay).<\/p>\n<p>Dashcam-Zusammenschnitt vom 21.8.2019, etwas l\u00e4nger, aufgrund der sch\u00f6nen Landschaften:<br \/>\n<object style=\"height: 500px; width: 900px\"><param name=\"movie\" value=\"http:\/\/www.youtube.com\/v\/olUNY_6gc8Q\"><\/param><param name=\"wmode\" value=\"transparent\"><\/param><embed src=\"http:\/\/www.youtube.com\/v\/olUNY_6gc8Q\" type=\"application\/x-shockwave-flash\" wmode=\"transparent\"  width=\"900\" height=\"480\"><\/embed><\/object><\/p>\n<p>(Fortsetzung folgt.) <\/p>\n","protected":false},"excerpt":{"rendered":"<p>UK &#038; IoM 2019 &#8211; Tag 7: Mi, 21.8.2019 &#8211; \u00c4u\u00dfere Hebriden: Barra\/Vatersay (km 2.632, Diff. 146km)<\/p>\n<p>Um kurz vor 6 Uhr war ich in Oban am F\u00e4hrterminal, der Check-in hatte noch nicht begonnen (Ende 6:30 lt. Buchung), die F\u00e4hre bis Castlebay (Insel Barra, \u00e4u\u00dfere Hebriden, zu Schottland geh\u00f6rend) dauert heute um die Uhrzeit von <a href=\"http:\/\/blog.inmontanis.info\/?p=5801\">[&#8230;]<\/a><\/p>\n","protected":false},"author":1,"featured_media":0,"comment_status":"closed","ping_status":"closed","sticky":false,"template":"","format":"standard","meta":{"footnotes":""},"categories":[180,21],"tags":[37],"class_list":["post-5801","post","type-post","status-publish","format-standard","hentry","category-2019-08-uk-iom","category-britain","tag-meer","odd"],"_links":{"self":[{"href":"http:\/\/blog.inmontanis.info\/index.php?rest_route=\/wp\/v2\/posts\/5801","targetHints":{"allow":["GET"]}}],"collection":[{"href":"http:\/\/blog.inmontanis.info\/index.php?rest_route=\/wp\/v2\/posts"}],"about":[{"href":"http:\/\/blog.inmontanis.info\/index.php?rest_route=\/wp\/v2\/types\/post"}],"author":[{"embeddable":true,"href":"http:\/\/blog.inmontanis.info\/index.php?rest_route=\/wp\/v2\/users\/1"}],"replies":[{"embeddable":true,"href":"http:\/\/blog.inmontanis.info\/index.php?rest_route=%2Fwp%2Fv2%2Fcomments&post=5801"}],"version-history":[{"count":3,"href":"http:\/\/blog.inmontanis.info\/index.php?rest_route=\/wp\/v2\/posts\/5801\/revisions"}],"predecessor-version":[{"id":5804,"href":"http:\/\/blog.inmontanis.info\/index.php?rest_route=\/wp\/v2\/posts\/5801\/revisions\/5804"}],"wp:attachment":[{"href":"http:\/\/blog.inmontanis.info\/index.php?rest_route=%2Fwp%2Fv2%2Fmedia&parent=5801"}],"wp:term":[{"taxonomy":"category","embeddable":true,"href":"http:\/\/blog.inmontanis.info\/index.php?rest_route=%2Fwp%2Fv2%2Fcategories&post=5801"},{"taxonomy":"post_tag","embeddable":true,"href":"http:\/\/blog.inmontanis.info\/index.php?rest_route=%2Fwp%2Fv2%2Ftags&post=5801"}],"curies":[{"name":"wp","href":"https:\/\/api.w.org\/{rel}","templated":true}]}}