{"id":5773,"date":"2019-09-15T20:31:21","date_gmt":"2019-09-15T18:31:21","guid":{"rendered":"http:\/\/blog.inmontanis.info\/?p=5773"},"modified":"2019-10-30T06:53:24","modified_gmt":"2019-10-30T05:53:24","slug":"hintertuxer-gletscher-7-8-14-15-9-2019","status":"publish","type":"post","link":"http:\/\/blog.inmontanis.info\/?p=5773","title":{"rendered":"Hintertuxer Gletscher, 7.+8.+14.+15.9.2019"},"content":{"rendered":"<p><strong>Sa+So, 7.+8.9.2019<\/strong><\/p>\n<p>Neuschnee! Aber es war leider nicht kalt genug, morgens bereits sehr matschiger Schnee, der aber besser zu fahren war als der tiefere Pulver am Sonntag. Dazu einiges an Eisregen\/Schneeregen und Nebel. Bis Sonntag weiterer Schneefall, am Sonntag aber auch mal etwas mehr Sicht und kein Dauerschneefall und dadurch etwas angenehmer. Ich blieb an beiden Tagen nur bis 11-12 Uhr, die DSB fuhr ich heute gar nicht.<\/p>\n<p><a href='http:\/\/ski.inmontanis.info\/d\/266565-3\/DSC00579.jpg'><img src=http:\/\/ski.inmontanis.info\/d\/266564-3\/DSC00579.jpg \/><\/a><br \/>\n^ Schaut ulkig aus ..<\/p>\n<p><a href='http:\/\/ski.inmontanis.info\/d\/266569-2\/DSC00590.jpg'><img src=http:\/\/ski.inmontanis.info\/d\/266568-3\/DSC00590.jpg \/><\/a><br \/>\n^ Eher Winterberg statt Sommerberg heute ;-)<\/p>\n<p><strong>Sa, 14.9.2019<\/strong><\/p>\n<p>Der Park ist seit ca. letztem WE wieder offen und mehr Rennmannschaften sind auch wieder oben, kurz, es wird Herbst, es wird voller. Ein sehr sonnig gemeldetes WE, aber auch sehr warm mit Temperaturen am Gipfel wie im Hochsommer. Es liegt noch einiges an Neuschnee vom letzten WE rum, aber ob der bis n\u00e4chste Woche noch halten wird, wenn&#8217;s so warm bleibt?! Trotz der warmen Temperaturen blieb es vormittags am Olperer einige Zeit recht gut, um 11 pappte es aber doch etwas und auch die anderen Abfahrten bremsten hier und da. \u00dcber Mittag gingen an der GW links der SL die beiden Abfahrten aber sehr gut. Blieb bis ca. 14 Uhr, da wurde es dann auch an der DSB-Abfahrt etwas bremsend. (Mit einer Tageskarte w\u00e4r ich wohl bis 16h geblieben, aber mit der Saisonkarte ist morgen ja auch noch ein Tag&#8230;)<\/p>\n<p>(Fotos anklicken zum Vergr\u00f6\u00dfern)<\/p>\n<p><a href='http:\/\/ski.inmontanis.info\/d\/266573-2\/DSC00591.jpg'><img src=http:\/\/ski.inmontanis.info\/d\/266572-3\/DSC00591.jpg \/><\/a><br \/>\n^ Standardblick von Sektion 1<\/p>\n<p><a href='http:\/\/ski.inmontanis.info\/d\/266577-3\/DSC00600.jpg'><img src=http:\/\/ski.inmontanis.info\/d\/266576-3\/DSC00600.jpg \/><\/a><br \/>\n^ Eissee am rechten GW-SL und krasse Farbkontraste am Schnee..<\/p>\n<p><a href='http:\/\/ski.inmontanis.info\/d\/266726-2\/DSC00605.jpg'><img src=http:\/\/ski.inmontanis.info\/d\/266725-3\/DSC00605.jpg \/><\/a><br \/>\n^ Mittlerweile sind wieder beide O-SL in Betrieb<\/p>\n<p><a href='http:\/\/ski.inmontanis.info\/d\/266582-2\/DSC00609.jpg'><img src=http:\/\/ski.inmontanis.info\/d\/266581-3\/DSC00609.jpg \/><\/a><br \/>\n^ Olperer mit SL<\/p>\n<p><a href='http:\/\/ski.inmontanis.info\/d\/266586-2\/DSC00610.jpg'><img src=http:\/\/ski.inmontanis.info\/d\/266585-3\/DSC00610.jpg \/><\/a><br \/>\n^ TFH-Steilhang ist offiziell noch nicht offen, aber ein Rennkurs war heute abgesteckt.<\/p>\n<p><a href='http:\/\/ski.inmontanis.info\/d\/266590-2\/DSC00612.jpg'><img src=http:\/\/ski.inmontanis.info\/d\/266589-3\/DSC00612.jpg \/><\/a><br \/>\n^ TFH<\/p>\n<p><a href='http:\/\/ski.inmontanis.info\/d\/266594-2\/DSC00613.jpg'><img src=http:\/\/ski.inmontanis.info\/d\/266593-3\/DSC00613.jpg \/><\/a><br \/>\n^ DSB-Abfahrt, da war es den Sommer \u00fcber schon generell besser vom Schnee\/Eis und den Steinen als letztes Jahr. Da hat der viele Natur- + Kunstschnee schon was gebracht.<\/p>\n<p><a href='http:\/\/ski.inmontanis.info\/d\/266598-2\/DSC00622.jpg'><img src=http:\/\/ski.inmontanis.info\/d\/266597-3\/DSC00622.jpg \/><\/a><br \/>\n^ GW+Olperer von DSB<\/p>\n<p><a href='http:\/\/ski.inmontanis.info\/d\/266602-2\/DSC00624.jpg'><img src=http:\/\/ski.inmontanis.info\/d\/266601-3\/DSC00624.jpg \/><\/a><br \/>\n^ Pano nach Italien an beiden WE-Tagen<\/p>\n<p><a href='http:\/\/ski.inmontanis.info\/d\/266606-2\/DSC00625.jpg'><img src=http:\/\/ski.inmontanis.info\/d\/266605-3\/DSC00625.jpg \/><\/a><br \/>\n^ Standardblick O von GW<\/p>\n<p><a href='http:\/\/ski.inmontanis.info\/d\/266610-2\/DSC00631.jpg'><img src=http:\/\/ski.inmontanis.info\/d\/266609-3\/DSC00631.jpg \/><\/a><br \/>\n^ Eissee am rechten GW-SL<\/p>\n<p><strong>So, 15.9.2019<\/strong><\/p>\n<p>Heute war ich etwas sp\u00e4ter oben (naja, 9:20 in der Tiefgarage), einerseits weil ich momentan meine Websites redesigne und mir laufend etwas neues einf\u00e4llt, was ich ausprobieren will*, andererseits weil ich einen anderen Gutschein beim McDonalds zum Fr\u00fchst\u00fcck einl\u00f6ste und somit nicht w\u00e4hrend der Fahrt essen konnte. <\/p>\n<p>Der Schnee war heute weniger bremsig als gestern, zu Mittag bin ich noch 3x den O-SL gefahren, weil&#8217;s links am Trainingshang so gut ging, danach 1h bis Betriebsschluss wie zuvor wieder am GW-SL, wo DSB-Abfahrt und beide Trainingsh\u00e4ge noch toll zu fahren waren. Auch Offpiste war&#8217;s heute fahrbar (gestern pappig, kaum eine Kurve zu machen, heute am fr\u00fchen Nachmittag eher etwas firnig). Um 15 Uhr machte ich heute meine letzte Bergfahrt, war auch an der DSB nicht mehr unbedingt lohnenswert. Das beste St\u00fcck nachmittags war ja der noch gesperrte TFH-Steilhang&#8230;<\/p>\n<p>Leider war die Heimfahrt durch&#8217;s Zillertal nicht nur wie \u00fcblich abschnittsweise, sondern durchgehend nervig. Erst eine Dreiergruppe SZ (Schwaz, Schwyz, Schwaz), wo der erste Schwazer langsam unterwegs war und keiner \u00fcberholen wollte, dann war der ab Finkenberg weg, aber der Schwyzer fuhr nur den Berg hinunter schnell, danach waren ihm die 70 vor Mayrhofen ziemlich egal (das kommt allerdings sehr h\u00e4ufig vor, dass die Leute dort nur 50 fahren) und als er mit 30-40 vor der gr\u00fcnen Ampel schlich h\u00e4tte ich ihn am liebsten angestuppst. Zum Gl\u00fcck blieb die Ampel noch etwas auf Gr\u00fcn. Kaum konnte man den nach Mayrhofen mal \u00fcberholen, war ein Camper vor mir und nach dem Tunnel in Zell dann das Ende jeglicher Hoffnung: eine gr\u00f6\u00dfere Gruppe lahmer Motorradfahrer, die mehrspurig in Kolonne meist nur um die 60 km\/h fuhr, so dass keiner vorbei ziehen konnte (und der Van dahinter hatte wohl eh keine Lust darauf und die Autos dahinter wohl keine Chance). Und so zog sich das bis raus zum Inntal (Abzweigung Bundesstra\u00dfe, kurz vor der Autobahn). Immerhin war &#8211; im Gegensatz zum letzten WE und vielleicht weil etwas sp\u00e4ter dran &#8211; die Autobahn frei und kein Stau vor Innsbruck\/Vomp aufgrund der Baustellen und den ich die letzten WE auf der Bundesstra\u00dfe hier und da umfahren hatte. <\/p>\n<p><a href='http:\/\/ski.inmontanis.info\/d\/266618-2\/DSC00640.jpg'><img src=http:\/\/ski.inmontanis.info\/d\/266617-3\/DSC00640.jpg \/><\/a><br \/>\n^ Zoom Kaserer rechts<\/p>\n<p><a href='http:\/\/ski.inmontanis.info\/d\/266622-2\/DSC00643.jpg'><img src=http:\/\/ski.inmontanis.info\/d\/266621-3\/DSC00643.jpg \/><\/a><br \/>\n^ Zoom Kaserer rechts. Ob das schr\u00e4g rechts oben von der ca. letztes Jahr ausgeaperten Felsinsel eine neue Felsinsel ist?<\/p>\n<p><a href='http:\/\/ski.inmontanis.info\/d\/266626-2\/DSC00644.jpg'><img src=http:\/\/ski.inmontanis.info\/d\/266625-3\/DSC00644.jpg \/><\/a><br \/>\n^ Zoom Kaserer links<\/p>\n<p><a href='http:\/\/ski.inmontanis.info\/d\/266630-2\/DSC00649.jpg'><img src=http:\/\/ski.inmontanis.info\/d\/266629-3\/DSC00649.jpg \/><\/a><br \/>\n^ Weiterhin Bauarbeiten am unteren Kasererweg<\/p>\n<p><a href='http:\/\/ski.inmontanis.info\/d\/266634-2\/DSC00654.jpg'><img src=http:\/\/ski.inmontanis.info\/d\/266633-3\/DSC00654.jpg \/><\/a><br \/>\n^ Zoom nach Italien, dort heute Nebelmeer<\/p>\n<p><a href='http:\/\/ski.inmontanis.info\/d\/266638-2\/DSC00657.jpg'><img src=http:\/\/ski.inmontanis.info\/d\/266637-3\/DSC00657.jpg \/><\/a><br \/>\n^ 3SB Schlegeis<\/p>\n<p><a href='http:\/\/ski.inmontanis.info\/d\/266642-2\/DSC00658.jpg'><img src=http:\/\/ski.inmontanis.info\/d\/266641-3\/DSC00658.jpg \/><\/a><br \/>\n^ 3SB Schlegeis Vermattung<\/p>\n<p><a href='http:\/\/ski.inmontanis.info\/d\/266646-2\/DSC00661.jpg'><img src=http:\/\/ski.inmontanis.info\/d\/266645-3\/DSC00661.jpg \/><\/a><br \/>\n^ 3SB Schlegeis<\/p>\n<p><a href='http:\/\/ski.inmontanis.info\/d\/266650-2\/DSC00662.jpg'><img src=http:\/\/ski.inmontanis.info\/d\/266649-3\/DSC00662.jpg \/><\/a><br \/>\n^ 3SB Schlegeis mit Stausee<\/p>\n<p><a href='http:\/\/ski.inmontanis.info\/d\/266654-2\/DSC00666.jpg'><img src=http:\/\/ski.inmontanis.info\/d\/266653-3\/DSC00666.jpg \/><\/a><br \/>\n^ Rechte GW-Abfahrten<\/p>\n<p><a href='http:\/\/ski.inmontanis.info\/d\/266658-2\/DSC00668.jpg'><img src=http:\/\/ski.inmontanis.info\/d\/266657-3\/DSC00668.jpg \/><\/a><br \/>\n^ Mal wieder ein Blick zur ehemaligen 3SB-Bergstation bzw. unten die ehemalige schwarze Abfahrt<\/p>\n<p><a href='http:\/\/ski.inmontanis.info\/d\/266662-2\/DSC00671.jpg'><img src=http:\/\/ski.inmontanis.info\/d\/266661-3\/DSC00671.jpg \/><\/a><br \/>\n^ Gletscherbecken von ca. der 3SB-Bergstation<\/p>\n<p><a href='http:\/\/ski.inmontanis.info\/d\/266666-2\/DSC00672.jpg'><img src=http:\/\/ski.inmontanis.info\/d\/266665-3\/DSC00672.jpg \/><\/a><br \/>\n^ R\u00fcckseitenpano vom Olperer<\/p>\n<p><a href='http:\/\/ski.inmontanis.info\/d\/266670-2\/DSC00675.jpg'><img src=http:\/\/ski.inmontanis.info\/d\/266669-3\/DSC00675.jpg \/><\/a><br \/>\n^ Gute Fernsicht heute<\/p>\n<p><a href='http:\/\/ski.inmontanis.info\/d\/266674-2\/DSC00676.jpg'><img src=http:\/\/ski.inmontanis.info\/d\/266673-3\/DSC00676.jpg \/><\/a><br \/>\n^ S\u00fcdtirol (Cevedale &#038; Co), unten Ratschings\/Jaufen-Skigebiet<\/p>\n<p><a href='http:\/\/ski.inmontanis.info\/d\/266678-2\/DSC00678.jpg'><img src=http:\/\/ski.inmontanis.info\/d\/266677-3\/DSC00678.jpg \/><\/a><br \/>\n^ S\u00fcdtirol (Ortler &#038; Co)<\/p>\n<p><a href='http:\/\/ski.inmontanis.info\/d\/266561-3\/DSC00684.jpg'><img src=http:\/\/ski.inmontanis.info\/d\/266560-3\/DSC00684.jpg \/><\/a><br \/>\n^ Zoom Stubaier Gletscher vom Hintertuxer Gletscher<\/p>\n<p><a href='http:\/\/ski.inmontanis.info\/d\/266682-2\/DSC00689.jpg'><img src=http:\/\/ski.inmontanis.info\/d\/266681-3\/DSC00689.jpg \/><\/a><br \/>\n^ Zum Olperer-Gipfel gingen heute auch einige<\/p>\n<p><a href='http:\/\/ski.inmontanis.info\/d\/266686-2\/DSC00691.jpg'><img src=http:\/\/ski.inmontanis.info\/d\/266685-3\/DSC00691.jpg \/><\/a><br \/>\n^ Trainingshang am O-SL<\/p>\n<p><a href='http:\/\/ski.inmontanis.info\/d\/266690-2\/DSC00693.jpg'><img src=http:\/\/ski.inmontanis.info\/d\/266689-3\/DSC00693.jpg \/><\/a><br \/>\n^ Nicht-ganz-Standardblick vom Olperer zur GW<\/p>\n<p><a href='http:\/\/ski.inmontanis.info\/d\/266694-2\/DSC00696.jpg'><img src=http:\/\/ski.inmontanis.info\/d\/266693-3\/DSC00696.jpg \/><\/a><br \/>\n^ Bergstation O-SL<\/p>\n<p><a href='http:\/\/ski.inmontanis.info\/d\/266698-2\/DSC00697.jpg'><img src=http:\/\/ski.inmontanis.info\/d\/266697-3\/DSC00697.jpg \/><\/a><br \/>\n^ DSB-Zufahrt, man muss leider ein St\u00fcck \u00fcber die Matten schieben<\/p>\n<p><a href='http:\/\/ski.inmontanis.info\/d\/266702-2\/DSC00700.jpg'><img src=http:\/\/ski.inmontanis.info\/d\/266701-3\/DSC00700.jpg \/><\/a><br \/>\n^ GB3 von der DSB<\/p>\n<p><a href='http:\/\/ski.inmontanis.info\/d\/266706-2\/DSC00715.jpg'><img src=http:\/\/ski.inmontanis.info\/d\/266705-3\/DSC00715.jpg \/><\/a><br \/>\n^ Kaserer-Wege-Vermattung<\/p>\n<p><a href='http:\/\/ski.inmontanis.info\/d\/266710-2\/DSC00719.jpg'><img src=http:\/\/ski.inmontanis.info\/d\/266709-3\/DSC00719.jpg \/><\/a><br \/>\n^ Man sah in einigen H\u00e4ngen Spuren im Neuschnee, aber diesen Hang an der GW durfte ich heute Nachmittag mit 3 Spuren entjungfern &#8211; und vor dem Neuschnee war ich vor einigen Wochen wohl auch der letzte hier ;-)<\/p>\n<p><a href='http:\/\/ski.inmontanis.info\/d\/266714-2\/DSC00720.jpg'><img src=http:\/\/ski.inmontanis.info\/d\/266713-3\/DSC00720.jpg \/><\/a><br \/>\n^ Der noch geschlossene TFH-Steilhang ging nachmittags am besten zu fahren<\/p>\n<p><a href='http:\/\/ski.inmontanis.info\/d\/266718-2\/DSC00723.jpg'><img src=http:\/\/ski.inmontanis.info\/d\/266717-3\/DSC00723.jpg \/><\/a><br \/>\n^ Gletscherende TFH-Hang richtung Kaserer\/L\u00e4rmstange<\/p>\n<p><a href='http:\/\/ski.inmontanis.info\/d\/266722-2\/DSC00724.jpg'><img src=http:\/\/ski.inmontanis.info\/d\/266721-3\/DSC00724.jpg \/><\/a><br \/>\n^ Verraten die Spalten in Bildmitte+rechts eigentlich etwas \u00fcber die Beschaffung des Hangs unter dem Eis, und wenn ja, was? Eine tiefe Mulde?<\/p>\n<p>&#8212;<br \/>\n<em><br \/>\n*) In einer Computer-Welt, die seit Jahren immer flacher, rahmenloser, wei\u00dfer, langweiliger und un\u00fcbersichtlicher wird, wollte ich bewusst nicht die Funktionen meiner Websites \u00e4ndern, sondern sie lediglich etwas dreidimensionaler machen, mit Schatten und den guten alten 3D-Rahmen. Erstes Redesign war meine Blog-Seite, mit neuem Retro-Men\u00fc, ge\u00e4nderter Darstellung der Beitr\u00e4ge, Bilder mit runden Ecken und Schatten, anderen Schriften, &#8230;:<br \/>\n<a href='http:\/\/blog.inmontanis.info\/'>http:\/\/blog.inmontanis.info\/<\/a>, Beitrag z.B. <a href='http:\/\/blog.inmontanis.info\/?p=5750'>http:\/\/blog.inmontanis.info\/?p=5750<\/a><\/p>\n<p>Bei meinen beiden Gallery-Sites ist mir eingefallen, dass ich seit langer Zeit noch eine andere Idee hatte, die ich hier oder da mal umsetzen wollte, n\u00e4mlich ein 80er Ansi\/vt100-BBS-Look. Als ich damit anfing, fand ich&#8217;s erst etwas albern, bemerkte aber den Neon-Look der grellen Farben und entschied mich, diesen Neon-Look mit ein paar Schatten\/Gl\u00fcheffekten, Mouse-Over und Animationen (Fade-In und ein Blinkeffekt) zu verst\u00e4rken. Sah dann doch recht cool aus &#8211; und da ich mich (noch) nicht entscheiden konnte, haben meine 2 Gallery-Sites jetzt halt ein komplett unterschiedliches Design:<br \/>\n&#8211; die Alpengallery im Neon-Look, z.B.: <a href='http:\/\/ski.inmontanis.info\/v\/Kirgisien\/Politech\/?g2_page=2'>http:\/\/ski.inmontanis.info\/v\/Kirgisien\/Politech\/?g2_page=2<\/a><br \/>\n&#8211; die Extragalley im Retro-Computer-3D-Look, z.B.: <a href='http:\/\/extra.inmontanis.info\/v\/gb\/IsleOfMan\/'>http:\/\/extra.inmontanis.info\/v\/gb\/IsleOfMan\/<\/a><br \/>\n(ggf. F5 zum Aktualisieren dr\u00fccken!) <\/p>\n<p>Evtl. sind noch irgendwo Fehler drin, aber ich bin mal soweit sehr zufrieden, was aber nicht hei\u00dft, dass ich vielleicht hier und da nicht noch was anpasse. Leider l\u00e4sst die Geschwindigkeit auch seit dem Server-Update zu W\u00fcnschen \u00fcbrig, das werd ich mir auch noch irgendwann anschauen m\u00fcssen..<br \/>\n<\/em><\/p>\n","protected":false},"excerpt":{"rendered":"<p>Sa+So, 7.+8.9.2019<\/p>\n<p>Neuschnee! Aber es war leider nicht kalt genug, morgens bereits sehr matschiger Schnee, der aber besser zu fahren war als der tiefere Pulver am Sonntag. Dazu einiges an Eisregen\/Schneeregen und Nebel. Bis Sonntag weiterer Schneefall, am Sonntag aber auch mal etwas mehr Sicht und kein Dauerschneefall und dadurch etwas angenehmer. Ich blieb an <a href=\"http:\/\/blog.inmontanis.info\/?p=5773\">[&#8230;]<\/a><\/p>\n","protected":false},"author":1,"featured_media":0,"comment_status":"closed","ping_status":"closed","sticky":false,"template":"","format":"standard","meta":{"footnotes":""},"categories":[25,28],"tags":[55,45,47],"class_list":["post-5773","post","type-post","status-publish","format-standard","hentry","category-noreport","category-skifahren-sommer","tag-3sb","tag-see","tag-sl","odd"],"_links":{"self":[{"href":"http:\/\/blog.inmontanis.info\/index.php?rest_route=\/wp\/v2\/posts\/5773","targetHints":{"allow":["GET"]}}],"collection":[{"href":"http:\/\/blog.inmontanis.info\/index.php?rest_route=\/wp\/v2\/posts"}],"about":[{"href":"http:\/\/blog.inmontanis.info\/index.php?rest_route=\/wp\/v2\/types\/post"}],"author":[{"embeddable":true,"href":"http:\/\/blog.inmontanis.info\/index.php?rest_route=\/wp\/v2\/users\/1"}],"replies":[{"embeddable":true,"href":"http:\/\/blog.inmontanis.info\/index.php?rest_route=%2Fwp%2Fv2%2Fcomments&post=5773"}],"version-history":[{"count":3,"href":"http:\/\/blog.inmontanis.info\/index.php?rest_route=\/wp\/v2\/posts\/5773\/revisions"}],"predecessor-version":[{"id":5775,"href":"http:\/\/blog.inmontanis.info\/index.php?rest_route=\/wp\/v2\/posts\/5773\/revisions\/5775"}],"wp:attachment":[{"href":"http:\/\/blog.inmontanis.info\/index.php?rest_route=%2Fwp%2Fv2%2Fmedia&parent=5773"}],"wp:term":[{"taxonomy":"category","embeddable":true,"href":"http:\/\/blog.inmontanis.info\/index.php?rest_route=%2Fwp%2Fv2%2Fcategories&post=5773"},{"taxonomy":"post_tag","embeddable":true,"href":"http:\/\/blog.inmontanis.info\/index.php?rest_route=%2Fwp%2Fv2%2Ftags&post=5773"}],"curies":[{"name":"wp","href":"https:\/\/api.w.org\/{rel}","templated":true}]}}