{"id":5757,"date":"2019-09-01T21:07:54","date_gmt":"2019-09-01T19:07:54","guid":{"rendered":"http:\/\/blog.inmontanis.info\/?p=5757"},"modified":"2023-07-01T20:57:42","modified_gmt":"2023-07-01T18:57:42","slug":"hintertuxer-gletscher-31-8-1-9-2019","status":"publish","type":"post","link":"http:\/\/blog.inmontanis.info\/?p=5757","title":{"rendered":"Hintertuxer Gletscher, 31.8.+1.9.2019"},"content":{"rendered":"<p><strong>Sa, 31.8.2019<\/strong> + <strong>So, 1.9.2019<\/strong><\/p>\n<p>Die letzten 2 WE war ich im Urlaub in England \/ Schottland \/ Isle of Man und hatte ja etwas gehofft, dass etwas Neuschnee am Hintertuxer kommen w\u00fcrde. Nun, der ist erst f\u00fcr Montag gemeldet, aber somit konnte man noch ein paar Endsommerfotos machen, ist ja auch nicht schlecht. Wetter war am Samstag recht sonnig, am Sonntag eher bew\u00f6lkt. Los ist mittlerweile wieder viel mehr als vor 3 Wochen, sowohl Rennmannschaften wie anscheinend auch private.<\/p>\n<p>Die Abfahrten waren teilweise besser als bef\u00fcrchtet, wobei einige am Samstag, andere am Sonntag besser gingen, einige waren am Samstag aufgefahrener als am Sonntag, andere am Sonntag matschiger als am Samstag. Ein paar nette St\u00fccke gab&#8217;s fast \u00fcberall, aber zwischendrin musste man immer mal aufpassen.<\/p>\n<p>In Schottland war ich ja wieder in Midlothian zum Sonnenuntergang auf Matten Ski fahren und bin mir nach wie vor unsicher, was nun sch\u00f6ner ist, also rein vom Untergrund her. Man muss bei beiden sehr aufpassen und man kann bei beiden ein paar sehr sch\u00f6ne Schw\u00fcnge ziehen. Matten sind vielleicht etwas zeitloser \u00fcber den Tag, es z\u00e4hlt eher die N\u00e4sse und die Steilheit, bleibt ansonsten aber ggf. lange Zeit konstant, w\u00e4hrend Schnee und der Rest, worauf man im Sommer auf dem Gletscher rumrutscht, je nach Temperaturen und Art und St\u00e4rke der Befahrung schnell anders werden kann. Hintertuxer siegt nat\u00fcrlich \u00fcber Midlothian, weil mehr M\u00f6glichkeiten, l\u00e4ngere Abfahrten, mehr H\u00f6henunterschied. Aber so einen einzelnen Sommerskihang wie am M\u00f6lltaler k\u00f6nnte man genauso gut mit Matten machen und da w\u00e4re, bei einem guten Mattensystem, die Sache nicht mehr so eindeutig.<\/p>\n<p>(Fotos anklicken zum Vergr\u00f6\u00dfern)<\/p>\n<p><a href='http:\/\/ski.inmontanis.info\/d\/266335-2\/DSC00404.jpg'><img src=http:\/\/ski.inmontanis.info\/d\/266334-3\/DSC00404.jpg \/><\/a><br \/>\n^ Zoom SL Kaserer Rechts von Sommerbergalm<\/p>\n<p>Vergleich 16.9.2018:<br \/>\n<a href='http:\/\/ski.inmontanis.info\/d\/249954-3\/DSC05782.jpg'><img src=http:\/\/ski.inmontanis.info\/d\/249953-4\/DSC05782.jpg \/><\/a><br \/>\n^ 2018<\/p>\n<p><a href='http:\/\/ski.inmontanis.info\/d\/266339-2\/DSC00405.jpg'><img src=http:\/\/ski.inmontanis.info\/d\/266338-3\/DSC00405.jpg \/><\/a><br \/>\n^ Zoom SL Kaserer Links von Sommerbergalm<\/p>\n<p><a href='http:\/\/ski.inmontanis.info\/d\/266343-2\/DSC00406.jpg'><img src=http:\/\/ski.inmontanis.info\/d\/266342-3\/DSC00406.jpg \/><\/a><br \/>\n^ Zoom L\u00e4rmstange 2 von Sommerbergalm<\/p>\n<p>Vergleich 19.8.2018:<br \/>\n<a href='http:\/\/ski.inmontanis.info\/d\/249802-3\/DSC02708.jpg'><img src=http:\/\/ski.inmontanis.info\/d\/249801-4\/DSC02708.jpg \/><\/a><br \/>\n^ 2018<\/p>\n<p><a href='http:\/\/ski.inmontanis.info\/d\/266347-2\/DSC00408.jpg'><img src=http:\/\/ski.inmontanis.info\/d\/266346-3\/DSC00408.jpg \/><\/a><br \/>\n^ Zoom TFH-Hang von Sommerbergalm<\/p>\n<p><a href='http:\/\/ski.inmontanis.info\/d\/266351-2\/DSC00423.jpg'><img src=http:\/\/ski.inmontanis.info\/d\/266350-3\/DSC00423.jpg \/><\/a><br \/>\n^ Bauarbeiten am unteren Kasererweg&#8230;<\/p>\n<p><a href='http:\/\/ski.inmontanis.info\/d\/266355-2\/DSC00425.jpg'><img src=http:\/\/ski.inmontanis.info\/d\/266354-3\/DSC00425.jpg \/><\/a><br \/>\n^ .. ein Teil scheint immer noch auf Eis zu gehen und musste wohl etwas versetzt werden.<\/p>\n<p><a href='http:\/\/ski.inmontanis.info\/d\/266359-2\/DSC00427.jpg'><img src=http:\/\/ski.inmontanis.info\/d\/266358-3\/DSC00427.jpg \/><\/a><br \/>\n^ TFH-Abfahrt<\/p>\n<p><a href='http:\/\/ski.inmontanis.info\/d\/266363-2\/DSC00429.jpg'><img src=http:\/\/ski.inmontanis.info\/d\/266362-3\/DSC00429.jpg \/><\/a><br \/>\n^ Die Matten werden gro\u00dffl\u00e4chig entfernt<\/p>\n<p><a href='http:\/\/ski.inmontanis.info\/d\/266367-2\/DSC00431.jpg'><img src=http:\/\/ski.inmontanis.info\/d\/266366-3\/DSC00431.jpg \/><\/a><br \/>\n^ Mittlere Skiwege Kaserer<\/p>\n<p><a href='http:\/\/ski.inmontanis.info\/d\/266371-2\/DSC00432.jpg'><img src=http:\/\/ski.inmontanis.info\/d\/266370-3\/DSC00432.jpg \/><\/a><br \/>\n^ Die Felsinseln in dem Bereich werden wohl bald verbunden sein und in wenigen Jahren der Gletscher weg sein.<\/p>\n<p><a href='http:\/\/ski.inmontanis.info\/d\/266375-2\/DSC00436.jpg'><img src=http:\/\/ski.inmontanis.info\/d\/266374-3\/DSC00436.jpg \/><\/a><br \/>\n^ Die linke Felsinsel, die vor wenigen Jahren mitten auf der Abfahrt auftauchte, scheint sich bald mit dem gro\u00dfen Felsriegel rechts daneben (Bildmitte) zu verbinden, der hat sich n\u00e4mlich auch nach links verbreitert &#8211; oder es gibt noch eine zus\u00e4tzliche Felsinsel dazwischen, das ist mit dem ganzen Schutt ja nicht so leicht erkennbar.<\/p>\n<p><a href='http:\/\/ski.inmontanis.info\/d\/266379-2\/DSC00438.jpg'><img src=http:\/\/ski.inmontanis.info\/d\/266378-3\/DSC00438.jpg \/><\/a><br \/>\n^ Bergstationen linker Kaserer-SL bzw. L\u00e4rmstange2-6KSB<\/p>\n<p><a href='http:\/\/ski.inmontanis.info\/d\/266383-2\/DSC00439.jpg'><img src=http:\/\/ski.inmontanis.info\/d\/266382-3\/DSC00439.jpg \/><\/a><br \/>\n^ Kaserer-Vermattungen<\/p>\n<p><a href='http:\/\/ski.inmontanis.info\/d\/266387-2\/DSC00440.jpg'><img src=http:\/\/ski.inmontanis.info\/d\/266386-3\/DSC00440.jpg \/><\/a><br \/>\n^ Von der GW zum Olperer<\/p>\n<p><a href='http:\/\/ski.inmontanis.info\/d\/266391-2\/DSC00443.jpg'><img src=http:\/\/ski.inmontanis.info\/d\/266390-3\/DSC00443.jpg \/><\/a><br \/>\n^ Ausstieg DSB<\/p>\n<p><a href='http:\/\/ski.inmontanis.info\/d\/266395-2\/DSC00446.jpg'><img src=http:\/\/ski.inmontanis.info\/d\/266394-3\/DSC00446.jpg \/><\/a><br \/>\n^ Auf der Abfahrt hat es mittlerweile wieder mehr Schnee als vor 3 Wochen und tw. gar nicht so nerviges Cruncheis.<\/p>\n<p><a href='http:\/\/ski.inmontanis.info\/d\/266399-2\/DSC00447.jpg'><img src=http:\/\/ski.inmontanis.info\/d\/266398-3\/DSC00447.jpg \/><\/a><br \/>\n^ Ging jedenfalls halbwegs gut zu fahren heute.<\/p>\n<p><a href='http:\/\/ski.inmontanis.info\/d\/266403-2\/DSC00449.jpg'><img src=http:\/\/ski.inmontanis.info\/d\/266402-3\/DSC00449.jpg \/><\/a><br \/>\n^ Wartezeiten am SL Olperer? Na dann fahr ich halt mal zum TFH runter.<\/p>\n<p><a href='http:\/\/ski.inmontanis.info\/d\/266407-2\/DSC00452.jpg'><img src=http:\/\/ski.inmontanis.info\/d\/266406-3\/DSC00452.jpg \/><\/a><br \/>\n^ TFH-Abfahrt, vor und nach dem Schneefeld gibt es schneelose Gletschertraversen.<\/p>\n<p><a href='http:\/\/ski.inmontanis.info\/d\/266411-2\/DSC00454.jpg'><img src=http:\/\/ski.inmontanis.info\/d\/266410-3\/DSC00454.jpg \/><\/a><br \/>\n^ Ende TFH-Abfahrt<\/p>\n<p><a href='http:\/\/ski.inmontanis.info\/d\/266415-2\/DSC00457.jpg'><img src=http:\/\/ski.inmontanis.info\/d\/266414-3\/DSC00457.jpg \/><\/a><br \/>\n^ Die DSB-Zufahrt liegt mittlerweile auf dem Depotschnee unterhalb des (ca. 2003 gebaggerten) Weges<\/p>\n<p><a href='http:\/\/ski.inmontanis.info\/d\/266419-2\/DSC00467.jpg'><img src=http:\/\/ski.inmontanis.info\/d\/266418-3\/DSC00467.jpg \/><\/a><br \/>\n^ Am GW-SL gab es ein St\u00fcck, wo das Seil sehr hoch l\u00e4uft und man ggf. etwas in der Luft schwebt. Einige sind da nat\u00fcrlich rausgeflogen. Am Sonntag war ich dann mit beiden Skiern zweimal hintereinander in der Luft.<\/p>\n<p><a href='http:\/\/ski.inmontanis.info\/d\/266423-2\/DSC00475.jpg'><img src=http:\/\/ski.inmontanis.info\/d\/266422-3\/DSC00475.jpg \/><\/a><br \/>\n^ DSB-Abfahrt, ging am Samstag gut, am Sonntag dagegen st\u00e4rker aufgefahren<\/p>\n<p><a href='http:\/\/ski.inmontanis.info\/d\/266427-2\/DSC00477.jpg'><img src=http:\/\/ski.inmontanis.info\/d\/266426-3\/DSC00477.jpg \/><\/a><br \/>\n^ Die Entmattung am TFH-Hang hat hier um 11 angefangen, nur 2-3h sp\u00e4ter waren die ganzen Matten entfernt.<\/p>\n<p><a href='http:\/\/ski.inmontanis.info\/d\/266431-2\/DSC00480.jpg'><img src=http:\/\/ski.inmontanis.info\/d\/266430-3\/DSC00480.jpg \/><\/a><br \/>\n^ DSB-Abfahrt<\/p>\n<p><a href='http:\/\/ski.inmontanis.info\/d\/266435-2\/DSC00482.jpg'><img src=http:\/\/ski.inmontanis.info\/d\/266434-3\/DSC00482.jpg \/><\/a><br \/>\n^ Blick zur GW vom O-SL<\/p>\n<p><a href='http:\/\/ski.inmontanis.info\/d\/266439-2\/DSC00489.jpg'><img src=http:\/\/ski.inmontanis.info\/d\/266438-3\/DSC00489.jpg \/><\/a><br \/>\n^ ZwiDeGo<\/p>\n<p><a href='http:\/\/ski.inmontanis.info\/d\/266443-2\/DSC00490.jpg'><img src=http:\/\/ski.inmontanis.info\/d\/266442-3\/DSC00490.jpg \/><\/a><br \/>\n^ GB3-Bergstation<\/p>\n<p><a href='http:\/\/ski.inmontanis.info\/d\/266447-2\/DSC00494.jpg'><img src=http:\/\/ski.inmontanis.info\/d\/266446-3\/DSC00494.jpg \/><\/a><br \/>\n^ GW-SL<\/p>\n<p><a href='http:\/\/ski.inmontanis.info\/d\/266451-2\/DSC00499.jpg'><img src=http:\/\/ski.inmontanis.info\/d\/266450-3\/DSC00499.jpg \/><\/a><br \/>\n^ GW-SL<\/p>\n<p><a href='http:\/\/ski.inmontanis.info\/d\/266455-2\/DSC00503.jpg'><img src=http:\/\/ski.inmontanis.info\/d\/266454-3\/DSC00503.jpg \/><\/a><br \/>\n^ Die Felsen rechts des GW-SL<\/p>\n<p><a href='http:\/\/ski.inmontanis.info\/d\/266459-2\/DSC00509.jpg'><img src=http:\/\/ski.inmontanis.info\/d\/266458-3\/DSC00509.jpg \/><\/a><br \/>\n^ Schneilanze<\/p>\n<p><a href='http:\/\/ski.inmontanis.info\/d\/266463-2\/DSC00510.jpg'><img src=http:\/\/ski.inmontanis.info\/d\/266462-3\/DSC00510.jpg \/><\/a><br \/>\n^ DSB-Abfahrt<\/p>\n<p><a href='http:\/\/ski.inmontanis.info\/d\/266467-2\/DSC00513.jpg'><img src=http:\/\/ski.inmontanis.info\/d\/266466-3\/DSC00513.jpg \/><\/a><br \/>\n^ DSB-Zufahrt; die Querung konnte man morgens noch fahren bzw. mit den Skiern aufsteigen, aber irgendwann musste man abschnallen.<\/p>\n<p><a href='http:\/\/ski.inmontanis.info\/d\/266471-2\/DSC00515.jpg'><img src=http:\/\/ski.inmontanis.info\/d\/266470-3\/DSC00515.jpg \/><\/a><br \/>\n^ Hang links von der DSB<\/p>\n<p><a href='http:\/\/ski.inmontanis.info\/d\/266475-2\/DSC00516.jpg'><img src=http:\/\/ski.inmontanis.info\/d\/266474-3\/DSC00516.jpg \/><\/a><br \/>\n^ DSB<\/p>\n<p><a href='http:\/\/ski.inmontanis.info\/d\/266479-2\/DSC00521_001.jpg'><img src=http:\/\/ski.inmontanis.info\/d\/266478-3\/DSC00521_001.jpg \/><\/a><br \/>\n^ Gletscher zwischen GB3 und DSB<\/p>\n<p><a href='http:\/\/ski.inmontanis.info\/d\/266483-2\/DSC00524_001.jpg'><img src=http:\/\/ski.inmontanis.info\/d\/266482-3\/DSC00524_001.jpg \/><\/a><br \/>\n^ DSB und GW-SL<\/p>\n<p><a href='http:\/\/ski.inmontanis.info\/d\/266487-2\/DSC00527_001.jpg'><img src=http:\/\/ski.inmontanis.info\/d\/266486-3\/DSC00527_001.jpg \/><\/a><\/p>\n<p><a href='http:\/\/ski.inmontanis.info\/d\/266491-2\/DSC00530_001.jpg'><img src=http:\/\/ski.inmontanis.info\/d\/266490-3\/DSC00530_001.jpg \/><\/a><br \/>\n^ Musste man zu Beginn des Sommers am GB3-Ausgang noch aufsteigen, gehts mittlerweile wieder tief runter &#8211; die Abfahrt von der DSB will ja regelm\u00e4\u00dfig mit Schnee versorgt werden<\/p>\n<p><a href='http:\/\/ski.inmontanis.info\/d\/266495-2\/DSC00535.jpg'><img src=http:\/\/ski.inmontanis.info\/d\/266494-3\/DSC00535.jpg \/><\/a><br \/>\n^ Die restlichen Matten am oberen TFH-Hang waren jetzt um 14 Uhr schon alle entfernt. Ging ja fix.<\/p>\n<p><a href='http:\/\/ski.inmontanis.info\/d\/266499-2\/DSC00536_001.jpg'><img src=http:\/\/ski.inmontanis.info\/d\/266498-3\/DSC00536_001.jpg \/><\/a><br \/>\n^ TFH-Hang<\/p>\n<p><a href='http:\/\/ski.inmontanis.info\/d\/266503-2\/DSC00538.jpg'><img src=http:\/\/ski.inmontanis.info\/d\/266502-3\/DSC00538.jpg \/><\/a><br \/>\n^ TFH-Hang<\/p>\n<p><a href='http:\/\/ski.inmontanis.info\/d\/266507-2\/DSC00539.jpg'><img src=http:\/\/ski.inmontanis.info\/d\/266506-3\/DSC00539.jpg \/><\/a><br \/>\n^ Jahrelang gab es hier an der GW zwischen DSB und SL diesen Stein-Schutthaufen &#8230;<\/p>\n<p><a href='http:\/\/ski.inmontanis.info\/d\/266511-2\/DSC00541.jpg'><img src=http:\/\/ski.inmontanis.info\/d\/266510-3\/DSC00541.jpg \/><\/a><br \/>\n^ .. mittlerweile gibts genau hier eine neue Felsinsel!<\/p>\n<p><a href='http:\/\/ski.inmontanis.info\/d\/266515-2\/DSC00542_001.jpg'><img src=http:\/\/ski.inmontanis.info\/d\/266514-3\/DSC00542_001.jpg \/><\/a><br \/>\n^ .. keine Zweifel mehr, kein Nur-Schutt mehr, sondern ein neuer Felsriegel.<\/p>\n<p><a href='http:\/\/ski.inmontanis.info\/d\/266519-2\/DSC00545_001.jpg'><img src=http:\/\/ski.inmontanis.info\/d\/266518-3\/DSC00545_001.jpg \/><\/a><br \/>\n^ ZwiDeGo. Gibt sogar noch etwas Restschnee.<\/p>\n<p><a href='http:\/\/ski.inmontanis.info\/d\/266523-2\/DSC00546.jpg'><img src=http:\/\/ski.inmontanis.info\/d\/266522-3\/DSC00546.jpg \/><\/a><br \/>\n^ Eish\u00f6hle bzw. ein versteckter Gletschersee<\/p>\n<p><a href='http:\/\/ski.inmontanis.info\/d\/266527-2\/DSC00553.jpg'><img src=http:\/\/ski.inmontanis.info\/d\/266526-3\/DSC00553.jpg \/><\/a><br \/>\n^ Oberer Kasererweg<\/p>\n<p><a href='http:\/\/ski.inmontanis.info\/d\/266531-2\/DSC00557.jpg'><img src=http:\/\/ski.inmontanis.info\/d\/266530-3\/DSC00557.jpg \/><\/a><br \/>\n^ 3SB Schlegeis<\/p>\n<p><a href='http:\/\/ski.inmontanis.info\/d\/266535-2\/DSC00563_001.jpg'><img src=http:\/\/ski.inmontanis.info\/d\/266534-3\/DSC00563_001.jpg \/><\/a><br \/>\n^ Die Schneefangz\u00e4une (unterhalb der Gletscherh\u00fctte auf dem Eis) konnte man zu Beginn der Saison von hier aus kaum sehen, jetzt sieht man sie auf einem H\u00fcgel stehen ..<\/p>\n<p><a href='http:\/\/ski.inmontanis.info\/d\/266539-2\/DSC00569_001.jpg'><img src=http:\/\/ski.inmontanis.info\/d\/266538-3\/DSC00569_001.jpg \/><\/a><br \/>\n^ GW-SL, die Abfahrt links war zeitweise recht nett zu fahren gestern+heute. Der neue Felsriegel ist links im Schuttbereich ausgeapert, der Felsbereich rechts  d\u00fcrfte sich auch richtung SL vergr\u00f6\u00dfert haben.<\/p>\n<p><a href='http:\/\/ski.inmontanis.info\/d\/266543-2\/DSC00570.jpg'><img src=http:\/\/ski.inmontanis.info\/d\/266542-3\/DSC00570.jpg \/><\/a><br \/>\n^ Meine geliebte Offpiste-Steilrinne hat mittlerweile kaum noch Gletscher. Gibt immerhin Hoffnung, dass sie auch ohne Gletscher noch fahrbar sein wird.<\/p>\n<p><a href='http:\/\/ski.inmontanis.info\/d\/266547-2\/DSC00572.jpg'><img src=http:\/\/ski.inmontanis.info\/d\/266546-3\/DSC00572.jpg \/><\/a><br \/>\n^ Die obere, angetaute Schicht vom Gletschereis kann vom Pistenbully wohl leicht verschoben werden, um die Piste wieder zu begradigen, kleine Spalten zu f\u00fcllen etc.<\/p>\n","protected":false},"excerpt":{"rendered":"<p>Sa, 31.8.2019 + So, 1.9.2019<\/p>\n<p>Die letzten 2 WE war ich im Urlaub in England \/ Schottland \/ Isle of Man und hatte ja etwas gehofft, dass etwas Neuschnee am Hintertuxer kommen w\u00fcrde. Nun, der ist erst f\u00fcr Montag gemeldet, aber somit konnte man noch ein paar Endsommerfotos machen, ist ja auch nicht schlecht. Wetter <a href=\"http:\/\/blog.inmontanis.info\/?p=5757\">[&#8230;]<\/a><\/p>\n","protected":false},"author":1,"featured_media":0,"comment_status":"closed","ping_status":"closed","sticky":false,"template":"","format":"standard","meta":{"footnotes":""},"categories":[246,25,13,28],"tags":[38,47],"class_list":["post-5757","post","type-post","status-publish","format-standard","hentry","category-hintertux","category-noreport","category-austria","category-skifahren-sommer","tag-dsb","tag-sl","odd"],"_links":{"self":[{"href":"http:\/\/blog.inmontanis.info\/index.php?rest_route=\/wp\/v2\/posts\/5757","targetHints":{"allow":["GET"]}}],"collection":[{"href":"http:\/\/blog.inmontanis.info\/index.php?rest_route=\/wp\/v2\/posts"}],"about":[{"href":"http:\/\/blog.inmontanis.info\/index.php?rest_route=\/wp\/v2\/types\/post"}],"author":[{"embeddable":true,"href":"http:\/\/blog.inmontanis.info\/index.php?rest_route=\/wp\/v2\/users\/1"}],"replies":[{"embeddable":true,"href":"http:\/\/blog.inmontanis.info\/index.php?rest_route=%2Fwp%2Fv2%2Fcomments&post=5757"}],"version-history":[{"count":3,"href":"http:\/\/blog.inmontanis.info\/index.php?rest_route=\/wp\/v2\/posts\/5757\/revisions"}],"predecessor-version":[{"id":5844,"href":"http:\/\/blog.inmontanis.info\/index.php?rest_route=\/wp\/v2\/posts\/5757\/revisions\/5844"}],"wp:attachment":[{"href":"http:\/\/blog.inmontanis.info\/index.php?rest_route=%2Fwp%2Fv2%2Fmedia&parent=5757"}],"wp:term":[{"taxonomy":"category","embeddable":true,"href":"http:\/\/blog.inmontanis.info\/index.php?rest_route=%2Fwp%2Fv2%2Fcategories&post=5757"},{"taxonomy":"post_tag","embeddable":true,"href":"http:\/\/blog.inmontanis.info\/index.php?rest_route=%2Fwp%2Fv2%2Ftags&post=5757"}],"curies":[{"name":"wp","href":"https:\/\/api.w.org\/{rel}","templated":true}]}}