{"id":575,"date":"2006-09-10T23:59:05","date_gmt":"2006-09-10T21:59:05","guid":{"rendered":"http:\/\/blog.inmontanis.info\/?p=575"},"modified":"2023-07-30T18:39:53","modified_gmt":"2023-07-30T16:39:53","slug":"laber-10-9-2006","status":"publish","type":"post","link":"http:\/\/blog.inmontanis.info\/?p=575","title":{"rendered":"Laber, 10.9.2006"},"content":{"rendered":"<p>Der Laber ob Oberammergau ist ja bekanntlich ein kleines Highlight in Bayern.<\/p>\n<p>Einerseits eine schwarze Freeride-Abfahrt, andererseits eine einmalige Bergbahn, die eine Mischung aus Pendelbahn und Gruppenumlaufbahn ist: Vier &#8220;Gruppen&#8221; mit je einer 11-Personen-Pendelbahn-Kabine fahren im Kreis! Warum auch immer, jedenfalls toll, dass die Bahn noch f\u00e4hrt, hoffentlich tut sie das noch lange!<!--more--><\/p>\n<p>Leider hab ich&#8217;s bisher im Winter noch nicht geschafft, dort hin zu fahren, auch weil die Homepage keinen Schneebericht hat oder ich auch sonst keinen gefunden hatte, wobei ich zugeben muss, dass ich in den letzten 1-2 Jahren auch nicht mehr danach gesehen hab.<\/p>\n<p>Jedenfalls war ich am 10.9.2006, also im Sommer, dort, und im Rahmen der &#8220;Altlastenbew\u00e4ltigung&#8221; gibt&#8217;s jetzt endlich die Bilder, wie \u00fcblich Anklicken zum Vergr\u00f6\u00dfern. Vielleicht hat ja jemand Winterbilder von dort zur Erg\u00e4nzung? M\u00f6chte auch gern mal hin im Winter, evtl. werd ich also selbst noch f\u00fcr Bilder sorgen in K\u00fcrze.<\/p>\n<p><a href='http:\/\/ski.inmontanis.info\/d\/87058-1\/P1110449.JPG'><img src=http:\/\/ski.inmontanis.info\/d\/87060-3\/P1110449.JPG \/><\/a><br \/>\n^ Pistenplan. Und wie kommt man zum Skiweg? \u00dcber die schwarz-rot-gestrichelte Fl\u00e4che?<\/p>\n<p><a href='http:\/\/ski.inmontanis.info\/d\/87063-1\/P1110348.JPG'><img src=http:\/\/ski.inmontanis.info\/d\/87065-3\/P1110348.JPG \/><\/a><br \/>\n^ Talstation<\/p>\n<p><a href='http:\/\/ski.inmontanis.info\/d\/87067-1\/P1110352.JPG'><img src=http:\/\/ski.inmontanis.info\/d\/87069-3\/P1110352.JPG \/><\/a><br \/>\n^ Streckenzoom, man beachte die extreme Verbreiterung der Spurweite in die Mitte!<\/p>\n<p><a href='http:\/\/ski.inmontanis.info\/d\/87071-1\/P1110353.JPG'><img src=http:\/\/ski.inmontanis.info\/d\/87073-3\/P1110353.JPG \/><\/a><br \/>\n^ Technische Daten<\/p>\n<p><a href='http:\/\/ski.inmontanis.info\/d\/87075-1\/P1110354.JPG'><img src=http:\/\/ski.inmontanis.info\/d\/87077-3\/P1110354.JPG \/><\/a><br \/>\n^ Talstation<\/p>\n<p><a href='http:\/\/ski.inmontanis.info\/d\/87079-1\/P1110355.JPG'><img src=http:\/\/ski.inmontanis.info\/d\/87081-3\/P1110355.JPG \/><\/a><br \/>\n^ Umlenkscheibe. Nette Farbwahl, blau-schwarz-lila-rot<\/p>\n<p><a href='http:\/\/ski.inmontanis.info\/d\/87083-1\/P1110356.JPG'><img src=http:\/\/ski.inmontanis.info\/d\/87085-3\/P1110356.JPG \/><\/a><br \/>\n^ Talstation und Strecke<\/p>\n<p><a href='http:\/\/ski.inmontanis.info\/d\/87087-1\/P1110359.JPG'><img src=http:\/\/ski.inmontanis.info\/d\/87089-3\/P1110359.JPG \/><\/a><br \/>\n^ Talstation<\/p>\n<p><a href='http:\/\/ski.inmontanis.info\/d\/87091-1\/P1110365.JPG'><img src=http:\/\/ski.inmontanis.info\/d\/87093-3\/P1110365.JPG \/><\/a><br \/>\n^ St\u00fctze 1<\/p>\n<p><a href='http:\/\/ski.inmontanis.info\/d\/87095-1\/P1110366.JPG'><img src=http:\/\/ski.inmontanis.info\/d\/87097-3\/P1110366.JPG \/><\/a><br \/>\n^ Zwischenhalt an St\u00fctze 2, da es ja eine Art Gruppenbahn ist&#8230;<\/p>\n<p><a href='http:\/\/ski.inmontanis.info\/d\/87099-1\/P1110368.JPG'><img src=http:\/\/ski.inmontanis.info\/d\/87101-3\/P1110368.JPG \/><\/a><br \/>\n^ St\u00fctze 2<\/p>\n<p><a href='http:\/\/ski.inmontanis.info\/d\/87103-1\/P1110373.JPG'><img src=http:\/\/ski.inmontanis.info\/d\/87105-3\/P1110373.JPG \/><\/a><br \/>\n^ Talblick mit Kabine 3<\/p>\n<p><a href='http:\/\/ski.inmontanis.info\/d\/87107-1\/P1110376.JPG'><img src=http:\/\/ski.inmontanis.info\/d\/87109-3\/P1110376.JPG \/><\/a><br \/>\n^ Bergstation mit Kabine 4<\/p>\n<p><a href='http:\/\/ski.inmontanis.info\/d\/87111-1\/P1110379.JPG'><img src=http:\/\/ski.inmontanis.info\/d\/87113-3\/P1110379.JPG \/><\/a><br \/>\n^ Pano von der Bergstation, richtung Garmisch und Zugspitze<\/p>\n<p><a href='http:\/\/ski.inmontanis.info\/d\/87115-1\/P1110407.JPG'><img src=http:\/\/ski.inmontanis.info\/d\/87117-3\/P1110407.JPG \/><\/a><br \/>\n^ Talpano<\/p>\n<p><a href='http:\/\/ski.inmontanis.info\/d\/87119-1\/P1110384.JPG'><img src=http:\/\/ski.inmontanis.info\/d\/87121-3\/P1110384.JPG \/><\/a><br \/>\n^ Pano ins Flachland<\/p>\n<p><a href='http:\/\/ski.inmontanis.info\/d\/87123-1\/P1110386.JPG'><img src=http:\/\/ski.inmontanis.info\/d\/87125-3\/P1110386.JPG \/><\/a><br \/>\n^ Flachland-Pano mit Start der schwarzen Abfahrt<\/p>\n<p><a href='http:\/\/ski.inmontanis.info\/d\/87128-1\/P1110387.JPG'><img src=http:\/\/ski.inmontanis.info\/d\/87130-3\/P1110387.JPG \/><\/a><br \/>\n^ Starnbergersee, dahinter M\u00fcnchen<\/p>\n<p><a href='http:\/\/ski.inmontanis.info\/d\/87132-1\/P1110388.JPG'><img src=http:\/\/ski.inmontanis.info\/d\/87134-3\/P1110388.JPG \/><\/a><br \/>\n^ Starnbergersee und M\u00fcnchen im Zoom<\/p>\n<p><a href='http:\/\/ski.inmontanis.info\/d\/87136-1\/P1110392.JPG'><img src=http:\/\/ski.inmontanis.info\/d\/87138-3\/P1110392.JPG \/><\/a><br \/>\n^ Pano<\/p>\n<p><a href='http:\/\/ski.inmontanis.info\/d\/87140-1\/P1110393.JPG'><img src=http:\/\/ski.inmontanis.info\/d\/87142-3\/P1110393.JPG \/><\/a><br \/>\n^ Flachland-Zoom mit Ende des Starnbergersees (oben) und M\u00fcnchen im Hintergrund<\/p>\n<p><a href='http:\/\/ski.inmontanis.info\/d\/87144-1\/P1110395.JPG'><img src=http:\/\/ski.inmontanis.info\/d\/87146-3\/P1110395.JPG \/><\/a><br \/>\n^ Flachland-Zoom<\/p>\n<p><a href='http:\/\/ski.inmontanis.info\/d\/87148-1\/P1110406.JPG'><img src=http:\/\/ski.inmontanis.info\/d\/87150-3\/P1110406.JPG \/><\/a><br \/>\n^ Flachland-Zoom<\/p>\n<p><a href='http:\/\/ski.inmontanis.info\/d\/87152-1\/P1110414.JPG'><img src=http:\/\/ski.inmontanis.info\/d\/87154-3\/P1110414.JPG \/><\/a><br \/>\n^ Sehr Eng geht&#8217;s hier her an der Bergstation der Bahn, links und rechts geht&#8217;s gleich mal steil abw\u00e4rts&#8230;<\/p>\n<p><a href='http:\/\/ski.inmontanis.info\/d\/87156-1\/P1110417.JPG'><img src=http:\/\/ski.inmontanis.info\/d\/87158-3\/P1110417.JPG \/><\/a><br \/>\n^ Pano von der Bergstation<\/p>\n<p><a href='http:\/\/ski.inmontanis.info\/d\/87160-1\/P1110426.JPG'><img src=http:\/\/ski.inmontanis.info\/d\/87162-3\/P1110426.JPG \/><\/a><br \/>\n^ Bergstation<\/p>\n<p><a href='http:\/\/ski.inmontanis.info\/d\/87164-1\/P1110428.JPG'><img src=http:\/\/ski.inmontanis.info\/d\/87166-3\/P1110428.JPG \/><\/a><br \/>\n^ Strecke<\/p>\n<p><a href='http:\/\/ski.inmontanis.info\/d\/87168-1\/P1110431.JPG'><img src=http:\/\/ski.inmontanis.info\/d\/87170-3\/P1110431.JPG \/><\/a><br \/>\n^ Einfahrt Kabine 3 in Bergstation<\/p>\n<p><a href='http:\/\/ski.inmontanis.info\/d\/87172-1\/P1110432.JPG'><img src=http:\/\/ski.inmontanis.info\/d\/87174-3\/P1110432.JPG \/><\/a><br \/>\n^ Einfahrt Kabine 3 Bergstation<\/p>\n<p><a href='http:\/\/ski.inmontanis.info\/d\/87176-1\/P1110434.JPG'><img src=http:\/\/ski.inmontanis.info\/d\/87178-3\/P1110434.JPG \/><\/a><br \/>\n^ Ausfahrt Kabine 3 Bergstation mit Pano<\/p>\n<p><a href='http:\/\/ski.inmontanis.info\/d\/87180-1\/P1110436.JPG'><img src=http:\/\/ski.inmontanis.info\/d\/87182-3\/P1110436.JPG \/><\/a><br \/>\n^ Start der schwarzen Abfahrt<\/p>\n<p><a href='http:\/\/ski.inmontanis.info\/d\/87184-1\/P1110437.JPG'><img src=http:\/\/ski.inmontanis.info\/d\/87186-3\/P1110437.JPG \/><\/a><br \/>\n^ Schwarze Abfahrt<\/p>\n<p><a href='http:\/\/ski.inmontanis.info\/d\/87188-1\/P1110440.JPG'><img src=http:\/\/ski.inmontanis.info\/d\/87190-3\/P1110440.JPG \/><\/a><br \/>\n^ Winterbild, h\u00e4ngt irgendwo in der Bergstation rum.<\/p>\n<p><a href='http:\/\/ski.inmontanis.info\/d\/87192-1\/P1110444.JPG'><img src=http:\/\/ski.inmontanis.info\/d\/87194-3\/P1110444.JPG \/><\/a><br \/>\n^ Kabinenlaufwerk, man beachte die besondere Festmachung des Zugseils, da ja im schmalen Umlauf in den Stationen das Seil stark  abgelenkt wird.<\/p>\n<p><a href='http:\/\/ski.inmontanis.info\/d\/87196-1\/P1110450.JPG'><img src=http:\/\/ski.inmontanis.info\/d\/87198-3\/P1110450.JPG \/><\/a><br \/>\n^ Talstation, sehr spartanisch im Vgl. zur Bergstation.<\/p>\n<p><a href='http:\/\/ski.inmontanis.info\/d\/87039-1\/P1110380.JPG'><img src=http:\/\/ski.inmontanis.info\/d\/87040-3\/P1110380.JPG \/><\/a><br \/>\n^ Zoom Zugspitze vom Laber aus (man sieht die Seile der Tiroler Zugspitzbahn)<\/p>\n<p><a href='http:\/\/ski.inmontanis.info\/d\/87035-1\/P1110425.JPG'><img src=http:\/\/ski.inmontanis.info\/d\/87036-3\/P1110425.JPG \/><\/a><br \/>\n^ Zoom Tiroler Zugspitzbahn vom Laber aus<\/p>\n<p><a href='http:\/\/ski.inmontanis.info\/d\/87044-1\/P1110381.JPG'><img src=http:\/\/ski.inmontanis.info\/d\/87046-3\/P1110381.JPG \/><\/a><br \/>\n^ Garmisch und Garmischer Skigebiet vom Laber<\/p>\n<p><a href='http:\/\/ski.inmontanis.info\/d\/87049-1\/P1110423.JPG'><img src=http:\/\/ski.inmontanis.info\/d\/87051-3\/P1110423.JPG \/><\/a><br \/>\n^ Zoom Garmisch vom Laber<\/p>\n<p><a href='http:\/\/ski.inmontanis.info\/d\/87053-1\/P1110419.JPG'><img src=http:\/\/ski.inmontanis.info\/d\/87055-3\/P1110419.JPG \/><\/a><br \/>\n^ Zoom Garmisch-Wank vom Laber<\/p>\n<p>Und ein Video vom kuriosen Kabinenumlauf hab ich auch gemacht:<\/p>\n<p><object style=\"height: 500px; width: 900px\"><param name=\"movie\" value=\"http:\/\/www.youtube.com\/v\/GN3CQGhb-So\"><\/param><param name=\"wmode\" value=\"transparent\"><\/param><embed src=\"http:\/\/www.youtube.com\/v\/GN3CQGhb-So\" type=\"application\/x-shockwave-flash\" wmode=\"transparent\"  width=\"900\" height=\"480\"><\/embed><\/object><\/p>\n","protected":false},"excerpt":{"rendered":"<p>Der Laber ob Oberammergau ist ja bekanntlich ein kleines Highlight in Bayern.<\/p>\n<p>Einerseits eine schwarze Freeride-Abfahrt, andererseits eine einmalige Bergbahn, die eine Mischung aus Pendelbahn und Gruppenumlaufbahn ist: Vier &#8220;Gruppen&#8221; mit je einer 11-Personen-Pendelbahn-Kabine fahren im Kreis! Warum auch immer, jedenfalls toll, dass die Bahn noch f\u00e4hrt, hoffentlich tut sie das noch lange!<\/p>\n<p> <a href=\"http:\/\/blog.inmontanis.info\/?p=575\">[&#8230;]<\/a><\/p>\n","protected":false},"author":1,"featured_media":0,"comment_status":"open","ping_status":"closed","sticky":false,"template":"","format":"standard","meta":{"footnotes":""},"categories":[12,24,26,269,59],"tags":[52,45],"class_list":["post-575","post","type-post","status-publish","format-standard","hentry","category-germany","category-tagestour","category-typeski","category-laber","category-nostalgie","tag-pb","tag-see","odd"],"_links":{"self":[{"href":"http:\/\/blog.inmontanis.info\/index.php?rest_route=\/wp\/v2\/posts\/575","targetHints":{"allow":["GET"]}}],"collection":[{"href":"http:\/\/blog.inmontanis.info\/index.php?rest_route=\/wp\/v2\/posts"}],"about":[{"href":"http:\/\/blog.inmontanis.info\/index.php?rest_route=\/wp\/v2\/types\/post"}],"author":[{"embeddable":true,"href":"http:\/\/blog.inmontanis.info\/index.php?rest_route=\/wp\/v2\/users\/1"}],"replies":[{"embeddable":true,"href":"http:\/\/blog.inmontanis.info\/index.php?rest_route=%2Fwp%2Fv2%2Fcomments&post=575"}],"version-history":[{"count":5,"href":"http:\/\/blog.inmontanis.info\/index.php?rest_route=\/wp\/v2\/posts\/575\/revisions"}],"predecessor-version":[{"id":640,"href":"http:\/\/blog.inmontanis.info\/index.php?rest_route=\/wp\/v2\/posts\/575\/revisions\/640"}],"wp:attachment":[{"href":"http:\/\/blog.inmontanis.info\/index.php?rest_route=%2Fwp%2Fv2%2Fmedia&parent=575"}],"wp:term":[{"taxonomy":"category","embeddable":true,"href":"http:\/\/blog.inmontanis.info\/index.php?rest_route=%2Fwp%2Fv2%2Fcategories&post=575"},{"taxonomy":"post_tag","embeddable":true,"href":"http:\/\/blog.inmontanis.info\/index.php?rest_route=%2Fwp%2Fv2%2Ftags&post=575"}],"curies":[{"name":"wp","href":"https:\/\/api.w.org\/{rel}","templated":true}]}}