{"id":5747,"date":"2019-08-11T22:48:10","date_gmt":"2019-08-11T20:48:10","guid":{"rendered":"http:\/\/blog.inmontanis.info\/?p=5747"},"modified":"2023-07-01T20:57:36","modified_gmt":"2023-07-01T18:57:36","slug":"hintertuxer-gletscher-10-11-8-2019","status":"publish","type":"post","link":"http:\/\/blog.inmontanis.info\/?p=5747","title":{"rendered":"Hintertuxer Gletscher, 10.+11.8.2019"},"content":{"rendered":"<p><strong>Sa, 10.8.2019<\/strong><\/p>\n<p>Lt. Bergfex waren heute Nacht +8\u00b0 gemeldet. Immerhin schien die Nacht halbwegs klar verlaufen zu sein, w\u00e4hrend f\u00fcr heute Abend Regen und morgen bew\u00f6lkt gemeldet wird, somit sollte wohl heute der bessere Tag werden. Allerdings war ich erst um 8:45 in der Tiefgarage. Heute mit einem Firmenwagen, weil mein Ignis in der Werkstatt ist &#8211; im Zuge des Urlaubschecks wurde (abermals, aber wohl anderswo) ein Getriebe\u00f6lverlust diagnostiziert. Somit hab ich heute meine neueren Carpani dabei, die ich schon lang mal zum Service oben \u00fcber Nacht lassen wollte, das bot sich also heute an.<\/p>\n<p>Leider war der Schnee schon morgens weicher und bremsiger als erwartet, wobei das auch etwas an den Skiern liegen d\u00fcrfte, ewig kein Service und l\u00e4nger und breiter, daher mehr Auflagefl\u00e4che, das bremst m.E. st\u00e4rker bei diesem Sommerschnee.<\/p>\n<p>Sonderlich sonnig war&#8217;s auch nicht, Nebel zog zwischendrin auf, blieb aber in H\u00f6he TFH-Hang, zu Mittag auch oben etwas neblig. Hier und da, auch abseits der Piste, war&#8217;s aber schon ganz ok heute. Dennoch h\u00f6rte ich zu Mittag auf und gab die Ski zum gro\u00dfen Service \u00fcber Nacht, das mit 35,- recht g\u00fcnstig im Vgl. zu anderswo sein d\u00fcrfte.<\/p>\n<p>(Fotos anklicken zum Vergr\u00f6\u00dfern)<\/p>\n<p><a href='http:\/\/ski.inmontanis.info\/d\/266139-2\/DSC07684.jpg'><img src=http:\/\/ski.inmontanis.info\/d\/266138-3\/DSC07684.jpg \/><\/a><br \/>\n^ Gletscherblick von Sommerbergalm<\/p>\n<p>Ich hatte heute mal drangedacht, bei dem sonnigen Wetter das Zoom\/Tele-Objektiv einzustecken, daher machte ich morgens erst mal ein paar Fotos:<\/p>\n<p><a href='http:\/\/ski.inmontanis.info\/d\/266143-2\/DSC07685.jpg'><img src=http:\/\/ski.inmontanis.info\/d\/266142-3\/DSC07685.jpg \/><\/a><br \/>\n^ Zoom Kaserer von Sommerbergalm<\/p>\n<p><a href='http:\/\/ski.inmontanis.info\/d\/266167-2\/DSC07686.jpg'><img src=http:\/\/ski.inmontanis.info\/d\/266166-3\/DSC07686.jpg \/><\/a><br \/>\n^ TFH\/GW<\/p>\n<p><a href='http:\/\/ski.inmontanis.info\/d\/266147-2\/DSC07687.jpg'><img src=http:\/\/ski.inmontanis.info\/d\/266146-3\/DSC07687.jpg \/><\/a><br \/>\n^ Kaserer Rechts<\/p>\n<p><a href='http:\/\/ski.inmontanis.info\/d\/266159-2\/DSC07688.jpg'><img src=http:\/\/ski.inmontanis.info\/d\/266158-3\/DSC07688.jpg \/><\/a><br \/>\n^ Kaserer\/L\u00e4rmstangeKSB<\/p>\n<p><a href='http:\/\/ski.inmontanis.info\/d\/266171-2\/DSC07691.jpg'><img src=http:\/\/ski.inmontanis.info\/d\/266170-3\/DSC07691.jpg \/><\/a><br \/>\n^ ZwiDeGo<\/p>\n<p><a href='http:\/\/ski.inmontanis.info\/d\/266175-2\/DSC07693.jpg'><img src=http:\/\/ski.inmontanis.info\/d\/266174-3\/DSC07693.jpg \/><\/a><br \/>\n^ TFH-Hang\/10EUB\/DSB<\/p>\n<p><a href='http:\/\/ski.inmontanis.info\/d\/266163-2\/DSC07696.jpg'><img src=http:\/\/ski.inmontanis.info\/d\/266162-3\/DSC07696.jpg \/><\/a><br \/>\n^ L\u00e4rmstange2-KSB<\/p>\n<p><a href='http:\/\/ski.inmontanis.info\/d\/266155-2\/DSC07697.jpg'><img src=http:\/\/ski.inmontanis.info\/d\/266154-3\/DSC07697.jpg \/><\/a><br \/>\n^ Kaserer Links<\/p>\n<p><a href='http:\/\/ski.inmontanis.info\/d\/266151-2\/DSC07698.jpg'><img src=http:\/\/ski.inmontanis.info\/d\/266150-3\/DSC07698.jpg \/><\/a><br \/>\n^ Kaserer Rechts<\/p>\n<p><a href='http:\/\/ski.inmontanis.info\/d\/266183-2\/DSC07702.jpg'><img src=http:\/\/ski.inmontanis.info\/d\/266182-3\/DSC07702.jpg \/><\/a><br \/>\n^ O von GW<\/p>\n<p><a href='http:\/\/ski.inmontanis.info\/d\/266187-2\/DSC07703.jpg'><img src=http:\/\/ski.inmontanis.info\/d\/266186-3\/DSC07703.jpg \/><\/a><br \/>\n^ GW von O<\/p>\n<p><a href='http:\/\/ski.inmontanis.info\/d\/266191-2\/DSC07705.jpg'><img src=http:\/\/ski.inmontanis.info\/d\/266190-3\/DSC07705.jpg \/><\/a><br \/>\n^ Arbeiten an der GB3-Bergstation<\/p>\n<p><a href='http:\/\/ski.inmontanis.info\/d\/266195-2\/DSC07706.jpg'><img src=http:\/\/ski.inmontanis.info\/d\/266194-3\/DSC07706.jpg \/><\/a><br \/>\n^ Arbeiten an der GB3-Bergstation<\/p>\n<p><a href='http:\/\/ski.inmontanis.info\/d\/266199-2\/DSC07710.jpg'><img src=http:\/\/ski.inmontanis.info\/d\/266198-3\/DSC07710.jpg \/><\/a><br \/>\n^ Arbeiten an der GB3-Bergstation<\/p>\n<p><a href='http:\/\/ski.inmontanis.info\/d\/266203-2\/DSC07712.jpg'><img src=http:\/\/ski.inmontanis.info\/d\/266202-3\/DSC07712.jpg \/><\/a><br \/>\n^ DSB-Ausfahrt<\/p>\n<p><a href='http:\/\/ski.inmontanis.info\/d\/266207-2\/DSC07714.jpg'><img src=http:\/\/ski.inmontanis.info\/d\/266206-3\/DSC07714.jpg \/><\/a><br \/>\n^ DSB-Zufahrt, der Liftler schaufelt etwas Schnee auf die Zufahrt<\/p>\n<p><a href='http:\/\/ski.inmontanis.info\/d\/266211-2\/DSC07715.jpg'><img src=http:\/\/ski.inmontanis.info\/d\/266210-3\/DSC07715.jpg \/><\/a><br \/>\n^ DSB-Abfahrt, dank Beschneiung und Lage gut in Schuss.<\/p>\n<p><a href='http:\/\/ski.inmontanis.info\/d\/266215-2\/DSC07716.jpg'><img src=http:\/\/ski.inmontanis.info\/d\/266214-3\/DSC07716.jpg \/><\/a><br \/>\n^ Gletscherbecken<\/p>\n<p><a href='http:\/\/ski.inmontanis.info\/d\/266219-2\/DSC07719.jpg'><img src=http:\/\/ski.inmontanis.info\/d\/266218-3\/DSC07719.jpg \/><\/a><br \/>\n^ GW-Kaserer<\/p>\n<p><a href='http:\/\/ski.inmontanis.info\/d\/266223-2\/DSC07721.jpg'><img src=http:\/\/ski.inmontanis.info\/d\/266222-3\/DSC07721.jpg \/><\/a><br \/>\n^ GW<\/p>\n<p><a href='http:\/\/ski.inmontanis.info\/d\/266227-2\/DSC07724.jpg'><img src=http:\/\/ski.inmontanis.info\/d\/266226-3\/DSC07724.jpg \/><\/a><br \/>\n^ Interessant, wie deutlich die alten Spuren noch sichtbar sind..<\/p>\n<p><a href='http:\/\/ski.inmontanis.info\/d\/266231-2\/DSC07725.jpg'><img src=http:\/\/ski.inmontanis.info\/d\/266230-3\/DSC07725.jpg \/><\/a><br \/>\n^ TFH-Abfahrt, Schneeverschieben<\/p>\n<p><a href='http:\/\/ski.inmontanis.info\/d\/266235-2\/DSC07727.jpg'><img src=http:\/\/ski.inmontanis.info\/d\/266234-3\/DSC07727.jpg \/><\/a><br \/>\n^ Reifenprofil Schreitbagger<\/p>\n<p><strong>So, 11.8.2019<\/strong><\/p>\n<p>Wollte heute fr\u00fch dran sein und nur kurz oben bleiben, kam dann aber doch wieder erst um 8:30 oder kurz danach am Parkplatz an, da war aber eh noch dichter Nebel unten. Am TFH dagegen Sonne und blauer Himmel, aber auch starker Wind. Weiter oben dann wieder eher neblig bzw. gemischt.<\/p>\n<p>Die 10EUB konnnte trotz Wind gerade noch fahren; gleich mal rauf und die TFH-Abfahrt runter, die war unerwartet halbwegs hart und durchaus gut zu fahren. Ich fuhr noch ein paar Mal den Olperer-SL, wohl auch dank frisch gewachster Ski war die linke Piste sogar besser zu fahren als gestern; danach noch 1x GB3 und 1x GW-SL. Der Wind war nun st\u00e4rker, GB3 fuhr langsamer und wackelig, 10EUB wurde eingestellt.<\/p>\n<p>Der Regen gestern Abend bzw. \u00fcber Nacht hatte aber einiges an Schnee weggesp\u00fclt, dazu waren die Gletscherfl\u00e4chen sehr dunkel, was mit dem Nebel und dem wei\u00df\/braunen Schnee einige nette Kontraste gab. Die rechte GW-Abfahrt, also Zufahrt zum O-SL, war auf quasi kompletter L\u00e4nge schneefrei und gro\u00dfteils ruppiges Gletschereis. Fr\u00fcher hatte man an der GW halt im Sommer, wenn der Schnee vom Winter weg war, das im Vgl. weiche Firneis, das teils toll zu fahren war, \u00e4hnlich mancher Skimatten. Das ist mittlerweile halt gro\u00dfteils weg und man hat dann den ruppig harten Gletscher. Nichts f\u00fcr schwache Nerven. <\/p>\n<p>(Fotos anklicken zum Vergr\u00f6\u00dfern)<\/p>\n<p><a href='http:\/\/ski.inmontanis.info\/d\/266239-2\/DSC07733.jpg'><img src=http:\/\/ski.inmontanis.info\/d\/266238-3\/DSC07733.jpg \/><\/a><br \/>\n^ GB2 mit Nebelmeer<\/p>\n<p><a href='http:\/\/ski.inmontanis.info\/d\/266243-2\/DSC07735.jpg'><img src=http:\/\/ski.inmontanis.info\/d\/266242-3\/DSC07735.jpg \/><\/a><br \/>\n^ Krass, die Zufahrt zum GB3 hats \u00fcber Nacht fast komplett weggeregnet! Oder hat man den Schnee mit der Pistenraupe verschoben?!<\/p>\n<p>Hier das Foto von gestern zum Vergleich:<br \/>\n<a href='http:\/\/ski.inmontanis.info\/d\/266179-2\/DSC07700.jpg'><img src=http:\/\/ski.inmontanis.info\/d\/266178-3\/DSC07700.jpg \/><\/a><br \/>\n^ Zufahrt GB3 + ZwiDeGo<\/p>\n<p>&#8211;<\/p>\n<p><a href='http:\/\/ski.inmontanis.info\/d\/266247-2\/DSC07737.jpg'><img src=http:\/\/ski.inmontanis.info\/d\/266246-3\/DSC07737.jpg \/><\/a><br \/>\n^ GB3-Zufahrt in den letzten Z\u00fcgen<\/p>\n<p><a href='http:\/\/ski.inmontanis.info\/d\/266251-2\/DSC07738.jpg'><img src=http:\/\/ski.inmontanis.info\/d\/266250-3\/DSC07738.jpg \/><\/a><br \/>\n^ TFH-Hang \/ Depot<\/p>\n<p><a href='http:\/\/ski.inmontanis.info\/d\/266255-2\/DSC07741.jpg'><img src=http:\/\/ski.inmontanis.info\/d\/266254-3\/DSC07741.jpg \/><\/a><br \/>\n^ Schade um das gro\u00dfe Mattenfeld neben der Piste, das beim Sturm vor einigen Wochen komplett besch\u00e4digt wurde.<\/p>\n<p><a href='http:\/\/ski.inmontanis.info\/d\/266259-2\/DSC07744.jpg'><img src=http:\/\/ski.inmontanis.info\/d\/266258-3\/DSC07744.jpg \/><\/a><br \/>\n^ GW\/DSB-Abfahrt<\/p>\n<p><a href='http:\/\/ski.inmontanis.info\/d\/266263-2\/DSC07745.jpg'><img src=http:\/\/ski.inmontanis.info\/d\/266262-3\/DSC07745.jpg \/><\/a><br \/>\n^ GW-SL<\/p>\n<p><a href='http:\/\/ski.inmontanis.info\/d\/266267-2\/DSC07749.jpg'><img src=http:\/\/ski.inmontanis.info\/d\/266266-3\/DSC07749.jpg \/><\/a><br \/>\n^ DSB\/TFH-Abfahrt<\/p>\n<p><a href='http:\/\/ski.inmontanis.info\/d\/266271-2\/DSC07753.jpg'><img src=http:\/\/ski.inmontanis.info\/d\/266270-3\/DSC07753.jpg \/><\/a><br \/>\n^ TFH-Abfahrt<\/p>\n<p><a href='http:\/\/ski.inmontanis.info\/d\/266275-2\/DSC07754.jpg'><img src=http:\/\/ski.inmontanis.info\/d\/266274-3\/DSC07754.jpg \/><\/a><br \/>\n^ TFH-Abfahrt<\/p>\n<p><a href='http:\/\/ski.inmontanis.info\/d\/266279-2\/DSC07755.jpg'><img src=http:\/\/ski.inmontanis.info\/d\/266278-3\/DSC07755.jpg \/><\/a><br \/>\n^ TFH-Abfahrt, die ging morgens gut<\/p>\n<p><a href='http:\/\/ski.inmontanis.info\/d\/266283-2\/DSC07756.jpg'><img src=http:\/\/ski.inmontanis.info\/d\/266282-3\/DSC07756.jpg \/><\/a><br \/>\n^ Das vom Wind damals zerst\u00f6rte Mattenfeld<\/p>\n<p><a href='http:\/\/ski.inmontanis.info\/d\/266287-2\/DSC07757.jpg'><img src=http:\/\/ski.inmontanis.info\/d\/266286-3\/DSC07757.jpg \/><\/a><br \/>\n^ TFH-Abfahrt<\/p>\n<p><a href='http:\/\/ski.inmontanis.info\/d\/266291-2\/DSC07758.jpg'><img src=http:\/\/ski.inmontanis.info\/d\/266290-3\/DSC07758.jpg \/><\/a><br \/>\n^ ZwiDeGo<\/p>\n<p><a href='http:\/\/ski.inmontanis.info\/d\/266295-2\/DSC07765.jpg'><img src=http:\/\/ski.inmontanis.info\/d\/266294-3\/DSC07765.jpg \/><\/a><br \/>\n^ Rechte GW-Abfahrten zum O-SL, gro\u00dfteils ruppiges Eis heute. Wie lang das noch gehen wird?!<\/p>\n<p><a href='http:\/\/ski.inmontanis.info\/d\/266299-2\/DSC07768.jpg'><img src=http:\/\/ski.inmontanis.info\/d\/266298-3\/DSC07768.jpg \/><\/a><br \/>\n^ Ausgerechnet im unteren Teil hat&#8217;s am Olperer-SL immer so viel Schnee, den man lieber weiter oben h\u00e4tte..<\/p>\n<p><a href='http:\/\/ski.inmontanis.info\/d\/266303-2\/DSC07770.jpg'><img src=http:\/\/ski.inmontanis.info\/d\/266302-3\/DSC07770.jpg \/><\/a><br \/>\n^ .. in der SL-Spur ists nat\u00fcrlich egal, aber links auf der Abfahrt ist&#8217;s schwierig..<\/p>\n<p><a href='http:\/\/ski.inmontanis.info\/d\/266307-2\/DSC07776.jpg'><img src=http:\/\/ski.inmontanis.info\/d\/266306-3\/DSC07776.jpg \/><\/a><br \/>\n^ Vor einigen Wochen wurde das Kabel am linken O-SL ja erneuert. Diese Hirnis haben es geschafft, die alten Kabelbinder beim Abschneiden auf den Boden fallen zu lassen und waren zu faul, sie danach wieder einzusammeln?!!<\/p>\n<p><a href='http:\/\/ski.inmontanis.info\/d\/266311-2\/DSC07778.jpg'><img src=http:\/\/ski.inmontanis.info\/d\/266310-3\/DSC07778.jpg \/><\/a><br \/>\n^ Im oberen Teil liegen diese alten Kabelbinder zigfach rum, wurden durch den Wind aber auch weit verteilt, hab in der unteren Kurve auf der \u00e4u\u00dferen Piste welche gesehen. Unglaublich.<\/p>\n<p><a href='http:\/\/ski.inmontanis.info\/d\/266315-2\/DSC07779.jpg'><img src=http:\/\/ski.inmontanis.info\/d\/266314-3\/DSC07779.jpg \/><\/a><br \/>\n^ Die linke Olperer-Abfahrt ging heute morgen gut zu fahren<\/p>\n<p><a href='http:\/\/ski.inmontanis.info\/d\/266319-2\/DSC07781.jpg'><img src=http:\/\/ski.inmontanis.info\/d\/266318-3\/DSC07781.jpg \/><\/a><br \/>\n^ Allerdings wirds immer schwieriger, von der GW zum O-SL zu kommen -&gt; evtl. wird die Beschneiung demn\u00e4chst von der GW runter richtung Gletscherh\u00fctte\/3SB erweitert? Man k\u00f6nnte ja auch den Seillift zwischen den SL-Stationen aufstellen, dann k\u00e4men die Anf\u00e4nger auch einfacher von der 10EUB zum O-SL.<\/p>\n<p><a href='http:\/\/ski.inmontanis.info\/d\/266323-2\/DSC07783.jpg'><img src=http:\/\/ski.inmontanis.info\/d\/266322-3\/DSC07783.jpg \/><\/a><br \/>\n^ Die Offpiste-Rinne ging \u00fcbrigens dieses WE noch zu fahren und hatte mehr Schnee als auf der Piste im unteren Bereich ..<\/p>\n<p><a href='http:\/\/ski.inmontanis.info\/d\/266327-2\/DSC07786.jpg'><img src=http:\/\/ski.inmontanis.info\/d\/266326-3\/DSC07786.jpg \/><\/a><br \/>\n^ Die linke Abfahrt am GW-SL hab ich mir heute gespart. Die ging gestern ja noch recht gut, auch im unteren Bereich. Aber den Schnee hat&#8217;s \u00fcber Nacht ziemlich weggesp\u00fclt :( <\/p>\n<p><a href='http:\/\/ski.inmontanis.info\/d\/266331-2\/DSC07789.jpg'><img src=http:\/\/ski.inmontanis.info\/d\/266330-3\/DSC07789.jpg \/><\/a><br \/>\n^ SL-Talstationen<\/p>\n<p>(Die n\u00e4chsten 2 Wochenenden bin ich im Urlaub, da werd ich maximal auf ein paar Matten skifahren und bis in 3 Wochen k\u00f6nnt&#8217;s ja vielleicht etwas Neuschnee hier oben haben..)<\/p>\n","protected":false},"excerpt":{"rendered":"<p>Sa, 10.8.2019<\/p>\n<p>Lt. Bergfex waren heute Nacht +8\u00b0 gemeldet. Immerhin schien die Nacht halbwegs klar verlaufen zu sein, w\u00e4hrend f\u00fcr heute Abend Regen und morgen bew\u00f6lkt gemeldet wird, somit sollte wohl heute der bessere Tag werden. Allerdings war ich erst um 8:45 in der Tiefgarage. Heute mit einem Firmenwagen, weil mein Ignis in der Werkstatt <a href=\"http:\/\/blog.inmontanis.info\/?p=5747\">[&#8230;]<\/a><\/p>\n","protected":false},"author":1,"featured_media":0,"comment_status":"closed","ping_status":"closed","sticky":false,"template":"","format":"standard","meta":{"footnotes":""},"categories":[246,25,13,28],"tags":[],"class_list":["post-5747","post","type-post","status-publish","format-standard","hentry","category-hintertux","category-noreport","category-austria","category-skifahren-sommer","odd"],"_links":{"self":[{"href":"http:\/\/blog.inmontanis.info\/index.php?rest_route=\/wp\/v2\/posts\/5747","targetHints":{"allow":["GET"]}}],"collection":[{"href":"http:\/\/blog.inmontanis.info\/index.php?rest_route=\/wp\/v2\/posts"}],"about":[{"href":"http:\/\/blog.inmontanis.info\/index.php?rest_route=\/wp\/v2\/types\/post"}],"author":[{"embeddable":true,"href":"http:\/\/blog.inmontanis.info\/index.php?rest_route=\/wp\/v2\/users\/1"}],"replies":[{"embeddable":true,"href":"http:\/\/blog.inmontanis.info\/index.php?rest_route=%2Fwp%2Fv2%2Fcomments&post=5747"}],"version-history":[{"count":2,"href":"http:\/\/blog.inmontanis.info\/index.php?rest_route=\/wp\/v2\/posts\/5747\/revisions"}],"predecessor-version":[{"id":5749,"href":"http:\/\/blog.inmontanis.info\/index.php?rest_route=\/wp\/v2\/posts\/5747\/revisions\/5749"}],"wp:attachment":[{"href":"http:\/\/blog.inmontanis.info\/index.php?rest_route=%2Fwp%2Fv2%2Fmedia&parent=5747"}],"wp:term":[{"taxonomy":"category","embeddable":true,"href":"http:\/\/blog.inmontanis.info\/index.php?rest_route=%2Fwp%2Fv2%2Fcategories&post=5747"},{"taxonomy":"post_tag","embeddable":true,"href":"http:\/\/blog.inmontanis.info\/index.php?rest_route=%2Fwp%2Fv2%2Ftags&post=5747"}],"curies":[{"name":"wp","href":"https:\/\/api.w.org\/{rel}","templated":true}]}}