{"id":5744,"date":"2019-08-04T06:48:15","date_gmt":"2019-08-04T04:48:15","guid":{"rendered":"http:\/\/blog.inmontanis.info\/?p=5744"},"modified":"2023-07-01T20:57:41","modified_gmt":"2023-07-01T18:57:41","slug":"hintertuxer-gletscher-3-4-8-2019","status":"publish","type":"post","link":"http:\/\/blog.inmontanis.info\/?p=5744","title":{"rendered":"Hintertuxer Gletscher, 3.+4.8.2019"},"content":{"rendered":"<p><strong>Sa, 3.8.2019<\/strong><\/p>\n<p>Ungem\u00fctlich, neblig, kalt, etwas Neuschnee, etwas schmerzender Graupel (am TFH Regen), aber der Schnee auf den Pisten ging tw. ganz gut, insb. die TFH-Abfahrt ging morgens gut, etwas angeweicht, aber noch hart und im Vgl. zu sonst weniger schlimm pr\u00e4pariert. Gegen 11 Uhr wurde der Nebel zwar wieder etwas lichter, aber der Gegenwind war sehr ungem\u00fctlich und au\u00dferdem die TFH-Abfahrt nun etwas aufgefahrener. Zudem war gerade die 4EUB in Betrieb, was ich nat\u00fcrlich nicht verpassen wollte, so bin ich etwas fr\u00fcher als \u00fcblich wieder runter. Morgen soll das Wetter ja besser werden.<\/p>\n<p><a href='http:\/\/ski.inmontanis.info\/d\/266079-2\/DSC07650.jpg'><img src=http:\/\/ski.inmontanis.info\/d\/266078-3\/DSC07650.jpg \/><\/a><br \/>\n^ 4EUB heute Mittag mal im Sommerbetrieb<\/p>\n<p><strong>So, 4.8.2019<\/strong><\/p>\n<p>Toller, fast perfekter Sommerskitag heute. Die Nacht verlief nicht nur halbwegs klar, sondern auch unter 0\u00b0, so dass es vormittags sogar an den O-Abfahrten einige Zeit lang hart blieb. Neuschnee von vorgestern war noch \u00fcberall vorhanden und bedeckte die Blankeis-Stellen. Der Wind war etwas st\u00e4rker, also k\u00e4lter, daf\u00fcr schien die Sonne. Ein durchaus fr\u00fchherbstlicher Tag.<\/p>\n<p>Sogar bis Mittag blieb es am Olperer noch gut fahrbar und nicht zu tief aufgefahren und die SL-Talstation problemlos ohne arges Schieben erreichbar. An den GW-SL-H\u00e4ngen ging es auch nach seiner Betriebseinstellung (13:30) noch gut, besonders der rechte Trainingshang bzw. die Offpiste-Rinne.<\/p>\n<p><a href='http:\/\/ski.inmontanis.info\/d\/266083-2\/DSC07654.jpg'><img src=http:\/\/ski.inmontanis.info\/d\/266082-3\/DSC07654.jpg \/><\/a><br \/>\n^ ZwiDeGo gab es heute kein Durchkommen mehr; die GB3-Zufahrt ist nun auch sp\u00fcrbar d\u00fcnner<\/p>\n<p><a href='http:\/\/ski.inmontanis.info\/d\/266087-2\/DSC07655.jpg'><img src=http:\/\/ski.inmontanis.info\/d\/266086-3\/DSC07655.jpg \/><\/a><br \/>\n^ Der Trainingshang links der GW-SL wird mittlerweile auch nur noch zur H\u00e4lfte pr\u00e4pariert (da kaum noch Schnee, stattdessen Wasserl\u00e4ufe)<\/p>\n<p><a href='http:\/\/ski.inmontanis.info\/d\/266091-2\/DSC07658.jpg'><img src=http:\/\/ski.inmontanis.info\/d\/266090-3\/DSC07658.jpg \/><\/a><br \/>\n^ DSB-Abfahrt<\/p>\n<p><a href='http:\/\/ski.inmontanis.info\/d\/266095-2\/DSC07661.jpg'><img src=http:\/\/ski.inmontanis.info\/d\/266094-3\/DSC07661.jpg \/><\/a><br \/>\n^ Blankeis, wenn auch kein Gletschereis, am GW-SL<\/p>\n<p><a href='http:\/\/ski.inmontanis.info\/d\/266099-2\/DSC07663.jpg'><img src=http:\/\/ski.inmontanis.info\/d\/266098-3\/DSC07663.jpg \/><\/a><br \/>\n^ GW von O<\/p>\n<p><a href='http:\/\/ski.inmontanis.info\/d\/266103-2\/DSC07665.jpg'><img src=http:\/\/ski.inmontanis.info\/d\/266102-3\/DSC07665.jpg \/><\/a><br \/>\n^ Tolle Pistenverh\u00e4ltnisse heute den ganzen Vormittag am O-SL<\/p>\n<p><a href='http:\/\/ski.inmontanis.info\/d\/266107-2\/DSC07668.jpg'><img src=http:\/\/ski.inmontanis.info\/d\/266106-3\/DSC07668.jpg \/><\/a><br \/>\n^ Die Beschneiungsleitungen k\u00f6nnen hier mittlerweile in den Fels gelegt werden.<\/p>\n<p><a href='http:\/\/ski.inmontanis.info\/d\/266111-2\/DSC07669.jpg'><img src=http:\/\/ski.inmontanis.info\/d\/266110-3\/DSC07669.jpg \/><\/a><br \/>\n^ O von GW, der Neuschnee von vorgestern hat auch heute Mittag noch alle Blankeisstellen etwas \u00fcberdeckt<\/p>\n<p><a href='http:\/\/ski.inmontanis.info\/d\/266115-2\/DSC07671.jpg'><img src=http:\/\/ski.inmontanis.info\/d\/266114-3\/DSC07671.jpg \/><\/a><br \/>\n^ GW-Trainingshang links, hier ist Stroh ausgeapert, das wohl fr\u00fcher zum Spaltenstopfen verwendet wurde.<\/p>\n<p><a href='http:\/\/ski.inmontanis.info\/d\/266119-2\/DSC07672.jpg'><img src=http:\/\/ski.inmontanis.info\/d\/266118-3\/DSC07672.jpg \/><\/a><br \/>\n^ DSB-Zufahrt<\/p>\n<p><a href='http:\/\/ski.inmontanis.info\/d\/266123-2\/DSC07673.jpg'><img src=http:\/\/ski.inmontanis.info\/d\/266122-3\/DSC07673.jpg \/><\/a><br \/>\n^ DSB-Zufahrt<\/p>\n<p><a href='http:\/\/ski.inmontanis.info\/d\/266127-2\/DSC07675.jpg'><img src=http:\/\/ski.inmontanis.info\/d\/266126-3\/DSC07675.jpg \/><\/a><br \/>\n^ Am linken GW-SL fehlt nun schon seit vielen Wochen die Umlenkscheibe. Au\u00dferdem viel Fu\u00dfvolk heute hier oben.<\/p>\n<p><a href='http:\/\/ski.inmontanis.info\/d\/266131-2\/DSC07678.jpg'><img src=http:\/\/ski.inmontanis.info\/d\/266130-3\/DSC07678.jpg \/><\/a><br \/>\n^ Diese Rinne ging dank des Neuschnees oben auf dem zuvor schon schneefreien Gletscherteil und der generell weichen Verh\u00e4ltnisse heute auch wieder gut. K\u00f6nnte in 1-2 Wochen aber auch Schluss sein.<\/p>\n<p><a href='http:\/\/ski.inmontanis.info\/d\/266135-2\/DSC07679.jpg'><img src=http:\/\/ski.inmontanis.info\/d\/266134-3\/DSC07679.jpg \/><\/a><br \/>\n^ Schnee-Status GB3-Ausgang<\/p>\n","protected":false},"excerpt":{"rendered":"<p>Sa, 3.8.2019<\/p>\n<p>Ungem\u00fctlich, neblig, kalt, etwas Neuschnee, etwas schmerzender Graupel (am TFH Regen), aber der Schnee auf den Pisten ging tw. ganz gut, insb. die TFH-Abfahrt ging morgens gut, etwas angeweicht, aber noch hart und im Vgl. zu sonst weniger schlimm pr\u00e4pariert. Gegen 11 Uhr wurde der Nebel zwar wieder etwas lichter, aber der Gegenwind <a href=\"http:\/\/blog.inmontanis.info\/?p=5744\">[&#8230;]<\/a><\/p>\n","protected":false},"author":1,"featured_media":0,"comment_status":"closed","ping_status":"closed","sticky":false,"template":"","format":"standard","meta":{"footnotes":""},"categories":[246,25,13,28],"tags":[38,47],"class_list":["post-5744","post","type-post","status-publish","format-standard","hentry","category-hintertux","category-noreport","category-austria","category-skifahren-sommer","tag-dsb","tag-sl","odd"],"_links":{"self":[{"href":"http:\/\/blog.inmontanis.info\/index.php?rest_route=\/wp\/v2\/posts\/5744","targetHints":{"allow":["GET"]}}],"collection":[{"href":"http:\/\/blog.inmontanis.info\/index.php?rest_route=\/wp\/v2\/posts"}],"about":[{"href":"http:\/\/blog.inmontanis.info\/index.php?rest_route=\/wp\/v2\/types\/post"}],"author":[{"embeddable":true,"href":"http:\/\/blog.inmontanis.info\/index.php?rest_route=\/wp\/v2\/users\/1"}],"replies":[{"embeddable":true,"href":"http:\/\/blog.inmontanis.info\/index.php?rest_route=%2Fwp%2Fv2%2Fcomments&post=5744"}],"version-history":[{"count":2,"href":"http:\/\/blog.inmontanis.info\/index.php?rest_route=\/wp\/v2\/posts\/5744\/revisions"}],"predecessor-version":[{"id":5746,"href":"http:\/\/blog.inmontanis.info\/index.php?rest_route=\/wp\/v2\/posts\/5744\/revisions\/5746"}],"wp:attachment":[{"href":"http:\/\/blog.inmontanis.info\/index.php?rest_route=%2Fwp%2Fv2%2Fmedia&parent=5744"}],"wp:term":[{"taxonomy":"category","embeddable":true,"href":"http:\/\/blog.inmontanis.info\/index.php?rest_route=%2Fwp%2Fv2%2Fcategories&post=5744"},{"taxonomy":"post_tag","embeddable":true,"href":"http:\/\/blog.inmontanis.info\/index.php?rest_route=%2Fwp%2Fv2%2Ftags&post=5744"}],"curies":[{"name":"wp","href":"https:\/\/api.w.org\/{rel}","templated":true}]}}