{"id":5728,"date":"2019-06-29T22:40:04","date_gmt":"2019-06-29T20:40:04","guid":{"rendered":"http:\/\/blog.inmontanis.info\/?p=5728"},"modified":"2023-08-03T22:27:09","modified_gmt":"2023-08-03T20:27:09","slug":"5728","status":"publish","type":"post","link":"http:\/\/blog.inmontanis.info\/?p=5728","title":{"rendered":"Cervinia \/ Zermatt &#8211; Sommerski Plateau Rosa, 29.6.2019"},"content":{"rendered":"<p><strong>Fr, 28.6.2019<\/strong><\/p>\n<p>Nachdem ich die letzten Jahre keine Sommerskitour in die Westalpen gemacht hatte, war es heuer mal weder Zeit daf\u00fcr, trotz Hintertuxer Sommersaisonkarte. In Cervinia sollte dank des k\u00fchlen Mai die Abfahrt zum Plan Maison gehen und Tignes k\u00f6nnte man auch mal wieder im Sommer hin, bevor die den Sommerbetrieb vielleicht ganz einstellen, wo heuer doch sogar nicht mal mehr die beiden SL Rosolin und Champagny mehr fahren. F\u00fcr einen dritten Tag gab es mehrere Varianten, Les 2 Alpes fiel schnell raus (nervig viel Wartezeit weil viele Trainingsrguppen und heuer keine 4KSB), Iseran wollte ich egtl. auch nicht mehr unbedingt besuchen (weil mittags zu fr\u00fch zu, oft bevor der Schnee angenehm weich im Gel\u00e4nde wird), Macugnaga ist mit dem kurzen SL auch immer so eine Sache .. zudem gab es viel Sahara-Sand auf dem Schnee und im tiefer gelegenen Macu wird das gern bremsig .. evtl. 2 Tage Cervinia, 1 Tag nur Italien (Ventina+Plan Maison), 1 Tag international. Oder 2 Tage Tignes?<\/p>\n<p>Die Wettervorhersagen passten f\u00fcr dieses erste Betriebswochenende in Cervinia und ich nahm mir den Montag frei, damit ich 3 Tage h\u00e4tte, sowie den Freitag Nachmittag. Musste aber noch packen und ein paar andere Sachen machen, so dass ich erst kurz nach 14h weg kam. Erstes Ziel war Lech am Arlberg, damit ich bei meinen Strolzskischuhen endlich die verlorene Schnalle + neue Abs\u00e4tze (24,-) anbringen lassen konnte. Nervigerweise ist derzeit in Lech irgendeine Oldtimer-Ralley, so dass f\u00fcr einige Tage die Tiefgarage an der R\u00fcfibahn geschlossen war, n\u00e4chste Parkm\u00f6glichkeit war an der Tankstelle (immerhin gratis, aber trotzdem weit zu gehen). Die Reparatur war dann schnell erledigt (halbe Stunde der so).<\/p>\n<p>Zweites Ziel war in der Schweiz der Rappa Snack, um was libanesisches zu essen.<\/p>\n<p><a href='http:\/\/extra.inmontanis.info\/d\/53897-2\/ge20190629-0701a.jpg'><img src=http:\/\/extra.inmontanis.info\/d\/53896-3\/ge20190629-0701a.jpg \/><\/a><br \/>\n^ T\u00fcrkis: Strecke 28.6.2019<br \/>\nA) Cervinia \/ Zermatt \/ Plateau Rosa<br \/>\nBlau: Strecke 29.6.2019<\/p>\n<p><a href='http:\/\/extra.inmontanis.info\/d\/53889-2\/IMG_20190628_18373071_full_2x1.jpg'><img src=http:\/\/extra.inmontanis.info\/d\/53888-3\/IMG_20190628_18373071_full_2x1.jpg \/><\/a><br \/>\n^ Gemischter Teller im libanesischen Imbissrestaurant, war nat\u00fcrlich zu viel, daher nahm ich mir dank der Teigtaschen oben rechts etwas f\u00fcr morgen mit. (Daher heute hier gehalten und auf dem R\u00fcckweg \u00c4lplermagronen)<\/p>\n<p>Weiter \u00fcbers Tessin und Varese, nach einem St\u00fcck Autobahn aber bald wieder mautsparend gefahren (hatte ja Zeit) und so war ich um 0:30 Uhr am Parkplatz in Cervinia. Hab mich gleich am Seilbahnparkplatz nahe der Talstation gestellt, so musste ich morgen nicht noch hinfahren (und evtl. einen weiter entfernteren Parkplatz bekommen).<\/p>\n<p><strong>Sa, 29.6.2019<\/strong><\/p>\n<p>Um 6 Uhr bin ich aufgewacht, weil zu hell und dazu die ersten Labers\u00e4cke unterwegs waren, und bei Stimmen kann ich einfach nicht schlafen. Um 7 Uhr war ich im Kassenbereich, hier wurde irgendwann vor kurzem ein neues Wartesysten mit Klingel und Nummernanzeige eingef\u00fchrt. Das hei\u00dft ..<br \/>\n&#8211; es gibt eine einzige Warteschlange und einen Bildschirm am Ende, wo der n\u00e4chste freie Kassenplatz angezeigt wird<br \/>\n&#8211; einige an der ersten Position reden mit ihren Hinterm\u00e4nnern und verschlafen das Klingelzeichen und m\u00fcssen von der Menge dahinter mit einem lauten Raunen motiviert werden, endlich los zu gehen<br \/>\n&#8211; je nachdem wie weit der Platz entfernt ist, hat der Kassierer zwischen dem Dr\u00fccken des Freiknopfs und dem neuen Kunden nichts zu tun (und nat\u00fcrlich sind die weiter entfernten Kassen besetzt, nicht die n\u00e4hesten)<br \/>\n&#8211; wie \u00fcblich dauern die Kassenzeiten in Italien trotzdem lang, weil lahme Kunden, lahme Kassierer<br \/>\n&#8211; und hin und wieder haben die paar wenigen Kassierer(innen) gerade irgendwas anderes zu tun und man hat den Anschein, sie lassen sich dabei extra lang Zeit und bewegen sich m\u00f6glichst langsam.<\/p>\n<p>Nebenbei waren fast mehr Bergsteiger als Skifahrer da, was am ersten Sommerskibetriebstag verwunderlich ist, kann ja keiner schon einen Skipass haben. Ich kaufte mir die internationale Tageskarte um 44,50 \u20ac, da die Abfahrt zum Plan Maison lt. Webcam-Fotos mittlerweile nur noch mit einem langen Fu\u00dfmarsch machbar ist, schade, die Hitze der letzten Tage war einfach zu extrem. Dann also nur 1 Tag Cervinia\/Zermatt. Au\u00dferdem wollt ich eh mal mit der neuen 3S-Bahn fahren.<\/p>\n<p>Sehr entt\u00e4uschend war, dass auch die Ventina-Abfahrt geschlossen war und nicht mal pr\u00e4pariert wurde. Wenigstens waren die Abfahrten zum Trockenen Steg noch offen, die bin ich dann gleich mal gefahren, der Flachteil war noch sch\u00f6n hart gefroren, so dass man noch schwingen und noch nicht schieben musste. Am TS ging aber erst mal noch gar nix, die 3S war ausgaragiert und stand, die PB fuhr gerade, deren Eingang war aber gesperrt, irgendwann wurde die 3S-Bahn dann aber doch in Betrieb genommen. Leider ist der Fu\u00dfweg zur 3S noch weiter als zur PB und der Einstieg zwar tiefer, aber nur von oben erreichbar (komplett bescheuert, erst anstrengend den Berg raufgehen, dann durchs Geb\u00e4ude durch und mit der Rolltreppe wieder runter zur 3S). F\u00fcr die Lauferei unten und oben bekommt man immerhin eine 900hm-Abfahrt mit 7,6km und durch die 3S-Bahn ist das schon alles viel angenehmer als mit der PB. <\/p>\n<p>Oben angekommen bin ich 1x mit dem Plateau-Rosa-SL gefahren, wo es mir aber noch zu hart war, daher wieder runter zum TS. Wieder einmal bedauerlich, dass der Testa-SL zu der Saisonzeit nicht mehr l\u00e4uft. WC am Kleinmatterhorn w\u00fcrde \u00fcbrigens 2,- CHF kosten &#8211; am TS gratis, daher ging ich dort und als Souvenir kaufte ich mir ein neues Kopftuch (zum Sommerskifahren) mit Edelwei\u00dfsymbolen, das wollte ich auch schon l\u00e4nger irgendwo mal kaufen, am Fedaia war das Tuch leider zu klein, das hier zwar auch nicht sehr lang, aber gerade noch ausreichend, dass ich es zubinden kann. Sie hatten mehrere Farben lagernd, wobei ich erst zum blauen griff, bevor mir einfiel, dass ich es in wei\u00df haben wollte, damit es weniger warm darunter ist. <\/p>\n<p>Bei meiner 3. TS-Abfahrt, um 10 Uhr, war es nun schon etwas bremsend in den Flachst\u00fccken. Vor meiner n\u00e4chsten TS-Fahrt h\u00e4tt ich egtl. 1-3x den Plateau-Rosa-SL fahren wollen, aber er stand mal wieder still und somit eine lange Schlange, also fuhr ich gleich nochmals die F\u00fchrerpiste, ab dem Gandeg-SL allerdings jetzt in Schuss. Hatte ich bereits erw\u00e4hnt, wie bedauerlich es ist, dass der Testa-SL nicht mehr l\u00e4uft, sobald Cervinia Ende Juni aufmacht? \u00dcbrigens hatte auch die 3S-Bahn einige Stillst\u00e4nde. Danach blieb ich glaub ich an den SL oben.<\/p>\n<p>Zum Schluss nahm ich doch noch die Abfahrt zum Plan Maison in Angriff, die war unten leider schon recht weit aper bzw. waren die letzten Schneeflecken nicht mehr sehr sinnvoll. Am Parkplatz sprach mich dann noch Alpinforum-User Snowworld-Warth an, dem ich f\u00fcr morgen eher die Ventina- statt der Planmaison-Abfahrt empfahl.<\/p>\n<p>(Fotos anklicken zum Vergr\u00f6\u00dfern)<\/p>\n<p><a href='http:\/\/ski.inmontanis.info\/d\/265495-2\/DSC07106.jpg'><img src=http:\/\/ski.inmontanis.info\/d\/265494-3\/DSC07106.jpg \/><\/a><br \/>\n^ Talstation, netterweise war heute die 6EUB und nicht die PB in Betrieb<\/p>\n<p><a href='http:\/\/ski.inmontanis.info\/d\/265499-2\/DSC07109.jpg'><img src=http:\/\/ski.inmontanis.info\/d\/265498-3\/DSC07109.jpg \/><\/a><br \/>\n^ Neben dem neuen Kassenbereich, dem neuen WC (mit Sitz-WC) gibts mittlerweile auch Aufz\u00fcge an der Talstation<\/p>\n<p><a href='http:\/\/ski.inmontanis.info\/d\/265503-2\/DSC07110.jpg'><img src=http:\/\/ski.inmontanis.info\/d\/265502-3\/DSC07110.jpg \/><\/a><br \/>\n^ Die Entt\u00e4uschung des Tages: Die Ventina ist nicht offen und nicht pr\u00e4pariert. Die war doch sonst schon bei weniger Schnee offen?!<\/p>\n<p><a href='http:\/\/ski.inmontanis.info\/d\/265507-2\/DSC07111.jpg'><img src=http:\/\/ski.inmontanis.info\/d\/265506-3\/DSC07111.jpg \/><\/a><br \/>\n^ Geschlossene Ventina-Abfahrt<\/p>\n<p><a href='http:\/\/ski.inmontanis.info\/d\/265511-2\/DSC07112.jpg'><img src=http:\/\/ski.inmontanis.info\/d\/265510-3\/DSC07112.jpg \/><\/a><br \/>\n^ Vor einer Woche h\u00e4tte man noch ohne Abschnallen zum Plan Maison abfahren k\u00f6nnen, aber die Woche verlief so warm, dass dort viel Fu\u00dfweg n\u00f6tig sein wird..<\/p>\n<p><a href='http:\/\/ski.inmontanis.info\/d\/265515-2\/DSC07114.jpg'><img src=http:\/\/ski.inmontanis.info\/d\/265514-3\/DSC07114.jpg \/><\/a><br \/>\n^ Vom Plateau Rosa zur Testa-Grigia-Station muss man vmtl. auch immer mehr rauflaufen (falls man mit der PB runterfahren muss, oder dann sp\u00e4ter mal mit der PB zum KMH fahren will)<\/p>\n<p><a href='http:\/\/ski.inmontanis.info\/d\/265519-2\/DSC07115.jpg'><img src=http:\/\/ski.inmontanis.info\/d\/265518-3\/DSC07115.jpg \/><\/a><br \/>\n^ Immerhin ist die Abfahrt zum Trockenen Steg noch offizell offen. Bevor man hier schieben muss, fuhr ich die gleich mal.<\/p>\n<p><a href='http:\/\/ski.inmontanis.info\/d\/265523-2\/DSC07117.jpg'><img src=http:\/\/ski.inmontanis.info\/d\/265522-3\/DSC07117.jpg \/><\/a><br \/>\n^ Testa Grigia mit Bauseilbahn, jetzt f\u00fcr die neue PB zum Kleinmatterhorn (?)<\/p>\n<p><a href='http:\/\/ski.inmontanis.info\/d\/265527-2\/DSC07118.jpg'><img src=http:\/\/ski.inmontanis.info\/d\/265526-3\/DSC07118.jpg \/><\/a><br \/>\n^ Matterhorn mit Abfahrt am SL Testa<\/p>\n<p><a href='http:\/\/ski.inmontanis.info\/d\/265531-2\/DSC07119.jpg'><img src=http:\/\/ski.inmontanis.info\/d\/265530-3\/DSC07119.jpg \/><\/a><br \/>\n^ Auch die sch\u00f6ne F\u00fchrerpiste ist noch offen, aber wie \u00fcblich schade, dass der Testa-SL nicht mehr im Sommer l\u00e4uft, hier w\u00e4rs insb. morgens toll zu fahren und es w\u00fcrde das Angebot stark verbessern<\/p>\n<p><a href='http:\/\/ski.inmontanis.info\/d\/265535-2\/DSC07121.jpg'><img src=http:\/\/ski.inmontanis.info\/d\/265534-3\/DSC07121.jpg \/><\/a><br \/>\n^ Abfahrt zum Trockenen Steg, morgens noch z\u00fcgig fahrbar<\/p>\n<p><a href='http:\/\/ski.inmontanis.info\/d\/265539-2\/DSC07122.jpg'><img src=http:\/\/ski.inmontanis.info\/d\/265538-3\/DSC07122.jpg \/><\/a><br \/>\n^ TS-Abfahrt mit KMH<\/p>\n<p><a href='http:\/\/ski.inmontanis.info\/d\/265543-2\/DSC07124.jpg'><img src=http:\/\/ski.inmontanis.info\/d\/265542-3\/DSC07124.jpg \/><\/a><br \/>\n^ KleinMatterhorn\/Breithorn<\/p>\n<p><a href='http:\/\/ski.inmontanis.info\/d\/265547-2\/DSC07126.jpg'><img src=http:\/\/ski.inmontanis.info\/d\/265546-3\/DSC07126.jpg \/><\/a><br \/>\n^ TS-Abfahrt<\/p>\n<p><a href='http:\/\/ski.inmontanis.info\/d\/265551-2\/DSC07128.jpg'><img src=http:\/\/ski.inmontanis.info\/d\/265550-3\/DSC07128.jpg \/><\/a><br \/>\n^ Witzig, statt rechts rum geht die Abfahrt \u00fcber die SL-Trasse<\/p>\n<p><a href='http:\/\/ski.inmontanis.info\/d\/265555-2\/DSC07129.jpg'><img src=http:\/\/ski.inmontanis.info\/d\/265554-3\/DSC07129.jpg \/><\/a><br \/>\n^ Trockener Steg<\/p>\n<p><a href='http:\/\/ski.inmontanis.info\/d\/265559-2\/DSC07130.jpg'><img src=http:\/\/ski.inmontanis.info\/d\/265558-3\/DSC07130.jpg \/><\/a><br \/>\n^ Bl\u00f6d konstruiert: Der Zugang zur neuen 3S-Bahn von hier aus, denn man muss rauflaufen ..<\/p>\n<p><a href='http:\/\/ski.inmontanis.info\/d\/265563-2\/DSC07132.jpg'><img src=http:\/\/ski.inmontanis.info\/d\/265562-3\/DSC07132.jpg \/><\/a><br \/>\n^ .. um dann wieder mit der Rolltreppe runterzufahren.<\/p>\n<p><a href='http:\/\/ski.inmontanis.info\/d\/265567-2\/DSC07137.jpg'><img src=http:\/\/ski.inmontanis.info\/d\/265566-3\/DSC07137.jpg \/><\/a><br \/>\n^ Man h\u00e4tte ja auch einen ebenerdigeren Eingang zur 3S-Bahn machen k\u00f6nnen .. (aber vmtl. wird das eher als Ausgang der unteren Sektion als Eingang der oberen verwendet?!)<\/p>\n<p><a href='http:\/\/ski.inmontanis.info\/d\/265571-2\/DSC07140.jpg'><img src=http:\/\/ski.inmontanis.info\/d\/265570-3\/DSC07140.jpg \/><\/a><br \/>\n^ Gletscher<\/p>\n<p><a href='http:\/\/ski.inmontanis.info\/d\/265575-2\/DSC07144.jpg'><img src=http:\/\/ski.inmontanis.info\/d\/265574-3\/DSC07144.jpg \/><\/a><br \/>\n^ 3S-Bahn<\/p>\n<p><a href='http:\/\/ski.inmontanis.info\/d\/265579-2\/DSC07146.jpg'><img src=http:\/\/ski.inmontanis.info\/d\/265578-3\/DSC07146.jpg \/><\/a><br \/>\n^ 3S-Bahn<\/p>\n<p><a href='http:\/\/ski.inmontanis.info\/d\/265583-2\/DSC07148.jpg'><img src=http:\/\/ski.inmontanis.info\/d\/265582-3\/DSC07148.jpg \/><\/a><br \/>\n^ 3S-Bahn Bergstation<\/p>\n<p><a href='http:\/\/ski.inmontanis.info\/d\/265587-2\/DSC07150.jpg'><img src=http:\/\/ski.inmontanis.info\/d\/265586-3\/DSC07150.jpg \/><\/a><br \/>\n^ 3S-Bahn Bergstation<\/p>\n<p><a href='http:\/\/ski.inmontanis.info\/d\/265591-2\/DSC07151.jpg'><img src=http:\/\/ski.inmontanis.info\/d\/265590-3\/DSC07151.jpg \/><\/a><br \/>\n^ Diesen Bereich des Stollens spart man sich mit der 3S-Bahn im Vgl. zur PB (daf\u00fcr muss man unten weiter gehen)<\/p>\n<p><a href='http:\/\/ski.inmontanis.info\/d\/265595-2\/DSC07152.jpg'><img src=http:\/\/ski.inmontanis.info\/d\/265594-3\/DSC07152.jpg \/><\/a><br \/>\n^ .. aber man hat trotzdem noch einen weiten Weg zu gehen (auf dem harten, gummilosen Boden). Hinterm Holz rechts kommt dann die Bergstation der PB von Testa Grigia hin?<\/p>\n<p><a href='http:\/\/ski.inmontanis.info\/d\/265599-2\/DSC07153.jpg'><img src=http:\/\/ski.inmontanis.info\/d\/265598-3\/DSC07153.jpg \/><\/a><br \/>\n^ Zur Eisgrotte f\u00fchren mittlerweile Aufz\u00fcge &#8211; fr\u00fcher war der Eingang vor dem Haus, wenn ich mich recht erinnere.<\/p>\n<p><a href='http:\/\/ski.inmontanis.info\/d\/265603-2\/DSC07154.jpg'><img src=http:\/\/ski.inmontanis.info\/d\/265602-3\/DSC07154.jpg \/><\/a><br \/>\n^ SL Plateau Breithorn (wie er neuerdings hei\u00dft? Fr\u00fcher mal Gobba di Rollin); ich war \u00fcberrascht, als er dann bei einer meiner n\u00e4chsten Fahrten in Betrieb war<\/p>\n<p><a href='http:\/\/ski.inmontanis.info\/d\/265607-2\/DSC07155.jpg'><img src=http:\/\/ski.inmontanis.info\/d\/265606-3\/DSC07155.jpg \/><\/a><br \/>\n^ Kleinmatterhorn rechts und (normales) Matterhorn links<\/p>\n<p><a href='http:\/\/ski.inmontanis.info\/d\/265611-2\/DSC07156.jpg'><img src=http:\/\/ski.inmontanis.info\/d\/265610-3\/DSC07156.jpg \/><\/a><br \/>\n^ Abfahrt KMH-Plateau-Rosa-SL<\/p>\n<p><a href='http:\/\/ski.inmontanis.info\/d\/265615-2\/DSC07157.jpg'><img src=http:\/\/ski.inmontanis.info\/d\/265614-3\/DSC07157.jpg \/><\/a><br \/>\n^ Plateau Rosa<\/p>\n<p><a href='http:\/\/ski.inmontanis.info\/d\/265619-2\/DSC07158.jpg'><img src=http:\/\/ski.inmontanis.info\/d\/265618-3\/DSC07158.jpg \/><\/a><br \/>\n^ SL Plateau Rosa, es war nur der mittlere in Betrieb.<\/p>\n<p><a href='http:\/\/ski.inmontanis.info\/d\/265623-2\/DSC07161.jpg'><img src=http:\/\/ski.inmontanis.info\/d\/265622-3\/DSC07161.jpg \/><\/a><br \/>\n^ Rechts des SL Plateau Rosa<\/p>\n<p><a href='http:\/\/ski.inmontanis.info\/d\/265627-2\/DSC07166.jpg'><img src=http:\/\/ski.inmontanis.info\/d\/265626-3\/DSC07166.jpg \/><\/a><br \/>\n^ KMH<\/p>\n<p><a href='http:\/\/ski.inmontanis.info\/d\/265631-2\/DSC07167.jpg'><img src=http:\/\/ski.inmontanis.info\/d\/265630-3\/DSC07167.jpg \/><\/a><br \/>\n^ SL Plateau Rosa<\/p>\n<p><a href='http:\/\/ski.inmontanis.info\/d\/265635-2\/DSC07168.jpg'><img src=http:\/\/ski.inmontanis.info\/d\/265634-3\/DSC07168.jpg \/><\/a><br \/>\n^ SL Plateau Rosa<\/p>\n<p><a href='http:\/\/ski.inmontanis.info\/d\/265639-2\/DSC07172.jpg'><img src=http:\/\/ski.inmontanis.info\/d\/265638-3\/DSC07172.jpg \/><\/a><br \/>\n^ SL Plateau Rosa<\/p>\n<p><a href='http:\/\/ski.inmontanis.info\/d\/265643-2\/DSC07173.jpg'><img src=http:\/\/ski.inmontanis.info\/d\/265642-3\/DSC07173.jpg \/><\/a><br \/>\n^ Furgsattel-KSB<\/p>\n<p><a href='http:\/\/ski.inmontanis.info\/d\/265647-2\/DSC07174.jpg'><img src=http:\/\/ski.inmontanis.info\/d\/265646-3\/DSC07174.jpg \/><\/a><br \/>\n^ Am Trockenen Steg, wobei man auch mit Schwung nicht bis hier rauf kam und je sp\u00e4ter es war, desto weniger weit kam man<\/p>\n<p><a href='http:\/\/ski.inmontanis.info\/d\/265651-2\/DSC07177.jpg'><img src=http:\/\/ski.inmontanis.info\/d\/265650-3\/DSC07177.jpg \/><\/a><br \/>\n^ Gipfelpano vom Trockenen Steg<\/p>\n<p><a href='http:\/\/ski.inmontanis.info\/d\/265655-2\/DSC07180.jpg'><img src=http:\/\/ski.inmontanis.info\/d\/265654-3\/DSC07180.jpg \/><\/a><br \/>\n^ 3S-Bahn<\/p>\n<p><a href='http:\/\/ski.inmontanis.info\/d\/265659-2\/DSC07181.jpg'><img src=http:\/\/ski.inmontanis.info\/d\/265658-3\/DSC07181.jpg \/><\/a><br \/>\n^ 3S-Bahn<\/p>\n<p><a href='http:\/\/ski.inmontanis.info\/d\/265663-2\/DSC07182.jpg'><img src=http:\/\/ski.inmontanis.info\/d\/265662-3\/DSC07182.jpg \/><\/a><br \/>\n^ Restessen von gestern Abend<\/p>\n<p><a href='http:\/\/ski.inmontanis.info\/d\/265667-2\/DSC07184.jpg'><img src=http:\/\/ski.inmontanis.info\/d\/265666-3\/DSC07184.jpg \/><\/a><br \/>\n^ 3S-Bahn \/ Kleinmatterhorn<\/p>\n<p><a href='http:\/\/ski.inmontanis.info\/d\/265671-2\/DSC07189.jpg'><img src=http:\/\/ski.inmontanis.info\/d\/265670-3\/DSC07189.jpg \/><\/a><br \/>\n^ SL Breithorn jetzt in Betrieb<\/p>\n<p><a href='http:\/\/ski.inmontanis.info\/d\/265675-2\/DSC07190.jpg'><img src=http:\/\/ski.inmontanis.info\/d\/265674-3\/DSC07190.jpg \/><\/a><br \/>\n^ SL Breithorn, skifahrerisch zwar langweilig, aber einerseits neues Pano, andererseits h\u00f6chster Lift und es gibt eine leicht diagonale zus\u00e4tzliche Abfahrt richtung Plateau Rosa<\/p>\n<p><a href='http:\/\/ski.inmontanis.info\/d\/265679-2\/DSC07192.jpg'><img src=http:\/\/ski.inmontanis.info\/d\/265678-3\/DSC07192.jpg \/><\/a><br \/>\n^ Pano Ausstieg SL Breithorn<\/p>\n<p><a href='http:\/\/ski.inmontanis.info\/d\/265683-2\/DSC07195.jpg'><img src=http:\/\/ski.inmontanis.info\/d\/265682-3\/DSC07195.jpg \/><\/a><br \/>\n^ SL Breithorn<\/p>\n<p><a href='http:\/\/ski.inmontanis.info\/d\/265687-2\/DSC07198.jpg'><img src=http:\/\/ski.inmontanis.info\/d\/265686-3\/DSC07198.jpg \/><\/a><br \/>\n^ SL Grenzlift, noch nicht betriebsbereit. <\/p>\n<p><a href='http:\/\/ski.inmontanis.info\/d\/265691-2\/DSC07206.jpg'><img src=http:\/\/ski.inmontanis.info\/d\/265690-3\/DSC07206.jpg \/><\/a><br \/>\n^ (Untere) diagonale Abfahrt vom SL Breithorn zum SL Plateau Rosa<\/p>\n<p><a href='http:\/\/ski.inmontanis.info\/d\/265695-2\/DSC07207.jpg'><img src=http:\/\/ski.inmontanis.info\/d\/265694-3\/DSC07207.jpg \/><\/a><br \/>\n^ Blick von der 3S-Bahn zu den Plateau-Rosa-SL (und dem leider schon geschlossenen Testa-SL)<\/p>\n<p><a href='http:\/\/ski.inmontanis.info\/d\/265699-2\/DSC07208.jpg'><img src=http:\/\/ski.inmontanis.info\/d\/265698-3\/DSC07208.jpg \/><\/a><br \/>\n^ Im Trainingsgel\u00e4nde war heut nicht viel los<\/p>\n<p><a href='http:\/\/ski.inmontanis.info\/d\/265703-2\/DSC07210.jpg'><img src=http:\/\/ski.inmontanis.info\/d\/265702-3\/DSC07210.jpg \/><\/a><br \/>\n^ Gletscherbruch und KMH<\/p>\n<p><a href='http:\/\/ski.inmontanis.info\/d\/265707-2\/DSC07211.jpg'><img src=http:\/\/ski.inmontanis.info\/d\/265706-3\/DSC07211.jpg \/><\/a><br \/>\n^ Der mittlere SL Plateau Rosa zickte wohl etwas rum, stand, daher Wartezeiten, ich stattdessen nochmals runter. Irgendwann wurde mal der andere kurzfristig in Betrieb genommen, aber bald wieder eingestellt.<\/p>\n<p><a href='http:\/\/ski.inmontanis.info\/d\/265711-2\/DSC07212.jpg'><img src=http:\/\/ski.inmontanis.info\/d\/265710-3\/DSC07212.jpg \/><\/a><br \/>\n^ Auf der F\u00fchrerpiste<\/p>\n<p><a href='http:\/\/ski.inmontanis.info\/d\/265715-2\/DSC07214.jpg'><img src=http:\/\/ski.inmontanis.info\/d\/265714-3\/DSC07214.jpg \/><\/a><br \/>\n^ Spalten an der Abfahrt vom KMH zum Plateau Rosa<\/p>\n<p><a href='http:\/\/ski.inmontanis.info\/d\/265719-2\/DSC07216.jpg'><img src=http:\/\/ski.inmontanis.info\/d\/265718-3\/DSC07216.jpg \/><\/a><br \/>\n^ Spalten an der Abfahrt vom KMH zum Plateau Rosa<\/p>\n<p><a href='http:\/\/ski.inmontanis.info\/d\/265723-2\/DSC07226.jpg'><img src=http:\/\/ski.inmontanis.info\/d\/265722-3\/DSC07226.jpg \/><\/a><br \/>\n^ SL Plateau Rosa und KMH<\/p>\n<p><a href='http:\/\/ski.inmontanis.info\/d\/265727-2\/DSC07228.jpg'><img src=http:\/\/ski.inmontanis.info\/d\/265726-3\/DSC07228.jpg \/><\/a><br \/>\n^ SL Plateau Rosa<\/p>\n<p><a href='http:\/\/ski.inmontanis.info\/d\/265731-2\/DSC07232.jpg'><img src=http:\/\/ski.inmontanis.info\/d\/265730-3\/DSC07232.jpg \/><\/a><br \/>\n^ SL Plateau Rosa<\/p>\n<p><a href='http:\/\/ski.inmontanis.info\/d\/265735-2\/DSC07234.jpg'><img src=http:\/\/ski.inmontanis.info\/d\/265734-3\/DSC07234.jpg \/><\/a><br \/>\n^ Toller Firn neben der Piste. Fuhr ich sp\u00e4ter nochmals.<\/p>\n<p><a href='http:\/\/ski.inmontanis.info\/d\/265739-2\/DSC07237.jpg'><img src=http:\/\/ski.inmontanis.info\/d\/265738-3\/DSC07237.jpg \/><\/a><br \/>\n^ Auch hier oben gings neben dem SL toll zu fahren<\/p>\n<p><a href='http:\/\/ski.inmontanis.info\/d\/265743-2\/DSC07241.jpg'><img src=http:\/\/ski.inmontanis.info\/d\/265742-3\/DSC07241.jpg \/><\/a><br \/>\n^ Abfahrt Testa Grigia, links die Ventina sind auch welche abgebogen, aber ich wollte zum Plan Maison.<\/p>\n<p><a href='http:\/\/ski.inmontanis.info\/d\/265747-2\/DSC07245.jpg'><img src=http:\/\/ski.inmontanis.info\/d\/265746-3\/DSC07245.jpg \/><\/a><br \/>\n^ R\u00fcckblick zum Sommerskigebiet<\/p>\n<p><a href='http:\/\/ski.inmontanis.info\/d\/265751-2\/DSC07246.jpg'><img src=http:\/\/ski.inmontanis.info\/d\/265750-3\/DSC07246.jpg \/><\/a><br \/>\n^ Testa-Gandegg<\/p>\n<p><a href='http:\/\/ski.inmontanis.info\/d\/265755-2\/DSC07247.jpg'><img src=http:\/\/ski.inmontanis.info\/d\/265754-3\/DSC07247.jpg \/><\/a><br \/>\n^ \u00dcbergang Theodulpass<\/p>\n<p><a href='http:\/\/ski.inmontanis.info\/d\/265759-2\/DSC07250.jpg'><img src=http:\/\/ski.inmontanis.info\/d\/265758-3\/DSC07250.jpg \/><\/a><br \/>\n^ Bontadini, eine Pistenraupenspur, aber auch abseits halbwegs brauchbar fahrbar<\/p>\n<p><a href='http:\/\/ski.inmontanis.info\/d\/265763-2\/DSC07253.jpg'><img src=http:\/\/ski.inmontanis.info\/d\/265762-3\/DSC07253.jpg \/><\/a><br \/>\n^ Auch an der 2. KSB-Sektion ging es noch<\/p>\n<p><a href='http:\/\/ski.inmontanis.info\/d\/265767-2\/DSC07255.jpg'><img src=http:\/\/ski.inmontanis.info\/d\/265766-3\/DSC07255.jpg \/><\/a><br \/>\n^ .. dann w\u00e4r ich aber lieber mit der KSB abgefahren. Wo wird weniger zum gehen sein, geradeaus oder rechts rum .. ich entschied mich f\u00fcr geradeaus<\/p>\n<p><a href='http:\/\/ski.inmontanis.info\/d\/265771-2\/DSC07257.jpg'><img src=http:\/\/ski.inmontanis.info\/d\/265770-3\/DSC07257.jpg \/><\/a><br \/>\n^ .. allerdings war das weniger angenehm zu fahren als es von oben aussah.<\/p>\n<p><a href='http:\/\/ski.inmontanis.info\/d\/265775-2\/DSC07258.jpg'><img src=http:\/\/ski.inmontanis.info\/d\/265774-3\/DSC07258.jpg \/><\/a><br \/>\n^ Bisschen abschnallen, bevor es rechts nochmal weitergeht<\/p>\n<p><a href='http:\/\/ski.inmontanis.info\/d\/265779-2\/DSC07261.jpg'><img src=http:\/\/ski.inmontanis.info\/d\/265778-3\/DSC07261.jpg \/><\/a><br \/>\n^ .. um dann irgendwann verschwitzt am Plan Maison zu landen. Und vor 1 Woche w\u00e4r das alles noch ohne Abschnallen gegangen, warum musste die Hitze ausgerechnet schon diese Woche kommen?<\/p>\n<p><a href='http:\/\/ski.inmontanis.info\/d\/265783-2\/ge20190629b.jpg'><img src=http:\/\/ski.inmontanis.info\/d\/265782-3\/ge20190629b.jpg \/><\/a><br \/>\n^ GPS-Track 29.6.2019 in Magenta; einige vorherige Sommerbesuche in Orange<\/p>\n<p>Fazit: Auch wenn es skifahrerisch interessantere Gletscherskigebiete gibt und man hier einige weite Fu\u00dfwege hat, ist die Szenerie hier oben doch immer wieder (dh. alle paar Jahre mal) ein Erlebnis.<\/p>\n<p>Mautfrei ging es weiter durchs Aostatal (nervig!) und \u00fcber den Kleinen-Sankt-Bernhard-Pass (ca. 24\u00b0C auf 2200m) nach Frankreich bzw. ins hei\u00dfe Albertville zur Pataterie, wo ich heuer ja noch gar nicht war, da um Thonon, wo ich so h\u00e4ufig im Buffalo a\u00df, keine Pataterie ist. <\/p>\n<p><a href='http:\/\/extra.inmontanis.info\/d\/53893-2\/DSC07262.jpg'><img src=http:\/\/extra.inmontanis.info\/d\/53892-3\/DSC07262.jpg \/><\/a><br \/>\n^ Restschneefelder am Petit Saint Bernard, im rechten gab es eine Skiabfahrtsspur<\/p>\n<p>Zum Einkaufen war&#8217;s zu hei\u00df (f\u00fcr die n\u00e4chsten Tage im Auto) und in Albertville eine weitere Entt\u00e4uschung: die Pataterie gibt&#8217;s nicht mehr in Albertville, schade, dann halt daneben zum Buffalo, die eine eher zu k\u00fchl eingestellte Klimaanlage hatten. <\/p>\n<p>Ich kaufte mir \u00fcbers Internet noch eine Tageskarte f\u00fcr morgen, da die Wartezeiten an den Kassen in Tignes ja oft exorbitant sind und fuhr noch bis zum Parkplatz an der Standseilbahn und \u00fcbernachtete dort. Vorteil: WC in der N\u00e4he.<\/p>\n","protected":false},"excerpt":{"rendered":"<p>Fr, 28.6.2019<\/p>\n<p>Nachdem ich die letzten Jahre keine Sommerskitour in die Westalpen gemacht hatte, war es heuer mal weder Zeit daf\u00fcr, trotz Hintertuxer Sommersaisonkarte. In Cervinia sollte dank des k\u00fchlen Mai die Abfahrt zum Plan Maison gehen und Tignes k\u00f6nnte man auch mal wieder im Sommer hin, bevor die den Sommerbetrieb vielleicht ganz einstellen, wo <a href=\"http:\/\/blog.inmontanis.info\/?p=5728\">[&#8230;]<\/a><\/p>\n","protected":false},"author":1,"featured_media":0,"comment_status":"closed","ping_status":"closed","sticky":false,"template":"","format":"standard","meta":{"footnotes":""},"categories":[178,508,15,14,28],"tags":[78,47],"class_list":["post-5728","post","type-post","status-publish","format-standard","hentry","category-2019-06-westalpensommerskitour","category-cervinia-zermatt","category-italienitaly","category-swiss","category-skifahren-sommer","tag-restschnee","tag-sl","odd"],"_links":{"self":[{"href":"http:\/\/blog.inmontanis.info\/index.php?rest_route=\/wp\/v2\/posts\/5728","targetHints":{"allow":["GET"]}}],"collection":[{"href":"http:\/\/blog.inmontanis.info\/index.php?rest_route=\/wp\/v2\/posts"}],"about":[{"href":"http:\/\/blog.inmontanis.info\/index.php?rest_route=\/wp\/v2\/types\/post"}],"author":[{"embeddable":true,"href":"http:\/\/blog.inmontanis.info\/index.php?rest_route=\/wp\/v2\/users\/1"}],"replies":[{"embeddable":true,"href":"http:\/\/blog.inmontanis.info\/index.php?rest_route=%2Fwp%2Fv2%2Fcomments&post=5728"}],"version-history":[{"count":5,"href":"http:\/\/blog.inmontanis.info\/index.php?rest_route=\/wp\/v2\/posts\/5728\/revisions"}],"predecessor-version":[{"id":5733,"href":"http:\/\/blog.inmontanis.info\/index.php?rest_route=\/wp\/v2\/posts\/5728\/revisions\/5733"}],"wp:attachment":[{"href":"http:\/\/blog.inmontanis.info\/index.php?rest_route=%2Fwp%2Fv2%2Fmedia&parent=5728"}],"wp:term":[{"taxonomy":"category","embeddable":true,"href":"http:\/\/blog.inmontanis.info\/index.php?rest_route=%2Fwp%2Fv2%2Fcategories&post=5728"},{"taxonomy":"post_tag","embeddable":true,"href":"http:\/\/blog.inmontanis.info\/index.php?rest_route=%2Fwp%2Fv2%2Ftags&post=5728"}],"curies":[{"name":"wp","href":"https:\/\/api.w.org\/{rel}","templated":true}]}}