{"id":5722,"date":"2019-07-28T18:23:17","date_gmt":"2019-07-28T16:23:17","guid":{"rendered":"http:\/\/blog.inmontanis.info\/?p=5722"},"modified":"2023-07-01T20:57:40","modified_gmt":"2023-07-01T18:57:40","slug":"hintertuxer-gletscher-27-28-7-2019","status":"publish","type":"post","link":"http:\/\/blog.inmontanis.info\/?p=5722","title":{"rendered":"Hintertuxer Gletscher, 27.+28.7.2019"},"content":{"rendered":"<p><strong>Sa, 27.7.2019<\/strong><\/p>\n<p>P\u00fcnktlich zum Wochenende wurde das Wetter wieder schlechter, aber heute gab es dann doch recht lang brauchbare Verh\u00e4ltnisse. Morgens war es am Olperer gut zu fahren, \u00fcber Mittag an der GW, insb. am rechten Trainingshang, aber auch die Offpistevarianten an der GW und ZwiDeGo gingen gut. ZwiDeGo gab es noch eine schmale Durchfahrm\u00f6glichkeit, die n\u00e4chstes WE nicht mehr gehen wird, also dieses WE Abschluss der ZwiDeGo-Saison. Da ich nicht wusste, ob ich bei den Wettervorhersagen f\u00fcr morgen \u00fcberhaupt rauffahren werde und es auch nachmittags abschnittsweise sonnig war, blieb ich l\u00e4nger als gedacht. Etwas nach 15 Uhr bin ich aber runtergefahren, genau richtig, da es dann im GB2 zu regnen anfing, der zudem einige Notstopps hinlegte. Auf der Heimfahrt gab es insb. im Inntal teils sehr starken Regen.<\/p>\n<p>(Fotos anklicken zum Vergr\u00f6\u00dfern)<\/p>\n<p><a href='http:\/\/ski.inmontanis.info\/d\/265383-2\/DSC07583.jpg'><img src=http:\/\/ski.inmontanis.info\/d\/265382-3\/DSC07583.jpg \/><\/a><br \/>\n^ Kasererbereich von unten, noch liegt Schnee<\/p>\n<p><a href='http:\/\/ski.inmontanis.info\/d\/265387-2\/DSC07587.jpg'><img src=http:\/\/ski.inmontanis.info\/d\/265386-3\/DSC07587.jpg \/><\/a><br \/>\n^ TFH-Abfahrt\/Kasererweg<\/p>\n<p><a href='http:\/\/ski.inmontanis.info\/d\/265391-2\/DSC07589.jpg'><img src=http:\/\/ski.inmontanis.info\/d\/265390-3\/DSC07589.jpg \/><\/a><br \/>\n^ TFH-Hang-Vermattung, die Matten oben wurden nach dem einen Sturm verweht gelassen<\/p>\n<p><a href='http:\/\/ski.inmontanis.info\/d\/265395-2\/DSC07592.jpg'><img src=http:\/\/ski.inmontanis.info\/d\/265394-3\/DSC07592.jpg \/><\/a><br \/>\n^ Letzte Durchfahrm\u00f6glichkeit f\u00fcr die ZwiDeGo-Variante(n)<\/p>\n<p><a href='http:\/\/ski.inmontanis.info\/d\/265399-2\/DSC07595.jpg'><img src=http:\/\/ski.inmontanis.info\/d\/265398-3\/DSC07595.jpg \/><\/a><br \/>\n^ GW-Trainingshang links<\/p>\n<p><a href='http:\/\/ski.inmontanis.info\/d\/265403-2\/DSC07596.jpg'><img src=http:\/\/ski.inmontanis.info\/d\/265402-3\/DSC07596.jpg \/><\/a><br \/>\n^ Blick r\u00fcber zum Olperer<\/p>\n<p><a href='http:\/\/ski.inmontanis.info\/d\/265407-2\/DSC07597.jpg'><img src=http:\/\/ski.inmontanis.info\/d\/265406-3\/DSC07597.jpg \/><\/a><br \/>\n^ St\u00fctzen des rechten O-SL sind etwas in der Luft &#8230;<\/p>\n<p><a href='http:\/\/ski.inmontanis.info\/d\/265411-2\/DSC07599.jpg'><img src=http:\/\/ski.inmontanis.info\/d\/265410-3\/DSC07599.jpg \/><\/a><br \/>\n^ .. und wurden daher heute+morgen versetzt<\/p>\n<p><a href='http:\/\/ski.inmontanis.info\/d\/265415-2\/DSC07601.jpg'><img src=http:\/\/ski.inmontanis.info\/d\/265414-3\/DSC07601.jpg \/><\/a><br \/>\n^ Netter Schnee morgens an der 9a<\/p>\n<p><a href='http:\/\/ski.inmontanis.info\/d\/265419-2\/DSC07602.jpg'><img src=http:\/\/ski.inmontanis.info\/d\/265418-3\/DSC07602.jpg \/><\/a><br \/>\n^ Blick r\u00fcber zur GW; in der Rinne zwischen den Felsen liegt noch Schnee, aber die Zufahrt von oben ist bereits blank (liegt evtl. am vermehrten Einsatz von Schneefangz\u00e4unen?)<\/p>\n<p><a href='http:\/\/ski.inmontanis.info\/d\/265423-2\/DSC07604.jpg'><img src=http:\/\/ski.inmontanis.info\/d\/265422-3\/DSC07604.jpg \/><\/a><br \/>\n^ Die n\u00e4chste St\u00fctze wird versetzt<\/p>\n<p><a href='http:\/\/ski.inmontanis.info\/d\/265427-2\/DSC07606.jpg'><img src=http:\/\/ski.inmontanis.info\/d\/265426-3\/DSC07606.jpg \/><\/a><br \/>\n^ Die TFH-Abfahrt von der GW aus macht mittlerweile auch einen ziemlichen Bogen hier<\/p>\n<p><a href='http:\/\/ski.inmontanis.info\/d\/265431-2\/DSC07607.jpg'><img src=http:\/\/ski.inmontanis.info\/d\/265430-3\/DSC07607.jpg \/><\/a><br \/>\n^ TFH-Hang-Vermattung, die Matten oben wurden nach dem einen Sturm verweht gelassen<\/p>\n<p><a href='http:\/\/ski.inmontanis.info\/d\/265435-2\/DSC07611.jpg'><img src=http:\/\/ski.inmontanis.info\/d\/265434-3\/DSC07611.jpg \/><\/a><br \/>\n^ Ich h\u00e4tte letzte Woche ja gedacht, dass diese Durchfahrt heute noch m\u00f6glich sein wird &#8211; war sie aber nicht.<\/p>\n<p><a href='http:\/\/ski.inmontanis.info\/d\/265439-2\/DSC07614.jpg'><img src=http:\/\/ski.inmontanis.info\/d\/265438-3\/DSC07614.jpg \/><\/a><br \/>\n^ An der Schlegeis-3SB wurde das Abfahrtsende nun doch noch vermattet<\/p>\n<p><a href='http:\/\/ski.inmontanis.info\/d\/265443-2\/DSC07615.jpg'><img src=http:\/\/ski.inmontanis.info\/d\/265442-3\/DSC07615.jpg \/><\/a><br \/>\n^ Felsen an der GW<\/p>\n<p><a href='http:\/\/ski.inmontanis.info\/d\/265447-2\/DSC07617.jpg'><img src=http:\/\/ski.inmontanis.info\/d\/265446-3\/DSC07617.jpg \/><\/a><br \/>\n^ Auch dieser Bereich wird noch schnell vermattet<\/p>\n<p><a href='http:\/\/ski.inmontanis.info\/d\/265451-2\/DSC07618.jpg'><img src=http:\/\/ski.inmontanis.info\/d\/265450-3\/DSC07618.jpg \/><\/a><br \/>\n^ DSB-Abfahrt von 10EUB-Bergstation<\/p>\n<p><a href='http:\/\/ski.inmontanis.info\/d\/265455-2\/DSC07621.jpg'><img src=http:\/\/ski.inmontanis.info\/d\/265454-3\/DSC07621.jpg \/><\/a><br \/>\n^ ZwiDeGo &#8211; letzte Durchfahrt<\/p>\n<p><a href='http:\/\/ski.inmontanis.info\/d\/265459-2\/DSC07624.jpg'><img src=http:\/\/ski.inmontanis.info\/d\/265458-3\/DSC07624.jpg \/><\/a><br \/>\n^ War heut \u00fcbrigens nicht der einzige<\/p>\n<p><a href='http:\/\/ski.inmontanis.info\/d\/265463-2\/DSC07627.jpg'><img src=http:\/\/ski.inmontanis.info\/d\/265462-3\/DSC07627.jpg \/><\/a><br \/>\n^ Ausgang GB3 muss wohl auch \u00f6fters angepasst werden<\/p>\n<p><a href='http:\/\/ski.inmontanis.info\/d\/265467-2\/DSC07630.jpg'><img src=http:\/\/ski.inmontanis.info\/d\/265466-3\/DSC07630.jpg \/><\/a><br \/>\n^ Blick r\u00fcber zu den Kasererliften<\/p>\n<p><strong>So, 28.7.2019<\/strong><\/p>\n<p>Da die Nacht mit einer eher d\u00fcnneren Hochbew\u00f6lkung verlief und die Sicht morgens gut war, fuhr ich heute doch rauf. War dann auch die erste Zeit recht brauchbar, Schnee nat\u00fcrlich durch den Regen weicher als gestern, bzw. tw. mit einer Bruchharschschicht auf der Piste, offpiste dagegen angenehmer. ZwiDeGo war&#8217;s schon etwas weich, aber nicht weich genug, bin trotzdem beide Varianten gefahren, auch die offpisteh\u00e4nge an GW und O, bevor ich kurz nach 11 uhr aufh\u00f6rte. Nebel w\u00e4re abschnittsweise zwar nicht so stark gewesen, aber man musste heute zu beiden SL-Talstationen stets schieben.<\/p>\n<p><a href='http:\/\/ski.inmontanis.info\/d\/265471-2\/DSC07639.jpg'><img src=http:\/\/ski.inmontanis.info\/d\/265470-3\/DSC07639.jpg \/><\/a><br \/>\n^ Die GB3-Zufahrt wird auch d\u00fcnner<\/p>\n<p><a href='http:\/\/ski.inmontanis.info\/d\/265475-2\/DSC07642.jpg'><img src=http:\/\/ski.inmontanis.info\/d\/265474-3\/DSC07642.jpg \/><\/a><br \/>\n^ ZwiDeGo-Steilhang<\/p>\n<p><a href='http:\/\/ski.inmontanis.info\/d\/265479-2\/DSC07644.jpg'><img src=http:\/\/ski.inmontanis.info\/d\/265478-3\/DSC07644.jpg \/><\/a><br \/>\n^ Im oberen ZwiDeGo-Bereich hatte man noch 2 Varianten<\/p>\n<p><a href='http:\/\/ski.inmontanis.info\/d\/265483-2\/DSC07645.jpg'><img src=http:\/\/ski.inmontanis.info\/d\/265482-3\/DSC07645.jpg \/><\/a><br \/>\n^ GW-SL nach dem gestrigen Regen; die Sonne war heute nur kurz zu sehen<\/p>\n<p>Da die ZwiDeGo-Saison nun vorbei ist, folgt der GPS-Track:<\/p>\n<p><a href='http:\/\/ski.inmontanis.info\/d\/265487-2\/ge201905-07a.jpg'><img src=http:\/\/ski.inmontanis.info\/d\/265486-3\/ge201905-07a.jpg \/><\/a><br \/>\n^ GPS-Track Mai-Juli 2019, Orange: Mai, Rot+Magenta: Juni, T\u00fcrkis+Hellblau+Dunkelblau: Juli<\/p>\n<p><a href='http:\/\/ski.inmontanis.info\/d\/265491-2\/ge201905-07c.jpg'><img src=http:\/\/ski.inmontanis.info\/d\/265490-3\/ge201905-07c.jpg \/><\/a><br \/>\n^ GPS-Track Mai-Juli 2019, Orange: Mai, Rot+Magenta: Juni, T\u00fcrkis+Hellblau+Dunkelblau: Juli<\/p>\n","protected":false},"excerpt":{"rendered":"<p>Sa, 27.7.2019<\/p>\n<p>P\u00fcnktlich zum Wochenende wurde das Wetter wieder schlechter, aber heute gab es dann doch recht lang brauchbare Verh\u00e4ltnisse. Morgens war es am Olperer gut zu fahren, \u00fcber Mittag an der GW, insb. am rechten Trainingshang, aber auch die Offpistevarianten an der GW und ZwiDeGo gingen gut. ZwiDeGo gab es noch eine schmale Durchfahrm\u00f6glichkeit, <a href=\"http:\/\/blog.inmontanis.info\/?p=5722\">[&#8230;]<\/a><\/p>\n","protected":false},"author":1,"featured_media":0,"comment_status":"closed","ping_status":"closed","sticky":false,"template":"","format":"standard","meta":{"footnotes":""},"categories":[246,25,13,28],"tags":[78,47],"class_list":["post-5722","post","type-post","status-publish","format-standard","hentry","category-hintertux","category-noreport","category-austria","category-skifahren-sommer","tag-restschnee","tag-sl","odd"],"_links":{"self":[{"href":"http:\/\/blog.inmontanis.info\/index.php?rest_route=\/wp\/v2\/posts\/5722","targetHints":{"allow":["GET"]}}],"collection":[{"href":"http:\/\/blog.inmontanis.info\/index.php?rest_route=\/wp\/v2\/posts"}],"about":[{"href":"http:\/\/blog.inmontanis.info\/index.php?rest_route=\/wp\/v2\/types\/post"}],"author":[{"embeddable":true,"href":"http:\/\/blog.inmontanis.info\/index.php?rest_route=\/wp\/v2\/users\/1"}],"replies":[{"embeddable":true,"href":"http:\/\/blog.inmontanis.info\/index.php?rest_route=%2Fwp%2Fv2%2Fcomments&post=5722"}],"version-history":[{"count":5,"href":"http:\/\/blog.inmontanis.info\/index.php?rest_route=\/wp\/v2\/posts\/5722\/revisions"}],"predecessor-version":[{"id":5727,"href":"http:\/\/blog.inmontanis.info\/index.php?rest_route=\/wp\/v2\/posts\/5722\/revisions\/5727"}],"wp:attachment":[{"href":"http:\/\/blog.inmontanis.info\/index.php?rest_route=%2Fwp%2Fv2%2Fmedia&parent=5722"}],"wp:term":[{"taxonomy":"category","embeddable":true,"href":"http:\/\/blog.inmontanis.info\/index.php?rest_route=%2Fwp%2Fv2%2Fcategories&post=5722"},{"taxonomy":"post_tag","embeddable":true,"href":"http:\/\/blog.inmontanis.info\/index.php?rest_route=%2Fwp%2Fv2%2Ftags&post=5722"}],"curies":[{"name":"wp","href":"https:\/\/api.w.org\/{rel}","templated":true}]}}