{"id":5716,"date":"2019-06-09T22:02:17","date_gmt":"2019-06-09T20:02:17","guid":{"rendered":"http:\/\/blog.inmontanis.info\/?p=5716"},"modified":"2023-08-05T16:18:27","modified_gmt":"2023-08-05T14:18:27","slug":"bovec-kanin-sommerski-in-slowenien-9-6-2019","status":"publish","type":"post","link":"http:\/\/blog.inmontanis.info\/?p=5716","title":{"rendered":"Bovec \/ Kanin, Sommerski in Slowenien, 9.6.2019"},"content":{"rendered":"<p><strong>Pfingstsonntag, 9.6.2019<\/strong><\/p>\n<p>Der Morgen verlief etwas schlafst\u00f6rend aufgrund des Windes hier oben. Ich checkte dann gleich mal, ob ich&#8217;s heute noch zum Hintertuxer schaffen w\u00fcrde, falls am Kanin wegen Sturm kein Skibetrieb sein sollte &#8211; ja, ginge.<\/p>\n<p>Bereits um 7:30 war ich an der Talstation, wobei ja die Gondel erst ab 8 Uhr fahren solte &#8211; und es standen bereits etliche Autos rum. Ich blieb also noch etwas im Auto, bevor ich mich zur Kasse begab und den &#8220;Skipass&#8221; um g\u00fcnstige 17,- \u20ac kaufte, wobei das vmtl. nur ein Ticket f\u00fcr die Gondelfahrt ist. Was eh schon sehr lohnenswert und g\u00fcnstig ist, hat die Gondelbahn ja ca. 6km L\u00e4nge samt 2 Mittelstationen.<\/p>\n<p>Kurz nach 8 Uhr ging&#8217;s los, ein Kamerateam war auch dabei. Kurios war, als ich in der 2. Mittelstation war und zumindest die 2. Sektion der 4EUB kurz stand, w\u00e4hrend die 3. Sektion weiter fuhr &#8211; trotz Durchfahrbetrieb. Kann man nat\u00fcrlich auch nur so lang machen, bis die Station voller Gondeln ist ;)<\/p>\n<p>Die zum Skifahren heute offene Tal-Berg-Tal-4SB hatte auf beiden Seiten ge\u00f6ffnet und mit ihren Offpistevarianten genug zu bieten, dass man auch etwas l\u00e4nger h\u00e4tte bleiben k\u00f6nnen. Irgendwann erkannte mich dann Alpinforum-User Miki, als ich im Sessel war, obwohl wir uns ja schon einige Jahre nicht mehr getroffen hatten, so dass wir noch ein paar Fahrten zusammen unterwegs waren. Kurz vor 11 Uhr hie\u00df es an der Talstation, dass noch eine halbe Stunde verl\u00e4ngert wird. Gut, denn 1-2 Varianten fehlten mir noch. \u00dcberhaupt ging es heute &#8211; wie im Juni so h\u00e4ufig &#8211; Offpiste am besten.<\/p>\n<p>Nach dem Skifahren gingen wir noch kurz ins Restaurant an der 4EUB, wo ich zwar weder Cevapcici noch einen Kaninburger bekam, aber da ich doch was slowenisches Essen wollte, entschied ich mich f\u00fcr die Sauerkrautsuppe plus Bratwurst, wobei ich ja kein sonderlicher Fan von Sauerkraut bin, aber war recht gut. Dazu eine Nachspeise, die sehr lecker war.<\/p>\n<p>Die Talfahrt in der 4EUB, die nur ein seitliches Fenster hatte, war allerdings sehr hei\u00df. Alles in Allem aber sehr lohnenswert gewesen.<\/p>\n<p>(Fotos anklicken zum Vergr\u00f6\u00dfern)<\/p>\n<p><a href='http:\/\/ski.inmontanis.info\/d\/265087-2\/DSC06849.jpg'><img src=http:\/\/ski.inmontanis.info\/d\/265086-3\/DSC06849.jpg \/><\/a><br \/>\n^ Talstation<\/p>\n<p><a href='http:\/\/ski.inmontanis.info\/d\/265091-2\/DSC06851.jpg'><img src=http:\/\/ski.inmontanis.info\/d\/265090-3\/DSC06851.jpg \/><\/a><br \/>\n^ Talstation 4EUB<\/p>\n<p><a href='http:\/\/ski.inmontanis.info\/d\/265095-2\/DSC06853.jpg'><img src=http:\/\/ski.inmontanis.info\/d\/265094-3\/DSC06853.jpg \/><\/a><br \/>\n^ Lange Strecke der 4EUB (ca. 6km)<\/p>\n<p><a href='http:\/\/ski.inmontanis.info\/d\/265099-2\/DSC06854.jpg'><img src=http:\/\/ski.inmontanis.info\/d\/265098-3\/DSC06854.jpg \/><\/a><br \/>\n^ Talstation 4EUB und St\u00fctze 1<\/p>\n<p><a href='http:\/\/ski.inmontanis.info\/d\/265103-2\/DSC06855.jpg'><img src=http:\/\/ski.inmontanis.info\/d\/265102-3\/DSC06855.jpg \/><\/a><br \/>\n^ 4EUB Sektion 1<\/p>\n<p><a href='http:\/\/ski.inmontanis.info\/d\/265107-2\/DSC06858.jpg'><img src=http:\/\/ski.inmontanis.info\/d\/265106-3\/DSC06858.jpg \/><\/a><br \/>\n^ 4EUB Sektion 1<\/p>\n<p><a href='http:\/\/ski.inmontanis.info\/d\/265111-2\/DSC06859.jpg'><img src=http:\/\/ski.inmontanis.info\/d\/265110-3\/DSC06859.jpg \/><\/a><br \/>\n^ 1. Mittelstation 4EUB<\/p>\n<p><a href='http:\/\/ski.inmontanis.info\/d\/265115-2\/DSC06860.jpg'><img src=http:\/\/ski.inmontanis.info\/d\/265114-3\/DSC06860.jpg \/><\/a><br \/>\n^ 1. Mittelstation 4EUB<\/p>\n<p><a href='http:\/\/ski.inmontanis.info\/d\/265119-2\/DSC06861.jpg'><img src=http:\/\/ski.inmontanis.info\/d\/265118-3\/DSC06861.jpg \/><\/a><br \/>\n^ 1. Mittelstation 4EUB<\/p>\n<p><a href='http:\/\/ski.inmontanis.info\/d\/265123-2\/DSC06863.jpg'><img src=http:\/\/ski.inmontanis.info\/d\/265122-3\/DSC06863.jpg \/><\/a><br \/>\n^ 4EUB Sektion 2<\/p>\n<p><a href='http:\/\/ski.inmontanis.info\/d\/265127-2\/DSC06865.jpg'><img src=http:\/\/ski.inmontanis.info\/d\/265126-3\/DSC06865.jpg \/><\/a><br \/>\n^ 4EUB Sektion 2<\/p>\n<p><a href='http:\/\/ski.inmontanis.info\/d\/265131-2\/DSC06866.jpg'><img src=http:\/\/ski.inmontanis.info\/d\/265130-3\/DSC06866.jpg \/><\/a><br \/>\n^ 4EUB Sektion 2<\/p>\n<p><a href='http:\/\/ski.inmontanis.info\/d\/265135-2\/DSC06867.jpg'><img src=http:\/\/ski.inmontanis.info\/d\/265134-3\/DSC06867.jpg \/><\/a><br \/>\n^ 4EUB Sektion 2<\/p>\n<p><a href='http:\/\/ski.inmontanis.info\/d\/265139-2\/DSC06868.jpg'><img src=http:\/\/ski.inmontanis.info\/d\/265138-3\/DSC06868.jpg \/><\/a><br \/>\n^ 4EUB Sektion 2<\/p>\n<p><a href='http:\/\/ski.inmontanis.info\/d\/265143-2\/DSC06869.jpg'><img src=http:\/\/ski.inmontanis.info\/d\/265142-3\/DSC06869.jpg \/><\/a><br \/>\n^ 4EUB Sektion 2<\/p>\n<p><a href='http:\/\/ski.inmontanis.info\/d\/265147-2\/DSC06871.jpg'><img src=http:\/\/ski.inmontanis.info\/d\/265146-3\/DSC06871.jpg \/><\/a><br \/>\n^ 2. Mittelstation 4EUB<\/p>\n<p><a href='http:\/\/ski.inmontanis.info\/d\/265151-2\/DSC06872.jpg'><img src=http:\/\/ski.inmontanis.info\/d\/265150-3\/DSC06872.jpg \/><\/a><br \/>\n^ 2. Mittelstation 4EUB<\/p>\n<p><a href='http:\/\/ski.inmontanis.info\/d\/265155-2\/DSC06874.jpg'><img src=http:\/\/ski.inmontanis.info\/d\/265154-3\/DSC06874.jpg \/><\/a><br \/>\n^ 2. Mittelstation 4EUB<\/p>\n<p><a href='http:\/\/ski.inmontanis.info\/d\/265159-2\/DSC06875.jpg'><img src=http:\/\/ski.inmontanis.info\/d\/265158-3\/DSC06875.jpg \/><\/a><br \/>\n^ 2. Mittelstation 4EUB<\/p>\n<p><a href='http:\/\/ski.inmontanis.info\/d\/265163-2\/DSC06880.jpg'><img src=http:\/\/ski.inmontanis.info\/d\/265162-3\/DSC06880.jpg \/><\/a><br \/>\n^ 2. Mittelstation 4EUB<\/p>\n<p><a href='http:\/\/ski.inmontanis.info\/d\/265167-2\/DSC06881.jpg'><img src=http:\/\/ski.inmontanis.info\/d\/265166-3\/DSC06881.jpg \/><\/a><br \/>\n^ 4EUB Sektion 3<\/p>\n<p><a href='http:\/\/ski.inmontanis.info\/d\/265171-2\/DSC06882.jpg'><img src=http:\/\/ski.inmontanis.info\/d\/265170-3\/DSC06882.jpg \/><\/a><br \/>\n^ 4EUB Sektion 3 mit Abfahrt<\/p>\n<p><a href='http:\/\/ski.inmontanis.info\/d\/265175-2\/DSC06885.jpg'><img src=http:\/\/ski.inmontanis.info\/d\/265174-3\/DSC06885.jpg \/><\/a><br \/>\n^ 3SB<\/p>\n<p><a href='http:\/\/ski.inmontanis.info\/d\/265179-2\/DSC06886.jpg'><img src=http:\/\/ski.inmontanis.info\/d\/265178-3\/DSC06886.jpg \/><\/a><br \/>\n^ 3SB Mittelstation, schaut ja eher nach Ausstieg als nach Einstieg aus?!<\/p>\n<p><a href='http:\/\/ski.inmontanis.info\/d\/265183-2\/DSC06888.jpg'><img src=http:\/\/ski.inmontanis.info\/d\/265182-3\/DSC06888.jpg \/><\/a><br \/>\n^ 4EUB Sektion 3<\/p>\n<p><a href='http:\/\/ski.inmontanis.info\/d\/265187-2\/DSC06889.jpg'><img src=http:\/\/ski.inmontanis.info\/d\/265186-3\/DSC06889.jpg \/><\/a><br \/>\n^ 4EUB Sektion 3<\/p>\n<p><a href='http:\/\/ski.inmontanis.info\/d\/265191-2\/DSC06890.jpg'><img src=http:\/\/ski.inmontanis.info\/d\/265190-3\/DSC06890.jpg \/><\/a><br \/>\n^ DSB Graben<\/p>\n<p><a href='http:\/\/ski.inmontanis.info\/d\/265195-2\/DSC06891.jpg'><img src=http:\/\/ski.inmontanis.info\/d\/265194-3\/DSC06891.jpg \/><\/a><br \/>\n^ Aufstieg von der 4EUB zur 4SB; der SL links k\u00f6nnte ja auch weiter runter gehen ..<\/p>\n<p><a href='http:\/\/ski.inmontanis.info\/d\/265199-2\/DSC06892.jpg'><img src=http:\/\/ski.inmontanis.info\/d\/265198-3\/DSC06892.jpg \/><\/a><br \/>\n^ 4EUB Bergstation und DSB<\/p>\n<p><a href='http:\/\/ski.inmontanis.info\/d\/265203-2\/DSC06893.jpg'><img src=http:\/\/ski.inmontanis.info\/d\/265202-3\/DSC06893.jpg \/><\/a><br \/>\n^ Bergstation 4EUB und Gang zum Restaurant<\/p>\n<p><a href='http:\/\/ski.inmontanis.info\/d\/265379-2\/ge20190609e.jpg'><img src=http:\/\/ski.inmontanis.info\/d\/265378-3\/ge20190609e.jpg \/><\/a><br \/>\n^ GPS-Track 9.6. in Blau, vorheriger Besuch 2007 in Orange<\/p>\n<p><a href='http:\/\/ski.inmontanis.info\/d\/265207-2\/DSC06894.jpg'><img src=http:\/\/ski.inmontanis.info\/d\/265206-3\/DSC06894.jpg \/><\/a><br \/>\n^ 4SB; die kurze Seite w\u00fcrde ja auch schon f\u00fcr den Sommer gen\u00fcgen ..<\/p>\n<p><a href='http:\/\/ski.inmontanis.info\/d\/265211-2\/DSC06895.jpg'><img src=http:\/\/ski.inmontanis.info\/d\/265210-3\/DSC06895.jpg \/><\/a><br \/>\n^ 4SB, 3SB, DSB<\/p>\n<p><a href='http:\/\/ski.inmontanis.info\/d\/265215-2\/DSC06896.jpg'><img src=http:\/\/ski.inmontanis.info\/d\/265214-3\/DSC06896.jpg \/><\/a><br \/>\n^ Die R\u00fcckseite der 4SB ist aber l\u00e4nger und interessanter<\/p>\n<p><a href='http:\/\/ski.inmontanis.info\/d\/265219-2\/DSC06898.jpg'><img src=http:\/\/ski.inmontanis.info\/d\/265218-3\/DSC06898.jpg \/><\/a><br \/>\n^ Abfahrt 4SB<\/p>\n<p><a href='http:\/\/ski.inmontanis.info\/d\/265223-2\/DSC06900.jpg'><img src=http:\/\/ski.inmontanis.info\/d\/265222-3\/DSC06900.jpg \/><\/a><br \/>\n^ Talstation 4SB, dar\u00fcber das Funifor von Sella Nevea<\/p>\n<p><a href='http:\/\/ski.inmontanis.info\/d\/265227-2\/DSC06901.jpg'><img src=http:\/\/ski.inmontanis.info\/d\/265226-3\/DSC06901.jpg \/><\/a><br \/>\n^ Abfahrt Funifor, hier k\u00f6nnte man heute auch Skibetrieb anbieten<\/p>\n<p><a href='http:\/\/ski.inmontanis.info\/d\/265231-2\/DSC06902.jpg'><img src=http:\/\/ski.inmontanis.info\/d\/265230-3\/DSC06902.jpg \/><\/a><br \/>\n^ Funifor Bergstation<\/p>\n<p><a href='http:\/\/ski.inmontanis.info\/d\/265235-2\/DSC06905.jpg'><img src=http:\/\/ski.inmontanis.info\/d\/265234-3\/DSC06905.jpg \/><\/a><br \/>\n^ Talstation 4SB<\/p>\n<p><a href='http:\/\/ski.inmontanis.info\/d\/265239-2\/DSC06907.jpg'><img src=http:\/\/ski.inmontanis.info\/d\/265238-3\/DSC06907.jpg \/><\/a><br \/>\n^ Da scheinen ja noch mehrere Meter Schnee auf der Abfahrt zu liegen<\/p>\n<p><a href='http:\/\/ski.inmontanis.info\/d\/265243-2\/DSC06908.jpg'><img src=http:\/\/ski.inmontanis.info\/d\/265242-3\/DSC06908.jpg \/><\/a><br \/>\n^ Skiroute zur 1. Mittelstation<\/p>\n<p><a href='http:\/\/ski.inmontanis.info\/d\/265247-2\/DSC06910.jpg'><img src=http:\/\/ski.inmontanis.info\/d\/265246-3\/DSC06910.jpg \/><\/a><br \/>\n^ 4SB-Funifor<\/p>\n<p><a href='http:\/\/ski.inmontanis.info\/d\/265251-2\/DSC06911.jpg'><img src=http:\/\/ski.inmontanis.info\/d\/265250-3\/DSC06911.jpg \/><\/a><br \/>\n^ 4SB<\/p>\n<p><a href='http:\/\/ski.inmontanis.info\/d\/265255-2\/DSC06913.jpg'><img src=http:\/\/ski.inmontanis.info\/d\/265254-3\/DSC06913.jpg \/><\/a><br \/>\n^ Talpano von der 4SB + Offpistevarianten<\/p>\n<p><a href='http:\/\/ski.inmontanis.info\/d\/265259-2\/DSC06914.jpg'><img src=http:\/\/ski.inmontanis.info\/d\/265258-3\/DSC06914.jpg \/><\/a><br \/>\n^ Offpistevarianten an der 4SB, na da geht was heute.<\/p>\n<p><a href='http:\/\/ski.inmontanis.info\/d\/265263-2\/DSC06917.jpg'><img src=http:\/\/ski.inmontanis.info\/d\/265262-3\/DSC06917.jpg \/><\/a><br \/>\n^ Bergstation 4SB mit Blick zu DSB\/3SB\/4EUB und Mittelmeer<\/p>\n<p><a href='http:\/\/ski.inmontanis.info\/d\/265267-2\/DSC03825.jpg'><img src=http:\/\/ski.inmontanis.info\/d\/265266-3\/DSC03825.jpg \/><\/a><br \/>\n^ .. in IR ist das Meer (Adria) wie \u00fcblich besser zu sehen<\/p>\n<p><a href='http:\/\/ski.inmontanis.info\/d\/265271-2\/DSC06919.jpg'><img src=http:\/\/ski.inmontanis.info\/d\/265270-3\/DSC06919.jpg \/><\/a><br \/>\n^ Offpiste an der 4SB<\/p>\n<p><a href='http:\/\/ski.inmontanis.info\/d\/265275-2\/DSC06920.jpg'><img src=http:\/\/ski.inmontanis.info\/d\/265274-3\/DSC06920.jpg \/><\/a><br \/>\n^ Offpiste an der 4SB<\/p>\n<p><a href='http:\/\/ski.inmontanis.info\/d\/265279-2\/DSC06921.jpg'><img src=http:\/\/ski.inmontanis.info\/d\/265278-3\/DSC06921.jpg \/><\/a><br \/>\n^ Offpiste an der 4SB<\/p>\n<p><a href='http:\/\/ski.inmontanis.info\/d\/265283-2\/DSC06922.jpg'><img src=http:\/\/ski.inmontanis.info\/d\/265282-3\/DSC06922.jpg \/><\/a><br \/>\n^ 4SB<\/p>\n<p><a href='http:\/\/ski.inmontanis.info\/d\/265287-2\/DSC06924.jpg'><img src=http:\/\/ski.inmontanis.info\/d\/265286-3\/DSC06924.jpg \/><\/a><br \/>\n^ Offpiste an der 4SB<\/p>\n<p><a href='http:\/\/ski.inmontanis.info\/d\/265291-2\/DSC06925.jpg'><img src=http:\/\/ski.inmontanis.info\/d\/265290-3\/DSC06925.jpg \/><\/a><br \/>\n^ Offpiste an der 4SB<\/p>\n<p><a href='http:\/\/ski.inmontanis.info\/d\/265295-2\/DSC06927.jpg'><img src=http:\/\/ski.inmontanis.info\/d\/265294-3\/DSC06927.jpg \/><\/a><br \/>\n^ Offpiste an der 4SB, es waren auch etwas extremere Fahrer unterwegs<\/p>\n<p><a href='http:\/\/ski.inmontanis.info\/d\/265299-2\/DSC06929.jpg'><img src=http:\/\/ski.inmontanis.info\/d\/265298-3\/DSC06929.jpg \/><\/a><br \/>\n^ Links die Rinne bin ich nicht gefahren, aber die rechte hab ich ab einer Uhrzeit der Abfahrt immer vorgezogen<\/p>\n<p><a href='http:\/\/ski.inmontanis.info\/d\/265303-2\/DSC06930.jpg'><img src=http:\/\/ski.inmontanis.info\/d\/265302-3\/DSC06930.jpg \/><\/a><br \/>\n^ Blick zu den Offpistevarianten links der Abfahrt, die fuhr ich dann vermehrt sp\u00e4ter<\/p>\n<p><a href='http:\/\/ski.inmontanis.info\/d\/265307-2\/DSC06934.jpg'><img src=http:\/\/ski.inmontanis.info\/d\/265306-3\/DSC06934.jpg \/><\/a><br \/>\n^ 3SB\/4EUB\/Talblick, ein paar Mal durfte es auch die kurze 4SB-Strecke sein<\/p>\n<p><a href='http:\/\/ski.inmontanis.info\/d\/265311-2\/DSC06936.jpg'><img src=http:\/\/ski.inmontanis.info\/d\/265310-3\/DSC06936.jpg \/><\/a><br \/>\n^ Der ganze Berg d\u00fcrfte durch WK1-Kriegsstellungen durchl\u00f6chert sein<\/p>\n<p><a href='http:\/\/ski.inmontanis.info\/d\/265315-2\/DSC06937.jpg'><img src=http:\/\/ski.inmontanis.info\/d\/265314-3\/DSC06937.jpg \/><\/a><br \/>\n^ Der wollte wohl unbedingt mit aufs Bild, h\u00e4tte mich beinah umgefahren ;)<\/p>\n<p><a href='http:\/\/ski.inmontanis.info\/d\/265319-2\/DSC06939.jpg'><img src=http:\/\/ski.inmontanis.info\/d\/265318-3\/DSC06939.jpg \/><\/a><br \/>\n^ Abfahrt und Varianten<\/p>\n<p><a href='http:\/\/ski.inmontanis.info\/d\/265323-2\/DSC06940.jpg'><img src=http:\/\/ski.inmontanis.info\/d\/265322-3\/DSC06940.jpg \/><\/a><br \/>\n^ Offpiste links der Abfahrt<\/p>\n<p><a href='http:\/\/ski.inmontanis.info\/d\/265327-2\/DSC06943.jpg'><img src=http:\/\/ski.inmontanis.info\/d\/265326-3\/DSC06943.jpg \/><\/a><br \/>\n^ Abfahrt richtung 4EUB<\/p>\n<p><a href='http:\/\/ski.inmontanis.info\/d\/265331-2\/DSC06944.jpg'><img src=http:\/\/ski.inmontanis.info\/d\/265330-3\/DSC06944.jpg \/><\/a><br \/>\n^ Bergstation der Tal-Berg-Tal-4SB<\/p>\n<p><a href='http:\/\/ski.inmontanis.info\/d\/265335-2\/DSC06946.jpg'><img src=http:\/\/ski.inmontanis.info\/d\/265334-3\/DSC06946.jpg \/><\/a><br \/>\n^ 3SB\/4EUB\/SL\/DSB\/4SB, quasi alle Lifte der slowenischen Seite<\/p>\n<p><a href='http:\/\/ski.inmontanis.info\/d\/265339-2\/DSC03834.jpg'><img src=http:\/\/ski.inmontanis.info\/d\/265338-3\/DSC03834.jpg \/><\/a><br \/>\n^ IR-Pano zum Meer<\/p>\n<p><a href='http:\/\/ski.inmontanis.info\/d\/265343-2\/DSC06948.jpg'><img src=http:\/\/ski.inmontanis.info\/d\/265342-3\/DSC06948.jpg \/><\/a><br \/>\n^ 4EUB Bergstation<\/p>\n<p><a href='http:\/\/ski.inmontanis.info\/d\/265347-2\/DSC06950.jpg'><img src=http:\/\/ski.inmontanis.info\/d\/265346-3\/DSC06950.jpg \/><\/a><br \/>\n^ Restaurant<\/p>\n<p><a href='http:\/\/ski.inmontanis.info\/d\/265351-2\/DSC06951.jpg'><img src=http:\/\/ski.inmontanis.info\/d\/265350-3\/DSC06951.jpg \/><\/a><br \/>\n^ Das Holz mit der alten Oeuf-Kabine h\u00e4tte ich mir ja fast gekauft<\/p>\n<p><a href='http:\/\/ski.inmontanis.info\/d\/265355-2\/IMG_20190609_11534006_full_2x1.jpg'><img src=http:\/\/ski.inmontanis.info\/d\/265354-3\/IMG_20190609_11534006_full_2x1.jpg \/><\/a><br \/>\n^ Slowenisches Mittagessen mit Bratwurst und Sauerkrautsuppe<\/p>\n<p><a href='http:\/\/ski.inmontanis.info\/d\/265359-2\/DSC06952.jpg'><img src=http:\/\/ski.inmontanis.info\/d\/265358-3\/DSC06952.jpg \/><\/a><br \/>\n^ Talstation 4EUB<\/p>\n<p><a href='http:\/\/ski.inmontanis.info\/d\/265363-2\/DSC06953.jpg'><img src=http:\/\/ski.inmontanis.info\/d\/265362-3\/DSC06953.jpg \/><\/a><br \/>\n^ Talstation 4EUB<\/p>\n<p><a href='http:\/\/ski.inmontanis.info\/d\/265367-2\/DSC06954.jpg'><img src=http:\/\/ski.inmontanis.info\/d\/265366-3\/DSC06954.jpg \/><\/a><br \/>\n^ Die beiden Gondelgenerationen<\/p>\n<p><a href='http:\/\/ski.inmontanis.info\/d\/265371-2\/DSC06956.jpg'><img src=http:\/\/ski.inmontanis.info\/d\/265370-3\/DSC06956.jpg \/><\/a><br \/>\n^ R\u00fcckblick<\/p>\n<p><a href='http:\/\/ski.inmontanis.info\/d\/265375-2\/IMG_5330.jpg'><img src=http:\/\/ski.inmontanis.info\/d\/265374-3\/IMG_5330.jpg \/><\/a><br \/>\n^ Das war quasi der heutige Skipass. Interessant: Zima 19, also lief der Tag heute noch unter Winter.<\/p>\n<p>F\u00fcr den R\u00fcckweg gab es nat\u00fcrlich etliche M\u00f6glichkeiten, ich entschied mich f\u00fcr die mautsparendste Variante \u00fcber Osttirol, Pustertal, mautfrei zum Brenner und dann die \u00f6sterreichische Brennerautobahn, wo ich mir ja bei der Fedaia-Fahrt am 1.5. die Jahresmaut gekauft hatte. In K\u00e4rnten\/Osttirol gab es einige Verkehrsbehinderungen und gesperrte Stra\u00dfen durch irgendein Radrennen, ich kam dann aber noch recht problemlos durch Lienz durch. Da ich schon lange mal den Staller Sattel fahren wollte und ich zeitlich sinnvoll dran war, nahm ich diesen Pass 0noch mit. Im Pustertal wie \u00fcblich viel Verkehr und Langsamfahrer.<\/p>\n<p><a href='http:\/\/extra.inmontanis.info\/d\/53785-2\/ge2019060809a.jpg'><img src=http:\/\/extra.inmontanis.info\/d\/53784-3\/ge2019060809a.jpg \/><\/a><br \/>\n^ Fahrstrecke 8.+9.6.<br \/>\nF) Fedaia-Pass\/Korblift<br \/>\nK) Kanin (Bovec)<\/p>\n<p><a href='http:\/\/extra.inmontanis.info\/d\/53833-2\/DSC06968.jpg'><img src=http:\/\/extra.inmontanis.info\/d\/53832-3\/DSC06968.jpg \/><\/a><br \/>\n^ Auffahrt Staller Sattel<\/p>\n<p><a href='http:\/\/extra.inmontanis.info\/d\/53837-2\/DSC06971.jpg'><img src=http:\/\/extra.inmontanis.info\/d\/53836-3\/DSC06971.jpg \/><\/a><br \/>\n^ Ex-Skigebiet Staller Sattel. Das war nur so ein kurzer Lift mit paralleler Abfahrt?? Langweilig.<\/p>\n<p><a href='http:\/\/extra.inmontanis.info\/d\/53841-2\/DSC06972.jpg'><img src=http:\/\/extra.inmontanis.info\/d\/53840-3\/DSC06972.jpg \/><\/a><br \/>\n^ Ex-Skigebiet Staller Sattel<\/p>\n<p><a href='http:\/\/extra.inmontanis.info\/d\/53845-2\/DSC06973.jpg'><img src=http:\/\/extra.inmontanis.info\/d\/53844-3\/DSC06973.jpg \/><\/a><br \/>\n^ Ex-Skigebiet Staller Sattel<\/p>\n<p><a href='http:\/\/extra.inmontanis.info\/d\/53849-2\/DSC06976.jpg'><img src=http:\/\/extra.inmontanis.info\/d\/53848-3\/DSC06976.jpg \/><\/a><br \/>\n^ Auffahrt Staller Sattel<\/p>\n<p><a href='http:\/\/extra.inmontanis.info\/d\/53853-2\/DSC06981.jpg'><img src=http:\/\/extra.inmontanis.info\/d\/53852-3\/DSC06981.jpg \/><\/a><br \/>\n^ Staller Sattel, p\u00fcnktlich zur Abfahrt um 17 Uhr war ich hier.<\/p>\n<p><a href='http:\/\/extra.inmontanis.info\/d\/53857-2\/DSC06982.jpg'><img src=http:\/\/extra.inmontanis.info\/d\/53856-3\/DSC06982.jpg \/><\/a><br \/>\n^ Staller Sattel<\/p>\n<p><a href='http:\/\/extra.inmontanis.info\/d\/53861-2\/DSC06985.jpg'><img src=http:\/\/extra.inmontanis.info\/d\/53860-3\/DSC06985.jpg \/><\/a><br \/>\n^ Staller Sattel<\/p>\n<p><a href='http:\/\/extra.inmontanis.info\/d\/53865-2\/DSC06987.jpg'><img src=http:\/\/extra.inmontanis.info\/d\/53864-3\/DSC06987.jpg \/><\/a><br \/>\n^ Staller Sattel<\/p>\n<p><a href='http:\/\/extra.inmontanis.info\/d\/53869-2\/DSC06989.jpg'><img src=http:\/\/extra.inmontanis.info\/d\/53868-3\/DSC06989.jpg \/><\/a><br \/>\n^ Staller Sattel. Also so schmal ist die Stra\u00dfe nun auch nicht.<\/p>\n<p><a href='http:\/\/extra.inmontanis.info\/d\/53873-2\/DSC06993.jpg'><img src=http:\/\/extra.inmontanis.info\/d\/53872-3\/DSC06993.jpg \/><\/a><br \/>\n^ Schmaler Tunnel<\/p>\n<p><a href='http:\/\/extra.inmontanis.info\/d\/53877-2\/DSC06996.jpg'><img src=http:\/\/extra.inmontanis.info\/d\/53876-3\/DSC06996.jpg \/><\/a><br \/>\n^ Ab hier dann wieder Gegenverkehr<\/p>\n<p><a href='http:\/\/extra.inmontanis.info\/d\/53881-2\/DSC06999.jpg'><img src=http:\/\/extra.inmontanis.info\/d\/53880-3\/DSC06999.jpg \/><\/a><br \/>\n^ .. aber wirklich breiter ist die Stra\u00dfe dann auch nicht :)<\/p>\n<p><a href='http:\/\/extra.inmontanis.info\/d\/53885-2\/DSC07000.jpg'><img src=http:\/\/extra.inmontanis.info\/d\/53884-3\/DSC07000.jpg \/><\/a><br \/>\n^ Staller Sattel \/ S\u00fcdtiroler Seite<\/p>\n<p>Am morgigen Pfingstmontag h\u00e4tte ich ja egtl. Hintertux fahren wollen, aber die 2 Tage Fedaia + Kanin waren so genial, dass der Hintertuxer bei den Wettervorhersagen f\u00fcr morgen nur ein Reinfall sein w\u00fcrde, also lie\u00df ich es bleiben.<\/p>\n","protected":false},"excerpt":{"rendered":"<p>Pfingstsonntag, 9.6.2019<\/p>\n<p>Der Morgen verlief etwas schlafst\u00f6rend aufgrund des Windes hier oben. Ich checkte dann gleich mal, ob ich&#8217;s heute noch zum Hintertuxer schaffen w\u00fcrde, falls am Kanin wegen Sturm kein Skibetrieb sein sollte &#8211; ja, ginge.<\/p>\n<p>Bereits um 7:30 war ich an der Talstation, wobei ja die Gondel erst ab 8 Uhr fahren solte <a href=\"http:\/\/blog.inmontanis.info\/?p=5716\">[&#8230;]<\/a><\/p>\n","protected":false},"author":1,"featured_media":0,"comment_status":"closed","ping_status":"closed","sticky":false,"template":"","format":"standard","meta":{"footnotes":""},"categories":[15,792,59,13,28,17,81],"tags":[42,49,90,37,78],"class_list":["post-5716","post","type-post","status-publish","format-standard","hentry","category-italienitaly","category-kanin","category-nostalgie","category-austria","category-skifahren-sommer","category-slowenienslovenia","category-kurztrips","tag-4eub","tag-4sb","tag-infrarot","tag-meer","tag-restschnee","odd"],"_links":{"self":[{"href":"http:\/\/blog.inmontanis.info\/index.php?rest_route=\/wp\/v2\/posts\/5716","targetHints":{"allow":["GET"]}}],"collection":[{"href":"http:\/\/blog.inmontanis.info\/index.php?rest_route=\/wp\/v2\/posts"}],"about":[{"href":"http:\/\/blog.inmontanis.info\/index.php?rest_route=\/wp\/v2\/types\/post"}],"author":[{"embeddable":true,"href":"http:\/\/blog.inmontanis.info\/index.php?rest_route=\/wp\/v2\/users\/1"}],"replies":[{"embeddable":true,"href":"http:\/\/blog.inmontanis.info\/index.php?rest_route=%2Fwp%2Fv2%2Fcomments&post=5716"}],"version-history":[{"count":3,"href":"http:\/\/blog.inmontanis.info\/index.php?rest_route=\/wp\/v2\/posts\/5716\/revisions"}],"predecessor-version":[{"id":5719,"href":"http:\/\/blog.inmontanis.info\/index.php?rest_route=\/wp\/v2\/posts\/5716\/revisions\/5719"}],"wp:attachment":[{"href":"http:\/\/blog.inmontanis.info\/index.php?rest_route=%2Fwp%2Fv2%2Fmedia&parent=5716"}],"wp:term":[{"taxonomy":"category","embeddable":true,"href":"http:\/\/blog.inmontanis.info\/index.php?rest_route=%2Fwp%2Fv2%2Fcategories&post=5716"},{"taxonomy":"post_tag","embeddable":true,"href":"http:\/\/blog.inmontanis.info\/index.php?rest_route=%2Fwp%2Fv2%2Ftags&post=5716"}],"curies":[{"name":"wp","href":"https:\/\/api.w.org\/{rel}","templated":true}]}}