{"id":5713,"date":"2019-07-21T21:04:28","date_gmt":"2019-07-21T19:04:28","guid":{"rendered":"http:\/\/blog.inmontanis.info\/?p=5713"},"modified":"2023-07-01T20:57:39","modified_gmt":"2023-07-01T18:57:39","slug":"hintertuxer-gletscher-20-21-7-2019","status":"publish","type":"post","link":"http:\/\/blog.inmontanis.info\/?p=5713","title":{"rendered":"Hintertuxer Gletscher, 20.+21.7.2019"},"content":{"rendered":"<p><strong>Sa, 20.7.2019<\/strong><\/p>\n<p>Die Nacht verlief recht klar, weshalb die GW morgens sehr hart, aber noch griffig war. Weicher war&#8217;s am Olperer, wo ich 6x fuhr, allerdings auf der Piste dann schon etwas tief aufgefahren. ZwiDeGo war&#8217;s um 11 Uhr im oberen Bereich allerdings noch etwas zu hart. Die GW ging gegen 12\/13 Uhr sehr gut, insb. der rechte Trainingshang. Nachmittags war ich dann nur noch ZwiDeGo unterwegs, ging auch gut zu fahren. Um 15.15 fuhr ich runter. F\u00fcr den Abend wurde Regen und Gewitter gemeldet und generell recht labiles Wetter f\u00fcr morgen, aber man darf ja hoffen&#8230;<\/p>\n<p><a href='http:\/\/ski.inmontanis.info\/d\/264999-2\/DSC07535.jpg'><img src=http:\/\/ski.inmontanis.info\/d\/264998-3\/DSC07535.jpg \/><\/a><br \/>\n^ Standard-Blick von Sektion 1<\/p>\n<p><a href='http:\/\/ski.inmontanis.info\/d\/265003-2\/DSC07537.jpg'><img src=http:\/\/ski.inmontanis.info\/d\/265002-3\/DSC07537.jpg \/><\/a><br \/>\n^ Baustelle<\/p>\n<p><a href='http:\/\/ski.inmontanis.info\/d\/265007-2\/DSC07538.jpg'><img src=http:\/\/ski.inmontanis.info\/d\/265006-3\/DSC07538.jpg \/><\/a><br \/>\n^ Zufahrt GB3<\/p>\n<p><a href='http:\/\/ski.inmontanis.info\/d\/265011-2\/DSC07539.jpg'><img src=http:\/\/ski.inmontanis.info\/d\/265010-3\/DSC07539.jpg \/><\/a><br \/>\n^ Schneeverschiebung 10EUB-Bergstation<\/p>\n<p><a href='http:\/\/ski.inmontanis.info\/d\/265015-2\/DSC07540.jpg'><img src=http:\/\/ski.inmontanis.info\/d\/265014-3\/DSC07540.jpg \/><\/a><br \/>\n^ Schneeverschiebung 10EUB-Bergstation<\/p>\n<p><a href='http:\/\/ski.inmontanis.info\/d\/265019-2\/DSC07541.jpg'><img src=http:\/\/ski.inmontanis.info\/d\/265018-3\/DSC07541.jpg \/><\/a><br \/>\n^ ZwiDeGo-Zufahrt H\u00f6he DSB, da k\u00f6nnt&#8217;s n\u00e4chstes WE schneefrei sein, wenn nicht wieder was verschoben wird<\/p>\n<p><a href='http:\/\/ski.inmontanis.info\/d\/265023-2\/DSC07542.jpg'><img src=http:\/\/ski.inmontanis.info\/d\/265022-3\/DSC07542.jpg \/><\/a><br \/>\n^ Von der DSB r\u00fcber zu den Olperer-H\u00e4ngen<\/p>\n<p><a href='http:\/\/ski.inmontanis.info\/d\/265027-2\/DSC07543.jpg'><img src=http:\/\/ski.inmontanis.info\/d\/265026-3\/DSC07543.jpg \/><\/a><br \/>\n^ Von der DSB r\u00fcber zum Kaserer-Bereich<\/p>\n<p><a href='http:\/\/ski.inmontanis.info\/d\/265031-2\/DSC07544.jpg'><img src=http:\/\/ski.inmontanis.info\/d\/265030-3\/DSC07544.jpg \/><\/a><br \/>\n^ DSB Sektion IV<\/p>\n<p><a href='http:\/\/ski.inmontanis.info\/d\/265035-2\/DSC07547.jpg'><img src=http:\/\/ski.inmontanis.info\/d\/265034-3\/DSC07547.jpg \/><\/a><br \/>\n^ Die Matten hier oben hat schon wieder der Sturm verweht?<\/p>\n<p><a href='http:\/\/ski.inmontanis.info\/d\/265039-2\/DSC07550.jpg'><img src=http:\/\/ski.inmontanis.info\/d\/265038-3\/DSC07550.jpg \/><\/a><br \/>\n^ Foto-Shooting und toller Firn<\/p>\n<p><a href='http:\/\/ski.inmontanis.info\/d\/265043-2\/DSC07551.jpg'><img src=http:\/\/ski.inmontanis.info\/d\/265042-3\/DSC07551.jpg \/><\/a><br \/>\n^ Die Matten dort oben haben bisher auch noch nicht viel gebracht .. und sind teilweise wieder verweht ..<\/p>\n<p><a href='http:\/\/ski.inmontanis.info\/d\/265047-2\/DSC07553.jpg'><img src=http:\/\/ski.inmontanis.info\/d\/265046-3\/DSC07553.jpg \/><\/a><br \/>\n^ GW von O. Einiges an Neuschnee von vorletzter Woche hat hier wie dort noch \u00fcberlebt.<\/p>\n<p><a href='http:\/\/ski.inmontanis.info\/d\/265051-2\/DSC07559.jpg'><img src=http:\/\/ski.inmontanis.info\/d\/265050-3\/DSC07559.jpg \/><\/a><br \/>\n^ 3SB Schlegeis, schaut alles noch unvermattet aus<\/p>\n<p><a href='http:\/\/ski.inmontanis.info\/d\/265055-2\/DSC07561.jpg'><img src=http:\/\/ski.inmontanis.info\/d\/265054-3\/DSC07561.jpg \/><\/a><br \/>\n^ Im Gletscherbruch am Olperer apern einige ehemalige Funpark-Utensilien aus, wie&#8217;s scheint?<\/p>\n<p><a href='http:\/\/ski.inmontanis.info\/d\/265059-2\/DSC07563.jpg'><img src=http:\/\/ski.inmontanis.info\/d\/265058-3\/DSC07563.jpg \/><\/a><br \/>\n^ ZwiDeGo<\/p>\n<p><a href='http:\/\/ski.inmontanis.info\/d\/265063-2\/DSC07566.jpg'><img src=http:\/\/ski.inmontanis.info\/d\/265062-3\/DSC07566.jpg \/><\/a><br \/>\n^ Die letzten Schneereste im Gel\u00e4nde werden auf die DSB-Zufahrt verschoben<\/p>\n<p><a href='http:\/\/ski.inmontanis.info\/d\/265067-2\/DSC07571.jpg'><img src=http:\/\/ski.inmontanis.info\/d\/265066-3\/DSC07571.jpg \/><\/a><br \/>\n^ ZwiDeGo mit wohl auch einigen meiner alten Spuren von vor 2 Wochen, die letztes WE vom Neuschnee bedeckt waren ..<\/p>\n<p><a href='http:\/\/ski.inmontanis.info\/d\/265071-2\/DSC07572.jpg'><img src=http:\/\/ski.inmontanis.info\/d\/265070-3\/DSC07572.jpg \/><\/a><br \/>\n^ ZwiDeGo, links bin ich heute nur 1x gefahren, rechts \u00f6fters, allerdings waren auch andere unterwegs<\/p>\n<p><a href='http:\/\/ski.inmontanis.info\/d\/265075-2\/DSC07575.jpg'><img src=http:\/\/ski.inmontanis.info\/d\/265074-3\/DSC07575.jpg \/><\/a><br \/>\n^ Viel befahren &#8211; nicht nur durch mich, aber vmtl. haupts\u00e4chlich ;)<\/p>\n<p>Alles in Allem ein lohnenswerter Tag heute gewesen.<\/p>\n<p><strong>So, 21.7.2019<\/strong><\/p>\n<p>Vor 1-2 Monaten hab ich einen Gro\u00dfteil meines Sommerurlaubs geplant und mehrere F\u00e4hren gebucht. Eine Sache hatte ich damals aber auslassen, da ich mich noch nicht f\u00fcr das Wann, die Richtung, wie lang jeweils und die verwendeten F\u00e4hrverbindungen entscheiden konnte. Da aber nun die Zeit knapp wird und die F\u00e4hren langsam ausgebucht sein k\u00f6nnten, war es an der Zeit, das endlich zu fixieren. So verbrachte ich etliche Stunden diese Woche damit, nochmals alle M\u00f6glichkeiten durchzugehen. Vorgestern Abend entschied ich mich endlich f\u00fcr eine Variante, ging die F\u00e4hren durch &#8211; eine war schon nicht mehr buchbar. Also gestern nochmal die anderen Varianten durchgespielt und Bilder zu den Inseln gesucht, um die Verweildauer auf den einzelnen Abschnitten zu bestimmen und dabei bemerkt, dass ich eine der kleinen Inseln, die ich auslassen wollte, doch besuchen sollte.<\/p>\n<p>Heute fr\u00fch wollte ich die 4 F\u00e4hrstrecken in Schottland nun endlich fix buchen, somit ich knapp eine Stunde sp\u00e4ter wegkam als gewollt, denn die Wettervorhersagen meldeten weiterhin ab Mittag regnerisch, so dass man fr\u00fcher h\u00e4tte fahren sollen. Ein letzter Blick auf die Bergfex-Vorhersage zeigte nun sogar schon vormittags Regen. Oder fahr ich gar nicht? Aber ich hatte schon alles zusammengepackt. Immerhin ist zumindest aktuell noch kein Nebel .. das hat sich bis 10 Uhr, als ich dann oben war, nat\u00fcrlich ge\u00e4ndert.<\/p>\n<p>Ein bisschen Sonne gab&#8217;s dank Sturm aber auch, f\u00fcr ein paar Fahrten am Olperer war das Wetter schon OK, aber der Schnee war wie erwartet (gestern Abend Regen + Nacht bew\u00f6lkt\/bedeckt) durchgeweicht, aufgefahren, und an den O-Abfahrten musste man unten schieben. Um 11 kam wieder Nebel und ich st\u00fcrmte das Salatbuffet.<\/p>\n<p>Als ich um 11.45 wieder vor die T\u00fcr trat, regnete es. Fuhr aber nochmal rauf f\u00fcr eine ZwiDeGo-Fahrt. Die DSB-Abfahrt war grausig, aber ZwiDeGo ging&#8217;s ganz gut und weil der Regen aufh\u00f6rte und die Sonne wieder spitzte, fuhr ich nochmals rauf, evtl. geht&#8217;s ja am GW-SL noch brauchbar?<\/p>\n<p>Wieder an der Bergstation angekommen, fiel mir auf, dass der Rei\u00dfverschluss meiner Jacke hin ist und nicht mehr zu schlie\u00dfen geht. Muss sich wohl im Sitz verkeilt haben. Also die Jacke mit dem Bauchgurt des Rucksacks fixieren? Ging auch nicht, die Plastikverschl\u00fcsse hatten sich den Winter \u00fcber wohl auch zu oft an Sessellliften verkeilt und sind nach und nach abgebrochen. So musste die Jacke offen bleiben, folglich sollte man runterfahren, bevor es wieder regnet. Also nur 2x den GW-SL gefahren und nochmal ZwiDeGo, hat aber eh gereicht, oben war es einfach nervig, auf der Talfahrt hatte es dann tats\u00e4chlich geregnet.<\/p>\n<p><a href='http:\/\/ski.inmontanis.info\/d\/265079-2\/DSC07578.jpg'><img src=http:\/\/ski.inmontanis.info\/d\/265078-3\/DSC07578.jpg \/><\/a><br \/>\n^ Linker O-SL, ist noch in Revision, aber von gestern auf heute wurde hier Schnee \u00fcber die St\u00fctze gefahren<\/p>\n<p><a href='http:\/\/ski.inmontanis.info\/d\/265083-2\/DSC07581.jpg'><img src=http:\/\/ski.inmontanis.info\/d\/265082-3\/DSC07581.jpg \/><\/a><br \/>\n^ Der Schreitbagger schritt zumindet zur Ausstiegsst\u00fctze des linken O-SL hinauf<\/p>\n<p>Ob das das letzte ZwiDeGo-WE war? Eine der Verbindungen sollte n\u00e4chstes WE schon noch gehen und oben an der DSB kann man zur Not abschnallen&#8230; <\/p>\n","protected":false},"excerpt":{"rendered":"<p>Sa, 20.7.2019<\/p>\n<p>Die Nacht verlief recht klar, weshalb die GW morgens sehr hart, aber noch griffig war. Weicher war&#8217;s am Olperer, wo ich 6x fuhr, allerdings auf der Piste dann schon etwas tief aufgefahren. ZwiDeGo war&#8217;s um 11 Uhr im oberen Bereich allerdings noch etwas zu hart. Die GW ging gegen 12\/13 Uhr sehr gut, <a href=\"http:\/\/blog.inmontanis.info\/?p=5713\">[&#8230;]<\/a><\/p>\n","protected":false},"author":1,"featured_media":0,"comment_status":"closed","ping_status":"closed","sticky":false,"template":"","format":"standard","meta":{"footnotes":""},"categories":[246,25,13,28],"tags":[38,47],"class_list":["post-5713","post","type-post","status-publish","format-standard","hentry","category-hintertux","category-noreport","category-austria","category-skifahren-sommer","tag-dsb","tag-sl","odd"],"_links":{"self":[{"href":"http:\/\/blog.inmontanis.info\/index.php?rest_route=\/wp\/v2\/posts\/5713","targetHints":{"allow":["GET"]}}],"collection":[{"href":"http:\/\/blog.inmontanis.info\/index.php?rest_route=\/wp\/v2\/posts"}],"about":[{"href":"http:\/\/blog.inmontanis.info\/index.php?rest_route=\/wp\/v2\/types\/post"}],"author":[{"embeddable":true,"href":"http:\/\/blog.inmontanis.info\/index.php?rest_route=\/wp\/v2\/users\/1"}],"replies":[{"embeddable":true,"href":"http:\/\/blog.inmontanis.info\/index.php?rest_route=%2Fwp%2Fv2%2Fcomments&post=5713"}],"version-history":[{"count":2,"href":"http:\/\/blog.inmontanis.info\/index.php?rest_route=\/wp\/v2\/posts\/5713\/revisions"}],"predecessor-version":[{"id":5715,"href":"http:\/\/blog.inmontanis.info\/index.php?rest_route=\/wp\/v2\/posts\/5713\/revisions\/5715"}],"wp:attachment":[{"href":"http:\/\/blog.inmontanis.info\/index.php?rest_route=%2Fwp%2Fv2%2Fmedia&parent=5713"}],"wp:term":[{"taxonomy":"category","embeddable":true,"href":"http:\/\/blog.inmontanis.info\/index.php?rest_route=%2Fwp%2Fv2%2Fcategories&post=5713"},{"taxonomy":"post_tag","embeddable":true,"href":"http:\/\/blog.inmontanis.info\/index.php?rest_route=%2Fwp%2Fv2%2Ftags&post=5713"}],"curies":[{"name":"wp","href":"https:\/\/api.w.org\/{rel}","templated":true}]}}