{"id":5710,"date":"2019-06-08T22:14:31","date_gmt":"2019-06-08T20:14:31","guid":{"rendered":"http:\/\/blog.inmontanis.info\/?p=5710"},"modified":"2023-08-03T22:02:00","modified_gmt":"2023-08-03T20:02:00","slug":"korblift-fedaia-marmolada-sommerski-8-6-2019","status":"publish","type":"post","link":"http:\/\/blog.inmontanis.info\/?p=5710","title":{"rendered":"Korblift Fedaia\/Marmolada Sommerski, 8.6.2019"},"content":{"rendered":"<p><strong>Sa, 8.6.2019<\/strong><\/p>\n<p>Wie es am 1.5. zu erwarten war, lag am Fedaia-Korblift zum heutigen Beginn der Sommersaison noch genug Schnee, dass man Skifahren k\u00f6nnte. Ob man wie vor 4 Jahren aufgrund der neuen Betreiber noch d\u00fcrfte und ob man noch eine Tageskarte bek\u00e4me, war jedoch unbekannt. Nebenbei hat man sich in Slowenien mal eben entschieden, von Freitag bis Sonntag am Kanin Sommerski anzubieten. Leider nur von 8:30-11 Uhr, also sollte man fr\u00fch dran sein. Und in Kombination mit dem Fedaia-Korblift w\u00e4re das ja gar nicht mal so umwegig. Wetterm\u00e4\u00dfig sollte es am Sonntag am Kanin recht sonnig werden, am Fedaia Samstag besser als am (Pfingst-) Montag und am Hintertuxer am Montag besser als Samstag. Dann also Samstag Fedaia, Sonntag Kanin und evtl. Montag Hintertux. (Leider hatte der M\u00f6lltaler noch nicht offen, sonst w\u00e4re ich dort am Montag hin.)<\/p>\n<p>Da ich also nicht wusste, ob ich eine Tageskarte bek\u00e4me und wie der Schnee morgens ist, musste ich nicht zu fr\u00fch dort sein. Aber am Brenner gibt&#8217;s heut sicher Stau, also auch nicht zu sp\u00e4t. 7 Uhr Abfahrt schien mir als Kompromiss noch gut, um kurz vor 7 Uhr zeigten die Webcams auf der Brenner-Autobahn auch noch halbwegs z\u00fcgigen Verkehr, vorsichtshalber bin ich aber erst mal Innsbruck S\u00fcd rauf, da sah man schon \u00fcberall Stau auf der Autobahn wg. der dauernden Baustelle an der Europabr\u00fccke. Also auf der Bundesstra\u00dfe weiter? Da ging bei der Tankstelle komischerweise gar nix mehr weiter?! Unfall? Stau? Also doch auf die Autobahn in den Stau gestellt. War auch ein bl\u00f6de Idee. H\u00e4tte gleich \u00fcber Igels bei  Patsch auf die Autobahn fahren sollen. In S\u00fcdtirol gab&#8217;s ebenfalls Stau vor Sterzing lt. GMaps und sp\u00e4ter auch nochmals, also sparte ich mir die Mautautobahn in IT ab dem Brenner.<\/p>\n<p>(Fotos anklicken zum Vergr\u00f6\u00dfern)<\/p>\n<p><a href='http:\/\/extra.inmontanis.info\/d\/53781-2\/DSC06708.jpg'><img src=http:\/\/extra.inmontanis.info\/d\/53780-3\/DSC06708.jpg \/><\/a><br \/>\n^ Mordsstau laufend wg. der bl\u00f6den, monatelangen Baustelle an der Europabr\u00fccke &#8211; und dann sieht man nicht mal Arbeiter ..<\/p>\n<p><a href='http:\/\/ski.inmontanis.info\/d\/264783-2\/DSC06710.jpg'><img src=http:\/\/ski.inmontanis.info\/d\/264782-3\/DSC06710.jpg \/><\/a><br \/>\n^ Hinauf zum Sellajoch<\/p>\n<p><a href='http:\/\/ski.inmontanis.info\/d\/264787-2\/DSC06712.jpg'><img src=http:\/\/ski.inmontanis.info\/d\/264786-3\/DSC06712.jpg \/><\/a><br \/>\n^ Sellajoch<\/p>\n<p><a href='http:\/\/ski.inmontanis.info\/d\/264791-2\/DSC06714.jpg'><img src=http:\/\/ski.inmontanis.info\/d\/264790-3\/DSC06714.jpg \/><\/a><br \/>\n^ Sellajoch vs. Marmolada<\/p>\n<p><a href='http:\/\/ski.inmontanis.info\/d\/264795-2\/DSC06716.jpg'><img src=http:\/\/ski.inmontanis.info\/d\/264794-3\/DSC06716.jpg \/><\/a><br \/>\n^ Blick zur Korblift-Au\u00dfenrumvariante, da l\u00e4g noch mehr Schnee als bei meiner Befahrung mit Kris im Juni 2014.. (au\u00dferdem sieht man evtl. die Lage der beiden Retourwege)<\/p>\n<p><a href='http:\/\/ski.inmontanis.info\/d\/264799-2\/DSC06718.jpg'><img src=http:\/\/ski.inmontanis.info\/d\/264798-3\/DSC06718.jpg \/><\/a><br \/>\n^ Auch an der Abfahrt und den direkten Varianten am Korblift liegt noch genug Schnee f\u00fcr genug Abwechslung heute<\/p>\n<p>Gegen kurz nach 10:30 Uhr war ich dann endlich am Korblift, es standen sehr wenig Autos da. Einzelfahrten kosten mittlerweile 9,50 \u20ac statt 5,- wie 2014 und im Gegensatz zu 2014 verkauft man keine Tageskarten mehr. Wobei nat\u00fcrlich die Dolomiti-Sommer-Tageskarte gelten w\u00fcrde (die ist mir dann noch eingefallen), aber die wird hier oben leider nicht verkauft und auf nochmals runterfahren und irgendwo eine offene Skipasskasse suchen hatte ich auch keine Lust. Andererseits, 4 Fahrten w\u00e4ren mit 38.- wohl noch g\u00fcnstiger als die Dolomiti-TK und 5 Fahrten wohl nur minimal teurer, hatte ich vor ein paar Jahren doch schon \u00fcber 40,- gezahlt. <\/p>\n<p>Nach der 3. Bergfahrt bin ich oben ins Rifugio gegangen mit Hoffnung auf Salsiccia+Polenta. Das hat dann auch geklappt, Polenta war mir aber zu viel. Da ich f\u00fcr heute Nachmittag keine weiteren Ziele hatte und noch nicht mal wusste, wo ich schlafen w\u00fcrde (irgendwas mit Pano \u00fcber der Ebene oder zum Meer w\u00e4re ja nett, oder bis nach Slowenien, um morgen nicht vor evtl. einer gesperrten Stra\u00dfe zu stranden &#8211; f\u00fcr Umwege ist der Skitag morgen am Kanin ja doch etwas zu kurz.) bin ich nach der 4. Fahrt  zum Auto und hab die Routenm\u00f6glichkeiten f\u00fcr heute Abend gecheckt und und fuhr noch ein letztes, 5. Mal (mittlerweile nach 15 Uhr und der Schnee war immer noch fahrbar) und voraussichtlich nun wirklich das letzte mal mit Skiern in einem Graffer-Korb.<\/p>\n<p><a href='http:\/\/ski.inmontanis.info\/d\/264591-3\/ge20190501f.jpg'><img src=http:\/\/ski.inmontanis.info\/d\/264590-4\/ge20190501f.jpg \/><\/a><br \/>\n^ GPS-Track, Gelb 1.5.2019, Orange 8.6.2019 (5 Fahrten), Blau vorherige Besuche<\/p>\n<p><a href='http:\/\/ski.inmontanis.info\/d\/264803-2\/DSC06720.jpg'><img src=http:\/\/ski.inmontanis.info\/d\/264802-3\/DSC06720.jpg \/><\/a><br \/>\n^ Abfahrt im unteren Teil und Skifahrer sind auch schon da<\/p>\n<p><a href='http:\/\/ski.inmontanis.info\/d\/264807-2\/DSC06722.jpg'><img src=http:\/\/ski.inmontanis.info\/d\/264806-3\/DSC06722.jpg \/><\/a><br \/>\n^ An dem kleinen See in Bildmitte musste man von der Abfahrt kommend abschnallen, das war das einzige St\u00fcck.<\/p>\n<p><a href='http:\/\/ski.inmontanis.info\/d\/264811-2\/DSC06727.jpg'><img src=http:\/\/ski.inmontanis.info\/d\/264810-3\/DSC06727.jpg \/><\/a><br \/>\n^ Alle Varianten bei kaum Eierkartonschnee fahrbar<\/p>\n<p><a href='http:\/\/ski.inmontanis.info\/d\/264815-2\/DSC06733.jpg'><img src=http:\/\/ski.inmontanis.info\/d\/264814-3\/DSC06733.jpg \/><\/a><br \/>\n^ Der Stausee ist auch noch gefroren<\/p>\n<p><a href='http:\/\/ski.inmontanis.info\/d\/264819-2\/DSC06734.jpg'><img src=http:\/\/ski.inmontanis.info\/d\/264818-3\/DSC06734.jpg \/><\/a><br \/>\n^ Ganz egal was f\u00fcr ein Nachfolgerlift gebaut wird, so eine Graffer-St\u00fctzentrilogie ist sch\u00f6ner.<\/p>\n<p><a href='http:\/\/ski.inmontanis.info\/d\/264823-2\/DSC06736.jpg'><img src=http:\/\/ski.inmontanis.info\/d\/264822-3\/DSC06736.jpg \/><\/a><br \/>\n^ Korblift ohne sichtbare Abfahrt<\/p>\n<p><a href='http:\/\/ski.inmontanis.info\/d\/264827-2\/DSC06741.jpg'><img src=http:\/\/ski.inmontanis.info\/d\/264826-3\/DSC06741.jpg \/><\/a><br \/>\n^ Bergstation<\/p>\n<p><a href='http:\/\/ski.inmontanis.info\/d\/264831-2\/DSC06742.jpg'><img src=http:\/\/ski.inmontanis.info\/d\/264830-3\/DSC06742.jpg \/><\/a><br \/>\n^ Bergstation<\/p>\n<p><a href='http:\/\/ski.inmontanis.info\/d\/264835-2\/DSC06743.jpg'><img src=http:\/\/ski.inmontanis.info\/d\/264834-3\/DSC06743.jpg \/><\/a><br \/>\n^ \u00dcber der Bergstation<\/p>\n<p><a href='http:\/\/ski.inmontanis.info\/d\/264839-2\/DSC06745.jpg'><img src=http:\/\/ski.inmontanis.info\/d\/264838-3\/DSC06745.jpg \/><\/a><br \/>\n^ Bergstation<\/p>\n<p><a href='http:\/\/ski.inmontanis.info\/d\/264843-2\/DSC06748.jpg'><img src=http:\/\/ski.inmontanis.info\/d\/264842-3\/DSC06748.jpg \/><\/a><br \/>\n^ Variante rechts<\/p>\n<p><a href='http:\/\/ski.inmontanis.info\/d\/264847-2\/DSC06750.jpg'><img src=http:\/\/ski.inmontanis.info\/d\/264846-3\/DSC06750.jpg \/><\/a><br \/>\n^ Ex-Fundamente; zu den Fundamente der beiden ESL, der unvollendeten DSB, der unvollendeten Agudio-6EUB und des Korblifts werden sich wohl  bald die Fundamente einer neuen EUB gesellen.<\/p>\n<p><a href='http:\/\/ski.inmontanis.info\/d\/264851-2\/DSC06751.jpg'><img src=http:\/\/ski.inmontanis.info\/d\/264850-3\/DSC06751.jpg \/><\/a><br \/>\n^ Na toll, vom Lift aus ist immer alles klar, aber wenn man hier unten ist, wei\u00df man es doch nie, wo man fahren soll, damit man a) dort hinkommt, wo man hinwollte bzw. b) \u00fcberhaupt irgendwie durchkommt<\/p>\n<p><a href='http:\/\/ski.inmontanis.info\/d\/264855-2\/DSC06753.jpg'><img src=http:\/\/ski.inmontanis.info\/d\/264854-3\/DSC06753.jpg \/><\/a><br \/>\n^ Ich fuhr mal diese Querrinne<\/p>\n<p><a href='http:\/\/ski.inmontanis.info\/d\/264859-2\/DSC06754.jpg'><img src=http:\/\/ski.inmontanis.info\/d\/264858-3\/DSC06754.jpg \/><\/a><br \/>\n^ Korblift<\/p>\n<p><a href='http:\/\/ski.inmontanis.info\/d\/264863-2\/DSC06757.jpg'><img src=http:\/\/ski.inmontanis.info\/d\/264862-3\/DSC06757.jpg \/><\/a><br \/>\n^ links oder rechts, was ist besser..<\/p>\n<p><a href='http:\/\/ski.inmontanis.info\/d\/264867-2\/DSC06760.jpg'><img src=http:\/\/ski.inmontanis.info\/d\/264866-3\/DSC06760.jpg \/><\/a><br \/>\n^ .. das war jedenfalls eine Sackgasse. Abschnallen, bissl rauflaufen, \u00fcber einen Stein zu einem anderen Schneefeld queren.<\/p>\n<p><a href='http:\/\/ski.inmontanis.info\/d\/264871-2\/DSC06762.jpg'><img src=http:\/\/ski.inmontanis.info\/d\/264870-3\/DSC06762.jpg \/><\/a><br \/>\n^ Abfahrt bis zur Talstation<\/p>\n<p><a href='http:\/\/ski.inmontanis.info\/d\/264875-2\/DSC06763.jpg'><img src=http:\/\/ski.inmontanis.info\/d\/264874-3\/DSC06763.jpg \/><\/a><br \/>\n^ Hier geht normalerweise die Abfahrt<\/p>\n<p><a href='http:\/\/ski.inmontanis.info\/d\/264879-2\/DSC06764.jpg'><img src=http:\/\/ski.inmontanis.info\/d\/264878-3\/DSC06764.jpg \/><\/a><\/p>\n<p><a href='http:\/\/ski.inmontanis.info\/d\/264883-2\/DSC06765.jpg'><img src=http:\/\/ski.inmontanis.info\/d\/264882-3\/DSC06765.jpg \/><\/a><\/p>\n<p><a href='http:\/\/ski.inmontanis.info\/d\/264887-2\/DSC06766.jpg'><img src=http:\/\/ski.inmontanis.info\/d\/264886-3\/DSC06766.jpg \/><\/a><\/p>\n<p><a href='http:\/\/ski.inmontanis.info\/d\/264891-2\/DSC06767.jpg'><img src=http:\/\/ski.inmontanis.info\/d\/264890-3\/DSC06767.jpg \/><\/a><\/p>\n<p><a href='http:\/\/ski.inmontanis.info\/d\/264895-2\/DSC06768.jpg'><img src=http:\/\/ski.inmontanis.info\/d\/264894-3\/DSC06768.jpg \/><\/a><br \/>\n^ auch auf dieser Seite ist es nicht wirklich besser erkennbar, wie man am besten runterkommt..<\/p>\n<p><a href='http:\/\/ski.inmontanis.info\/d\/264899-2\/DSC06769.jpg'><img src=http:\/\/ski.inmontanis.info\/d\/264898-3\/DSC06769.jpg \/><\/a><br \/>\n^ .. es wird dichter ..<\/p>\n<p><a href='http:\/\/ski.inmontanis.info\/d\/264903-2\/DSC06770.jpg'><img src=http:\/\/ski.inmontanis.info\/d\/264902-3\/DSC06770.jpg \/><\/a><br \/>\n^ .. aber man kommt durch, puh.<\/p>\n<p><a href='http:\/\/ski.inmontanis.info\/d\/264907-2\/IMG_20190608_12531101_full_2x1.jpg'><img src=http:\/\/ski.inmontanis.info\/d\/264906-3\/IMG_20190608_12531101_full_2x1.jpg \/><\/a><br \/>\n^ Mittagessen, Salsiccia mit Polenta .. oder Polenta mit Salsiccia<\/p>\n<p><a href='http:\/\/ski.inmontanis.info\/d\/264911-2\/DSC06771.jpg'><img src=http:\/\/ski.inmontanis.info\/d\/264910-3\/DSC06771.jpg \/><\/a><br \/>\n^ .. jedenfalls eine nette Unterlage, sogar mit eingezeichnetem Korblif, die nahm ich mir als Erinnerung mit.<\/p>\n<p><a href='http:\/\/ski.inmontanis.info\/d\/264915-2\/DSC06773.jpg'><img src=http:\/\/ski.inmontanis.info\/d\/264914-3\/DSC06773.jpg \/><\/a><br \/>\n^ Bergstation<\/p>\n<p><a href='http:\/\/ski.inmontanis.info\/d\/264919-2\/DSC06774.jpg'><img src=http:\/\/ski.inmontanis.info\/d\/264918-3\/DSC06774.jpg \/><\/a><br \/>\n^ Bergstation<\/p>\n<p><a href='http:\/\/ski.inmontanis.info\/d\/264923-2\/DSC06777.jpg'><img src=http:\/\/ski.inmontanis.info\/d\/264922-3\/DSC06777.jpg \/><\/a><br \/>\n^ Variante links, ging besser als am 1.5.<\/p>\n<p><a href='http:\/\/ski.inmontanis.info\/d\/264927-2\/DSC06778.jpg'><img src=http:\/\/ski.inmontanis.info\/d\/264926-3\/DSC06778.jpg \/><\/a><br \/>\n^ Variante links<\/p>\n<p><a href='http:\/\/ski.inmontanis.info\/d\/264931-2\/DSC06780.jpg'><img src=http:\/\/ski.inmontanis.info\/d\/264930-3\/DSC06780.jpg \/><\/a><br \/>\n^ Variante links<\/p>\n<p><a href='http:\/\/ski.inmontanis.info\/d\/264935-2\/DSC06783.jpg'><img src=http:\/\/ski.inmontanis.info\/d\/264934-3\/DSC06783.jpg \/><\/a><br \/>\n^ Variante links<\/p>\n<p><a href='http:\/\/ski.inmontanis.info\/d\/264939-2\/DSC06787.jpg'><img src=http:\/\/ski.inmontanis.info\/d\/264938-3\/DSC06787.jpg \/><\/a><br \/>\n^ Abfahrt im unteren Teil, ging sogar durch und noch recht steinfrei<\/p>\n<p><a href='http:\/\/ski.inmontanis.info\/d\/264943-2\/DSC06791.jpg'><img src=http:\/\/ski.inmontanis.info\/d\/264942-3\/DSC06791.jpg \/><\/a><br \/>\n^ Vom Lift aus hatte ich mir nochmal eine Variante \u00fcberlegt, ob ich sie wohl irgendwann genauso fahren kann, wie ich m\u00f6chte?<\/p>\n<p><a href='http:\/\/ski.inmontanis.info\/d\/264947-2\/DSC06792.jpg'><img src=http:\/\/ski.inmontanis.info\/d\/264946-3\/DSC06792.jpg \/><\/a><\/p>\n<p><a href='http:\/\/ski.inmontanis.info\/d\/264951-2\/DSC06793.jpg'><img src=http:\/\/ski.inmontanis.info\/d\/264950-3\/DSC06793.jpg \/><\/a><\/p>\n<p><a href='http:\/\/ski.inmontanis.info\/d\/264955-2\/DSC06795.jpg'><img src=http:\/\/ski.inmontanis.info\/d\/264954-3\/DSC06795.jpg \/><\/a><\/p>\n<p><a href='http:\/\/ski.inmontanis.info\/d\/264959-2\/DSC06797.jpg'><img src=http:\/\/ski.inmontanis.info\/d\/264958-3\/DSC06797.jpg \/><\/a><\/p>\n<p><a href='http:\/\/ski.inmontanis.info\/d\/264963-2\/DSC06798.jpg'><img src=http:\/\/ski.inmontanis.info\/d\/264962-3\/DSC06798.jpg \/><\/a><br \/>\n^ Die ist wohl nicht mehr im Einsatz<\/p>\n<p><a href='http:\/\/ski.inmontanis.info\/d\/264967-2\/DSC06799.jpg'><img src=http:\/\/ski.inmontanis.info\/d\/264966-3\/DSC06799.jpg \/><\/a><\/p>\n<p><a href='http:\/\/ski.inmontanis.info\/d\/264971-2\/DSC06800.jpg'><img src=http:\/\/ski.inmontanis.info\/d\/264970-3\/DSC06800.jpg \/><\/a><\/p>\n<p><a href='http:\/\/ski.inmontanis.info\/d\/264975-2\/DSC06801.jpg'><img src=http:\/\/ski.inmontanis.info\/d\/264974-3\/DSC06801.jpg \/><\/a><br \/>\n^ so, wo wollte ich da jetzt nochmal fahren ..<\/p>\n<p><a href='http:\/\/ski.inmontanis.info\/d\/264979-2\/DSC06802.jpg'><img src=http:\/\/ski.inmontanis.info\/d\/264978-3\/DSC06802.jpg \/><\/a><br \/>\n^ Bergstation; eine Zeit lang hat Graffer ja Spitzd\u00e4cher gebaut. Letzte Fahrt, nun endg\u00fcltig der Abschied f\u00fcr immer.<\/p>\n<p><a href='http:\/\/ski.inmontanis.info\/d\/264983-2\/DSC06805.jpg'><img src=http:\/\/ski.inmontanis.info\/d\/264982-3\/DSC06805.jpg \/><\/a><br \/>\n^ Die letzte Abfahrt<\/p>\n<p><a href='http:\/\/ski.inmontanis.info\/d\/264987-2\/DSC06809.jpg'><img src=http:\/\/ski.inmontanis.info\/d\/264986-3\/DSC06809.jpg \/><\/a><br \/>\n^ Das vorletzte Bild<\/p>\n<p><a href='http:\/\/ski.inmontanis.info\/d\/264991-2\/DSC06811.jpg'><img src=http:\/\/ski.inmontanis.info\/d\/264990-3\/DSC06811.jpg \/><\/a><br \/>\n^ .. das letzte Schneebild mit Korblift.<\/p>\n<p><a href='http:\/\/ski.inmontanis.info\/d\/264995-2\/DSC06812.jpg'><img src=http:\/\/ski.inmontanis.info\/d\/264994-3\/DSC06812.jpg \/><\/a><br \/>\n^ Der kleine See, an dem man abschnallen musste + in Bildmitte die Sackgasse von meiner ersten Fahrt<\/p>\n<p>Um mir heute Abend kein Restaurant suchen zu m\u00fcssen, kaufte ich noch ein Eis und ein Salsiccia-Panino an der Bar n\u00e4he Korblift, das Panino a\u00df ich dann sp\u00e4ter kalt. \u00dcber kleinere Stra\u00dfen bin ich dann nach Slowenien r\u00fcber und noch zum Kolovrat rauf um oben am (ruhigen) Parkplatz zu \u00fcbernachten.<\/p>\n<p><a href='http:\/\/extra.inmontanis.info\/d\/53785-2\/ge2019060809a.jpg'><img src=http:\/\/extra.inmontanis.info\/d\/53784-3\/ge2019060809a.jpg \/><\/a><br \/>\n^ Fahrstrecke 8.+9.6.<br \/>\nF) Fedaia-Pass\/Korblift<br \/>\nK) Kanin (Bovec)<\/p>\n<p><a href='http:\/\/extra.inmontanis.info\/d\/53789-2\/DSC06813.jpg'><img src=http:\/\/extra.inmontanis.info\/d\/53788-3\/DSC06813.jpg \/><\/a><br \/>\n^ Heute Verkehrsbehinderung in Italien, morgen Verkehrsbehinderung in \u00d6sterreich jeweils wg. irgendwelchen Veranstaltungen, na nerv.<\/p>\n<p><a href='http:\/\/extra.inmontanis.info\/d\/53793-2\/DSC06815.jpg'><img src=http:\/\/extra.inmontanis.info\/d\/53792-3\/DSC06815.jpg \/><\/a><br \/>\n^ Tarcento-Platischis-Kobarid<\/p>\n<p><a href='http:\/\/extra.inmontanis.info\/d\/53797-2\/DSC06819.jpg'><img src=http:\/\/extra.inmontanis.info\/d\/53796-3\/DSC06819.jpg \/><\/a><br \/>\n^ Tarcento-Platischis-Kobarid<\/p>\n<p><a href='http:\/\/extra.inmontanis.info\/d\/53801-2\/DSC06825.jpg'><img src=http:\/\/extra.inmontanis.info\/d\/53800-3\/DSC06825.jpg \/><\/a><br \/>\n^ Tarcento-Platischis-Kobarid<\/p>\n<p><a href='http:\/\/extra.inmontanis.info\/d\/53805-2\/DSC06828.jpg'><img src=http:\/\/extra.inmontanis.info\/d\/53804-3\/DSC06828.jpg \/><\/a><br \/>\n^ Ponte Vittorio Emanuele III, ein sehr kleiner Grenz\u00fcbergang zwischen Italien und Slowenien<\/p>\n<p><a href='http:\/\/extra.inmontanis.info\/d\/53809-2\/DSC06829.jpg'><img src=http:\/\/extra.inmontanis.info\/d\/53808-3\/DSC06829.jpg \/><\/a><br \/>\n^ Ponte Vittorio Emanuele III, ein sehr kleiner Grenz\u00fcbergang zwischen Italien und Slowenien, auch auf slowenischer Seite gehts auf einer schmalen Stra\u00dfe den Berg hinauf .<\/p>\n<p><a href='http:\/\/extra.inmontanis.info\/d\/53813-2\/DSC06830.jpg'><img src=http:\/\/extra.inmontanis.info\/d\/53812-3\/DSC06830.jpg \/><\/a><br \/>\n^ Tarcento-Kobarid &#8230; wann und warum wurde dieser Grenz\u00fcbergang gebaut?! Oder geh\u00f6rten beim Bau der Br\u00fccke beide Seiten zum gleichen Staat?<\/p>\n<p><a href='http:\/\/extra.inmontanis.info\/d\/53817-2\/DSC06832.jpg'><img src=http:\/\/extra.inmontanis.info\/d\/53816-3\/DSC06832.jpg \/><\/a><br \/>\n^ Vor Breginj<\/p>\n<p><a href='http:\/\/extra.inmontanis.info\/d\/53821-2\/DSC06836.jpg'><img src=http:\/\/extra.inmontanis.info\/d\/53820-3\/DSC06836.jpg \/><\/a><br \/>\n^ Abendd\u00e4mmerung an der slowenischen Grenzkammstra\u00dfe \/ Kolovrat<\/p>\n<p><a href='http:\/\/extra.inmontanis.info\/d\/53825-2\/DSC06846.jpg'><img src=http:\/\/extra.inmontanis.info\/d\/53824-3\/DSC06846.jpg \/><\/a><br \/>\n^ Kolovrat \/ Parkplatz \/ 23:20 Uhr (2sec hangehalten\/angelehnt)<\/p>\n<p><a href='http:\/\/extra.inmontanis.info\/d\/53829-2\/DSC06848.jpg'><img src=http:\/\/extra.inmontanis.info\/d\/53828-3\/DSC06848.jpg \/><\/a><br \/>\n^ Nachthimmel (2sec handgehalten\/angelehnt)<\/p>\n<p>(Fortsetzung folgt.)<\/p>\n","protected":false},"excerpt":{"rendered":"<p>Sa, 8.6.2019<\/p>\n<p>Wie es am 1.5. zu erwarten war, lag am Fedaia-Korblift zum heutigen Beginn der Sommersaison noch genug Schnee, dass man Skifahren k\u00f6nnte. Ob man wie vor 4 Jahren aufgrund der neuen Betreiber noch d\u00fcrfte und ob man noch eine Tageskarte bek\u00e4me, war jedoch unbekannt. Nebenbei hat man sich in Slowenien mal eben entschieden, <a href=\"http:\/\/blog.inmontanis.info\/?p=5710\">[&#8230;]<\/a><\/p>\n","protected":false},"author":1,"featured_media":0,"comment_status":"closed","ping_status":"closed","sticky":false,"template":"","format":"standard","meta":{"footnotes":""},"categories":[489,15,59,28,17,81],"tags":[91,63,100,78,45],"class_list":["post-5710","post","type-post","status-publish","format-standard","hentry","category-fedaia-fiacconi","category-italienitaly","category-nostalgie","category-skifahren-sommer","category-slowenienslovenia","category-kurztrips","tag-graffer","tag-korblift","tag-langzeitbelichtung","tag-restschnee","tag-see","odd"],"_links":{"self":[{"href":"http:\/\/blog.inmontanis.info\/index.php?rest_route=\/wp\/v2\/posts\/5710","targetHints":{"allow":["GET"]}}],"collection":[{"href":"http:\/\/blog.inmontanis.info\/index.php?rest_route=\/wp\/v2\/posts"}],"about":[{"href":"http:\/\/blog.inmontanis.info\/index.php?rest_route=\/wp\/v2\/types\/post"}],"author":[{"embeddable":true,"href":"http:\/\/blog.inmontanis.info\/index.php?rest_route=\/wp\/v2\/users\/1"}],"replies":[{"embeddable":true,"href":"http:\/\/blog.inmontanis.info\/index.php?rest_route=%2Fwp%2Fv2%2Fcomments&post=5710"}],"version-history":[{"count":2,"href":"http:\/\/blog.inmontanis.info\/index.php?rest_route=\/wp\/v2\/posts\/5710\/revisions"}],"predecessor-version":[{"id":5712,"href":"http:\/\/blog.inmontanis.info\/index.php?rest_route=\/wp\/v2\/posts\/5710\/revisions\/5712"}],"wp:attachment":[{"href":"http:\/\/blog.inmontanis.info\/index.php?rest_route=%2Fwp%2Fv2%2Fmedia&parent=5710"}],"wp:term":[{"taxonomy":"category","embeddable":true,"href":"http:\/\/blog.inmontanis.info\/index.php?rest_route=%2Fwp%2Fv2%2Fcategories&post=5710"},{"taxonomy":"post_tag","embeddable":true,"href":"http:\/\/blog.inmontanis.info\/index.php?rest_route=%2Fwp%2Fv2%2Ftags&post=5710"}],"curies":[{"name":"wp","href":"https:\/\/api.w.org\/{rel}","templated":true}]}}