{"id":5702,"date":"2019-07-16T20:56:48","date_gmt":"2019-07-16T18:56:48","guid":{"rendered":"http:\/\/blog.inmontanis.info\/?p=5702"},"modified":"2023-08-03T22:17:41","modified_gmt":"2023-08-03T20:17:41","slug":"tribute-to-staunies-2016-2026-chapter-3-2019","status":"publish","type":"post","link":"http:\/\/blog.inmontanis.info\/?p=5702","title":{"rendered":"Tribute to Staunies, 2016-2026 {Chapter 3: 2019}"},"content":{"rendered":"<p><em>Einige Jahre lang stand immer ein &#8220;heuer ist das letzte Jahr&#8221; im Raum. F\u00fcr Juli 2016 wurde das endg\u00fcltige Ende des sch\u00f6nen, nostalgischen Staunies-Gondelkorbliftes in Cortina d&#8217;Ampezzo proklamiert. An einem der letzten Tage, am 16.7.2016, war ich noch einmal dort und kaufte mir die Dolomiti-&#8220;Superski&#8221;-Sommer-Tageskarte um 44,- \u20ac, um den ganzen Tag \u00fcber mehrmals mit dem Lift fahren zu k\u00f6nnen. Selbst im Winter bin ich ungern bereit, soviel f\u00fcr einen Skipass auszugeben ;-)<\/p>\n<p>376 Fotos hatte ich gemacht (mit diversen Objektiven), dazu 159 Videoclips mit fast 3 Stunden L\u00e4nge, sowohl mit der kleinen Actioncam, wie mit der gro\u00dfen Digicam.<\/p>\n<p>Ich hab ja bereits mehrere Berichte mit vielen Fotos von dem Lift online und wollte diesen letzten Bericht zur einj\u00e4hrigen Stilllegung 2017 ver\u00f6ffentlichen. Im Juli 2017 hatte ich mir das anders \u00fcberlegt: Ich werde die Fotos und Videos aufteilen. Auf 10 Teil-Berichte. Und von 2017 weg jedes Jahr im Juli einen weiteren Teil online stellen.<br \/>\n<\/em><\/p>\n<p>Hier also Teil 3, der Zeitraum der Fotos und Videos war ca. 11:25-11:55 Uhr.<\/p>\n<p>(Fotos anklicken zum Vergr\u00f6\u00dfern) <\/p>\n<p><a href='http:\/\/ski.inmontanis.info\/d\/264623-2\/DSC05115.jpg'><img src=http:\/\/ski.inmontanis.info\/d\/264622-3\/DSC05115.jpg \/><\/a><br \/>\n^ Strecke<\/p>\n<p><a href='http:\/\/ski.inmontanis.info\/d\/264627-2\/DSC05117.jpg'><img src=http:\/\/ski.inmontanis.info\/d\/264626-3\/DSC05117.jpg \/><\/a><br \/>\n^ Rot<\/p>\n<p><a href='http:\/\/ski.inmontanis.info\/d\/264631-2\/DSC05120.jpg'><img src=http:\/\/ski.inmontanis.info\/d\/264630-3\/DSC05120.jpg \/><\/a><br \/>\n^ Gelb<\/p>\n<p><a href='http:\/\/ski.inmontanis.info\/d\/264635-2\/DSC02636.jpg'><img src=http:\/\/ski.inmontanis.info\/d\/264634-3\/DSC02636.jpg \/><\/a><br \/>\n^ Strecke \/ Falschfarb-IR<\/p>\n<p><a href='http:\/\/ski.inmontanis.info\/d\/264639-2\/DSC02637_001.jpg'><img src=http:\/\/ski.inmontanis.info\/d\/264638-3\/DSC02637_001.jpg \/><\/a><br \/>\n^ Talstation \/ Falschfarb-IR<\/p>\n<p><a href='http:\/\/ski.inmontanis.info\/d\/264643-2\/DSC02639_001.jpg'><img src=http:\/\/ski.inmontanis.info\/d\/264642-3\/DSC02639_001.jpg \/><\/a><br \/>\n^ Strecke (IR)<\/p>\n<p><a href='http:\/\/ski.inmontanis.info\/d\/264647-2\/DSC02641.jpg'><img src=http:\/\/ski.inmontanis.info\/d\/264646-3\/DSC02641.jpg \/><\/a><br \/>\n^ IR \/ Talstation vs. Tofana<\/p>\n<p><a href='http:\/\/ski.inmontanis.info\/d\/264651-2\/DSC02643_001.jpg'><img src=http:\/\/ski.inmontanis.info\/d\/264650-3\/DSC02643_001.jpg \/><\/a><br \/>\n^ Strecke (IR)<\/p>\n<p><a href='http:\/\/ski.inmontanis.info\/d\/264655-2\/DSC02646.jpg'><img src=http:\/\/ski.inmontanis.info\/d\/264654-3\/DSC02646.jpg \/><\/a><br \/>\n^ (IR)<\/p>\n<p><a href='http:\/\/ski.inmontanis.info\/d\/264659-2\/DSC02649.jpg'><img src=http:\/\/ski.inmontanis.info\/d\/264658-3\/DSC02649.jpg \/><\/a><br \/>\n^ (IR)<\/p>\n<p><a href='http:\/\/ski.inmontanis.info\/d\/264663-2\/DSC05123.jpg'><img src=http:\/\/ski.inmontanis.info\/d\/264662-3\/DSC05123.jpg \/><\/a><br \/>\n^ Portalst\u00fctze Talstation<\/p>\n<p><a href='http:\/\/ski.inmontanis.info\/d\/264667-2\/DSC05124.jpg'><img src=http:\/\/ski.inmontanis.info\/d\/264666-3\/DSC05124.jpg \/><\/a><br \/>\n^ Portalst\u00fctze Talstation<\/p>\n<p><a href='http:\/\/ski.inmontanis.info\/d\/264671-2\/DSC05126.jpg'><img src=http:\/\/ski.inmontanis.info\/d\/264670-3\/DSC05126.jpg \/><\/a><br \/>\n^ Talstation<\/p>\n<p><a href='http:\/\/ski.inmontanis.info\/d\/264675-2\/DSC05127.jpg'><img src=http:\/\/ski.inmontanis.info\/d\/264674-3\/DSC05127.jpg \/><\/a><br \/>\n^ Portalst\u00fctze Talstation<\/p>\n<p><a href='http:\/\/ski.inmontanis.info\/d\/264679-2\/DSC05129.jpg'><img src=http:\/\/ski.inmontanis.info\/d\/264678-3\/DSC05129.jpg \/><\/a><br \/>\n^ Strecke<\/p>\n<p><a href='http:\/\/ski.inmontanis.info\/d\/264683-2\/DSC02651.jpg'><img src=http:\/\/ski.inmontanis.info\/d\/264682-3\/DSC02651.jpg \/><\/a><br \/>\n^ Strecke (IR)<\/p>\n<p><a href='http:\/\/ski.inmontanis.info\/d\/264687-2\/DSC02654_001.jpg'><img src=http:\/\/ski.inmontanis.info\/d\/264686-3\/DSC02654_001.jpg \/><\/a><br \/>\n^ Talstation \/ IR<\/p>\n<p><a href='http:\/\/ski.inmontanis.info\/d\/264691-2\/DSC05131.jpg'><img src=http:\/\/ski.inmontanis.info\/d\/264690-3\/DSC05131.jpg \/><\/a><br \/>\n^ Talstation<\/p>\n<p><a href='http:\/\/ski.inmontanis.info\/d\/264695-2\/DSC05134.jpg'><img src=http:\/\/ski.inmontanis.info\/d\/264694-3\/DSC05134.jpg \/><\/a><br \/>\n^ St\u00fctze 2<\/p>\n<p><a href='http:\/\/ski.inmontanis.info\/d\/264699-2\/DSC05135.jpg'><img src=http:\/\/ski.inmontanis.info\/d\/264698-3\/DSC05135.jpg \/><\/a><br \/>\n^ St\u00fctze 2<\/p>\n<p><a href='http:\/\/ski.inmontanis.info\/d\/264703-2\/DSC05136.jpg'><img src=http:\/\/ski.inmontanis.info\/d\/264702-3\/DSC05136.jpg \/><\/a><br \/>\n^ Rote Gondel mit Loch<\/p>\n<p><a href='http:\/\/ski.inmontanis.info\/d\/264707-2\/DSC05137.jpg'><img src=http:\/\/ski.inmontanis.info\/d\/264706-3\/DSC05137.jpg \/><\/a><br \/>\n^ Gelbe Gondel<\/p>\n<p><a href='http:\/\/ski.inmontanis.info\/d\/264711-2\/DSC05141.jpg'><img src=http:\/\/ski.inmontanis.info\/d\/264710-3\/DSC05141.jpg \/><\/a><br \/>\n^ Gelbe und rote Gondel, die wohl mal gelb war<\/p>\n<p>Und hier das dazu passende Videomaterial:<\/p>\n<p><object style=\"height: 500px; width: 900px\"><param name=\"movie\" value=\"http:\/\/www.youtube.com\/v\/Z_J0T22EOPg\"><\/param><param name=\"wmode\" value=\"transparent\"><\/param><embed src=\"http:\/\/www.youtube.com\/v\/Z_J0T22EOPg\" type=\"application\/x-shockwave-flash\" wmode=\"transparent\"  width=\"900\" height=\"480\"><\/embed><\/object><\/p>\n<p>(Fortsetzung folgt &#8211; im Juli 2020.) <\/p>\n","protected":false},"excerpt":{"rendered":"<p>Einige Jahre lang stand immer ein &#8220;heuer ist das letzte Jahr&#8221; im Raum. F\u00fcr Juli 2016 wurde das endg\u00fcltige Ende des sch\u00f6nen, nostalgischen Staunies-Gondelkorbliftes in Cortina d&#8217;Ampezzo proklamiert. An einem der letzten Tage, am 16.7.2016, war ich noch einmal dort und kaufte mir die Dolomiti-&#8220;Superski&#8221;-Sommer-Tageskarte um 44,- \u20ac, um den ganzen Tag \u00fcber mehrmals mit <a href=\"http:\/\/blog.inmontanis.info\/?p=5702\">[&#8230;]<\/a><\/p>\n","protected":false},"author":1,"featured_media":0,"comment_status":"closed","ping_status":"closed","sticky":false,"template":"","format":"standard","meta":{"footnotes":""},"categories":[500,24,15,59],"tags":[90,63],"class_list":["post-5702","post","type-post","status-publish","format-standard","hentry","category-cortina-dampezzo","category-tagestour","category-italienitaly","category-nostalgie","tag-infrarot","tag-korblift","odd"],"_links":{"self":[{"href":"http:\/\/blog.inmontanis.info\/index.php?rest_route=\/wp\/v2\/posts\/5702","targetHints":{"allow":["GET"]}}],"collection":[{"href":"http:\/\/blog.inmontanis.info\/index.php?rest_route=\/wp\/v2\/posts"}],"about":[{"href":"http:\/\/blog.inmontanis.info\/index.php?rest_route=\/wp\/v2\/types\/post"}],"author":[{"embeddable":true,"href":"http:\/\/blog.inmontanis.info\/index.php?rest_route=\/wp\/v2\/users\/1"}],"replies":[{"embeddable":true,"href":"http:\/\/blog.inmontanis.info\/index.php?rest_route=%2Fwp%2Fv2%2Fcomments&post=5702"}],"version-history":[{"count":1,"href":"http:\/\/blog.inmontanis.info\/index.php?rest_route=\/wp\/v2\/posts\/5702\/revisions"}],"predecessor-version":[{"id":5703,"href":"http:\/\/blog.inmontanis.info\/index.php?rest_route=\/wp\/v2\/posts\/5702\/revisions\/5703"}],"wp:attachment":[{"href":"http:\/\/blog.inmontanis.info\/index.php?rest_route=%2Fwp%2Fv2%2Fmedia&parent=5702"}],"wp:term":[{"taxonomy":"category","embeddable":true,"href":"http:\/\/blog.inmontanis.info\/index.php?rest_route=%2Fwp%2Fv2%2Fcategories&post=5702"},{"taxonomy":"post_tag","embeddable":true,"href":"http:\/\/blog.inmontanis.info\/index.php?rest_route=%2Fwp%2Fv2%2Ftags&post=5702"}],"curies":[{"name":"wp","href":"https:\/\/api.w.org\/{rel}","templated":true}]}}