{"id":5698,"date":"2019-05-01T21:34:34","date_gmt":"2019-05-01T19:34:34","guid":{"rendered":"http:\/\/blog.inmontanis.info\/?p=5698"},"modified":"2023-08-03T22:01:52","modified_gmt":"2023-08-03T20:01:52","slug":"korblift-fedaia-marmolada-1-5-2019-totgesagte-leben-langer-aber-nicht-ewig","status":"publish","type":"post","link":"http:\/\/blog.inmontanis.info\/?p=5698","title":{"rendered":"Korblift Fedaia\/Marmolada, 1.5.2019 &#8211; Totgesagte leben l\u00e4nger, aber nicht ewig"},"content":{"rendered":"<p>&#8220;Totgesagte leben l\u00e4nger&#8221;: So hie\u00df es bereits 2010 und immer wieder, es sei die letzte Saison f\u00fcr den Korblift am Fedaiapass. &#8220;Aber nicht ewig&#8221;, heuer soll nun definitiv Schluss sein. Grund genug, am letzten Winterbetriebstag nochmals vorbei zu fahren.<\/p>\n<p>Kalinigrad k\u00fcndigte sich ebenfalls an (somit haben wir es diesen Winter glatt 2x geschafft, gemeinsam Skifahren zu gehen), wobei er fr\u00fcher dran war als ich. Er sagte mir sp\u00e4ter, er h\u00e4tte um kurz nach 8 Uhr bereits am Anfang der Staumauer geparkt, weil diese bereits vollgeparkt war &#8211; als ich um kurz vor 9 Uhr an der Staumauer war, traf mich jedenfalls der Schlag, so voll war es. (Auch am Korblift sollte es den ganzen Tag \u00fcber leichte Wartezeiten geben.)<\/p>\n<p>Dennoch probierte ich es wie manch andere und fuhr die Staumauer bis hinter. F\u00fcr meinen kleinen Ignis wird doch noch irgendwo ein Platz sein? Es gab dann tats\u00e4chlich noch ein paar &#8220;Randpl\u00e4tze&#8221;, ich hielt vor einem, der sich an der Bushaltestelle hingestellt hatte, sp\u00e4ter stellte sich noch einer hinter mir hin (und parkte mich quasi ein), aber auch einige andere fanden noch irgendwo einen Platz. Puh, ich h\u00e4tte ja echt null Bock gehabt, \u00fcber die ganze Staumauer gehen zu m\u00fcssen. Nicht dass vor der Staumauer \u00fcberhaupt noch sonderlich viel Platz gewesen w\u00e4re. Sp\u00e4ter standen die Leute dann die Passstra\u00dfe entlang, haupts\u00e4chlich in den Lawinengalerien ..<\/p>\n<p>Es lag f\u00fcr den 1.5. heuer noch sehr viel Schnee, leider war er abseits der Piste teils bruchharschig und recht anstrengend. Die Piste ging morgens sehr gut (unten etwas knollig), sp\u00e4ter war alles etwas weicher, wobei Kaliningrad schon am fr\u00fchen Nachmittag ging und es egtl. danach offpiste noch viel angenehmer wurde.<\/p>\n<p>Kaliningrad \u00fcberredete mich dann auch, nochmals die rechte Au\u00dfenrumvariante zu fahren. Die bin ich mit Kris ja mal im Juni gefahren und fand sie extrem gef\u00e4hrlich. Nachdem ich sie nun ein zweites Mal gefahren bin: ein drittes Mal werd ich sie nicht mehr fahren. Zudem fand ich den Schnee heute auch nicht besonders gut. Bevor wir sie gefahren sind, hatten wir aber ein paar Leute unten gefragt, die gerade zur\u00fcck gekommen sind und bekamen eher unterschiedliche Meinungen, aber kommt wohl auf die Skier an, denn auch wir waren da unterschiedlicher Meinung, Kaliningrad hatte wohl weniger Probleme mit dem Schnee. <\/p>\n<p>In Summe war es f\u00fcr mich einer der besseren Skitage am Fedaia, wenn auch nat\u00fcrlich mit der Gewissheit, dass das nun das endg\u00fcltige Ende hier sein wird. Vielleicht das letzte Mal mit Skiern in einem Graffer-Korb, das machte mich traurig &#8230; und da muss man nochmals ausgiebig fotografieren: \u00fcber 340 2D- und 3D-Fotos (+ einige 3D-Filme), hier 97 davon (anklicken zum Vergr\u00f6\u00dfern):<\/p>\n<p><a href='http:\/\/ski.inmontanis.info\/d\/264235-2\/DSC05975.jpg'><img src=http:\/\/ski.inmontanis.info\/d\/264234-3\/DSC05975.jpg \/><\/a><br \/>\n^ Gr\u00f6den<\/p>\n<p><a href='http:\/\/ski.inmontanis.info\/d\/264239-2\/DSC05978.jpg'><img src=http:\/\/ski.inmontanis.info\/d\/264238-3\/DSC05978.jpg \/><\/a><br \/>\n^ Langkofel<\/p>\n<p><a href='http:\/\/ski.inmontanis.info\/d\/264243-2\/DSC05981.jpg'><img src=http:\/\/ski.inmontanis.info\/d\/264242-3\/DSC05981.jpg \/><\/a><br \/>\n^ Sellajoch<\/p>\n<p><a href='http:\/\/ski.inmontanis.info\/d\/264247-2\/DSC05983.jpg'><img src=http:\/\/ski.inmontanis.info\/d\/264246-3\/DSC05983.jpg \/><\/a><br \/>\n^ Sellajoch<\/p>\n<p><a href='http:\/\/ski.inmontanis.info\/d\/264251-2\/DSC05986.jpg'><img src=http:\/\/ski.inmontanis.info\/d\/264250-3\/DSC05986.jpg \/><\/a><br \/>\n^ Sellajoch<\/p>\n<p><a href='http:\/\/ski.inmontanis.info\/d\/264255-2\/DSC05994.jpg'><img src=http:\/\/ski.inmontanis.info\/d\/264254-3\/DSC05994.jpg \/><\/a><br \/>\n^ Fedaia-Stausee, WTF ist hier denn schon los?!<\/p>\n<p><a href='http:\/\/ski.inmontanis.info\/d\/264259-2\/DSC06004.jpg'><img src=http:\/\/ski.inmontanis.info\/d\/264258-3\/DSC06004.jpg \/><\/a><br \/>\n^ Korblift vs. Stausee, noch komplett Schneebedeckt, an einem 1.5. auch nicht allt\u00e4glich<\/p>\n<p><a href='http:\/\/ski.inmontanis.info\/d\/264263-2\/DSC06006.jpg'><img src=http:\/\/ski.inmontanis.info\/d\/264262-3\/DSC06006.jpg \/><\/a><br \/>\n^ Abfahrt<\/p>\n<p><a href='http:\/\/ski.inmontanis.info\/d\/264267-2\/DSC06010.jpg'><img src=http:\/\/ski.inmontanis.info\/d\/264266-3\/DSC06010.jpg \/><\/a><br \/>\n^ Lift, Abfahrt, Gipfel<\/p>\n<p><a href='http:\/\/ski.inmontanis.info\/d\/264271-2\/DSC06013.jpg'><img src=http:\/\/ski.inmontanis.info\/d\/264270-3\/DSC06013.jpg \/><\/a><br \/>\n^ Lift, Abfahrt, See<\/p>\n<p><a href='http:\/\/ski.inmontanis.info\/d\/264275-2\/DSC06020.jpg'><img src=http:\/\/ski.inmontanis.info\/d\/264274-3\/DSC06020.jpg \/><\/a><br \/>\n^ Abfahrt, Lift, Sella\/Piz Boe<\/p>\n<p><a href='http:\/\/ski.inmontanis.info\/d\/264279-2\/DSC06026.jpg'><img src=http:\/\/ski.inmontanis.info\/d\/264278-3\/DSC06026.jpg \/><\/a><br \/>\n^ Offpiste-Variante rechts au\u00dfenrum<\/p>\n<p><a href='http:\/\/ski.inmontanis.info\/d\/264283-2\/DSC06027.jpg'><img src=http:\/\/ski.inmontanis.info\/d\/264282-3\/DSC06027.jpg \/><\/a><br \/>\n^ Offpiste rechts vom Korblift<\/p>\n<p><a href='http:\/\/ski.inmontanis.info\/d\/264287-2\/DSC06029.jpg'><img src=http:\/\/ski.inmontanis.info\/d\/264286-3\/DSC06029.jpg \/><\/a><br \/>\n^ Offpiste rechts vom Korblift<\/p>\n<p><a href='http:\/\/ski.inmontanis.info\/d\/264291-2\/DSC06031.jpg'><img src=http:\/\/ski.inmontanis.info\/d\/264290-3\/DSC06031.jpg \/><\/a><\/p>\n<p><a href='http:\/\/ski.inmontanis.info\/d\/264295-2\/DSC06034.jpg'><img src=http:\/\/ski.inmontanis.info\/d\/264294-3\/DSC06034.jpg \/><\/a><br \/>\n^ Bergstation<\/p>\n<p><a href='http:\/\/ski.inmontanis.info\/d\/264299-2\/DSC06035.jpg'><img src=http:\/\/ski.inmontanis.info\/d\/264298-3\/DSC06035.jpg \/><\/a><br \/>\n^ Massen an Skitourengeher<\/p>\n<p><a href='http:\/\/ski.inmontanis.info\/d\/264303-2\/DSC06036.jpg'><img src=http:\/\/ski.inmontanis.info\/d\/264302-3\/DSC06036.jpg \/><\/a><br \/>\n^ Offpiste rechts vom Korblift<\/p>\n<p><a href='http:\/\/ski.inmontanis.info\/d\/264307-2\/DSC06037.jpg'><img src=http:\/\/ski.inmontanis.info\/d\/264306-3\/DSC06037.jpg \/><\/a><br \/>\n^ Offpiste rechts vom Korblift<\/p>\n<p><a href='http:\/\/ski.inmontanis.info\/d\/264311-2\/DSC06038.jpg'><img src=http:\/\/ski.inmontanis.info\/d\/264310-3\/DSC06038.jpg \/><\/a><br \/>\n^ Offpiste<\/p>\n<p><a href='http:\/\/ski.inmontanis.info\/d\/264315-2\/DSC06041.jpg'><img src=http:\/\/ski.inmontanis.info\/d\/264314-3\/DSC06041.jpg \/><\/a><br \/>\n^ Rechts-Au\u00dfenrumvariante<\/p>\n<p><a href='http:\/\/ski.inmontanis.info\/d\/264319-2\/DSC06042.jpg'><img src=http:\/\/ski.inmontanis.info\/d\/264318-3\/DSC06042.jpg \/><\/a><br \/>\n^ Rechts-Au\u00dfenrumvariante<\/p>\n<p><a href='http:\/\/ski.inmontanis.info\/d\/264323-2\/DSC06043.jpg'><img src=http:\/\/ski.inmontanis.info\/d\/264322-3\/DSC06043.jpg \/><\/a><br \/>\n^ Rechts-Au\u00dfenrumvariante, diese schmale Scharte sind wir allerdings nicht gefahren<\/p>\n<p><a href='http:\/\/ski.inmontanis.info\/d\/264327-2\/DSC06045.jpg'><img src=http:\/\/ski.inmontanis.info\/d\/264326-3\/DSC06045.jpg \/><\/a><br \/>\n^ .. sehr schmal, aber zugegebenerma\u00dfen nicht sehr steil, wie es scheint.<\/p>\n<p><a href='http:\/\/ski.inmontanis.info\/d\/264331-2\/DSC06046.jpg'><img src=http:\/\/ski.inmontanis.info\/d\/264330-3\/DSC06046.jpg \/><\/a><br \/>\n^ Rechts-Au\u00dfenrumvariante<\/p>\n<p><a href='http:\/\/ski.inmontanis.info\/d\/264335-2\/DSC06047.jpg'><img src=http:\/\/ski.inmontanis.info\/d\/264334-3\/DSC06047.jpg \/><\/a><br \/>\n^ Rechts-Au\u00dfenrumvariante(n)<\/p>\n<p><a href='http:\/\/ski.inmontanis.info\/d\/264339-2\/DSC06048.jpg'><img src=http:\/\/ski.inmontanis.info\/d\/264338-3\/DSC06048.jpg \/><\/a><br \/>\n^ Rechts-Au\u00dfenrumvariante<\/p>\n<p><a href='http:\/\/ski.inmontanis.info\/d\/264343-2\/DSC06052.jpg'><img src=http:\/\/ski.inmontanis.info\/d\/264342-3\/DSC06052.jpg \/><\/a><br \/>\n^ Rechts-Au\u00dfenrumvariante(n)<\/p>\n<p><a href='http:\/\/ski.inmontanis.info\/d\/264347-2\/DSC06055.jpg'><img src=http:\/\/ski.inmontanis.info\/d\/264346-3\/DSC06055.jpg \/><\/a><br \/>\n^ Rechts-Au\u00dfenrumvariante<\/p>\n<p><a href='http:\/\/ski.inmontanis.info\/d\/264351-2\/DSC06060.jpg'><img src=http:\/\/ski.inmontanis.info\/d\/264350-3\/DSC06060.jpg \/><\/a><br \/>\n^ Rechts-Au\u00dfenrumvariante<\/p>\n<p><a href='http:\/\/ski.inmontanis.info\/d\/264355-2\/DSC06067.jpg'><img src=http:\/\/ski.inmontanis.info\/d\/264354-3\/DSC06067.jpg \/><\/a><br \/>\n^ Rechts-Au\u00dfenrumvariante, hier &#8230;<\/p>\n<p><a href='http:\/\/ski.inmontanis.info\/d\/264359-2\/DSC06068.jpg'><img src=http:\/\/ski.inmontanis.info\/d\/264358-3\/DSC06068.jpg \/><\/a><br \/>\n^ &#8230; kann jeder Fehltritt t\u00f6dlich enden<br \/>\n(wobe ich mit Kris, siehe GPS-Track, damals etwas tiefer zur\u00fcckgequert bin. Aber diesen Weg hat man gar nicht gesehen)<\/p>\n<p><a href='http:\/\/ski.inmontanis.info\/d\/264363-2\/DSC06071.jpg'><img src=http:\/\/ski.inmontanis.info\/d\/264362-3\/DSC06071.jpg \/><\/a><br \/>\n^ Offpiste links vom Korblift (unterer Bereich)<\/p>\n<p><a href='http:\/\/ski.inmontanis.info\/d\/264367-2\/DSC06072.jpg'><img src=http:\/\/ski.inmontanis.info\/d\/264366-3\/DSC06072.jpg \/><\/a><br \/>\n^ Offpiste links vom Korblift (unterer Bereich)<\/p>\n<p><a href='http:\/\/ski.inmontanis.info\/d\/264371-2\/DSC06077.jpg'><img src=http:\/\/ski.inmontanis.info\/d\/264370-3\/DSC06077.jpg \/><\/a><br \/>\n^ Bergstation<\/p>\n<p><a href='http:\/\/ski.inmontanis.info\/d\/264375-2\/DSC06080.jpg'><img src=http:\/\/ski.inmontanis.info\/d\/264374-3\/DSC06080.jpg \/><\/a><br \/>\n^ St\u00fctze 4<\/p>\n<p><a href='http:\/\/ski.inmontanis.info\/d\/264379-2\/DSC06081.jpg'><img src=http:\/\/ski.inmontanis.info\/d\/264378-3\/DSC06081.jpg \/><\/a><br \/>\n^ St\u00fctze 5 ff.<\/p>\n<p><a href='http:\/\/ski.inmontanis.info\/d\/264383-2\/DSC06083.jpg'><img src=http:\/\/ski.inmontanis.info\/d\/264382-3\/DSC06083.jpg \/><\/a><br \/>\n^ St\u00fctze 5<\/p>\n<p><a href='http:\/\/ski.inmontanis.info\/d\/264387-2\/DSC06084.jpg'><img src=http:\/\/ski.inmontanis.info\/d\/264386-3\/DSC06084.jpg \/><\/a><br \/>\n^ St\u00fctze 6<\/p>\n<p><a href='http:\/\/ski.inmontanis.info\/d\/264391-2\/DSC06093.jpg'><img src=http:\/\/ski.inmontanis.info\/d\/264390-3\/DSC06093.jpg \/><\/a><br \/>\n^ Korblift mit meinen &#8216;Nostalski&#8217;<\/p>\n<p><a href='http:\/\/ski.inmontanis.info\/d\/264395-2\/DSC06096.jpg'><img src=http:\/\/ski.inmontanis.info\/d\/264394-3\/DSC06096.jpg \/><\/a><br \/>\n^ St\u00fctze 13-17<\/p>\n<p><a href='http:\/\/ski.inmontanis.info\/d\/264399-2\/DSC06101.jpg'><img src=http:\/\/ski.inmontanis.info\/d\/264398-3\/DSC06101.jpg \/><\/a><br \/>\n^ Ab St\u00fctze 15<\/p>\n<p><a href='http:\/\/ski.inmontanis.info\/d\/264403-2\/DSC06107.jpg'><img src=http:\/\/ski.inmontanis.info\/d\/264402-3\/DSC06107.jpg \/><\/a><br \/>\n^ Im Korb<\/p>\n<p><a href='http:\/\/ski.inmontanis.info\/d\/264407-2\/DSC06108.jpg'><img src=http:\/\/ski.inmontanis.info\/d\/264406-3\/DSC06108.jpg \/><\/a><br \/>\n^ Bergstation<\/p>\n<p><a href='http:\/\/ski.inmontanis.info\/d\/264411-2\/DSC06111.jpg'><img src=http:\/\/ski.inmontanis.info\/d\/264410-3\/DSC06111.jpg \/><\/a><br \/>\n^ Korblift richtung Langkofel<\/p>\n<p><a href='http:\/\/ski.inmontanis.info\/d\/264415-2\/DSC06114.jpg'><img src=http:\/\/ski.inmontanis.info\/d\/264414-3\/DSC06114.jpg \/><\/a><\/p>\n<p><a href='http:\/\/ski.inmontanis.info\/d\/264419-2\/DSC06115.jpg'><img src=http:\/\/ski.inmontanis.info\/d\/264418-3\/DSC06115.jpg \/><\/a><\/p>\n<p><a href='http:\/\/ski.inmontanis.info\/d\/264423-2\/DSC06116.jpg'><img src=http:\/\/ski.inmontanis.info\/d\/264422-3\/DSC06116.jpg \/><\/a><\/p>\n<p><a href='http:\/\/ski.inmontanis.info\/d\/264427-2\/DSC06118.jpg'><img src=http:\/\/ski.inmontanis.info\/d\/264426-3\/DSC06118.jpg \/><\/a><\/p>\n<p><a href='http:\/\/ski.inmontanis.info\/d\/264431-2\/DSC06120.jpg'><img src=http:\/\/ski.inmontanis.info\/d\/264430-3\/DSC06120.jpg \/><\/a><\/p>\n<p><a href='http:\/\/ski.inmontanis.info\/d\/264435-2\/DSC06121.jpg'><img src=http:\/\/ski.inmontanis.info\/d\/264434-3\/DSC06121.jpg \/><\/a><br \/>\n^ Offpiste links vom Korblift (unterer Bereich)<\/p>\n<p><a href='http:\/\/ski.inmontanis.info\/d\/264439-2\/DSC06122.jpg'><img src=http:\/\/ski.inmontanis.info\/d\/264438-3\/DSC06122.jpg \/><\/a><\/p>\n<p><a href='http:\/\/ski.inmontanis.info\/d\/264443-2\/DSC06124.jpg'><img src=http:\/\/ski.inmontanis.info\/d\/264442-3\/DSC06124.jpg \/><\/a><br \/>\n^ Talstation<\/p>\n<p><a href='http:\/\/ski.inmontanis.info\/d\/264447-2\/DSC06132.jpg'><img src=http:\/\/ski.inmontanis.info\/d\/264446-3\/DSC06132.jpg \/><\/a><br \/>\n^ Talstation \/ Strecke<\/p>\n<p><a href='http:\/\/ski.inmontanis.info\/d\/264451-2\/DSC06129.jpg'><img src=http:\/\/ski.inmontanis.info\/d\/264450-3\/DSC06129.jpg \/><\/a><br \/>\n^ Talstation<\/p>\n<p><a href='http:\/\/ski.inmontanis.info\/d\/264455-2\/DSC06135.jpg'><img src=http:\/\/ski.inmontanis.info\/d\/264454-3\/DSC06135.jpg \/><\/a><br \/>\n^ Talstation bis St\u00fctze 2<\/p>\n<p><a href='http:\/\/ski.inmontanis.info\/d\/264459-2\/DSC06136.jpg'><img src=http:\/\/ski.inmontanis.info\/d\/264458-3\/DSC06136.jpg \/><\/a><br \/>\n^ St\u00fctze 3<\/p>\n<p><a href='http:\/\/ski.inmontanis.info\/d\/264463-2\/DSC06138.jpg'><img src=http:\/\/ski.inmontanis.info\/d\/264462-3\/DSC06138.jpg \/><\/a><br \/>\n^ St\u00fctze 3<\/p>\n<p><a href='http:\/\/ski.inmontanis.info\/d\/264467-2\/DSC06143.jpg'><img src=http:\/\/ski.inmontanis.info\/d\/264466-3\/DSC06143.jpg \/><\/a><br \/>\n^ St\u00fctze 4<\/p>\n<p><a href='http:\/\/ski.inmontanis.info\/d\/264471-2\/DSC06148.jpg'><img src=http:\/\/ski.inmontanis.info\/d\/264470-3\/DSC06148.jpg \/><\/a><br \/>\n^ St\u00fctze 6<\/p>\n<p><a href='http:\/\/ski.inmontanis.info\/d\/264475-2\/DSC06151.jpg'><img src=http:\/\/ski.inmontanis.info\/d\/264474-3\/DSC06151.jpg \/><\/a><br \/>\n^ St\u00fctze 8<\/p>\n<p><a href='http:\/\/ski.inmontanis.info\/d\/264479-2\/DSC06153.jpg'><img src=http:\/\/ski.inmontanis.info\/d\/264478-3\/DSC06153.jpg \/><\/a><br \/>\n^ St\u00fctze 9<\/p>\n<p><a href='http:\/\/ski.inmontanis.info\/d\/264483-2\/DSC06155.jpg'><img src=http:\/\/ski.inmontanis.info\/d\/264482-3\/DSC06155.jpg \/><\/a><\/p>\n<p><a href='http:\/\/ski.inmontanis.info\/d\/264487-2\/DSC06157.jpg'><img src=http:\/\/ski.inmontanis.info\/d\/264486-3\/DSC06157.jpg \/><\/a><br \/>\n^ St\u00fctze 13<\/p>\n<p><a href='http:\/\/ski.inmontanis.info\/d\/264491-2\/DSC06158.jpg'><img src=http:\/\/ski.inmontanis.info\/d\/264490-3\/DSC06158.jpg \/><\/a><br \/>\n^ St\u00fctze 14<\/p>\n<p><a href='http:\/\/ski.inmontanis.info\/d\/264495-2\/DSC06160.jpg'><img src=http:\/\/ski.inmontanis.info\/d\/264494-3\/DSC06160.jpg \/><\/a><br \/>\n^ St\u00fctze 15-17<\/p>\n<p><a href='http:\/\/ski.inmontanis.info\/d\/264499-2\/DSC06164.jpg'><img src=http:\/\/ski.inmontanis.info\/d\/264498-3\/DSC06164.jpg \/><\/a><\/p>\n<p><a href='http:\/\/ski.inmontanis.info\/d\/264503-2\/DSC06166.jpg'><img src=http:\/\/ski.inmontanis.info\/d\/264502-3\/DSC06166.jpg \/><\/a><\/p>\n<p><a href='http:\/\/ski.inmontanis.info\/d\/264507-2\/DSC06167.jpg'><img src=http:\/\/ski.inmontanis.info\/d\/264506-3\/DSC06167.jpg \/><\/a><\/p>\n<p><a href='http:\/\/ski.inmontanis.info\/d\/264511-2\/DSC06169.jpg'><img src=http:\/\/ski.inmontanis.info\/d\/264510-3\/DSC06169.jpg \/><\/a><br \/>\n^ St\u00fctze 18<\/p>\n<p><a href='http:\/\/ski.inmontanis.info\/d\/264515-2\/DSC06171.jpg'><img src=http:\/\/ski.inmontanis.info\/d\/264514-3\/DSC06171.jpg \/><\/a><br \/>\n^ St\u00fctze 19<\/p>\n<p><a href='http:\/\/ski.inmontanis.info\/d\/264519-2\/DSC06173.jpg'><img src=http:\/\/ski.inmontanis.info\/d\/264518-3\/DSC06173.jpg \/><\/a><br \/>\n^ St\u00fctze 20<\/p>\n<p><a href='http:\/\/ski.inmontanis.info\/d\/264523-2\/DSC06177.jpg'><img src=http:\/\/ski.inmontanis.info\/d\/264522-3\/DSC06177.jpg \/><\/a><br \/>\n^ St\u00fctze 21<\/p>\n<p><a href='http:\/\/ski.inmontanis.info\/d\/264527-2\/DSC06178.jpg'><img src=http:\/\/ski.inmontanis.info\/d\/264526-3\/DSC06178.jpg \/><\/a><br \/>\n^ St\u00fctze 22<\/p>\n<p><a href='http:\/\/ski.inmontanis.info\/d\/264531-2\/DSC06180.jpg'><img src=http:\/\/ski.inmontanis.info\/d\/264530-3\/DSC06180.jpg \/><\/a><br \/>\n^ Ab St\u00fctze 23<\/p>\n<p><a href='http:\/\/ski.inmontanis.info\/d\/264535-2\/DSC06183.jpg'><img src=http:\/\/ski.inmontanis.info\/d\/264534-3\/DSC06183.jpg \/><\/a><br \/>\n^ St\u00fctze 23<\/p>\n<p><a href='http:\/\/ski.inmontanis.info\/d\/264539-2\/DSC06187.jpg'><img src=http:\/\/ski.inmontanis.info\/d\/264538-3\/DSC06187.jpg \/><\/a><br \/>\n^ St\u00fctze 24<\/p>\n<p><a href='http:\/\/ski.inmontanis.info\/d\/264543-2\/DSC06189.jpg'><img src=http:\/\/ski.inmontanis.info\/d\/264542-3\/DSC06189.jpg \/><\/a><br \/>\n^ Bergstation<\/p>\n<p><a href='http:\/\/ski.inmontanis.info\/d\/264547-2\/DSC06190.jpg'><img src=http:\/\/ski.inmontanis.info\/d\/264546-3\/DSC06190.jpg \/><\/a><br \/>\n^ Korblift vs. Sella \/ Piz Bo\u00e8<\/p>\n<p><a href='http:\/\/ski.inmontanis.info\/d\/264551-2\/DSC06191.jpg'><img src=http:\/\/ski.inmontanis.info\/d\/264550-3\/DSC06191.jpg \/><\/a><\/p>\n<p><a href='http:\/\/ski.inmontanis.info\/d\/264555-2\/DSC06193.jpg'><img src=http:\/\/ski.inmontanis.info\/d\/264554-3\/DSC06193.jpg \/><\/a><br \/>\n^ Offpiste links<\/p>\n<p><a href='http:\/\/ski.inmontanis.info\/d\/264559-2\/DSC06196.jpg'><img src=http:\/\/ski.inmontanis.info\/d\/264558-3\/DSC06196.jpg \/><\/a><br \/>\n^ Falls der Nachfolger des Korblifts h\u00f6her hinauf gebaut wird, k\u00f6nnte man die linke Variante in Zukunft auch fahren.<\/p>\n<p><a href='http:\/\/ski.inmontanis.info\/d\/264563-2\/DSC06198.jpg'><img src=http:\/\/ski.inmontanis.info\/d\/264562-3\/DSC06198.jpg \/><\/a><br \/>\n^ Gel\u00e4nde am Korblift<\/p>\n<p><a href='http:\/\/ski.inmontanis.info\/d\/264567-2\/DSC06199.jpg'><img src=http:\/\/ski.inmontanis.info\/d\/264566-3\/DSC06199.jpg \/><\/a><br \/>\n^ Seeblick<\/p>\n<p><a href='http:\/\/ski.inmontanis.info\/d\/264571-2\/DSC06202.jpg'><img src=http:\/\/ski.inmontanis.info\/d\/264570-3\/DSC06202.jpg \/><\/a><\/p>\n<p><a href='http:\/\/ski.inmontanis.info\/d\/264575-2\/DSC06204.jpg'><img src=http:\/\/ski.inmontanis.info\/d\/264574-3\/DSC06204.jpg \/><\/a><br \/>\n^ .. da sollte im Juni noch was gehen, so viel Schnee wie hier noch liegt..<\/p>\n<p><a href='http:\/\/ski.inmontanis.info\/d\/264579-2\/DSC06207.jpg'><img src=http:\/\/ski.inmontanis.info\/d\/264578-3\/DSC06207.jpg \/><\/a><br \/>\n^ Bergstation, 16:05 Uhr, das war&#8217;s, die allerletzte Wintersaison ist zu Ende :-(<\/p>\n<p><a href='http:\/\/ski.inmontanis.info\/d\/264583-2\/DSC06210.jpg'><img src=http:\/\/ski.inmontanis.info\/d\/264582-3\/DSC06210.jpg \/><\/a><br \/>\n^ R\u00fcckblick von der Staumauer<\/p>\n<p><a href='http:\/\/ski.inmontanis.info\/d\/264587-2\/DSC06211.jpg'><img src=http:\/\/ski.inmontanis.info\/d\/264586-3\/DSC06211.jpg \/><\/a><br \/>\n^ R\u00fcckblick zur Au\u00dfenrumvariante von der Stra\u00dfe aus<\/p>\n<p><a href='http:\/\/ski.inmontanis.info\/d\/264591-2\/ge20190501f.jpg'><img src=http:\/\/ski.inmontanis.info\/d\/264590-3\/ge20190501f.jpg \/><\/a><br \/>\n^ GPS-Track, Gelb 1.5.2019, Orange 8.6.2019 (der Schnee reichte dann tats\u00e4chlich noch f\u00fcr Sommerski; Bericht folgt), Blau vorherige Besuche<\/p>\n<p><a href='http:\/\/ski.inmontanis.info\/d\/264595-2\/DSC06215.jpg'><img src=http:\/\/ski.inmontanis.info\/d\/264594-3\/DSC06215.jpg \/><\/a><br \/>\n^ Marmolada Ost<\/p>\n<p><a href='http:\/\/ski.inmontanis.info\/d\/264599-2\/DSC06218.jpg'><img src=http:\/\/ski.inmontanis.info\/d\/264598-3\/DSC06218.jpg \/><\/a><br \/>\n^ Pordoi\/Langkofel<\/p>\n<p><a href='http:\/\/ski.inmontanis.info\/d\/264603-2\/DSC06219.jpg'><img src=http:\/\/ski.inmontanis.info\/d\/264602-3\/DSC06219.jpg \/><\/a><br \/>\n^ Pordoi<\/p>\n<p><a href='http:\/\/ski.inmontanis.info\/d\/264607-2\/DSC06221.jpg'><img src=http:\/\/ski.inmontanis.info\/d\/264606-3\/DSC06221.jpg \/><\/a><br \/>\n^ Pordoi\/Sella<\/p>\n<p><a href='http:\/\/ski.inmontanis.info\/d\/264611-2\/DSC06225.jpg'><img src=http:\/\/ski.inmontanis.info\/d\/264610-3\/DSC06225.jpg \/><\/a><br \/>\n^ Arabba \/ Pordoi<\/p>\n<p><a href='http:\/\/ski.inmontanis.info\/d\/264615-2\/DSC06227.jpg'><img src=http:\/\/ski.inmontanis.info\/d\/264614-3\/DSC06227.jpg \/><\/a><br \/>\n^ Arabba<\/p>\n<p><a href='http:\/\/ski.inmontanis.info\/d\/264619-2\/DSC06231.jpg'><img src=http:\/\/ski.inmontanis.info\/d\/264618-3\/DSC06231.jpg \/><\/a><br \/>\n^ Alta Badia<\/p>\n","protected":false},"excerpt":{"rendered":"<p>&#8220;Totgesagte leben l\u00e4nger&#8221;: So hie\u00df es bereits 2010 und immer wieder, es sei die letzte Saison f\u00fcr den Korblift am Fedaiapass. &#8220;Aber nicht ewig&#8221;, heuer soll nun definitiv Schluss sein. Grund genug, am letzten Winterbetriebstag nochmals vorbei zu fahren.<\/p>\n<p>Kalinigrad k\u00fcndigte sich ebenfalls an (somit haben wir es diesen Winter glatt 2x geschafft, gemeinsam Skifahren <a href=\"http:\/\/blog.inmontanis.info\/?p=5698\">[&#8230;]<\/a><\/p>\n","protected":false},"author":1,"featured_media":0,"comment_status":"closed","ping_status":"closed","sticky":false,"template":"","format":"standard","meta":{"footnotes":""},"categories":[24,489,15,59,27],"tags":[91,63,45],"class_list":["post-5698","post","type-post","status-publish","format-standard","hentry","category-tagestour","category-fedaia-fiacconi","category-italienitaly","category-nostalgie","category-skifahren-winterskiing-winter","tag-graffer","tag-korblift","tag-see","odd"],"_links":{"self":[{"href":"http:\/\/blog.inmontanis.info\/index.php?rest_route=\/wp\/v2\/posts\/5698","targetHints":{"allow":["GET"]}}],"collection":[{"href":"http:\/\/blog.inmontanis.info\/index.php?rest_route=\/wp\/v2\/posts"}],"about":[{"href":"http:\/\/blog.inmontanis.info\/index.php?rest_route=\/wp\/v2\/types\/post"}],"author":[{"embeddable":true,"href":"http:\/\/blog.inmontanis.info\/index.php?rest_route=\/wp\/v2\/users\/1"}],"replies":[{"embeddable":true,"href":"http:\/\/blog.inmontanis.info\/index.php?rest_route=%2Fwp%2Fv2%2Fcomments&post=5698"}],"version-history":[{"count":3,"href":"http:\/\/blog.inmontanis.info\/index.php?rest_route=\/wp\/v2\/posts\/5698\/revisions"}],"predecessor-version":[{"id":5701,"href":"http:\/\/blog.inmontanis.info\/index.php?rest_route=\/wp\/v2\/posts\/5698\/revisions\/5701"}],"wp:attachment":[{"href":"http:\/\/blog.inmontanis.info\/index.php?rest_route=%2Fwp%2Fv2%2Fmedia&parent=5698"}],"wp:term":[{"taxonomy":"category","embeddable":true,"href":"http:\/\/blog.inmontanis.info\/index.php?rest_route=%2Fwp%2Fv2%2Fcategories&post=5698"},{"taxonomy":"post_tag","embeddable":true,"href":"http:\/\/blog.inmontanis.info\/index.php?rest_route=%2Fwp%2Fv2%2Ftags&post=5698"}],"curies":[{"name":"wp","href":"https:\/\/api.w.org\/{rel}","templated":true}]}}