{"id":5695,"date":"2019-04-28T17:02:26","date_gmt":"2019-04-28T15:02:26","guid":{"rendered":"http:\/\/blog.inmontanis.info\/?p=5695"},"modified":"2023-08-05T15:39:05","modified_gmt":"2023-08-05T13:39:05","slug":"engstligenalp-28-4-2019","status":"publish","type":"post","link":"http:\/\/blog.inmontanis.info\/?p=5695","title":{"rendered":"Engstligenalp, 28.4.2019"},"content":{"rendered":"<p><strong>So, 28.4.2019<\/strong><\/p>\n<p>Ob man bei Schlechtwetter zum Skifahren f\u00e4hrt, liegt immer auch daran, wann man sich mehr \u00e4rgert: wenn man nicht f\u00e4hrt und es w\u00e4re lt. Webcams besser gewesen, oder wenn man f\u00e4hrt und es bleibt schlecht. Auf dem Pistenstatus f\u00fcr Glacier 3000 gestern Abend war jedenfalls alles offen (bis auf Reusch).<\/p>\n<p>\u00dcbernachtet hatte ich im Auto in Thonon, um 9 Uhr war ich am Col du Pillon, hatte glaub ich 2 Leute in der ersten Kabine gesehen. In der n\u00e4chste Kabine (9:20) war ich der einzige Gast. <\/p>\n<p>Heute fr\u00fch dominierte Schneefall und Nebel vom Tal bis auf den Berg und es war lt. Pistenplan unten sogar noch weniger offen als gestern, n\u00e4mlich nur die 4SB, wie mir auch auf der Bergfahrt der 2. Sektion gesagt wurde. Ob noch mehr \u00f6ffnen wird, sei fraglich, es gab viel Neuschnee und starken Wind, schlimmer als im Winter, meinte er. Na nerv. <\/p>\n<p>Als ich dann (nach einer Klopause) zur 4SB ging, kam der Bedienstete der 4SB-Bergstation und meinte, auch die 4SB sei gesperrt und alles blieb heute zu, na noch nerviger. Mit der n\u00e4chsten Gondel kam dann ein Snowboarder rauf und auch dieser Gondelf\u00fchrer war erstaunt, dass jetzt auch nicht mal mehr die 4SB offen w\u00e4re, also ging&#8217;s wieder runter.<\/p>\n<p><a href='http:\/\/ski.inmontanis.info\/d\/264023-2\/DSC05808.jpg'><img src=http:\/\/ski.inmontanis.info\/d\/264022-3\/DSC05808.jpg \/><\/a><br \/>\n^ Neuschnee bis runter in Les Diablerets<\/p>\n<p><a href='http:\/\/ski.inmontanis.info\/d\/264027-2\/DSC05809.jpg'><img src=http:\/\/ski.inmontanis.info\/d\/264026-3\/DSC05809.jpg \/><\/a><br \/>\n^ Schneebedeckt auch die Auffahrt zum Col du Pillon<\/p>\n<p><a href='http:\/\/ski.inmontanis.info\/d\/264031-2\/DSC05813.jpg'><img src=http:\/\/ski.inmontanis.info\/d\/264030-3\/DSC05813.jpg \/><\/a><br \/>\n^ 4SB ist Gr\u00fcn und die SL sind Orange, k\u00f6nnten also noch aufgehen. Die 4KSBs sind leider zu. Oben angekommen, etwas gewartet, alles Rot.<\/p>\n<p>Die von hier heute anfahrbaren Alternativen hielten sich in Grenzen: In Verbier kostet lt. Homepage die Halbtageskarte 66,- CHF &#8211; nein, Danke. Und in Engstligenalp fand ich nur den Tageskartenpreis um 49,- CHF, sp\u00e4ter noch 2h Karte um 41,- und 4h um 45,- .. das sind ja mal wieder lohnende Verg\u00fcnstigungen.  <\/p>\n<p>Nach ca. 2h Fahrzeit kam ich um 12:55 Uhr an der Talstation der Engstligenalp-Seilbahn an, den kuriosen Verbindungslift wollte ich ja eh schon lang mal fahren. Es war sichtm\u00e4\u00dfig ok, aber es schneite stark. An der Kasse erkundigte ich mich, wie lang die Lifte laufen w\u00fcrden &#8211; bis 16.30, letzte Talfahrt 17h. Und wie fuktioniert es mit der 2h-Karte? Die Kassiererin erkl\u00e4rte mir, dass die PB-Fahrt weder rauf noch runterw\u00e4rts z\u00e4hlen w\u00fcrde (auch der Verbindungslift nicht) und erst beim Skilift die 2h anfangen. Das ist ja schon mal positiv. Auch der Parkplatz ist gratis. PB f\u00e4hrt alle 15 Minuten. Somit reichte also die 2h-Karte.<\/p>\n<p>Bis ich oben am SL Dossen war, war&#8217;s 13:45. Leider wurde heute Morgen wohl fast nix pr\u00e4pariert, nur 1-2 Spuren auf der blauen \u00e4u\u00dferen Abfahrt (dort gings gut), der untere Hang der schwarzen wurde wohl auch gestern Abend nicht pr\u00e4pariert und war ein noch schlimmerer Acker. Offpiste hatten anscheinend einige mehr Spass, aber bei der Sicht fahr ich im Tiefschnee wie ein Anf\u00e4nger. Nebenbei gibt es einige flache Skiwege, wo man tw. etwas schieben musste. Um 15:30 machte ich die letzte Bergfahrt, hatte mir gereicht.<\/p>\n<p><a href='http:\/\/ski.inmontanis.info\/d\/264035-2\/DSC05825.jpg'><img src=http:\/\/ski.inmontanis.info\/d\/264034-3\/DSC05825.jpg \/><\/a><br \/>\n^ Hinten im Talschluss geht die PB zur Engstligenalp hinauf<\/p>\n<p><a href='http:\/\/ski.inmontanis.info\/d\/264039-2\/DSC05829.jpg'><img src=http:\/\/ski.inmontanis.info\/d\/264038-3\/DSC05829.jpg \/><\/a><br \/>\n^ Pistenplan<\/p>\n<p><a href='http:\/\/ski.inmontanis.info\/d\/264043-2\/DSC05830.jpg'><img src=http:\/\/ski.inmontanis.info\/d\/264042-3\/DSC05830.jpg \/><\/a><br \/>\n^ Talstation<\/p>\n<p><a href='http:\/\/ski.inmontanis.info\/d\/264047-2\/DSC05834.jpg'><img src=http:\/\/ski.inmontanis.info\/d\/264046-3\/DSC05834.jpg \/><\/a><br \/>\n^ PB<\/p>\n<p><a href='http:\/\/ski.inmontanis.info\/d\/264051-2\/DSC05843.jpg'><img src=http:\/\/ski.inmontanis.info\/d\/264050-3\/DSC05843.jpg \/><\/a><br \/>\n^ Alte, kleinere PB links<\/p>\n<p><a href='http:\/\/ski.inmontanis.info\/d\/264055-2\/DSC05844.jpg'><img src=http:\/\/ski.inmontanis.info\/d\/264054-3\/DSC05844.jpg \/><\/a><br \/>\n^ Insg. gibts momentan wohl 4 Seilbahnen hier rauf<\/p>\n<p><a href='http:\/\/ski.inmontanis.info\/d\/264059-2\/DSC05846.jpg'><img src=http:\/\/ski.inmontanis.info\/d\/264058-3\/DSC05846.jpg \/><\/a><br \/>\n^ die rechten beiden Seilbahnen<\/p>\n<p><a href='http:\/\/ski.inmontanis.info\/d\/264063-2\/DSC05847.jpg'><img src=http:\/\/ski.inmontanis.info\/d\/264062-3\/DSC05847.jpg \/><\/a><br \/>\n^ Der ungew\u00f6hnliche Verbindungslift oder Zubringerlift<\/p>\n<p><a href='http:\/\/ski.inmontanis.info\/d\/264067-2\/DSC05857.jpg'><img src=http:\/\/ski.inmontanis.info\/d\/264066-3\/DSC05857.jpg \/><\/a><br \/>\n^ Der ungew\u00f6hnliche Verbindungslift oder Zubringerlift<\/p>\n<p><a href='http:\/\/ski.inmontanis.info\/d\/264071-2\/DSC05861.jpg'><img src=http:\/\/ski.inmontanis.info\/d\/264070-3\/DSC05861.jpg \/><\/a><br \/>\n^ Verbindungslift<\/p>\n<p><a href='http:\/\/ski.inmontanis.info\/d\/264075-2\/DSC05863.jpg'><img src=http:\/\/ski.inmontanis.info\/d\/264074-3\/DSC05863.jpg \/><\/a><br \/>\n^ SL Bockmattli. Endet ja wohl auch viel zu weit unten, da verpasst man wohl nicht viel, dass der heute nicht l\u00e4uft.<\/p>\n<p><a href='http:\/\/ski.inmontanis.info\/d\/264079-2\/DSC05864.jpg'><img src=http:\/\/ski.inmontanis.info\/d\/264078-3\/DSC05864.jpg \/><\/a><br \/>\n^ Verbindungslift und SL Dossen<\/p>\n<p><a href='http:\/\/ski.inmontanis.info\/d\/264083-2\/DSC05867.jpg'><img src=http:\/\/ski.inmontanis.info\/d\/264082-3\/DSC05867.jpg \/><\/a><br \/>\n^ Verbindungslift, muss man logischerweise in beiden Richtungen fahren, dank der besonderen Geh\u00e4nge kann man jederzeit ein- und aussteigen.<\/p>\n<p><a href='http:\/\/ski.inmontanis.info\/d\/264087-2\/DSC05869.jpg'><img src=http:\/\/ski.inmontanis.info\/d\/264086-3\/DSC05869.jpg \/><\/a><br \/>\n^ SL Dossen, es war nur der linke in Betrieb<\/p>\n<p><a href='http:\/\/ski.inmontanis.info\/d\/264091-2\/DSC05870.jpg'><img src=http:\/\/ski.inmontanis.info\/d\/264090-3\/DSC05870.jpg \/><\/a><br \/>\n^ SL Dossen links Bergstation<\/p>\n<p><a href='http:\/\/ski.inmontanis.info\/d\/264095-2\/DSC05876.jpg'><img src=http:\/\/ski.inmontanis.info\/d\/264094-3\/DSC05876.jpg \/><\/a><br \/>\n^ Alle SL<\/p>\n<p><a href='http:\/\/ski.inmontanis.info\/d\/264099-2\/DSC05877.jpg'><img src=http:\/\/ski.inmontanis.info\/d\/264098-3\/DSC05877.jpg \/><\/a><br \/>\n^ Abfahrt 100<\/p>\n<p><a href='http:\/\/ski.inmontanis.info\/d\/264103-2\/DSC05881.jpg'><img src=http:\/\/ski.inmontanis.info\/d\/264102-3\/DSC05881.jpg \/><\/a><br \/>\n^ SL Dossen<\/p>\n<p><a href='http:\/\/ski.inmontanis.info\/d\/264107-2\/DSC05897.jpg'><img src=http:\/\/ski.inmontanis.info\/d\/264106-3\/DSC05897.jpg \/><\/a><br \/>\n^ Eine der rechten Abfahrten<\/p>\n<p><a href='http:\/\/ski.inmontanis.info\/d\/264111-2\/DSC05903.jpg'><img src=http:\/\/ski.inmontanis.info\/d\/264110-3\/DSC05903.jpg \/><\/a><br \/>\n^ SL Dossen<\/p>\n<p><a href='http:\/\/ski.inmontanis.info\/d\/264115-2\/DSC05904.jpg'><img src=http:\/\/ski.inmontanis.info\/d\/264114-3\/DSC05904.jpg \/><\/a><br \/>\n^ Unteres Flachst\u00fcck der rechten blauen Abfahrt<\/p>\n<p><a href='http:\/\/ski.inmontanis.info\/d\/264119-2\/DSC05907.jpg'><img src=http:\/\/ski.inmontanis.info\/d\/264118-3\/DSC05907.jpg \/><\/a><br \/>\n^ Abfahrt 104<\/p>\n<p><a href='http:\/\/ski.inmontanis.info\/d\/264123-2\/DSC05912.jpg'><img src=http:\/\/ski.inmontanis.info\/d\/264122-3\/DSC05912.jpg \/><\/a><br \/>\n^ Abfahrt 104<\/p>\n<p><a href='http:\/\/ski.inmontanis.info\/d\/264127-2\/DSC05918.jpg'><img src=http:\/\/ski.inmontanis.info\/d\/264126-3\/DSC05918.jpg \/><\/a><br \/>\n^ SL Dossen<\/p>\n<p><a href='http:\/\/ski.inmontanis.info\/d\/264131-2\/DSC05923.jpg'><img src=http:\/\/ski.inmontanis.info\/d\/264130-3\/DSC05923.jpg \/><\/a><br \/>\n^ SL Dossen<\/p>\n<p><a href='http:\/\/ski.inmontanis.info\/d\/264135-2\/DSC05924.jpg'><img src=http:\/\/ski.inmontanis.info\/d\/264134-3\/DSC05924.jpg \/><\/a><br \/>\n^ SL Dossen<\/p>\n<p><a href='http:\/\/ski.inmontanis.info\/d\/264139-2\/DSC05926.jpg'><img src=http:\/\/ski.inmontanis.info\/d\/264138-3\/DSC05926.jpg \/><\/a><br \/>\n^ SL Dossen<\/p>\n<p><a href='http:\/\/ski.inmontanis.info\/d\/264143-2\/DSC05927.jpg'><img src=http:\/\/ski.inmontanis.info\/d\/264142-3\/DSC05927.jpg \/><\/a><br \/>\n^ SL Dossen<\/p>\n<p><a href='http:\/\/ski.inmontanis.info\/d\/264147-2\/DSC05928.jpg'><img src=http:\/\/ski.inmontanis.info\/d\/264146-3\/DSC05928.jpg \/><\/a><br \/>\n^ SL Dossen<\/p>\n<p><a href='http:\/\/ski.inmontanis.info\/d\/264151-2\/DSC05929.jpg'><img src=http:\/\/ski.inmontanis.info\/d\/264150-3\/DSC05929.jpg \/><\/a><br \/>\n^ Abfahrt 100<\/p>\n<p><a href='http:\/\/ski.inmontanis.info\/d\/264155-2\/DSC05931.jpg'><img src=http:\/\/ski.inmontanis.info\/d\/264154-3\/DSC05931.jpg \/><\/a><br \/>\n^ Abfahrt 100\/101<\/p>\n<p><a href='http:\/\/ski.inmontanis.info\/d\/264159-2\/DSC05932.jpg'><img src=http:\/\/ski.inmontanis.info\/d\/264158-3\/DSC05932.jpg \/><\/a><br \/>\n^ Abfahrt 101<\/p>\n<p><a href='http:\/\/ski.inmontanis.info\/d\/264163-2\/DSC05936.jpg'><img src=http:\/\/ski.inmontanis.info\/d\/264162-3\/DSC05936.jpg \/><\/a><br \/>\n^ SL Dossen<\/p>\n<p><a href='http:\/\/ski.inmontanis.info\/d\/264167-2\/DSC05937.jpg'><img src=http:\/\/ski.inmontanis.info\/d\/264166-3\/DSC05937.jpg \/><\/a><br \/>\n^ <\/p>\n<p><a href='http:\/\/ski.inmontanis.info\/d\/264171-2\/DSC05938.jpg'><img src=http:\/\/ski.inmontanis.info\/d\/264170-3\/DSC05938.jpg \/><\/a><br \/>\n^ Restaurants<\/p>\n<p><a href='http:\/\/ski.inmontanis.info\/d\/264175-2\/DSC05941.jpg'><img src=http:\/\/ski.inmontanis.info\/d\/264174-3\/DSC05941.jpg \/><\/a><br \/>\n^ Verbindungslift<\/p>\n<p><a href='http:\/\/ski.inmontanis.info\/d\/264179-2\/DSC05946.jpg'><img src=http:\/\/ski.inmontanis.info\/d\/264178-3\/DSC05946.jpg \/><\/a><br \/>\n^ Verbindungslift (Habegger)<\/p>\n<p><a href='http:\/\/ski.inmontanis.info\/d\/264183-2\/DSC05948.jpg'><img src=http:\/\/ski.inmontanis.info\/d\/264182-3\/DSC05948.jpg \/><\/a><br \/>\n^ Verbindungslift, SL Bockmattli,  SL Dossen<\/p>\n<p><a href='http:\/\/ski.inmontanis.info\/d\/264187-2\/DSC05951.jpg'><img src=http:\/\/ski.inmontanis.info\/d\/264186-3\/DSC05951.jpg \/><\/a><br \/>\n^ PB Bergstation<\/p>\n<p><a href='http:\/\/ski.inmontanis.info\/d\/264191-2\/DSC05953.jpg'><img src=http:\/\/ski.inmontanis.info\/d\/264190-3\/DSC05953.jpg \/><\/a><br \/>\n^ PB Bergstation<\/p>\n<p><a href='http:\/\/ski.inmontanis.info\/d\/264195-2\/DSC05957.jpg'><img src=http:\/\/ski.inmontanis.info\/d\/264194-3\/DSC05957.jpg \/><\/a><br \/>\n^ 4 Seilbahnen f\u00fcr die kleine Alp &#8230;<\/p>\n<p><a href='http:\/\/ski.inmontanis.info\/d\/264199-2\/DSC05959.jpg'><img src=http:\/\/ski.inmontanis.info\/d\/264198-3\/DSC05959.jpg \/><\/a><br \/>\n^ Die PB-Strecke ist durchaus spektakul\u00e4r<\/p>\n<p><a href='http:\/\/ski.inmontanis.info\/d\/264203-2\/DSC05965.jpg'><img src=http:\/\/ski.inmontanis.info\/d\/264202-3\/DSC05965.jpg \/><\/a><br \/>\n^ Die alte linke PB<\/p>\n<p><a href='http:\/\/ski.inmontanis.info\/d\/264207-2\/DSC05966.jpg'><img src=http:\/\/ski.inmontanis.info\/d\/264206-3\/DSC05966.jpg \/><\/a><br \/>\n^ Die alte linke PB<\/p>\n<p><a href='http:\/\/ski.inmontanis.info\/d\/264211-2\/DSC05967.jpg'><img src=http:\/\/ski.inmontanis.info\/d\/264210-3\/DSC05967.jpg \/><\/a><br \/>\n^ Die alte linke PB, naja, auch schon modernisiert<\/p>\n<p><a href='http:\/\/ski.inmontanis.info\/d\/264215-2\/DSC05968.jpg'><img src=http:\/\/ski.inmontanis.info\/d\/264214-3\/DSC05968.jpg \/><\/a><br \/>\n^ Linke PB<\/p>\n<p><a href='http:\/\/ski.inmontanis.info\/d\/264219-2\/DSC05970.jpg'><img src=http:\/\/ski.inmontanis.info\/d\/264218-3\/DSC05970.jpg \/><\/a><br \/>\n^ Linke PB<\/p>\n<p><a href='http:\/\/ski.inmontanis.info\/d\/264223-2\/DSC05972.jpg'><img src=http:\/\/ski.inmontanis.info\/d\/264222-3\/DSC05972.jpg \/><\/a><br \/>\n^ \u00d6ffnungszeiten der linken PB<\/p>\n<p><a href='http:\/\/ski.inmontanis.info\/d\/264227-2\/DSC05973.jpg'><img src=http:\/\/ski.inmontanis.info\/d\/264226-3\/DSC05973.jpg \/><\/a><br \/>\n^ Shop<\/p>\n<p><a href='http:\/\/ski.inmontanis.info\/d\/264231-2\/ge20190428a.jpg'><img src=http:\/\/ski.inmontanis.info\/d\/264230-3\/ge20190428a.jpg \/><\/a><br \/>\n^ GPS-Track 28.4.2019<\/p>\n<p>Danach ging&#8217;s wieder heim &#8211; mit einem kurzen Zwischenstopp f\u00fcr \u00c4lplermagronen, diesmal an der OWI-Rastst\u00e4tte. Zwar g\u00fcnstiger, aber schien mir eher Mikrowellengew\u00e4rmt und somit verbesserungsf\u00e4hig.<\/p>\n","protected":false},"excerpt":{"rendered":"<p>So, 28.4.2019<\/p>\n<p>Ob man bei Schlechtwetter zum Skifahren f\u00e4hrt, liegt immer auch daran, wann man sich mehr \u00e4rgert: wenn man nicht f\u00e4hrt und es w\u00e4re lt. Webcams besser gewesen, oder wenn man f\u00e4hrt und es bleibt schlecht. Auf dem Pistenstatus f\u00fcr Glacier 3000 gestern Abend war jedenfalls alles offen (bis auf Reusch).<\/p>\n<p>\u00dcbernachtet hatte ich <a href=\"http:\/\/blog.inmontanis.info\/?p=5695\">[&#8230;]<\/a><\/p>\n","protected":false},"author":1,"featured_media":0,"comment_status":"closed","ping_status":"closed","sticky":false,"template":"","format":"standard","meta":{"footnotes":""},"categories":[744,14,27,81],"tags":[52,47],"class_list":["post-5695","post","type-post","status-publish","format-standard","hentry","category-engstligenalp","category-swiss","category-skifahren-winterskiing-winter","category-kurztrips","tag-pb","tag-sl","odd"],"_links":{"self":[{"href":"http:\/\/blog.inmontanis.info\/index.php?rest_route=\/wp\/v2\/posts\/5695","targetHints":{"allow":["GET"]}}],"collection":[{"href":"http:\/\/blog.inmontanis.info\/index.php?rest_route=\/wp\/v2\/posts"}],"about":[{"href":"http:\/\/blog.inmontanis.info\/index.php?rest_route=\/wp\/v2\/types\/post"}],"author":[{"embeddable":true,"href":"http:\/\/blog.inmontanis.info\/index.php?rest_route=\/wp\/v2\/users\/1"}],"replies":[{"embeddable":true,"href":"http:\/\/blog.inmontanis.info\/index.php?rest_route=%2Fwp%2Fv2%2Fcomments&post=5695"}],"version-history":[{"count":3,"href":"http:\/\/blog.inmontanis.info\/index.php?rest_route=\/wp\/v2\/posts\/5695\/revisions"}],"predecessor-version":[{"id":9155,"href":"http:\/\/blog.inmontanis.info\/index.php?rest_route=\/wp\/v2\/posts\/5695\/revisions\/9155"}],"wp:attachment":[{"href":"http:\/\/blog.inmontanis.info\/index.php?rest_route=%2Fwp%2Fv2%2Fmedia&parent=5695"}],"wp:term":[{"taxonomy":"category","embeddable":true,"href":"http:\/\/blog.inmontanis.info\/index.php?rest_route=%2Fwp%2Fv2%2Fcategories&post=5695"},{"taxonomy":"post_tag","embeddable":true,"href":"http:\/\/blog.inmontanis.info\/index.php?rest_route=%2Fwp%2Fv2%2Ftags&post=5695"}],"curies":[{"name":"wp","href":"https:\/\/api.w.org\/{rel}","templated":true}]}}