{"id":5692,"date":"2019-04-27T21:09:36","date_gmt":"2019-04-27T19:09:36","guid":{"rendered":"http:\/\/blog.inmontanis.info\/?p=5692"},"modified":"2023-08-04T18:45:14","modified_gmt":"2023-08-04T16:45:14","slug":"aprica-27-4-2019","status":"publish","type":"post","link":"http:\/\/blog.inmontanis.info\/?p=5692","title":{"rendered":"Aprica, 27.4.2019"},"content":{"rendered":"<p><strong>Sa, 27.4.2019<\/strong><\/p>\n<p>Die Wahl der heutigen Qual fiel sehr, sehr schwer. Egtl. wollte ich die letzten beiden Glacier-3000-WE der Saison an mind. jeweils 1 Tag dort sein, evtl. am 2.Tag dann Val d&#8217;Isere oder Prali oder was auch immer. Allerdings waren die Wettervorhersagen recht schlecht f\u00fcr dieses WE, au\u00dfer f\u00fcr Prali. In Norditalien, also Trentino und Lombardei, w\u00e4ren noch einige Skigebiete offen und es sollte recht sonnig werden. Auch in AT k\u00f6nnte es zumindest am Samstag etwas aufhellen. Soll ich mir die lange Sommersaisonkarte am Hintertuxer kaufen und bereits dieses WE rauf? Aber was, wenn am G3000 n\u00e4chste Woche auch das Wetter \u00fcbel oder windbedingt geschlossen ist?<\/p>\n<p>Ich stand heute morgen um 4 Uhr auf und war immer noch unentschieden. Wenn es am Sonntag einen Mix aus Schnee und Sonne am G3000 geben w\u00fcrde, w\u00e4r das ja OK. Aber 2 Tage Dauerschneefall w\u00e4r auch bl\u00f6d. Macugnaga sollte sonnig werden, aber nach 1,5m Neuschnee und viel Wind in den letzten Tagen haben die sich entschieden, dass sie nicht mehr \u00f6ffnen k\u00f6nnen dieses WE. Was also l\u00e4ge sonst noch halbwegs auf dem Weg, wo es sonnig werden sollte? Ich entschied mich f\u00fcr Aprica. Lt. Schneebericht sollten noch die beiden Marchisio-Lifte (SL+DSB) und die Agudio-6EUB als Zubringer offen sein. Webcam zeigte f\u00fcr Restschnee-Talabfahrt eher wenig Hoffnung. Tageskarte w\u00e4re mit 15,- \u20ac aber wie \u00fcblich recht g\u00fcnstig und die Lifte an sich w\u00e4ren mir wohl lieber als ein anderes Gebiet&#8230;<\/p>\n<p>Leider etwas versp\u00e4tet kam ich so um 6 Uhr los, um 10:30 war ich am Parkplatz fertig inkl. Bindungsmontage, da ich die Racecarver nehmen wolllte, die von der Skandinavienreise noch als &#8220;Backup&#8221; mit abgeschobener Bindung verstaut waren (und heut nachmittag wieder mussten).<\/p>\n<p>Ich bef\u00fcrchtete f\u00fcr die sonnigeren Skigebiete ja pappigen (Neu-) Schnee. In Aprica war es trotz der nicht sehr kalten Temperaturen um knapp unter 0\u00b0 aber tw. hart, tw. sch\u00f6n weich und auch der Neuschnee war vormittags noch gut zu fahren, da es nicht viel geschneit hatte und der Untergrund kompakt hart war. Dazu war es sehr sonnig.<\/p>\n<p>H\u00e4tte ich heuer den Lombardei-Saisonskipass gehabt, h\u00e4tte ich dieses WE 4 M\u00f6glichkeiten gehabt: Passo Tonale, Aprica, Santa Caterina und Livigno. Vmtl w\u00e4r ich dann an einem Tag Aprica+Tonale und am anderen Livigno gefahren.<\/p>\n<p>(Fotos anklicken zum Vergr\u00f6\u00dfern)<\/p>\n<p><a href='http:\/\/extra.inmontanis.info\/d\/53749-2\/DSC05741.jpg'><img src=http:\/\/extra.inmontanis.info\/d\/53748-3\/DSC05741.jpg \/><\/a><br \/>\n^ Auffahrt Bernina<\/p>\n<p><a href='http:\/\/extra.inmontanis.info\/d\/53753-2\/DSC05742.jpg'><img src=http:\/\/extra.inmontanis.info\/d\/53752-3\/DSC05742.jpg \/><\/a><br \/>\n^ Bernina<\/p>\n<p><a href='http:\/\/extra.inmontanis.info\/d\/53757-2\/DSC05748.jpg'><img src=http:\/\/extra.inmontanis.info\/d\/53756-3\/DSC05748.jpg \/><\/a><br \/>\n^ Bernina<\/p>\n<p><a href='http:\/\/extra.inmontanis.info\/d\/53761-2\/DSC05750.jpg'><img src=http:\/\/extra.inmontanis.info\/d\/53760-3\/DSC05750.jpg \/><\/a><br \/>\n^ Ein Zug kommt..<\/p>\n<p><a href='http:\/\/extra.inmontanis.info\/d\/53765-2\/DSC05753.jpg'><img src=http:\/\/extra.inmontanis.info\/d\/53764-3\/DSC05753.jpg \/><\/a><br \/>\n^ .. und weiter unten noch einer<\/p>\n<p><a href='http:\/\/ski.inmontanis.info\/d\/263947-2\/DSC05754.jpg'><img src=http:\/\/ski.inmontanis.info\/d\/263946-3\/DSC05754.jpg \/><\/a><br \/>\n^ Talstation der Agudio-6EUB<\/p>\n<p><a href='http:\/\/ski.inmontanis.info\/d\/263951-2\/DSC05757.jpg'><img src=http:\/\/ski.inmontanis.info\/d\/263950-3\/DSC05757.jpg \/><\/a><br \/>\n^ Zugang 6EUB<\/p>\n<p><a href='http:\/\/ski.inmontanis.info\/d\/263955-2\/DSC05759.jpg'><img src=http:\/\/ski.inmontanis.info\/d\/263954-3\/DSC05759.jpg \/><\/a><br \/>\n^ Talstation 6EUB<\/p>\n<p><a href='http:\/\/ski.inmontanis.info\/d\/263959-2\/DSC05761.jpg'><img src=http:\/\/ski.inmontanis.info\/d\/263958-3\/DSC05761.jpg \/><\/a><br \/>\n^ Talstation 6EUB; es waren heute sehr wenige Gondeln auf der Strecke<\/p>\n<p><a href='http:\/\/ski.inmontanis.info\/d\/263963-2\/DSC05763.jpg'><img src=http:\/\/ski.inmontanis.info\/d\/263962-3\/DSC05763.jpg \/><\/a><br \/>\n^ Die Talabfahrt schien mir heute nicht lohnenswert<\/p>\n<p><a href='http:\/\/ski.inmontanis.info\/d\/263967-2\/DSC05765.jpg'><img src=http:\/\/ski.inmontanis.info\/d\/263966-3\/DSC05765.jpg \/><\/a><br \/>\n^ Die \u00e4u\u00dfere Abfahrt am SL<\/p>\n<p><a href='http:\/\/ski.inmontanis.info\/d\/263971-2\/DSC05767.jpg'><img src=http:\/\/ski.inmontanis.info\/d\/263970-3\/DSC05767.jpg \/><\/a><br \/>\n^ SL-Abfahrten<\/p>\n<p><a href='http:\/\/ski.inmontanis.info\/d\/263975-2\/DSC05771.jpg'><img src=http:\/\/ski.inmontanis.info\/d\/263974-3\/DSC05771.jpg \/><\/a><br \/>\n^ Marchisio-SL<\/p>\n<p><a href='http:\/\/ski.inmontanis.info\/d\/263979-2\/DSC05773.jpg'><img src=http:\/\/ski.inmontanis.info\/d\/263978-3\/DSC05773.jpg \/><\/a><br \/>\n^ DSB-6EUB<\/p>\n<p><a href='http:\/\/ski.inmontanis.info\/d\/263983-2\/DSC05774.jpg'><img src=http:\/\/ski.inmontanis.info\/d\/263982-3\/DSC05774.jpg \/><\/a><br \/>\n^ Die andere Abfahrt am SL<\/p>\n<p><a href='http:\/\/ski.inmontanis.info\/d\/263987-2\/DSC05776.jpg'><img src=http:\/\/ski.inmontanis.info\/d\/263986-3\/DSC05776.jpg \/><\/a><br \/>\n^ Marchisio-DSB<\/p>\n<p><a href='http:\/\/ski.inmontanis.info\/d\/263991-2\/DSC05777.jpg'><img src=http:\/\/ski.inmontanis.info\/d\/263990-3\/DSC05777.jpg \/><\/a><br \/>\n^ DSB Talstation<\/p>\n<p><a href='http:\/\/ski.inmontanis.info\/d\/263995-2\/DSC05783.jpg'><img src=http:\/\/ski.inmontanis.info\/d\/263994-3\/DSC05783.jpg \/><\/a><br \/>\n^ DSB-Abfahrtsvariante<\/p>\n<p><a href='http:\/\/ski.inmontanis.info\/d\/263999-2\/DSC05786.jpg'><img src=http:\/\/ski.inmontanis.info\/d\/263998-3\/DSC05786.jpg \/><\/a><br \/>\n^ DSB-Abfahrt<\/p>\n<p><a href='http:\/\/ski.inmontanis.info\/d\/264003-2\/DSC05787.jpg'><img src=http:\/\/ski.inmontanis.info\/d\/264002-3\/DSC05787.jpg \/><\/a><br \/>\n^ DSB-Bergstation<\/p>\n<p><a href='http:\/\/ski.inmontanis.info\/d\/264007-2\/DSC05789.jpg'><img src=http:\/\/ski.inmontanis.info\/d\/264006-3\/DSC05789.jpg \/><\/a><br \/>\n^ DSB-Abfahrtsvariante<\/p>\n<p><a href='http:\/\/ski.inmontanis.info\/d\/264011-2\/DSC05792.jpg'><img src=http:\/\/ski.inmontanis.info\/d\/264010-3\/DSC05792.jpg \/><\/a><br \/>\n^ Marchisio-SL<\/p>\n<p><a href='http:\/\/ski.inmontanis.info\/d\/264015-2\/DSC05795.jpg'><img src=http:\/\/ski.inmontanis.info\/d\/264014-3\/DSC05795.jpg \/><\/a><br \/>\n^ DSB Talstation<\/p>\n<p><a href='http:\/\/ski.inmontanis.info\/d\/264019-2\/ge20190427a.jpg'><img src=http:\/\/ski.inmontanis.info\/d\/264018-3\/ge20190427a.jpg \/><\/a><br \/>\n^ GPS-Track 27.4.2019<\/p>\n<p>Da ich aber ja doch morgen zum G3000 wollte, die mautfreie Fahrt via Simplon aber echt lang dauert, k\u00f6nnte ich entweder um 13h los, um noch in Frankreich einkaufen zu gehen, oder um 15 Uhr los, um in Frankreich noch im Buffalo Grill essen zu gehen, da samstags bis 23h offen.<\/p>\n<p>W\u00e4hrend die Abfahrt unter der 6EUB bei meiner ersten Abfahrt schon weich war, war die Waldabfahrt am SL erst gegen 12 und danach gut, ab 13h aber abschnittsweise stockend. Die DSB-Abfahrt blieb noch etwas l\u00e4nger gut, offpiste war der Neuschnee aber auch schon sehr bremsig und zu vergessen. Nach 13h war&#8217;s dann auch mit der Sonne vorbei. Ein Salsiccia-Panino um 5,50 musste nat\u00fcrlich auch sein. Um kurz nach 14h fuhr ich dann wieder runter.<\/p>\n<p>Der Webcam nach h\u00e4tte ich am G3000 heute nicht viel gesehen. Und das Liftupdate um 12:45 sagte, dass nur die beiden oberen 4er Sessel (unter Berg- und unter Mittelstation) offen waren, aber nicht mal die Abfahrt dazwischen. Evtl. wg. Lawinengefahr ab Mittag gesperrt?! Also war Aprica schon die bessere Wahl heute.<\/p>\n<p><a href='http:\/\/extra.inmontanis.info\/d\/53769-2\/DSC05802.jpg'><img src=http:\/\/extra.inmontanis.info\/d\/53768-3\/DSC05802.jpg \/><\/a><br \/>\n^ Centovalli oder Val Vigezzo<\/p>\n<p>Als ich um 22h am Buffalo war, musste ich tats\u00e4chlich noch 3 Gruppen vor mir abwarten, bis ich einen Tisch bekam, wobei auch nach mir noch welche kamen und bis ich endlich bestellen konnte war es 22.30.<\/p>\n<p>Ich wollte dann noch im Internet nachsehen, ob McDonalds in Frankreich mittlerweile Fr\u00fchst\u00fcck haben, und wenn ja, wann der hier in Thonon aufmachen w\u00fcrde. Aber Fehlanzeige: ich kann die frz. McDonalds-Website nicht anschauen, wenn ich in FR bin und via Handy angemeldet bin, Geolocation-Blocker. Was hat das denn f\u00fcr einen Sinn?! Aber lt. GMaps hat er eh nicht fr\u00fch genug offen.<\/p>\n<p>(Fortsetzung folgt.)<\/p>\n","protected":false},"excerpt":{"rendered":"<p>Sa, 27.4.2019<\/p>\n<p>Die Wahl der heutigen Qual fiel sehr, sehr schwer. Egtl. wollte ich die letzten beiden Glacier-3000-WE der Saison an mind. jeweils 1 Tag dort sein, evtl. am 2.Tag dann Val d&#8217;Isere oder Prali oder was auch immer. Allerdings waren die Wettervorhersagen recht schlecht f\u00fcr dieses WE, au\u00dfer f\u00fcr Prali. In Norditalien, also Trentino <a href=\"http:\/\/blog.inmontanis.info\/?p=5692\">[&#8230;]<\/a><\/p>\n","protected":false},"author":1,"featured_media":0,"comment_status":"closed","ping_status":"closed","sticky":false,"template":"","format":"standard","meta":{"footnotes":""},"categories":[531,15,14,27,81],"tags":[39,79,38,80,47],"class_list":["post-5692","post","type-post","status-publish","format-standard","hentry","category-aprica","category-italienitaly","category-swiss","category-skifahren-winterskiing-winter","category-kurztrips","tag-6eub","tag-agudio","tag-dsb","tag-marchisio","tag-sl","odd"],"_links":{"self":[{"href":"http:\/\/blog.inmontanis.info\/index.php?rest_route=\/wp\/v2\/posts\/5692","targetHints":{"allow":["GET"]}}],"collection":[{"href":"http:\/\/blog.inmontanis.info\/index.php?rest_route=\/wp\/v2\/posts"}],"about":[{"href":"http:\/\/blog.inmontanis.info\/index.php?rest_route=\/wp\/v2\/types\/post"}],"author":[{"embeddable":true,"href":"http:\/\/blog.inmontanis.info\/index.php?rest_route=\/wp\/v2\/users\/1"}],"replies":[{"embeddable":true,"href":"http:\/\/blog.inmontanis.info\/index.php?rest_route=%2Fwp%2Fv2%2Fcomments&post=5692"}],"version-history":[{"count":2,"href":"http:\/\/blog.inmontanis.info\/index.php?rest_route=\/wp\/v2\/posts\/5692\/revisions"}],"predecessor-version":[{"id":5694,"href":"http:\/\/blog.inmontanis.info\/index.php?rest_route=\/wp\/v2\/posts\/5692\/revisions\/5694"}],"wp:attachment":[{"href":"http:\/\/blog.inmontanis.info\/index.php?rest_route=%2Fwp%2Fv2%2Fmedia&parent=5692"}],"wp:term":[{"taxonomy":"category","embeddable":true,"href":"http:\/\/blog.inmontanis.info\/index.php?rest_route=%2Fwp%2Fv2%2Fcategories&post=5692"},{"taxonomy":"post_tag","embeddable":true,"href":"http:\/\/blog.inmontanis.info\/index.php?rest_route=%2Fwp%2Fv2%2Ftags&post=5692"}],"curies":[{"name":"wp","href":"https:\/\/api.w.org\/{rel}","templated":true}]}}