{"id":5689,"date":"2019-07-07T20:13:04","date_gmt":"2019-07-07T18:13:04","guid":{"rendered":"http:\/\/blog.inmontanis.info\/?p=5689"},"modified":"2023-07-01T20:57:43","modified_gmt":"2023-07-01T18:57:43","slug":"hintertuxer-gletscher-6-7-7-2019","status":"publish","type":"post","link":"http:\/\/blog.inmontanis.info\/?p=5689","title":{"rendered":"Hintertuxer Gletscher, 6.+7.7.2019"},"content":{"rendered":"<p><strong>6.7.2019<\/strong><\/p>\n<p>Kurz vor 8:30 kam ich am Hintertuxer an, an der 2. Sektion musste man warten, weil mind. 4 neue Kabinen hintereinander unterwegs waren, in die man aber nicht einsteigen durfte. Zudem waren 10EUB+DSB in Revision.<\/p>\n<p>Verglichen mit Frankreich letztes WE ist der &#8220;Eierkartonschnee&#8221; noch gar nicht so extrem ausgepr\u00e4gt. Die ZwiDeGo-Varianten waren aber nur noch teilweise m\u00f6glich: leider war am Zugang zur sch\u00f6nen Steilrinne ein St\u00fcck aper &#8211; wird dann wohl von Jahr zu Jahr k\u00fcrzer werden, die Saison :(<\/p>\n<p>Morgens war es am O-SL gut zu fahren, daher gleich 7x gefahren. An der GW ging es um\/nach Mittag super und die ZwiDeGo-Varianten gingen mittags\/nachmittags sehr gut. Das ist halt der Vorteil am Hintertuxer im Vgl. zu den anderen Gletschern: Dank Ost-, West- und Nordausrichtung gibt&#8217;s, wenn man Gl\u00fcck hat, den ganzen Tag irgendwo was, was gut geht.<\/p>\n<p>Normalerweise, wenn die DSB wg. Revision oder sonstwie zu ist, blieb der GW-SL bis 15\/16 Uhr ge\u00f6ffnet, entsprechend konnte man die GW-H\u00e4nge nachmittags intensiver fahren. Heute wurden jedoch bereits um 13.30 alle Abfahrten au\u00dfer der an der DSB zum pr\u00e4perieren abgesperrt (selbst wenn die DSB f\u00e4hrt wird das meist erst nach 14:30 gemacht) und auch der SL eingestellt. <\/p>\n<p>Da f\u00fcr morgen schlechter (Sturm, Regen) gemeldet wurde, blieb ich heute l\u00e4nger, bis 15:30 Uhr. ZwiDeGo war es weiterhin sch\u00f6n weich und kompakt und problemlos mit Racecarver zu fahren. Leider musste mir dann beim Runterfahren im GB2 so ein Arsch den Tag versauen, indem er im GB2 geraucht und mir die Luft verpestet hat. Hab mich auf die Bank gestellt und versucht, an dem seitlichen, gekippten Mini-Fenster etwas Luft zu bekommen, was aber tats\u00e4chlich schwer war.<\/p>\n<p>(Fotos anklicken zum Vergr\u00f6\u00dfern)<\/p>\n<p><a href='http:\/\/ski.inmontanis.info\/d\/263859-2\/DSC07463.jpg'><img src=http:\/\/ski.inmontanis.info\/d\/263858-3\/DSC07463.jpg \/><\/a><br \/>\n^ Am GB2 h\u00e4ngen einige neue Kabinen, mit denen man aber noch nicht fahren darf. Nervigerweise fahren die genau hintereinander, so dass man ewig warten muss ..<\/p>\n<p><a href='http:\/\/ski.inmontanis.info\/d\/263863-2\/DSC07464.jpg'><img src=http:\/\/ski.inmontanis.info\/d\/263862-3\/DSC07464.jpg \/><\/a><br \/>\n^ TFH-Hang<\/p>\n<p><a href='http:\/\/ski.inmontanis.info\/d\/263867-2\/DSC07466.jpg'><img src=http:\/\/ski.inmontanis.info\/d\/263866-3\/DSC07466.jpg \/><\/a><br \/>\n^ GW &#8211; O<\/p>\n<p><a href='http:\/\/ski.inmontanis.info\/d\/263871-2\/DSC07468.jpg'><img src=http:\/\/ski.inmontanis.info\/d\/263870-3\/DSC07468.jpg \/><\/a><br \/>\n^ Der Fels auf der ehemaligen Abfahrt wird heuer wohl nicht vermattet; die Matten oben am Weg waren morgen durch n\u00e4chtlichen Wind etwas durcheinander<\/p>\n<p><a href='http:\/\/ski.inmontanis.info\/d\/263875-2\/DSC07470.jpg'><img src=http:\/\/ski.inmontanis.info\/d\/263874-3\/DSC07470.jpg \/><\/a><br \/>\n^ GW \/ Mattenlager<\/p>\n<p><a href='http:\/\/ski.inmontanis.info\/d\/263879-2\/DSC07471.jpg'><img src=http:\/\/ski.inmontanis.info\/d\/263878-3\/DSC07471.jpg \/><\/a><br \/>\n^ Mal ein anderer Standort mit Blick zur Zugspitze<\/p>\n<p><a href='http:\/\/ski.inmontanis.info\/d\/263883-2\/DSC07475.jpg'><img src=http:\/\/ski.inmontanis.info\/d\/263882-3\/DSC07475.jpg \/><\/a><br \/>\n^ Olperer<\/p>\n<p><a href='http:\/\/ski.inmontanis.info\/d\/263887-2\/DSC07478.jpg'><img src=http:\/\/ski.inmontanis.info\/d\/263886-3\/DSC07478.jpg \/><\/a><br \/>\n^ O &#8211; GW<\/p>\n<p><a href='http:\/\/ski.inmontanis.info\/d\/263891-2\/DSC07481.jpg'><img src=http:\/\/ski.inmontanis.info\/d\/263890-3\/DSC07481.jpg \/><\/a><br \/>\n^ Och schade, die sch\u00f6ne Steilrinne geht nicht mehr, oben ist leider ein St\u00fcck aper..<\/p>\n<p><a href='http:\/\/ski.inmontanis.info\/d\/263895-2\/DSC07484.jpg'><img src=http:\/\/ski.inmontanis.info\/d\/263894-3\/DSC07484.jpg \/><\/a><br \/>\n^ GB3-Zufahrt<\/p>\n<p><a href='http:\/\/ski.inmontanis.info\/d\/263899-2\/DSC07485.jpg'><img src=http:\/\/ski.inmontanis.info\/d\/263898-3\/DSC07485.jpg \/><\/a><br \/>\n^ Geschlossene Abfahrt rechts vom O-SL, toller firnig-sulzig-weicher Schnee<\/p>\n<p><a href='http:\/\/ski.inmontanis.info\/d\/263903-2\/DSC07486.jpg'><img src=http:\/\/ski.inmontanis.info\/d\/263902-3\/DSC07486.jpg \/><\/a><br \/>\n^ GB3 \/ das ging heuer recht schnell hier?<\/p>\n<p><a href='http:\/\/ski.inmontanis.info\/d\/263907-2\/DSC07487.jpg'><img src=http:\/\/ski.inmontanis.info\/d\/263906-3\/DSC07487.jpg \/><\/a><br \/>\n^ ZwiDeGo, die Mulden im Schnee sind im steileren noch recht problemlos<\/p>\n<p><a href='http:\/\/ski.inmontanis.info\/d\/263911-2\/DSC07488.jpg'><img src=http:\/\/ski.inmontanis.info\/d\/263910-3\/DSC07488.jpg \/><\/a><br \/>\n^ ZwiDeGo, der Eierkartonschnee war schon mal schlimmer, aktuell gehts noch, der Schnee wird im Tagesverlauf noch weich genug und die Mulden sind noch nicht so tief (wie in Frankreich letztes WE)<\/p>\n<p><a href='http:\/\/ski.inmontanis.info\/d\/263915-2\/DSC07489.jpg'><img src=http:\/\/ski.inmontanis.info\/d\/263914-3\/DSC07489.jpg \/><\/a><br \/>\n^ Schlegeis-3SB<\/p>\n<p><a href='http:\/\/ski.inmontanis.info\/d\/263919-2\/DSC07490.jpg'><img src=http:\/\/ski.inmontanis.info\/d\/263918-3\/DSC07490.jpg \/><\/a><br \/>\n^ GW-Vermattungen<\/p>\n<p><a href='http:\/\/ski.inmontanis.info\/d\/263923-2\/DSC07493.jpg'><img src=http:\/\/ski.inmontanis.info\/d\/263922-3\/DSC07493.jpg \/><\/a><br \/>\n^ Nach Mittag tolle Firnverh\u00e4ltnisse an der GW<\/p>\n<p><a href='http:\/\/ski.inmontanis.info\/d\/263927-2\/DSC07500.jpg'><img src=http:\/\/ski.inmontanis.info\/d\/263926-3\/DSC07500.jpg \/><\/a><br \/>\n^ Leider musste mir so ein Arsch (vmtl. ein Angestellter) beim Runterfahren den Tag versauen, weil er mir im GB2 rauchend die Luft verpesten musste. Nicht, dass ich das bei den Angestellten hier nicht gew\u00f6hnt w\u00e4re, aber normalerweise rotten sie sich dann in Gruppen zusammen und besetzen eine ganze Kabine. <\/p>\n<p><strong>7.7.2019<\/strong><\/p>\n<p>Obwohl die Nacht halbwegs klar verlief und es morgens k\u00e4lter als gestern war, war der Schnee weicher: es hatte abends und\/oder morgens geregnet, an der Talstation war&#8217;s nass, an der Sommerbergalm blauer Himmel, am Gletscher stark bedeckt, bei der 3. O-SL-Fahrt kam Nebel von unten und es fing zu regnen an. 1x TFH, wieder rauf und &#8220;ZwiDeGo&#8221;, schon scheinte wieder die Sonne. Dort war es so sch\u00f6n weich wie gestern, so dass ich wieder ein paar Fahrten hier machte. Wie gestern fuhr ich auch heute abschnittsweise so, dass ich m\u00f6glichst viel Schnee pro Schwung gl\u00e4ttete: Falls die Varianten n\u00e4chstes WE noch gehen w\u00fcrden, h\u00e4tte ich so vielleicht etwas weniger &#8220;Eierkartonschnee&#8221; &#8230;<\/p>\n<p>Ab Mittag war die Revision der DSB wohl beendet und sie w\u00e4re wieder in Betrieb gewesen, allerdings war die Abfahrt hier oben heute sehr nervig (tief aufgefahren, aber eher eisiger Schnee, also nicht so schmierig), sch\u00f6n wurde es erst zwischen den Gondeln. Um 12 Uhr kam der Nebel wieder und ich starte meine Salatbuffet-Saison, danach noch 2 ZwiDeGo-Fahrten, der Wind wurde st\u00e4rker, der Schnee an der DSB-Abfahrt nicht angenehmer und als es um 13:30 Uhr wieder zu regnen anfing und weil ich heute eh nicht so lang bleiben wollte, fuhr ich ab.<\/p>\n<p><a href='http:\/\/ski.inmontanis.info\/d\/263931-2\/DSC07508.jpg'><img src=http:\/\/ski.inmontanis.info\/d\/263930-3\/DSC07508.jpg \/><\/a><br \/>\n^ ZwiDeGo ging gestern wie heute gut zu fahren, au\u00dfer mir hab ich noch einen Snowboarder mehrmals fahren sehen<\/p>\n<p><a href='http:\/\/ski.inmontanis.info\/d\/263935-2\/DSC07510.jpg'><img src=http:\/\/ski.inmontanis.info\/d\/263934-3\/DSC07510.jpg \/><\/a><br \/>\n^ DSB Sektion 4 \/ Wolken<\/p>\n<p><a href='http:\/\/ski.inmontanis.info\/d\/263939-2\/DSC07511.jpg'><img src=http:\/\/ski.inmontanis.info\/d\/263938-3\/DSC07511.jpg \/><\/a><br \/>\n^ ZwiDeGo ging gestern wie heute gut zu fahren<\/p>\n<p><a href='http:\/\/ski.inmontanis.info\/d\/263943-2\/DSC07514.jpg'><img src=http:\/\/ski.inmontanis.info\/d\/263942-3\/DSC07514.jpg \/><\/a><br \/>\n^ Evtl. wird auf der sichereren Variante links n\u00e4chstes WE die Durchfahrt schwierig werden; rechts kommen nun leider langsam die Spalten.<\/p>\n","protected":false},"excerpt":{"rendered":"<p>6.7.2019<\/p>\n<p>Kurz vor 8:30 kam ich am Hintertuxer an, an der 2. Sektion musste man warten, weil mind. 4 neue Kabinen hintereinander unterwegs waren, in die man aber nicht einsteigen durfte. Zudem waren 10EUB+DSB in Revision.<\/p>\n<p>Verglichen mit Frankreich letztes WE ist der &#8220;Eierkartonschnee&#8221; noch gar nicht so extrem ausgepr\u00e4gt. Die ZwiDeGo-Varianten waren aber nur <a href=\"http:\/\/blog.inmontanis.info\/?p=5689\">[&#8230;]<\/a><\/p>\n","protected":false},"author":1,"featured_media":0,"comment_status":"closed","ping_status":"closed","sticky":false,"template":"","format":"standard","meta":{"footnotes":""},"categories":[246,25,13,28],"tags":[38,47],"class_list":["post-5689","post","type-post","status-publish","format-standard","hentry","category-hintertux","category-noreport","category-austria","category-skifahren-sommer","tag-dsb","tag-sl","odd"],"_links":{"self":[{"href":"http:\/\/blog.inmontanis.info\/index.php?rest_route=\/wp\/v2\/posts\/5689","targetHints":{"allow":["GET"]}}],"collection":[{"href":"http:\/\/blog.inmontanis.info\/index.php?rest_route=\/wp\/v2\/posts"}],"about":[{"href":"http:\/\/blog.inmontanis.info\/index.php?rest_route=\/wp\/v2\/types\/post"}],"author":[{"embeddable":true,"href":"http:\/\/blog.inmontanis.info\/index.php?rest_route=\/wp\/v2\/users\/1"}],"replies":[{"embeddable":true,"href":"http:\/\/blog.inmontanis.info\/index.php?rest_route=%2Fwp%2Fv2%2Fcomments&post=5689"}],"version-history":[{"count":2,"href":"http:\/\/blog.inmontanis.info\/index.php?rest_route=\/wp\/v2\/posts\/5689\/revisions"}],"predecessor-version":[{"id":5691,"href":"http:\/\/blog.inmontanis.info\/index.php?rest_route=\/wp\/v2\/posts\/5689\/revisions\/5691"}],"wp:attachment":[{"href":"http:\/\/blog.inmontanis.info\/index.php?rest_route=%2Fwp%2Fv2%2Fmedia&parent=5689"}],"wp:term":[{"taxonomy":"category","embeddable":true,"href":"http:\/\/blog.inmontanis.info\/index.php?rest_route=%2Fwp%2Fv2%2Fcategories&post=5689"},{"taxonomy":"post_tag","embeddable":true,"href":"http:\/\/blog.inmontanis.info\/index.php?rest_route=%2Fwp%2Fv2%2Ftags&post=5689"}],"curies":[{"name":"wp","href":"https:\/\/api.w.org\/{rel}","templated":true}]}}