{"id":5676,"date":"2019-04-21T22:07:48","date_gmt":"2019-04-21T20:07:48","guid":{"rendered":"http:\/\/blog.inmontanis.info\/?p=5676"},"modified":"2023-08-05T13:23:51","modified_gmt":"2023-08-05T11:23:51","slug":"bydalen-21-4-2019","status":"publish","type":"post","link":"http:\/\/blog.inmontanis.info\/?p=5676","title":{"rendered":"Bydalen, 21.4.2019"},"content":{"rendered":"<p><em>Skandinavien 2019 &#8220;unverdorbene Skigebiete&#8221;<\/em><br \/>\n<strong>Tag 10: So, 21.4.2019 &#8211; Bydalen (km 5.233, Diff. 317)<\/strong><\/p>\n<p>Fr\u00fchst\u00fcck gibt&#8217;s hier am Wochenende ab 7 Uhr, sonst ab 6:30. Heute h\u00e4tte mir auch 7.30 gereicht, zumindest f\u00fcr das geplante Ziel, denn der Wetterbericht meldet schon gestern pl\u00f6tzlich Regen f\u00fcr Bydalen. <\/p>\n<p>Da ich nicht ins Bett kam, bin ich erst um 8:10 zum Fr\u00fchst\u00fccken gegangen. Das Restaurant hatte mindestens 7 Sitzbereiche, wie in einem M\u00f6belhaus, mit unterschiedlichen Tischen + St\u00fchlen und z.T. Teppichen; auf den Tischen waren \u00d6l-Kerzen. Das Fr\u00fchst\u00fccksbuffet war wieder gro\u00df, vielleicht das gr\u00f6ste der Reise. Ich a\u00df R\u00fchreier mit Speck und Toast, Pfannkuchen und Croissant mit Marmelade + Nutellaersatz, Sonnenblumensemmel mit Schinken + K\u00e4se + Lachs, wobei es jeweils noch 2-3 weitere Alternativen gab, die ich nicht probierte, und dann noch eine Sch\u00fcssel Milch mit diversen M\u00fcslisorten und Cornflakes.<\/p>\n<p>Gegen 10:20 Uhr kam ich bei leichtem Nieselregen in Bydalen an, dem f\u00fcr heute ausgesuchten Skigebiet. Zuf\u00e4lligerweise gibt es hier wieder nur SL, diesmal allerdings etwas mehr und verteilter, dazu viele Abfahrtsvarianten, wobei diese im Pistenplan manchmal falsch eingezeichnet waren, was f\u00fcr weitere Verwirrung sorgte. Der Skipass war mit 375,- SEK (ca. 36\/37,- \u20ac) akzeptabel und die SL recht unterschiedlich gebaut.<\/p>\n<p>Das Wetter blieb eher schlecht, wobei die Sonne manchmal durch die Wolkendecke geschaut hat, also die Sicht war OK, ab 15 Uhr regnete es wieder leicht. Der nasse Schnee auf den Pisten ging allerdings ganztags gut zu fahren. Um 16:15 machte ich meine letzte Liftfahrt (die unteren Lifte fahren bis 16:30, der eine gegen\u00fcber bis 17 Uhr) und ging unten noch in die Aufw\u00e4rmstube zum WC und etwas trocken werden.<\/p>\n<p>(Fotos anklicken zum Vergr\u00f6\u00dfern)<\/p>\n<p><a href='http:\/\/extra.inmontanis.info\/d\/52765-2\/geScn2019h.jpg'><img src=http:\/\/extra.inmontanis.info\/d\/52764-3\/geScn2019h.jpg \/><\/a><br \/>\n^ G: Bydalen<br \/>\nRot von nahe G bis richtung H\/I: Fahrstrecke 21.4.2019<\/p>\n<p><a href='http:\/\/extra.inmontanis.info\/d\/53469-3\/DSC05295.jpg'><img src=http:\/\/extra.inmontanis.info\/d\/53468-3\/DSC05295.jpg \/><\/a><br \/>\n^ Da sitzt sogar jemand im Flugzeug ;)<\/p>\n<p><a href='http:\/\/extra.inmontanis.info\/d\/53473-3\/DSC05298.jpg'><img src=http:\/\/extra.inmontanis.info\/d\/53472-3\/DSC05298.jpg \/><\/a><br \/>\n^ Z609 \/ Storsj\u00f6n<\/p>\n<p><a href='http:\/\/extra.inmontanis.info\/d\/53477-3\/DSC05300.jpg'><img src=http:\/\/extra.inmontanis.info\/d\/53476-3\/DSC05300.jpg \/><\/a><br \/>\n^ 321 \/ Indals\u00e4lven<\/p>\n<p><a href='http:\/\/extra.inmontanis.info\/d\/53481-3\/DSC05302.jpg'><img src=http:\/\/extra.inmontanis.info\/d\/53480-3\/DSC05302.jpg \/><\/a><br \/>\n^ Z630 \/ Richtung Bydalen<\/p>\n<p><a href='http:\/\/ski.inmontanis.info\/d\/263527-2\/DSC05305.jpg'><img src=http:\/\/ski.inmontanis.info\/d\/263525-3\/DSC05305.jpg \/><\/a><br \/>\n^ Bydalen \/ Parkplatz am ersten SL<\/p>\n<p><a href='http:\/\/ski.inmontanis.info\/d\/263531-2\/DSC05306.jpg'><img src=http:\/\/ski.inmontanis.info\/d\/263530-3\/DSC05306.jpg \/><\/a><br \/>\n^ Gut, dass der Parkplatz so leer ist ;-)<\/p>\n<p><a href='http:\/\/ski.inmontanis.info\/d\/263535-2\/DSC05349.jpg'><img src=http:\/\/ski.inmontanis.info\/d\/263534-3\/DSC05349.jpg \/><\/a><br \/>\n^ Pistenplan<\/p>\n<p><a href='http:\/\/ski.inmontanis.info\/d\/263539-2\/DSC05308.jpg'><img src=http:\/\/ski.inmontanis.info\/d\/263538-3\/DSC05308.jpg \/><\/a><br \/>\n^ SL F Tr\u00e4dgr\u00e4nsliftarna 1+2<\/p>\n<p><a href='http:\/\/ski.inmontanis.info\/d\/263543-2\/DSC05309.jpg'><img src=http:\/\/ski.inmontanis.info\/d\/263542-3\/DSC05309.jpg \/><\/a><br \/>\n^ SL F Tr\u00e4dgr\u00e4nsliftarna 1+2<\/p>\n<p><a href='http:\/\/ski.inmontanis.info\/d\/263547-2\/DSC05311.jpg'><img src=http:\/\/ski.inmontanis.info\/d\/263546-3\/DSC05311.jpg \/><\/a><br \/>\n^ SL F Tr\u00e4dgr\u00e4nsliftarna 1+2; interessant, wie die St\u00fctzen ineinander gebaut sind..<\/p>\n<p><a href='http:\/\/ski.inmontanis.info\/d\/263551-2\/DSC05313.jpg'><img src=http:\/\/ski.inmontanis.info\/d\/263550-3\/DSC05313.jpg \/><\/a><br \/>\n^ SL F Tr\u00e4dgr\u00e4nsliftarna 1+2, dar\u00fcber SL G H\u00f6gfj\u00e4llsliften<\/p>\n<p><a href='http:\/\/ski.inmontanis.info\/d\/263555-2\/DSC05314.jpg'><img src=http:\/\/ski.inmontanis.info\/d\/263554-3\/DSC05314.jpg \/><\/a><br \/>\n^ Abfahrt zwischen SL F Tr\u00e4dgr\u00e4nsliftarna 1+2 und SL G H\u00f6gfj\u00e4llsliften (links im Bild)<\/p>\n<p><a href='http:\/\/ski.inmontanis.info\/d\/263559-2\/DSC05316.jpg'><img src=http:\/\/ski.inmontanis.info\/d\/263558-3\/DSC05316.jpg \/><\/a><br \/>\n^ SL G H\u00f6gfj\u00e4llsliften<\/p>\n<p><a href='http:\/\/ski.inmontanis.info\/d\/263563-2\/DSC05319.jpg'><img src=http:\/\/ski.inmontanis.info\/d\/263562-3\/DSC05319.jpg \/><\/a><br \/>\n^ SL G H\u00f6gfj\u00e4llsliften, hat oben andere St\u00fctzen<\/p>\n<p><a href='http:\/\/ski.inmontanis.info\/d\/263567-2\/DSC05323.jpg'><img src=http:\/\/ski.inmontanis.info\/d\/263566-3\/DSC05323.jpg \/><\/a><br \/>\n^ SL G H\u00f6gfj\u00e4llsliften<\/p>\n<p><a href='http:\/\/ski.inmontanis.info\/d\/263571-2\/DSC05328.jpg'><img src=http:\/\/ski.inmontanis.info\/d\/263570-3\/DSC05328.jpg \/><\/a><br \/>\n^ SL I Lill Arnes mit roter Talstation<\/p>\n<p><a href='http:\/\/ski.inmontanis.info\/d\/263575-2\/DSC05329.jpg'><img src=http:\/\/ski.inmontanis.info\/d\/263574-3\/DSC05329.jpg \/><\/a><br \/>\n^ SL I Lill Arnes mit blauen St\u00fctzen<\/p>\n<p><a href='http:\/\/ski.inmontanis.info\/d\/263579-2\/DSC05333.jpg'><img src=http:\/\/ski.inmontanis.info\/d\/263578-3\/DSC05333.jpg \/><\/a><br \/>\n^ Verbindungsabfahrt von der Bergstation SL G nach links<\/p>\n<p><a href='http:\/\/ski.inmontanis.info\/d\/263583-2\/DSC05338.jpg'><img src=http:\/\/ski.inmontanis.info\/d\/263582-3\/DSC05338.jpg \/><\/a><br \/>\n^ SL E L\u00e5ngravinliften<\/p>\n<p><a href='http:\/\/ski.inmontanis.info\/d\/263587-2\/DSC05340.jpg'><img src=http:\/\/ski.inmontanis.info\/d\/263586-3\/DSC05340.jpg \/><\/a><br \/>\n^ Start Abfahrt L\u00e5ngravin zu den n\u00e4chsten SL weiter links; hinten am Gipfel die beiden SL B+D<\/p>\n<p><a href='http:\/\/ski.inmontanis.info\/d\/263591-2\/DSC05343.jpg'><img src=http:\/\/ski.inmontanis.info\/d\/263590-3\/DSC05343.jpg \/><\/a><br \/>\n^ Direkte Abfahrt am SL E L\u00e5ngravinliften<\/p>\n<p><a href='http:\/\/ski.inmontanis.info\/d\/263595-2\/DSC05348.jpg'><img src=http:\/\/ski.inmontanis.info\/d\/263594-3\/DSC05348.jpg \/><\/a><br \/>\n^ Abfahrt L\u00e5ngravin zum SL D Paradliften<\/p>\n<p><a href='http:\/\/ski.inmontanis.info\/d\/263599-2\/DSC05350.jpg'><img src=http:\/\/ski.inmontanis.info\/d\/263598-3\/DSC05350.jpg \/><\/a><br \/>\n^ SL D Paradliften<\/p>\n<p><a href='http:\/\/ski.inmontanis.info\/d\/263603-2\/DSC05352.jpg'><img src=http:\/\/ski.inmontanis.info\/d\/263602-3\/DSC05352.jpg \/><\/a><br \/>\n^ SL D Paradliften, die Offpistevarianten da links sind gut steil.<\/p>\n<p><a href='http:\/\/ski.inmontanis.info\/d\/263607-2\/DSC05353.jpg'><img src=http:\/\/ski.inmontanis.info\/d\/263606-3\/DSC05353.jpg \/><\/a><br \/>\n^ SL D Paradliften und SL B Toppliften<\/p>\n<p><a href='http:\/\/ski.inmontanis.info\/d\/263611-2\/DSC05354.jpg'><img src=http:\/\/ski.inmontanis.info\/d\/263610-3\/DSC05354.jpg \/><\/a><br \/>\n^ Abfahrt Ostkroken am SL Paradliften<\/p>\n<p><a href='http:\/\/ski.inmontanis.info\/d\/263615-2\/DSC05357.jpg'><img src=http:\/\/ski.inmontanis.info\/d\/263614-3\/DSC05357.jpg \/><\/a><br \/>\n^ Offpiste am SL D Paradliften<\/p>\n<p><a href='http:\/\/ski.inmontanis.info\/d\/263619-2\/DSC05360.jpg'><img src=http:\/\/ski.inmontanis.info\/d\/263618-3\/DSC05360.jpg \/><\/a><br \/>\n^ SL P F\u00e4boliften<\/p>\n<p><a href='http:\/\/ski.inmontanis.info\/d\/263623-2\/DSC05361.jpg'><img src=http:\/\/ski.inmontanis.info\/d\/263622-3\/DSC05361.jpg \/><\/a><br \/>\n^ SL P F\u00e4boliften<\/p>\n<p><a href='http:\/\/ski.inmontanis.info\/d\/263627-2\/DSC05365.jpg'><img src=http:\/\/ski.inmontanis.info\/d\/263626-3\/DSC05365.jpg \/><\/a><br \/>\n^ SL P F\u00e4boliften<\/p>\n<p><a href='http:\/\/ski.inmontanis.info\/d\/263631-2\/DSC05367.jpg'><img src=http:\/\/ski.inmontanis.info\/d\/263630-3\/DSC05367.jpg \/><\/a><br \/>\n^ Wieder mit SL D ganz nach oben und nochmal ins steile Offpisteareal<\/p>\n<p><a href='http:\/\/ski.inmontanis.info\/d\/263635-2\/DSC05370.jpg'><img src=http:\/\/ski.inmontanis.info\/d\/263634-3\/DSC05370.jpg \/><\/a><br \/>\n^ Offpiste am SL B\/D<\/p>\n<p><a href='http:\/\/ski.inmontanis.info\/d\/263639-2\/DSC05371.jpg'><img src=http:\/\/ski.inmontanis.info\/d\/263638-3\/DSC05371.jpg \/><\/a><br \/>\n^ Schwarze Abfahrt am SL B\/D, von der man aber weder SL B noch SL D erreicht.<\/p>\n<p><a href='http:\/\/ski.inmontanis.info\/d\/263643-2\/DSC05374.jpg'><img src=http:\/\/ski.inmontanis.info\/d\/263642-3\/DSC05374.jpg \/><\/a><br \/>\n^ Abfahrtsvarianten (Parallelbacken) am SL A Hovdeliften<\/p>\n<p><a href='http:\/\/ski.inmontanis.info\/d\/263647-2\/DSC05375.jpg'><img src=http:\/\/ski.inmontanis.info\/d\/263646-3\/DSC05375.jpg \/><\/a><br \/>\n^ Rechts SL A Hovdeliften, links der Hang vom SL C Dromliften (nicht gefahren) und dazwischen geht \u00fcber den Fluss SL K Transporten, aber da der Fluss nicht mehr gefroren ist, war der Verbindungslift nicht in Betrieb. W\u00e4re glatt ein Argument, nochmals im Winter hier her zu fahren, denn SL \u00fcber zugefrorene Fl\u00fcsse gibts wohl auch nicht sehr h\u00e4ufig ;-)<\/p>\n<p><a href='http:\/\/ski.inmontanis.info\/d\/263651-2\/DSC05379.jpg'><img src=http:\/\/ski.inmontanis.info\/d\/263650-3\/DSC05379.jpg \/><\/a><br \/>\n^ SL A Hovdeliften<\/p>\n<p><a href='http:\/\/ski.inmontanis.info\/d\/263655-2\/DSC05384.jpg'><img src=http:\/\/ski.inmontanis.info\/d\/263654-3\/DSC05384.jpg \/><\/a><br \/>\n^ SL A Hovdeliften<\/p>\n<p><a href='http:\/\/ski.inmontanis.info\/d\/263659-2\/DSC05385.jpg'><img src=http:\/\/ski.inmontanis.info\/d\/263658-3\/DSC05385.jpg \/><\/a><br \/>\n^ SL A Hovdeliften<\/p>\n<p><a href='http:\/\/ski.inmontanis.info\/d\/263663-2\/DSC05388.jpg'><img src=http:\/\/ski.inmontanis.info\/d\/263662-3\/DSC05388.jpg \/><\/a><br \/>\n^ Und zum linkesten SL B Toppliften. Links vom SL war im Gegensatz zum Plan aber nur eine Abfahrt auffindbar<\/p>\n<p><a href='http:\/\/ski.inmontanis.info\/d\/263667-2\/DSC05389.jpg'><img src=http:\/\/ski.inmontanis.info\/d\/263666-3\/DSC05389.jpg \/><\/a><br \/>\n^ SL B Toppliften<\/p>\n<p><a href='http:\/\/ski.inmontanis.info\/d\/263671-2\/DSC05394.jpg'><img src=http:\/\/ski.inmontanis.info\/d\/263670-3\/DSC05394.jpg \/><\/a><br \/>\n^ Abfahrten am SL B Toppliften, gegen\u00fcber die zwei H\u00e4nge geh\u00f6ren auch zum Skipass, bin ich aber nicht gefahren<\/p>\n<p><a href='http:\/\/ski.inmontanis.info\/d\/263675-2\/DSC05395.jpg'><img src=http:\/\/ski.inmontanis.info\/d\/263674-3\/DSC05395.jpg \/><\/a><br \/>\n^ Abfahrtsvarianten links vom SL A Hovdeliften<\/p>\n<p><a href='http:\/\/ski.inmontanis.info\/d\/263679-2\/DSC05399.jpg'><img src=http:\/\/ski.inmontanis.info\/d\/263678-3\/DSC05399.jpg \/><\/a><br \/>\n^ SL A Hovdeliften<\/p>\n<p><a href='http:\/\/ski.inmontanis.info\/d\/263683-2\/DSC05404.jpg'><img src=http:\/\/ski.inmontanis.info\/d\/263682-3\/DSC05404.jpg \/><\/a><br \/>\n^ Abfahrtsvarianten am SL A Hovdeliften, war gar nicht so einfach, alle Abfahrten zu fahren, weil so viele.<\/p>\n<p><a href='http:\/\/ski.inmontanis.info\/d\/263687-2\/DSC05405.jpg'><img src=http:\/\/ski.inmontanis.info\/d\/263686-3\/DSC05405.jpg \/><\/a><br \/>\n^ Abfahrt am SL A Hovdeliften<\/p>\n<p><a href='http:\/\/ski.inmontanis.info\/d\/263691-2\/DSC05407.jpg'><img src=http:\/\/ski.inmontanis.info\/d\/263690-3\/DSC05407.jpg \/><\/a><br \/>\n^ Abfahrt L\u00e5ngravin, rechts der SL E L\u00e5ngravinliften<\/p>\n<p><a href='http:\/\/ski.inmontanis.info\/d\/263695-2\/DSC05408.jpg'><img src=http:\/\/ski.inmontanis.info\/d\/263694-3\/DSC05408.jpg \/><\/a><br \/>\n^ Die Verbindungswege sind teilweise recht flach..<\/p>\n<p><a href='http:\/\/ski.inmontanis.info\/d\/263699-2\/DSC05410.jpg'><img src=http:\/\/ski.inmontanis.info\/d\/263698-3\/DSC05410.jpg \/><\/a><br \/>\n^ Wg. Schneemangel offiziell gesperrt: Abfahrt Tallbacken<\/p>\n<p><a href='http:\/\/ski.inmontanis.info\/d\/263703-2\/DSC05411.jpg'><img src=http:\/\/ski.inmontanis.info\/d\/263702-3\/DSC05411.jpg \/><\/a><br \/>\n^ Ganz Rechts-au\u00dfenrum-Abfahrt Fjellhalsleden, da muss man leider \u00f6fters und viel schieben.<\/p>\n<p><a href='http:\/\/ski.inmontanis.info\/d\/263707-2\/DSC05418.jpg'><img src=http:\/\/ski.inmontanis.info\/d\/263706-3\/DSC05418.jpg \/><\/a><br \/>\n^ Ganz Rechts-au\u00dfenrum-Abfahrt Fjellhalsleden<\/p>\n<p><a href='http:\/\/ski.inmontanis.info\/d\/263711-2\/DSC05421.jpg'><img src=http:\/\/ski.inmontanis.info\/d\/263710-3\/DSC05421.jpg \/><\/a><br \/>\n^ Ganz Rechts-au\u00dfenrum-Abfahrt Fjellhalsleden, hier mal ein etwas z\u00fcgigeres St\u00fcck<\/p>\n<p><a href='http:\/\/ski.inmontanis.info\/d\/263715-2\/DSC05424.jpg'><img src=http:\/\/ski.inmontanis.info\/d\/263714-3\/DSC05424.jpg \/><\/a><br \/>\n^ Ganz Rechts-au\u00dfenrum-Abfahrt Fjellhalsleden<\/p>\n<p><a href='http:\/\/ski.inmontanis.info\/d\/263719-2\/DSC05431.jpg'><img src=http:\/\/ski.inmontanis.info\/d\/263718-3\/DSC05431.jpg \/><\/a><br \/>\n^ Ganz Rechts-au\u00dfenrum-Abfahrt Fjellhalsleden, auch unten raus mit Gegenanstiegen und Schiebestrecken. H\u00e4tt ich mir lieber gespart.<\/p>\n<p><a href='http:\/\/ski.inmontanis.info\/d\/263723-2\/DSC05435.jpg'><img src=http:\/\/ski.inmontanis.info\/d\/263722-3\/DSC05435.jpg \/><\/a><br \/>\n^ Es gibt mehrere Verbindungsabfahrten mit Stra\u00dfenunterf\u00fchrung<\/p>\n<p><a href='http:\/\/ski.inmontanis.info\/d\/263727-2\/DSC05436.jpg'><img src=http:\/\/ski.inmontanis.info\/d\/263726-3\/DSC05436.jpg \/><\/a><br \/>\n^ Die schwarze Abfahrt am SL B\/D, von der man aber weder SL B noch SL D erreicht.<\/p>\n<p><a href='http:\/\/ski.inmontanis.info\/d\/263731-2\/DSC05437.jpg'><img src=http:\/\/ski.inmontanis.info\/d\/263730-3\/DSC05437.jpg \/><\/a><br \/>\n^ Richtung SL A Hovdeliften<\/p>\n<p><a href='http:\/\/ski.inmontanis.info\/d\/263735-2\/DSC05442.jpg'><img src=http:\/\/ski.inmontanis.info\/d\/263734-3\/DSC05442.jpg \/><\/a><br \/>\n^ Diese Abfahrt links unten am SL Hovdeliften ist im Plan nicht mehr eingezeichnet<\/p>\n<p><a href='http:\/\/ski.inmontanis.info\/d\/263739-2\/DSC05446.jpg'><img src=http:\/\/ski.inmontanis.info\/d\/263738-3\/DSC05446.jpg \/><\/a><br \/>\n^ Kurzes Offpiste-Waldst\u00fcck am SL F Tr\u00e4dgr\u00e4nsliftarna 1+2, h\u00e4tt ich ja fast verpasst.<\/p>\n<p><a href='http:\/\/ski.inmontanis.info\/d\/263743-2\/DSC05448.jpg'><img src=http:\/\/ski.inmontanis.info\/d\/263742-3\/DSC05448.jpg \/><\/a><br \/>\n^ Linke Abfahrt am SL F Tr\u00e4dgr\u00e4nsliftarna 1+2<\/p>\n<p><a href='http:\/\/ski.inmontanis.info\/d\/263747-2\/ge20190421a.jpg'><img src=http:\/\/ski.inmontanis.info\/d\/263746-3\/ge20190421a.jpg \/><\/a><br \/>\n^ GPS-Track 21.4.2019, nicht alle Abfahrten gefahren<\/p>\n<p>Fazit: Wieder ein durchaus recht nettes Skigebiet, eine gute Wahl, es  zu besuchen.<\/p>\n<p>Weil es kein sinnvoll auf dem Weg zum morgigen Ziel befindliches Hotel gab, entschied ich mich f\u00fcr eine Nacht im Auto. So kalt ist es jetzt eh nicht mehr.<\/p>\n<p><a href='http:\/\/extra.inmontanis.info\/d\/53485-3\/DSC05449.jpg'><img src=http:\/\/extra.inmontanis.info\/d\/53484-3\/DSC05449.jpg \/><\/a><br \/>\n^ Z629 \/ Storsj\u00f6n<\/p>\n<p><a href='http:\/\/extra.inmontanis.info\/d\/53489-3\/DSC05453.jpg'><img src=http:\/\/extra.inmontanis.info\/d\/53488-3\/DSC05453.jpg \/><\/a><br \/>\n^ E45<\/p>\n<p>Auf dem Weg richtung S\u00fcden hielt ich an einem Imbissrestaurant und a\u00df nochmal eine Portion K\u00f6ttbullar. Um 20:30 ging ich in Sveg nochmals einkaufen, diesmal ohne Zeitdruck, offene N\u00fcsse\/Naschsachen und ein paar andere Lebensmittel, noch ein gek\u00fchltes Fertiggericht. Sibylla gegen\u00fcber w\u00e4re heute auch offen gewesen, aber ich hatte keinen gro\u00dfen Hunger mehr, daher noch ein schnelles Hotdog und Volltanken an der Tankstelle daneben.<\/p>\n<p><a href='http:\/\/extra.inmontanis.info\/d\/53493-3\/DSC05458.jpg'><img src=http:\/\/extra.inmontanis.info\/d\/53492-3\/DSC05458.jpg \/><\/a><br \/>\n^ E45 \/ vor Sveg<\/p>\n<p>Bin dann noch ein St\u00fcck gefahren und hab an einem Parkplatz neben der wenig befahrenen Stra\u00dfe \u00fcbernachtet und mir den Wecker in 7-7,5h gestellt, also etwas l\u00e4nger als sonst, da ich morgen Nacht wg. der F\u00e4hre erst gegen 2 Uhr ins Bett kommen werde.<\/p>\n<p><a href='http:\/\/extra.inmontanis.info\/d\/53497-2\/DSC05463.jpg'><img src=http:\/\/extra.inmontanis.info\/d\/53496-3\/DSC05463.jpg \/><\/a><br \/>\n^ Z505 \/ Svegssj\u00f6n<\/p>\n<p>(Fortsetzung folgt.)<\/p>\n","protected":false},"excerpt":{"rendered":"<p>Skandinavien 2019 &#8220;unverdorbene Skigebiete&#8221; Tag 10: So, 21.4.2019 &#8211; Bydalen (km 5.233, Diff. 317)<\/p>\n<p>Fr\u00fchst\u00fcck gibt&#8217;s hier am Wochenende ab 7 Uhr, sonst ab 6:30. Heute h\u00e4tte mir auch 7.30 gereicht, zumindest f\u00fcr das geplante Ziel, denn der Wetterbericht meldet schon gestern pl\u00f6tzlich Regen f\u00fcr Bydalen. <\/p>\n<p>Da ich nicht ins Bett kam, bin ich <a href=\"http:\/\/blog.inmontanis.info\/?p=5676\">[&#8230;]<\/a><\/p>\n","protected":false},"author":1,"featured_media":0,"comment_status":"closed","ping_status":"closed","sticky":false,"template":"","format":"standard","meta":{"footnotes":""},"categories":[176,683,19,27],"tags":[45,47],"class_list":["post-5676","post","type-post","status-publish","format-standard","hentry","category-2019-04-skandinavien","category-bydalen","category-schwedensweden","category-skifahren-winterskiing-winter","tag-see","tag-sl","odd"],"_links":{"self":[{"href":"http:\/\/blog.inmontanis.info\/index.php?rest_route=\/wp\/v2\/posts\/5676","targetHints":{"allow":["GET"]}}],"collection":[{"href":"http:\/\/blog.inmontanis.info\/index.php?rest_route=\/wp\/v2\/posts"}],"about":[{"href":"http:\/\/blog.inmontanis.info\/index.php?rest_route=\/wp\/v2\/types\/post"}],"author":[{"embeddable":true,"href":"http:\/\/blog.inmontanis.info\/index.php?rest_route=\/wp\/v2\/users\/1"}],"replies":[{"embeddable":true,"href":"http:\/\/blog.inmontanis.info\/index.php?rest_route=%2Fwp%2Fv2%2Fcomments&post=5676"}],"version-history":[{"count":2,"href":"http:\/\/blog.inmontanis.info\/index.php?rest_route=\/wp\/v2\/posts\/5676\/revisions"}],"predecessor-version":[{"id":5678,"href":"http:\/\/blog.inmontanis.info\/index.php?rest_route=\/wp\/v2\/posts\/5676\/revisions\/5678"}],"wp:attachment":[{"href":"http:\/\/blog.inmontanis.info\/index.php?rest_route=%2Fwp%2Fv2%2Fmedia&parent=5676"}],"wp:term":[{"taxonomy":"category","embeddable":true,"href":"http:\/\/blog.inmontanis.info\/index.php?rest_route=%2Fwp%2Fv2%2Fcategories&post=5676"},{"taxonomy":"post_tag","embeddable":true,"href":"http:\/\/blog.inmontanis.info\/index.php?rest_route=%2Fwp%2Fv2%2Ftags&post=5676"}],"curies":[{"name":"wp","href":"https:\/\/api.w.org\/{rel}","templated":true}]}}