{"id":5668,"date":"2019-06-23T23:43:11","date_gmt":"2019-06-23T21:43:11","guid":{"rendered":"http:\/\/blog.inmontanis.info\/?p=5668"},"modified":"2023-07-01T20:57:39","modified_gmt":"2023-07-01T18:57:39","slug":"hintertuxer-gletscher-20-22-23-6-2019","status":"publish","type":"post","link":"http:\/\/blog.inmontanis.info\/?p=5668","title":{"rendered":"Hintertuxer Gletscher, 20.+22.+23.6.2019"},"content":{"rendered":"<p><strong>Do, 20.6.2019<\/strong><\/p>\n<p>Am heutigen Feiertag gab es Vormittag mal viel Sonne. \u00dcber Nacht allerdings auch etwas Neuschnee, wodurch 1. der Schnee weniger braun und 2. insb. am Olperer bald sehr pappig-stockend wurde. Da der linke O-SL in Revision war, gab es morgens aber ziemliche Wartezeiten am anderen O-SL, so dass ich bereits recht fr\u00fch die ZwiDeGo-Varianten gefahren bin, die teils noch etwas hart, teils schon sch\u00f6n weich waren und wo ich mich heute mal wieder am meisten aufgehalten hatte.<\/p>\n<p>Zu Mittag kamen dann von S\u00fcden zeitweise dichtere Wolken, am O-SL war es praktisch unfahrbar pappig, ZwiDeGo und an der DSB (dort sehr windig) ging es noch. Um 13:30 h\u00f6rte ich auf, da es pappschneem\u00e4\u00dfig nirgends mehr sinnvoll war..<\/p>\n<p>(Fotos anklicken zum Vergr\u00f6\u00dfern)<\/p>\n<p><a href='http:\/\/ski.inmontanis.info\/d\/263127-2\/DSC07063.jpg'><img src=http:\/\/ski.inmontanis.info\/d\/263126-3\/DSC07063.jpg \/><\/a><br \/>\n^ Standard-Vergleichsfoto von Sektion 1<\/p>\n<p><a href='http:\/\/ski.inmontanis.info\/d\/263131-2\/DSC07068.jpg'><img src=http:\/\/ski.inmontanis.info\/d\/263130-3\/DSC07068.jpg \/><\/a><br \/>\n^ GW richtung  Olperer und Kaserer<\/p>\n<p><a href='http:\/\/ski.inmontanis.info\/d\/263135-2\/DSC07070.jpg'><img src=http:\/\/ski.inmontanis.info\/d\/263134-3\/DSC07070.jpg \/><\/a><br \/>\n^ Neuschnee an der GW<\/p>\n<p><a href='http:\/\/ski.inmontanis.info\/d\/263139-2\/DSC07071.jpg'><img src=http:\/\/ski.inmontanis.info\/d\/263138-3\/DSC07071.jpg \/><\/a><br \/>\n^ GW von Olperer<\/p>\n<p><a href='http:\/\/ski.inmontanis.info\/d\/263143-2\/DSC07073.jpg'><img src=http:\/\/ski.inmontanis.info\/d\/263142-3\/DSC07073.jpg \/><\/a><br \/>\n^ ZwiDeGo, die \u00f6stliche Seite war schon sch\u00f6n firnig<\/p>\n<p><a href='http:\/\/ski.inmontanis.info\/d\/263147-2\/DSC07074.jpg'><img src=http:\/\/ski.inmontanis.info\/d\/263146-3\/DSC07074.jpg \/><\/a><br \/>\n^ War hier toll zu fahren<\/p>\n<p><a href='http:\/\/ski.inmontanis.info\/d\/263151-2\/DSC07075.jpg'><img src=http:\/\/ski.inmontanis.info\/d\/263150-3\/DSC07075.jpg \/><\/a><br \/>\n^ Hier wurde die Beschneiungsleitung freigelegt<\/p>\n<p><a href='http:\/\/ski.inmontanis.info\/d\/263155-2\/DSC07076.jpg'><img src=http:\/\/ski.inmontanis.info\/d\/263154-3\/DSC07076.jpg \/><\/a><br \/>\n^ Freigelegte Beschneiungsleitung; weiter oben hat man das auch gemacht.<\/p>\n<p><a href='http:\/\/ski.inmontanis.info\/d\/263159-2\/DSC07077.jpg'><img src=http:\/\/ski.inmontanis.info\/d\/263158-3\/DSC07077.jpg \/><\/a><br \/>\n^ Freigelegte Beschneiungsleitung<\/p>\n<p><a href='http:\/\/ski.inmontanis.info\/d\/263163-2\/DSC07078.jpg'><img src=http:\/\/ski.inmontanis.info\/d\/263162-3\/DSC07078.jpg \/><\/a><br \/>\n^ Am Kaserer gabs unten irgendwelche Depotarbeiten<\/p>\n<p><a href='http:\/\/ski.inmontanis.info\/d\/263167-2\/DSC07082.jpg'><img src=http:\/\/ski.inmontanis.info\/d\/263166-3\/DSC07082.jpg \/><\/a><br \/>\n^ Revision am linken O-SL<\/p>\n<p><a href='http:\/\/ski.inmontanis.info\/d\/263171-2\/DSC07084.jpg'><img src=http:\/\/ski.inmontanis.info\/d\/263170-3\/DSC07084.jpg \/><\/a><br \/>\n^ ZwiDeGo, nicht alle Spuren von mir<\/p>\n<p><a href='http:\/\/ski.inmontanis.info\/d\/263175-2\/DSC07085.jpg'><img src=http:\/\/ski.inmontanis.info\/d\/263174-3\/DSC07085.jpg \/><\/a><br \/>\n^ DSB von 10EUB-Bergstation<\/p>\n<p><a href='http:\/\/ski.inmontanis.info\/d\/263179-2\/DSC07087.jpg'><img src=http:\/\/ski.inmontanis.info\/d\/263178-3\/DSC07087.jpg \/><\/a><br \/>\n^ Quasi die kompletten Matten am TFH-Steilhang sind noch immer durch den Sturm von letzter Woche komplett verweht und der Hang freigelegt<\/p>\n<p><strong>Sa, 22.6.2019<\/strong><\/p>\n<p>Als ich heute etwas versp\u00e4tet um 11 Uhr auf den Skiern stand und gleich mal die ZwiDeGo-Variante fuhr, war der Schnee eines: pappig. Auf der Piste war es nass-weich aufgefahren, etwas weniger bremsig, au\u00dfer dann im Flachen, denn es hatte die Nacht bis zu den SL-Talstationen geschneit bzw. geschneeregnet. Der Steilhang an der EUB w\u00e4re ja gleichm\u00e4\u00dfig bremsend gewesen, aber im oberen St\u00fcck hat&#8217;s einem die Schuhe ausgezogen. Nach nur 1 Stunde h\u00f6rte ich wieder auf, schlechter kann der Schnee morgen wohl auch nicht sein, aber vielleicht besser.<\/p>\n<p><a href='http:\/\/ski.inmontanis.info\/d\/263183-2\/DSC07088.jpg'><img src=http:\/\/ski.inmontanis.info\/d\/263182-3\/DSC07088.jpg \/><\/a><br \/>\n^ An der Zufahrt zum GB3 gibts wohl zu viel Schnee, der wurde heute richtung Piste rausgeschoben<\/p>\n<p><strong>So, 23.6.2019<\/strong><\/p>\n<p>Da ich n\u00e4chstes WE nach Italien\/Frankreich will, wenn&#8217;s Wetter passt und bei den hei\u00dfen Wettervorhersagen mit 2-stelligen Plusgraden im Bergstationsbereich, hab ich ja leichte Zweifel, ob die steile Rinne unter der 10EUB in 2 Wochen noch gehen wird. Somit sollte diese heute mein Schwerpunkt sein. Was mir ja im Juni nicht schwerf\u00e4llt.<\/p>\n<p>Der Tag begann mit Nebel, der vom Gipfel langsam runter zog. Von der Stra\u00dfe unten ging er erst noch bis ca. DSB-Talstation, als ich am TFH war, war er bis zur H\u00e4lfte des TFH-Hangs. Schnee war weich, aber sch\u00f6n schmierig (onpiste), im Flachst\u00fcck am Olperer aber nicht sehr schnell, zudem war&#8217;s recht kalt hier oben, in der 10EUB wurde man heute mit aktivierter Sitzheizung gew\u00e4rmt.<\/p>\n<p>Ich fuhr dann ein paar mal die ZwiDeGo-Varianten, manchmal ging der Nebel mind. bis zum TFH runter, aber bei dem kompakten Schnee, der dank Sand gut zu sehen ist, ist das nicht weiter problematisch, wenn man weiss, wo man hin muss.<\/p>\n<p>Die GB3-Kabinen hingen heute auch schon am Seil, wird also wohl bald wieder in Betrieb gehen. Vor\/gegen Mittag wurde die Sicht mal etwas besser, dann Nieselregen, dann wieder etwas besser. ZwiDeGo war ich heute im Gegensatz zu gestern und Donnerstag wohl der einzige. <\/p>\n<p>Als ich um 14 Uhr aufh\u00f6ren wollte, wurde der Nebel oben doch noch langsam lichter, so blieb ich heute bis 15:30. Die SL sind momentan tats\u00e4chlich noch bis 16 Uhr in Betrieb, war die letzte Zeit ja nie mehr nachmittags oben, und auch sonst ist es um die Zeit recht leer. H\u00e4tte man schon auf 13:30 umstellen k\u00f6nnen. Um 14:30 wurde am Olperer noch auf den linken SL umgeschaltet (der rechte fuhr die Tage manchmal sehr langsam), einmal waren sogar noch 4 andere Leute hier, zeitweise sah man aber auch keinen im Lift.<\/p>\n<p><a href='http:\/\/ski.inmontanis.info\/d\/263187-2\/DSC07095.jpg'><img src=http:\/\/ski.inmontanis.info\/d\/263186-3\/DSC07095.jpg \/><\/a><br \/>\n^ Pumpe? am Wassergraben an der Schlegeis-3SB?!<\/p>\n<p><a href='http:\/\/ski.inmontanis.info\/d\/263191-2\/DSC07096.jpg'><img src=http:\/\/ski.inmontanis.info\/d\/263190-3\/DSC07096.jpg \/><\/a><br \/>\n^ Leeres Skigebiet um 14:45 Uhr und endlich lichtet sich der Nebel etwas, ca. 2 Leute an der GW, 3 hier am O-SL, sp\u00e4ter auch mal 5 hier ..<\/p>\n","protected":false},"excerpt":{"rendered":"<p>Do, 20.6.2019<\/p>\n<p>Am heutigen Feiertag gab es Vormittag mal viel Sonne. \u00dcber Nacht allerdings auch etwas Neuschnee, wodurch 1. der Schnee weniger braun und 2. insb. am Olperer bald sehr pappig-stockend wurde. Da der linke O-SL in Revision war, gab es morgens aber ziemliche Wartezeiten am anderen O-SL, so dass ich bereits recht fr\u00fch die <a href=\"http:\/\/blog.inmontanis.info\/?p=5668\">[&#8230;]<\/a><\/p>\n","protected":false},"author":1,"featured_media":0,"comment_status":"closed","ping_status":"closed","sticky":false,"template":"","format":"standard","meta":{"footnotes":""},"categories":[246,25,13,28],"tags":[72,38,47],"class_list":["post-5668","post","type-post","status-publish","format-standard","hentry","category-hintertux","category-noreport","category-austria","category-skifahren-sommer","tag-10eub","tag-dsb","tag-sl","odd"],"_links":{"self":[{"href":"http:\/\/blog.inmontanis.info\/index.php?rest_route=\/wp\/v2\/posts\/5668","targetHints":{"allow":["GET"]}}],"collection":[{"href":"http:\/\/blog.inmontanis.info\/index.php?rest_route=\/wp\/v2\/posts"}],"about":[{"href":"http:\/\/blog.inmontanis.info\/index.php?rest_route=\/wp\/v2\/types\/post"}],"author":[{"embeddable":true,"href":"http:\/\/blog.inmontanis.info\/index.php?rest_route=\/wp\/v2\/users\/1"}],"replies":[{"embeddable":true,"href":"http:\/\/blog.inmontanis.info\/index.php?rest_route=%2Fwp%2Fv2%2Fcomments&post=5668"}],"version-history":[{"count":3,"href":"http:\/\/blog.inmontanis.info\/index.php?rest_route=\/wp\/v2\/posts\/5668\/revisions"}],"predecessor-version":[{"id":5671,"href":"http:\/\/blog.inmontanis.info\/index.php?rest_route=\/wp\/v2\/posts\/5668\/revisions\/5671"}],"wp:attachment":[{"href":"http:\/\/blog.inmontanis.info\/index.php?rest_route=%2Fwp%2Fv2%2Fmedia&parent=5668"}],"wp:term":[{"taxonomy":"category","embeddable":true,"href":"http:\/\/blog.inmontanis.info\/index.php?rest_route=%2Fwp%2Fv2%2Fcategories&post=5668"},{"taxonomy":"post_tag","embeddable":true,"href":"http:\/\/blog.inmontanis.info\/index.php?rest_route=%2Fwp%2Fv2%2Ftags&post=5668"}],"curies":[{"name":"wp","href":"https:\/\/api.w.org\/{rel}","templated":true}]}}