{"id":5664,"date":"2019-04-19T17:30:01","date_gmt":"2019-04-19T15:30:01","guid":{"rendered":"http:\/\/blog.inmontanis.info\/?p=5664"},"modified":"2023-07-30T21:05:51","modified_gmt":"2023-07-30T19:05:51","slug":"yllas-19-4-2019","status":"publish","type":"post","link":"http:\/\/blog.inmontanis.info\/?p=5664","title":{"rendered":"Yll\u00e4s 19.4.2019"},"content":{"rendered":"<p><em>Skandinavien 2019 &#8220;unverdorbene Skigebiete&#8221;<\/em><br \/>\n<strong>Tag 8: Fr, 19.4.2019 &#8211; Yll\u00e4s (km 4.335, Diff. 476)<\/strong><\/p>\n<p>Das Fr\u00fchst\u00fccksbuffet war zwar gro\u00df, hielt sich aber in Grenzen (z.B. eigenartiges R\u00fchrei, kein Schoko\/Nuss-Aufstrich). Wobei das mit dem R\u00fchrei auch viele andere auf booking.com schon geschrieben hatten. Der Bacon war allerdings sch\u00f6n kross.<\/p>\n<p>Starten wollte ich heute auf der anderen Seite des Skigebiets, am Hauptparkplatz an den SL war aber kein freies Parken m\u00f6glich (wollte mich weit unten hinstellen und mit dem Parkplatz-SL rauf = kurzer Weg), so dass ich mich an der 4KSB hingestellt hab, dort aber mit dem SL und nicht der 4KSB gefahren bin.<\/p>\n<p>Da der heutige Karfreitag auch in Finnland ein Feiertag ist (wobei die Superm\u00e4rkte z.T. auch offen haben), war es etwas voller als gestern, insb. an der 10EUB war es mir ganztags zu voll. Obwohl ich gestern ja noch gesehen hab, dass es eine Single-Spur gibt, wusste ich nicht, ob die Schlange heute f\u00fcr beide Zug\u00e4nge galt. Auf die fu\u00dfrasterlose 4KSB hatte ich auch keine Lust, so dass ich eben den &#8220;ganzen&#8221; Tag SL gefahren bin, was hier ja gut funktioniert.<\/p>\n<p>(Fotos anklicken zum Vergr\u00f6\u00dfern)<\/p>\n<p><a href='http:\/\/extra.inmontanis.info\/d\/52765-2\/geScn2019h.jpg'><img src=http:\/\/extra.inmontanis.info\/d\/52764-3\/geScn2019h.jpg \/><\/a><br \/>\n^ E: Yll\u00e4s<br \/>\nMagenta: Fahrstrecke 19.4.2019<br \/>\n(Die gelbe vertikale\/diagonale Linie links von E ist die Grenze Schweden-Finnland)<\/p>\n<p><a href='http:\/\/ski.inmontanis.info\/d\/263027-2\/DSC04976.jpg'><img src=http:\/\/ski.inmontanis.info\/d\/263026-3\/DSC04976.jpg \/><\/a><br \/>\n^ (Kaum-) Panoramastra\u00dfe im S\u00fcden von der Ost- zur West\/Nordseite<\/p>\n<p><a href='http:\/\/ski.inmontanis.info\/d\/263031-2\/DSC04980.jpg'><img src=http:\/\/ski.inmontanis.info\/d\/263030-3\/DSC04980.jpg \/><\/a><br \/>\n^ SL Yll\u00e4s mit Abfahrten 24+25<\/p>\n<p><a href='http:\/\/ski.inmontanis.info\/d\/263035-2\/DSC04981.jpg'><img src=http:\/\/ski.inmontanis.info\/d\/263034-3\/DSC04981.jpg \/><\/a><br \/>\n^ Kleiner Parkplatz an der 4KSB<\/p>\n<p><a href='http:\/\/ski.inmontanis.info\/d\/263039-2\/DSC04982.jpg'><img src=http:\/\/ski.inmontanis.info\/d\/263038-3\/DSC04982.jpg \/><\/a><br \/>\n^ Wollte statt mit der 4KSB aber mit dem SL Aurinkosompa fahren, der war um 10:15 leider noch nicht in Betrieb. Das Schneeverschieben kann man auch nicht fr\u00fcher machen?!<\/p>\n<p><a href='http:\/\/ski.inmontanis.info\/d\/263043-2\/DSC04983.jpg'><img src=http:\/\/ski.inmontanis.info\/d\/263042-3\/DSC04983.jpg \/><\/a><br \/>\n^ Graffer-Wippen am SL Jokeri, sind mir gestern gar nicht aufgefallen.<\/p>\n<p><a href='http:\/\/ski.inmontanis.info\/d\/263047-2\/DSC04985.jpg'><img src=http:\/\/ski.inmontanis.info\/d\/263046-3\/DSC04985.jpg \/><\/a><br \/>\n^ SL Rillumarei<\/p>\n<p><a href='http:\/\/ski.inmontanis.info\/d\/263051-2\/DSC04987.jpg'><img src=http:\/\/ski.inmontanis.info\/d\/263050-3\/DSC04987.jpg \/><\/a><br \/>\n^ SL Rillumarei<\/p>\n<p><a href='http:\/\/ski.inmontanis.info\/d\/263055-2\/DSC04986.jpg'><img src=http:\/\/ski.inmontanis.info\/d\/263054-3\/DSC04986.jpg \/><\/a><br \/>\n^ Offpiste \/ Abfahrt SL Rillumarei<\/p>\n<p><a href='http:\/\/ski.inmontanis.info\/d\/263059-2\/DSC04989.jpg'><img src=http:\/\/ski.inmontanis.info\/d\/263058-3\/DSC04989.jpg \/><\/a><br \/>\n^ SL Kuru<\/p>\n<p><a href='http:\/\/ski.inmontanis.info\/d\/263063-2\/DSC03817.jpg'><img src=http:\/\/ski.inmontanis.info\/d\/263062-3\/DSC03817.jpg \/><\/a><br \/>\n^ Falschfarb-IR \/ Verbindungsabfahrt vom SL Kuru in den Ostteil<\/p>\n<p><a href='http:\/\/ski.inmontanis.info\/d\/263067-2\/DSC04990.jpg'><img src=http:\/\/ski.inmontanis.info\/d\/263066-3\/DSC04990.jpg \/><\/a><br \/>\n^ Offpiste am SL Kuru bzw. mit Abzweigung rechts zum SL Aurinko<\/p>\n<p><a href='http:\/\/ski.inmontanis.info\/d\/263071-2\/DSC04995.jpg'><img src=http:\/\/ski.inmontanis.info\/d\/263070-3\/DSC04995.jpg \/><\/a><br \/>\n^ Offpiste vom SL Kuru zum SL Aurinko<\/p>\n<p><a href='http:\/\/ski.inmontanis.info\/d\/263075-2\/DSC04997.jpg'><img src=http:\/\/ski.inmontanis.info\/d\/263074-3\/DSC04997.jpg \/><\/a><br \/>\n^ Auf der Abfahrt 24 mit der 17 links und der 16 rechts<\/p>\n<p><a href='http:\/\/ski.inmontanis.info\/d\/263079-2\/DSC04998.jpg'><img src=http:\/\/ski.inmontanis.info\/d\/263078-3\/DSC04998.jpg \/><\/a><br \/>\n^ Auf der Abfahrt 24 (links) und Abfahrt 17 rechts<\/p>\n<p><a href='http:\/\/ski.inmontanis.info\/d\/263083-2\/DSC05000.jpg'><img src=http:\/\/ski.inmontanis.info\/d\/263082-3\/DSC05000.jpg \/><\/a><br \/>\n^ Abfahrt 13 zum linken SL L\u00e4nsiraja<\/p>\n<p><a href='http:\/\/ski.inmontanis.info\/d\/263087-2\/DSC03820.jpg'><img src=http:\/\/ski.inmontanis.info\/d\/263086-3\/DSC03820.jpg \/><\/a><br \/>\n^ SL L\u00e4nsiraja (Falschfarb-IR)<\/p>\n<p><a href='http:\/\/ski.inmontanis.info\/d\/263091-2\/DSC05004.jpg'><img src=http:\/\/ski.inmontanis.info\/d\/263090-3\/DSC05004.jpg \/><\/a><br \/>\n^ SL L\u00e4nsiraja<\/p>\n<p><a href='http:\/\/ski.inmontanis.info\/d\/263095-2\/DSC05005.jpg'><img src=http:\/\/ski.inmontanis.info\/d\/263094-3\/DSC05005.jpg \/><\/a><br \/>\n^ SL Sportti, dahinter 8EUB, SL Huippu, SL Aurinko<\/p>\n<p><a href='http:\/\/ski.inmontanis.info\/d\/263099-2\/DSC05010.jpg'><img src=http:\/\/ski.inmontanis.info\/d\/263098-3\/DSC05010.jpg \/><\/a><br \/>\n^ Offpiste am SL Sportti<\/p>\n<p><a href='http:\/\/ski.inmontanis.info\/d\/263103-2\/DSC05014.jpg'><img src=http:\/\/ski.inmontanis.info\/d\/263102-3\/DSC05014.jpg \/><\/a><br \/>\n^ Offpiste am SL L\u00e4nsiraja<\/p>\n<p><a href='http:\/\/ski.inmontanis.info\/d\/263107-2\/DSC05018.jpg'><img src=http:\/\/ski.inmontanis.info\/d\/263106-3\/DSC05018.jpg \/><\/a><br \/>\n^ .. da versank ich einmal ..<\/p>\n<p><a href='http:\/\/ski.inmontanis.info\/d\/263111-2\/DSC05020.jpg'><img src=http:\/\/ski.inmontanis.info\/d\/263110-3\/DSC05020.jpg \/><\/a><br \/>\n^ Trasse zwischen SL L\u00e4nsiraja und SL Sportti, evtl. gabs hier mal noch einen weiteren Lift?<\/p>\n<p><a href='http:\/\/ski.inmontanis.info\/d\/263115-2\/DSC05022.jpg'><img src=http:\/\/ski.inmontanis.info\/d\/263114-3\/DSC05022.jpg \/><\/a><br \/>\n^ Gr\u00f6\u00dfere Wartezeiten an der 8EUB heute durch den Feiertag, daher nicht gefahren.<\/p>\n<p><a href='http:\/\/ski.inmontanis.info\/d\/263119-2\/DSC05025.jpg'><img src=http:\/\/ski.inmontanis.info\/d\/263118-3\/DSC05025.jpg \/><\/a><br \/>\n^ Trasse zwischen SL L\u00e4nsiraja und SL Sportti, evtl. gabs hier mal noch einen weiteren Lift?<\/p>\n<p><a href='http:\/\/ski.inmontanis.info\/d\/263123-2\/DSC05028.jpg'><img src=http:\/\/ski.inmontanis.info\/d\/263122-3\/DSC05028.jpg \/><\/a><br \/>\n^ Graben-Abfahrt 13<\/p>\n<p><a href='http:\/\/ski.inmontanis.info\/d\/263023-2\/ge20190418-19a.jpg'><img src=http:\/\/ski.inmontanis.info\/d\/263022-3\/ge20190418-19a.jpg \/><\/a><br \/>\n^ GPS-Track 18.4.2019 in Blau und 19.4.2019 in Orange; in Rot der geschlossene SL Rillumarei. <\/p>\n<p>Auf das Mittagessen hatte ich dann auch verzichtet, weil sehr viel los war und trotz Selbstbedienung es frisch zubereitet wird und man ja nicht wusste, wieviel Zettel der Koch vor einem zum Abarbeiten hatte und das war mir dann alles zu bl\u00f6d. Ich h\u00f6rte dann um 14:30 auf, war auf dem Weg nach Schweden noch kurz einkaufen und hab einen Rentier-Hamburger gegessen, das Fleisch war etwas bissfester als Rinderhack und hat ein bisschen wie Schaf o.\u00e4. (im Sinne von: Kebap in der T\u00fcrkei) geschmeckt.<\/p>\n<p><a href='http:\/\/extra.inmontanis.info\/d\/53341-2\/DSC05030.jpg'><img src=http:\/\/extra.inmontanis.info\/d\/53340-3\/DSC05030.jpg \/><\/a><br \/>\n^ Neben der Stra\u00dfe richtung Schweden standen in Finnland viele H\u00e4user bzw. Gesch\u00e4fte leer.<\/p>\n<p><a href='http:\/\/extra.inmontanis.info\/d\/53345-2\/DSC05031.jpg'><img src=http:\/\/extra.inmontanis.info\/d\/53344-3\/DSC05031.jpg \/><\/a><br \/>\n^ Was mir heute mehrmals aufgefallen ist: Seen\/Fl\u00fcsse hatten eine recht braune Schneeschicht<\/p>\n<p><a href='http:\/\/extra.inmontanis.info\/d\/53349-2\/IMG_20190419_16584840_full_2x1.jpg'><img src=http:\/\/extra.inmontanis.info\/d\/53348-3\/IMG_20190419_16584840_full_2x1.jpg \/><\/a><br \/>\n^ Rentierburger<\/p>\n<p><a href='http:\/\/extra.inmontanis.info\/d\/52451-3\/DSC05035.jpg'><img src=http:\/\/extra.inmontanis.info\/d\/52450-4\/DSC05035.jpg \/><\/a><br \/>\n^ kein Schimmel-, sondern Lakritzeis<\/p>\n<p>Danach ging es wieder nach Schweden, in Arvidsjaur hatte ich ein Zimmer im 4-Sterne-Hotel um vergleichsweise g\u00fcnstige 890,- SEK (ca. 86,- \u20ac) gebucht. Leider werde ich das inkludierte Fr\u00fchst\u00fcck morgen nicht essen k\u00f6nnen, weil zu sp\u00e4t, denn ich muss noch ca. 3 Stunden zum Skigebiet fahren, aber leider gab es auf Booking nichts n\u00e4heres zum Skigebiet. <\/p>\n<p><a href='http:\/\/extra.inmontanis.info\/d\/53353-2\/DSC05041.jpg'><img src=http:\/\/extra.inmontanis.info\/d\/53352-3\/DSC05041.jpg \/><\/a><br \/>\n^ Auch hier wieder ein recht brauner See<\/p>\n<p><a href='http:\/\/extra.inmontanis.info\/d\/53357-2\/DSC05042.jpg'><img src=http:\/\/extra.inmontanis.info\/d\/53356-3\/DSC05042.jpg \/><\/a><br \/>\n^ Jede Sibylla, an der ich heute vorbei kam, hatte leider geschlossen, aber ..<\/p>\n<p><a href='http:\/\/extra.inmontanis.info\/d\/53361-2\/DSC05043.jpg'><img src=http:\/\/extra.inmontanis.info\/d\/53360-3\/DSC05043.jpg \/><\/a><br \/>\n^ .. ein kleiner Bugerkiosk unweit hatte offen. Hier mit Bacon und Tr\u00fcffel (Tr\u00fcffelburger sind sehr gefragt momentan in Schweden), aber das wird wohl nur Tr\u00fcffelsalz o.\u00e4. gewesen sein (kann ich daheim also auch machen, wenn ich wollte) und hielt sich irgendwie in Grenzen. <\/p>\n<p><a href='http:\/\/extra.inmontanis.info\/d\/52455-3\/DSC05050.jpg'><img src=http:\/\/extra.inmontanis.info\/d\/52454-4\/DSC05050.jpg \/><\/a><br \/>\n^ Sehr sch\u00f6nes Zimmer, dimmbares Licht (hatte ich noch nie), aber leider extrem warm. Die einzige Mini-Heizung war aber aus, also scheint es wohl die Standard-Temperatur im Hotel zu sein. Also in der T\u00fcrkei kapier ich&#8217;s ja noch, da sind die Leute im Sommer 30-40\u00b0 gewohnt, aber warum muss man in Lappland im Winter die Hotelzimmer auf, keine Ahnung, 25\u00b0 oder mehr heizen? Konnte aber auch nirgends eine W\u00e4rmequelle finden.<\/p>\n<p>Das WLAN hatte immer wieder Aussetzer und das Bett bzw. die Matratze fand ich dann auch nicht sonderlich bequem.<\/p>\n<p><a href='http:\/\/extra.inmontanis.info\/d\/53365-2\/DSC05054.jpg'><img src=http:\/\/extra.inmontanis.info\/d\/53364-3\/DSC05054.jpg \/><\/a><br \/>\n^ DO+FR ab 6:30 Fr\u00fchst\u00fcck, SA-MO leider erst ab 7:30 (somit morgen zu sp\u00e4t) und .. Di+Mi gar nix?<\/p>\n<p>Hier noch der Dashcam-Zusammenschnitt von gestern und heute:<br \/>\n<object style=\"height: 500px; width: 900px\"><param name=\"movie\" value=\"http:\/\/www.youtube.com\/v\/KP5j7oeOpfc\"><\/param><param name=\"wmode\" value=\"transparent\"><\/param><embed src=\"http:\/\/www.youtube.com\/v\/KP5j7oeOpfc\" type=\"application\/x-shockwave-flash\" wmode=\"transparent\"  width=\"900\" height=\"480\"><\/embed><\/object><\/p>\n<p>(Fortsetzung folgt.)<\/p>\n","protected":false},"excerpt":{"rendered":"<p>Skandinavien 2019 &#8220;unverdorbene Skigebiete&#8221; Tag 8: Fr, 19.4.2019 &#8211; Yll\u00e4s (km 4.335, Diff. 476)<\/p>\n<p>Das Fr\u00fchst\u00fccksbuffet war zwar gro\u00df, hielt sich aber in Grenzen (z.B. eigenartiges R\u00fchrei, kein Schoko\/Nuss-Aufstrich). Wobei das mit dem R\u00fchrei auch viele andere auf booking.com schon geschrieben hatten. Der Bacon war allerdings sch\u00f6n kross.<\/p>\n<p>Starten wollte ich heute auf der anderen <a href=\"http:\/\/blog.inmontanis.info\/?p=5664\">[&#8230;]<\/a><\/p>\n","protected":false},"author":1,"featured_media":0,"comment_status":"closed","ping_status":"closed","sticky":false,"template":"","format":"standard","meta":{"footnotes":""},"categories":[176,20,19,27,285],"tags":[91,90,47],"class_list":["post-5664","post","type-post","status-publish","format-standard","hentry","category-2019-04-skandinavien","category-finnlandfinland","category-schwedensweden","category-skifahren-winterskiing-winter","category-yllas","tag-graffer","tag-infrarot","tag-sl","odd"],"_links":{"self":[{"href":"http:\/\/blog.inmontanis.info\/index.php?rest_route=\/wp\/v2\/posts\/5664","targetHints":{"allow":["GET"]}}],"collection":[{"href":"http:\/\/blog.inmontanis.info\/index.php?rest_route=\/wp\/v2\/posts"}],"about":[{"href":"http:\/\/blog.inmontanis.info\/index.php?rest_route=\/wp\/v2\/types\/post"}],"author":[{"embeddable":true,"href":"http:\/\/blog.inmontanis.info\/index.php?rest_route=\/wp\/v2\/users\/1"}],"replies":[{"embeddable":true,"href":"http:\/\/blog.inmontanis.info\/index.php?rest_route=%2Fwp%2Fv2%2Fcomments&post=5664"}],"version-history":[{"count":4,"href":"http:\/\/blog.inmontanis.info\/index.php?rest_route=\/wp\/v2\/posts\/5664\/revisions"}],"predecessor-version":[{"id":8904,"href":"http:\/\/blog.inmontanis.info\/index.php?rest_route=\/wp\/v2\/posts\/5664\/revisions\/8904"}],"wp:attachment":[{"href":"http:\/\/blog.inmontanis.info\/index.php?rest_route=%2Fwp%2Fv2%2Fmedia&parent=5664"}],"wp:term":[{"taxonomy":"category","embeddable":true,"href":"http:\/\/blog.inmontanis.info\/index.php?rest_route=%2Fwp%2Fv2%2Fcategories&post=5664"},{"taxonomy":"post_tag","embeddable":true,"href":"http:\/\/blog.inmontanis.info\/index.php?rest_route=%2Fwp%2Fv2%2Ftags&post=5664"}],"curies":[{"name":"wp","href":"https:\/\/api.w.org\/{rel}","templated":true}]}}