{"id":5652,"date":"2019-06-16T20:14:44","date_gmt":"2019-06-16T18:14:44","guid":{"rendered":"http:\/\/blog.inmontanis.info\/?p=5652"},"modified":"2023-07-01T20:57:37","modified_gmt":"2023-07-01T18:57:37","slug":"hintertuxer-gletscher-15-16-6-2019","status":"publish","type":"post","link":"http:\/\/blog.inmontanis.info\/?p=5652","title":{"rendered":"Hintertuxer Gletscher, 15.+16.6.2019"},"content":{"rendered":"<p><strong>Sa, 15.6.2019<\/strong><\/p>\n<p>Letzten Samstag war ich ja am Fedaia-Pass in Italien Ski fahren und am Sonntag in Slowenien am Kanin. Am Montag h\u00e4tte ich auf den Hintertuxer wollen, aber morgens alles vernebelt und die Wettervorhersagen waren auch nix, also ging ich arbeiten.<\/p>\n<p>Auch heute sollte es nicht so sonnig werden, wie gemeldet, aber auch der Sturm war nicht ganz so extrem &#8211; was gut so war, da momentan ja nur die 10EUB oben offen ist, und nicht der GB3.<\/p>\n<p>Allerdings war es mir an den SL tats\u00e4chlich zu windig und kalt, daher recht bald offpiste zwischen den Gondeln gefahren, und da gings so gut, dass ich das mehrere Male gefahren bin. Sch\u00f6n weich, aber nicht zu tief und auch noch nicht zu bremsig. Gegen Mittag fing es dann mehr oder weniger stark zum Regnen an, und da ich eh heute oder morgen bei meiner Mutter vorbei schauen wollte, h\u00f6rte ich am fr\u00fchen Nachmittag auf. Eh klar, dass es dann nochmals besser wurde.<\/p>\n<p>Leider ist in den letzten 2 Wochen die Schneedecke viel d\u00fcnner geworden und &#8220;noch viel leiderer&#8221; hat es eine dicke Sandschicht auf dem Schnee. Das hat viele Nachteile f\u00fcr die n\u00e4chsten Wochen: Es wird kaum richtig guten Firn geben, es wird st\u00e4rker und schneller bremsend\/pappend, es wird das Wachs schneller vom Belag geschliffen und offpiste wird es wohl bald wieder tiefen Eierkartonschnee geben. Der ist aktuell aber noch kein Problem.<\/p>\n<p><a href='http:\/\/ski.inmontanis.info\/d\/262567-2\/DSC07006.jpg'><img src=http:\/\/ski.inmontanis.info\/d\/262566-3\/DSC07006.jpg \/><\/a><br \/>\n^ Bauarbeiten \/ Seiltausch GB3<\/p>\n<p><a href='http:\/\/ski.inmontanis.info\/d\/262571-2\/DSC07007.jpg'><img src=http:\/\/ski.inmontanis.info\/d\/262570-3\/DSC07007.jpg \/><\/a><br \/>\n^ Bauarbeiten \/ Seiltausch GB3<\/p>\n<p><a href='http:\/\/ski.inmontanis.info\/d\/262575-2\/DSC07010.jpg'><img src=http:\/\/ski.inmontanis.info\/d\/262574-3\/DSC07010.jpg \/><\/a><br \/>\n^ Riesiges Schneedepot am TFH<\/p>\n<p><a href='http:\/\/ski.inmontanis.info\/d\/262579-2\/DSC07012.jpg'><img src=http:\/\/ski.inmontanis.info\/d\/262578-3\/DSC07012.jpg \/><\/a><br \/>\n^ Das gro\u00dfe Loch ist bereits offen, so kann man wenigstens nicht versehentlich dr\u00fcberfahren<\/p>\n<p><a href='http:\/\/ski.inmontanis.info\/d\/262583-2\/DSC07014.jpg'><img src=http:\/\/ski.inmontanis.info\/d\/262582-3\/DSC07014.jpg \/><\/a><br \/>\n^ GW-SL, beide voll &#8211; und man beachte die Position der Schutzpolster &#8211; was es da die letzten 2 Wochen getaut hat! Und: leider viel Sand auf dem Schnee.<\/p>\n<p><a href='http:\/\/ski.inmontanis.info\/d\/262587-2\/DSC07022.jpg'><img src=http:\/\/ski.inmontanis.info\/d\/262586-3\/DSC07022.jpg \/><\/a><br \/>\n^ Mattenlager &#8211; wann und wo sollen die denn alle noch ausgerollt werden?!<\/p>\n<p><a href='http:\/\/ski.inmontanis.info\/d\/262591-2\/DSC07029.jpg'><img src=http:\/\/ski.inmontanis.info\/d\/262590-3\/DSC07029.jpg \/><\/a><br \/>\n^ Der Sturm der letzten Tage hat beinahe jedes Mattenfeld besch\u00e4digt..<\/p>\n<p><a href='http:\/\/ski.inmontanis.info\/d\/262595-2\/DSC07030.jpg'><img src=http:\/\/ski.inmontanis.info\/d\/262594-3\/DSC07030.jpg \/><\/a><br \/>\n^ Der Sturm hat beinahe jedes Mattenfeld besch\u00e4digt..<\/p>\n<p><a href='http:\/\/ski.inmontanis.info\/d\/262599-2\/DSC07037.jpg'><img src=http:\/\/ski.inmontanis.info\/d\/262598-3\/DSC07037.jpg \/><\/a><br \/>\n^ ZwiDeGo gings heute toll zu fahren<\/p>\n<p><a href='http:\/\/ski.inmontanis.info\/d\/262603-2\/DSC07040.jpg'><img src=http:\/\/ski.inmontanis.info\/d\/262602-3\/DSC07040.jpg \/><\/a><br \/>\n^ .. au\u00dfer mir fuhr heute keiner.<\/p>\n<p><a href='http:\/\/ski.inmontanis.info\/d\/262607-2\/DSC07041.jpg'><img src=http:\/\/ski.inmontanis.info\/d\/262606-3\/DSC07041.jpg \/><\/a><br \/>\n^ Sogar die Variante geht noch bis zum TFH<\/p>\n<p><a href='http:\/\/ski.inmontanis.info\/d\/262611-2\/DSC07044.jpg'><img src=http:\/\/ski.inmontanis.info\/d\/262610-3\/DSC07044.jpg \/><\/a><br \/>\n^ TFH-Hang<\/p>\n<p><a href='http:\/\/ski.inmontanis.info\/d\/262615-2\/DSC07045.jpg'><img src=http:\/\/ski.inmontanis.info\/d\/262614-3\/DSC07045.jpg \/><\/a><br \/>\n^ Von der Mittelstation Sommerbergalm aus. Die Abfahrt ist auf dem von hier nicht einsehbaren Querst\u00fcck schon recht aper, w\u00e4re also ein weiter Fu\u00dfweg.<\/p>\n<p><strong>So, 16.6.2019<\/strong><\/p>\n<p>Leider blieb das Wetter am Sonntag bereits vormittags hinter den Erwartungen: Nebel von unterhalb der Sommerbergalm bis fast zum Gipfel, wobei vmtl. der Olperer-Gipfel aus dem Nebel herausschaute, da man ganz oben immer mal wieder ein paar Sonnenscheiben und blauen Himmel sah. Aber eben nur ganz, ganz oben. Schnee war on-piste vormittags noch recht nett, insb. dort, wo die Rennkids noch keine tiefe Furchen in den Schnee gezogen hatten. Offpiste &#8220;ZwiDeGo&#8221; war es dagegen pappiger und nicht so toll wie gestern. In Summe blieb ich sogar k\u00fcrzer als gestern.<\/p>\n<p><a href='http:\/\/ski.inmontanis.info\/d\/262619-2\/DSC07046.jpg'><img src=http:\/\/ski.inmontanis.info\/d\/262618-3\/DSC07046.jpg \/><\/a><br \/>\n^ Die neuen GB2-Kabinen, hatte endlich mal Gl\u00fcck, eine zu erwischen. So viel sind noch nicht am Seil.<\/p>\n<p><a href='http:\/\/ski.inmontanis.info\/d\/262623-2\/DSC07055.jpg'><img src=http:\/\/ski.inmontanis.info\/d\/262622-3\/DSC07055.jpg \/><\/a><br \/>\n^ Hoch gewachsene Nebel-Eis-Kristalle am Handschuh; die waren auch an der Brille, aber diesmal warm genug und noch recht leicht abzuwischen.<\/p>\n<p><a href='http:\/\/ski.inmontanis.info\/d\/262627-2\/DSC07058.jpg'><img src=http:\/\/ski.inmontanis.info\/d\/262626-3\/DSC07058.jpg \/><\/a><br \/>\n^ Der Sturm hat beinahe jedes Mattenfeld besch\u00e4digt..<\/p>\n<p><a href='http:\/\/ski.inmontanis.info\/d\/262631-2\/DSC07061.jpg'><img src=http:\/\/ski.inmontanis.info\/d\/262630-3\/DSC07061.jpg \/><\/a><br \/>\n^ Krass auch, wieviel Schnee es sogar an der DSB-Bergstation in den letzten 2 Wochen weggetaut hat (und evtl. auch etwas zusammengesackt ist)<\/p>\n<p>Vgl vor 2 Wochen:<br \/>\n<a href='http:\/\/ski.inmontanis.info\/d\/261701-3\/DSC06627.jpg'><img src=http:\/\/ski.inmontanis.info\/d\/261700-4\/DSC06627.jpg \/><\/a><\/p>\n","protected":false},"excerpt":{"rendered":"<p>Sa, 15.6.2019<\/p>\n<p>Letzten Samstag war ich ja am Fedaia-Pass in Italien Ski fahren und am Sonntag in Slowenien am Kanin. Am Montag h\u00e4tte ich auf den Hintertuxer wollen, aber morgens alles vernebelt und die Wettervorhersagen waren auch nix, also ging ich arbeiten.<\/p>\n<p>Auch heute sollte es nicht so sonnig werden, wie gemeldet, aber auch der <a href=\"http:\/\/blog.inmontanis.info\/?p=5652\">[&#8230;]<\/a><\/p>\n","protected":false},"author":1,"featured_media":0,"comment_status":"closed","ping_status":"closed","sticky":false,"template":"","format":"standard","meta":{"footnotes":""},"categories":[246,25,13,28],"tags":[72,38,47],"class_list":["post-5652","post","type-post","status-publish","format-standard","hentry","category-hintertux","category-noreport","category-austria","category-skifahren-sommer","tag-10eub","tag-dsb","tag-sl","odd"],"_links":{"self":[{"href":"http:\/\/blog.inmontanis.info\/index.php?rest_route=\/wp\/v2\/posts\/5652","targetHints":{"allow":["GET"]}}],"collection":[{"href":"http:\/\/blog.inmontanis.info\/index.php?rest_route=\/wp\/v2\/posts"}],"about":[{"href":"http:\/\/blog.inmontanis.info\/index.php?rest_route=\/wp\/v2\/types\/post"}],"author":[{"embeddable":true,"href":"http:\/\/blog.inmontanis.info\/index.php?rest_route=\/wp\/v2\/users\/1"}],"replies":[{"embeddable":true,"href":"http:\/\/blog.inmontanis.info\/index.php?rest_route=%2Fwp%2Fv2%2Fcomments&post=5652"}],"version-history":[{"count":2,"href":"http:\/\/blog.inmontanis.info\/index.php?rest_route=\/wp\/v2\/posts\/5652\/revisions"}],"predecessor-version":[{"id":5654,"href":"http:\/\/blog.inmontanis.info\/index.php?rest_route=\/wp\/v2\/posts\/5652\/revisions\/5654"}],"wp:attachment":[{"href":"http:\/\/blog.inmontanis.info\/index.php?rest_route=%2Fwp%2Fv2%2Fmedia&parent=5652"}],"wp:term":[{"taxonomy":"category","embeddable":true,"href":"http:\/\/blog.inmontanis.info\/index.php?rest_route=%2Fwp%2Fv2%2Fcategories&post=5652"},{"taxonomy":"post_tag","embeddable":true,"href":"http:\/\/blog.inmontanis.info\/index.php?rest_route=%2Fwp%2Fv2%2Ftags&post=5652"}],"curies":[{"name":"wp","href":"https:\/\/api.w.org\/{rel}","templated":true}]}}