{"id":5647,"date":"2019-04-17T23:46:37","date_gmt":"2019-04-17T21:46:37","guid":{"rendered":"http:\/\/blog.inmontanis.info\/?p=5647"},"modified":"2023-08-05T12:54:46","modified_gmt":"2023-08-05T10:54:46","slug":"jackvik-17-4-2019","status":"publish","type":"post","link":"http:\/\/blog.inmontanis.info\/?p=5647","title":{"rendered":"J\u00e4ckvik, 17.4.2019"},"content":{"rendered":"<p><em>Skandinavien 2019 &#8220;unverdorbene Skigebiete&#8221;<\/em><br \/>\n<strong>Tag 6: Mi, 17.4.2019 &#8211; J\u00e4ckvik (km 3.592, Diff. 520)<\/strong><\/p>\n<p>Das Bett im Hotel war heute Nacht sch\u00f6n weich und auch das Fr\u00fchst\u00fccksbuffet war sehr gro\u00df und lie\u00df kaum W\u00fcnsche offen (Brunost gab&#8217;s im Gegensatz zu gestern allerdings nicht, daf\u00fcr Spiegeleier, Omelette, Croissant, etc.). Erstaunlich auch, wieviel Leute schon zwischen 6.30 und 7 Uhr zum Fr\u00fchst\u00fccken gegangen sind.<\/p>\n<p>Auf dem Weg nach Schweden erwischte mich nochmal eine Mautstrecke auf der E6, danach ging&#8217;s \u00fcber das Saltfjellet, bevor es in Schweden \u00fcber einen weiteren Pass ging. <\/p>\n<p>Heutiges Ziel war im Grunde, morgen in Yll\u00e4s (Finnland) Ski zu fahren. Auf dem Weg galt es, f\u00fcr ein paar Stunden ein Skigebiet zu besuchen. Die Entscheidung fiel auf J\u00e4ckvik. Als ich hier im Herbst 2015 vorbei kam, schrieb ich als Bildunterschrift: &#8220;J\u00e4ckvik Fj\u00e4llcenter. Nur ein SL mit 2 Abfahrten.&#8221; Im Zuge der Vorarbeiten mauserte sich das Skigebiet aber zu einem besuchenswerten POI, zumindest f\u00fcr einen halben Tag, denn neben den 2 Abfahrten gab es noch ein paar schmale Mini-Waldabfahrten\/Varianten und zudem soll der SL mit knapp 2km L\u00e4nge der l\u00e4ngste SL Schwedens sein.<\/p>\n<p>(Fotos anklicken zum Vergr\u00f6\u00dfern)<\/p>\n<p><a href='http:\/\/extra.inmontanis.info\/d\/52765-2\/geScn2019h.jpg'><img src=http:\/\/extra.inmontanis.info\/d\/52764-3\/geScn2019h.jpg \/><\/a><br \/>\n^ D: J\u00e4ckvik<br \/>\nOrange: Fahrstrecke 17.4.2019<br \/>\n(Die gelbe diagonale Linie links von D ist die Grenze Norwegen-Schweden)<\/p>\n<p><a href='http:\/\/extra.inmontanis.info\/d\/53213-2\/DSC04621.jpg'><img src=http:\/\/extra.inmontanis.info\/d\/53212-3\/DSC04621.jpg \/><\/a><br \/>\n^ E6 \/ Mo i Rana &#8211; Saltfjellet<\/p>\n<p><a href='http:\/\/extra.inmontanis.info\/d\/53217-2\/DSC04623.jpg'><img src=http:\/\/extra.inmontanis.info\/d\/53216-3\/DSC04623.jpg \/><\/a><br \/>\n^ E6 \/ Mo i Rana &#8211; Saltfjellet<\/p>\n<p><a href='http:\/\/extra.inmontanis.info\/d\/53221-2\/DSC04634.jpg'><img src=http:\/\/extra.inmontanis.info\/d\/53220-3\/DSC04634.jpg \/><\/a><br \/>\n^ E6 \/ Saltfjellet<\/p>\n<p><a href='http:\/\/extra.inmontanis.info\/d\/53225-2\/DSC04640.jpg'><img src=http:\/\/extra.inmontanis.info\/d\/53224-3\/DSC04640.jpg \/><\/a><br \/>\n^ Saltfjellet \/ Arctic Circle Center \/ Polarkreis<\/p>\n<p><a href='http:\/\/extra.inmontanis.info\/d\/53229-2\/DSC04645.jpg'><img src=http:\/\/extra.inmontanis.info\/d\/53228-3\/DSC04645.jpg \/><\/a><br \/>\n^ E6 \/ Saltfjellet (hier oben hatte es -4\u00b0 und ein wenig erinnerte mich die Schnee-Landschaft an die T\u00fcrkei-Reise zu Silvester)<\/p>\n<p><a href='http:\/\/extra.inmontanis.info\/d\/53233-2\/DSC04652.jpg'><img src=http:\/\/extra.inmontanis.info\/d\/53232-3\/DSC04652.jpg \/><\/a><br \/>\n^ E6 \/ Saltfjellet<\/p>\n<p><a href='http:\/\/extra.inmontanis.info\/d\/53237-2\/DSC04657.jpg'><img src=http:\/\/extra.inmontanis.info\/d\/53236-3\/DSC04657.jpg \/><\/a><br \/>\n^ E6 \/ Saltfjellet<\/p>\n<p><a href='http:\/\/extra.inmontanis.info\/d\/53241-2\/DSC04659.jpg'><img src=http:\/\/extra.inmontanis.info\/d\/53240-3\/DSC04659.jpg \/><\/a><br \/>\n^ 77 \/ f\u00fcr dieses St\u00fcck wird gerade ein Tunnel gebaut<\/p>\n<p><a href='http:\/\/extra.inmontanis.info\/d\/53245-2\/DSC04665.jpg'><img src=http:\/\/extra.inmontanis.info\/d\/53244-3\/DSC04665.jpg \/><\/a><br \/>\n^ Vereiste Wasserf\u00e4lle<\/p>\n<p><a href='http:\/\/extra.inmontanis.info\/d\/53249-2\/DSC04669.jpg'><img src=http:\/\/extra.inmontanis.info\/d\/53248-3\/DSC04669.jpg \/><\/a><br \/>\n^ 77 \/ Motorschlittenparkplatz<\/p>\n<p><a href='http:\/\/extra.inmontanis.info\/d\/53253-2\/DSC04670.jpg'><img src=http:\/\/extra.inmontanis.info\/d\/53252-3\/DSC04670.jpg \/><\/a><br \/>\n^ Motorschlittenstrecken<\/p>\n<p><a href='http:\/\/extra.inmontanis.info\/d\/53257-2\/DSC04673.jpg'><img src=http:\/\/extra.inmontanis.info\/d\/53256-3\/DSC04673.jpg \/><\/a><br \/>\n^ 95 \/ In Schweden, kurz nach der Grenze<\/p>\n<p><a href='http:\/\/extra.inmontanis.info\/d\/53261-2\/DSC04677.jpg'><img src=http:\/\/extra.inmontanis.info\/d\/53260-3\/DSC04677.jpg \/><\/a><br \/>\n^ 95<\/p>\n<p><a href='http:\/\/extra.inmontanis.info\/d\/53265-2\/DSC04678.jpg'><img src=http:\/\/extra.inmontanis.info\/d\/53264-3\/DSC04678.jpg \/><\/a><br \/>\n^ 95 \/ mit 740m etwas h\u00f6her als die Saltfjellet-Stra\u00dfe zuvor in Norwegen<\/p>\n<p><a href='http:\/\/ski.inmontanis.info\/d\/262387-2\/DSC04685.jpg'><img src=http:\/\/ski.inmontanis.info\/d\/262385-3\/DSC04685.jpg \/><\/a><br \/>\n^ Blick ins Skigebiet von J\u00e4ckvik von der Stra\u00dfe aus<\/p>\n<p><a href='http:\/\/ski.inmontanis.info\/d\/262391-2\/DSC04686.jpg'><img src=http:\/\/ski.inmontanis.info\/d\/262390-3\/DSC04686.jpg \/><\/a><br \/>\n^ Zufahrt<\/p>\n<p>Gegen 10:30 Uhr kam ich am Lift an, Tageskarte kostete 230,- SEK (ca. 22-23 \u20ac). Nach nur einer Fahrt streikte der Lift und ich musste mindestens 30 Minuten an der Talstation warten, wo es sehr warm war. Zum Gl\u00fcck ging es danach wieder weiter, wobei der Lift weiterhin manchmal Probleme hatte.<\/p>\n<p>Bis man alle Abfahrten gefunden hat und gefahren ist, ist man eine Zeit lang besch\u00e4ftigt. In Summe fand ich&#8217;s dann doch wieder recht nett, wenn auch der Schnee etwas schlechter war als die letzten Tage. Evtl. sollte man hier etwas fr\u00fcher fahren, wenn der Schnee im Wald noch pulvrig ist.<\/p>\n<p><a href='http:\/\/ski.inmontanis.info\/d\/262395-2\/DSC04688.jpg'><img src=http:\/\/ski.inmontanis.info\/d\/262394-3\/DSC04688.jpg \/><\/a><br \/>\n^ Der einzige Lift im Skigebiet: Ein SL mit ca. 1,8km L\u00e4nge und 350hm<\/p>\n<p><a href='http:\/\/ski.inmontanis.info\/d\/262399-2\/DSC04693.jpg'><img src=http:\/\/ski.inmontanis.info\/d\/262398-3\/DSC04693.jpg \/><\/a><br \/>\n^ Bergstation; weiter hinauf l\u00e4g auch gar nicht genug Schnee..<\/p>\n<p><a href='http:\/\/ski.inmontanis.info\/d\/262403-2\/DSC04698.jpg'><img src=http:\/\/ski.inmontanis.info\/d\/262402-3\/DSC04698.jpg \/><\/a><br \/>\n^ Talpano mit SL<\/p>\n<p><a href='http:\/\/ski.inmontanis.info\/d\/262407-2\/DSC04699.jpg'><img src=http:\/\/ski.inmontanis.info\/d\/262406-3\/DSC04699.jpg \/><\/a><br \/>\n^ Start der Abfahrt<\/p>\n<p><a href='http:\/\/ski.inmontanis.info\/d\/262411-2\/DSC04701.jpg'><img src=http:\/\/ski.inmontanis.info\/d\/262410-3\/DSC04701.jpg \/><\/a><br \/>\n^ Das Highlight hier sind aber die kleinen Mini-Abfahrten durch die Laubb\u00e4ume ..<\/p>\n<p><a href='http:\/\/ski.inmontanis.info\/d\/262415-2\/DSC04703.jpg'><img src=http:\/\/ski.inmontanis.info\/d\/262414-3\/DSC04703.jpg \/><\/a><br \/>\n^ Die erste ist dabei interessanter, weil kurviger.<\/p>\n<p><a href='http:\/\/ski.inmontanis.info\/d\/262419-2\/DSC04705.jpg'><img src=http:\/\/ski.inmontanis.info\/d\/262418-3\/DSC04705.jpg \/><\/a><br \/>\n^ Von rechts kommt man vom 1. SL-Zwischenausstieg r\u00fcber<\/p>\n<p><a href='http:\/\/ski.inmontanis.info\/d\/262423-2\/DSC04706.jpg'><img src=http:\/\/ski.inmontanis.info\/d\/262422-3\/DSC04706.jpg \/><\/a><br \/>\n^ Die erste Miniabfahrt links der linken SL-Abfahrt<\/p>\n<p><a href='http:\/\/ski.inmontanis.info\/d\/262427-2\/DSC04707.jpg'><img src=http:\/\/ski.inmontanis.info\/d\/262426-3\/DSC04707.jpg \/><\/a><br \/>\n^ Die erste Miniabfahrt links der linken SL-Abfahrt<\/p>\n<p><a href='http:\/\/ski.inmontanis.info\/d\/262431-2\/DSC04709.jpg'><img src=http:\/\/ski.inmontanis.info\/d\/262430-3\/DSC04709.jpg \/><\/a><br \/>\n^ .. die gefiel mir am besten ..<\/p>\n<p><a href='http:\/\/ski.inmontanis.info\/d\/262435-2\/DSC04711.jpg'><img src=http:\/\/ski.inmontanis.info\/d\/262434-3\/DSC04711.jpg \/><\/a><br \/>\n^ Auf der anderen Seite vom SL; die Abfahrt ist erst ab dem 2. Zwischenausstieg pr\u00e4pariert, dar\u00fcber Offpiste<\/p>\n<p><a href='http:\/\/ski.inmontanis.info\/d\/262439-2\/DSC04712.jpg'><img src=http:\/\/ski.inmontanis.info\/d\/262438-3\/DSC04712.jpg \/><\/a><br \/>\n^ Rechte Abfahrt am SL<\/p>\n<p><a href='http:\/\/ski.inmontanis.info\/d\/262443-2\/DSC04715.jpg'><img src=http:\/\/ski.inmontanis.info\/d\/262442-3\/DSC04715.jpg \/><\/a><br \/>\n^ SL \/ St\u00fctze 14 &#8211; l\u00e4uft so ein bisschen am Limit<\/p>\n<p><a href='http:\/\/ski.inmontanis.info\/d\/262447-2\/DSC04716.jpg'><img src=http:\/\/ski.inmontanis.info\/d\/262446-3\/DSC04716.jpg \/><\/a><br \/>\n^ St\u00fctze 16, die Seilspur links ist zu nah am Mast, also muss man einen Bogen fahren<\/p>\n<p><a href='http:\/\/ski.inmontanis.info\/d\/262451-2\/DSC04721.jpg'><img src=http:\/\/ski.inmontanis.info\/d\/262450-3\/DSC04721.jpg \/><\/a><br \/>\n^ SL St\u00fctze 17 \/ Schr\u00e4ge Seilrollen<\/p>\n<p><a href='http:\/\/ski.inmontanis.info\/d\/262455-2\/DSC04723.jpg'><img src=http:\/\/ski.inmontanis.info\/d\/262454-3\/DSC04723.jpg \/><\/a><br \/>\n^ Die n\u00e4chste Mini-Abfahrt auf der linken Seite<\/p>\n<p><a href='http:\/\/ski.inmontanis.info\/d\/262459-2\/DSC04724.jpg'><img src=http:\/\/ski.inmontanis.info\/d\/262458-3\/DSC04724.jpg \/><\/a><br \/>\n^ .. die ist etwas geradliniger, aber noch nicht so, wie die anderen weiter links.<\/p>\n<p><a href='http:\/\/ski.inmontanis.info\/d\/262463-2\/DSC04726.jpg'><img src=http:\/\/ski.inmontanis.info\/d\/262462-3\/DSC04726.jpg \/><\/a><br \/>\n^ Linke Abfahrt am SL<\/p>\n<p><a href='http:\/\/ski.inmontanis.info\/d\/262467-2\/DSC04727.jpg'><img src=http:\/\/ski.inmontanis.info\/d\/262466-3\/DSC04727.jpg \/><\/a><br \/>\n^ Durch den lichten Wald kann man auch fahren, aber ganz so gut war der Schnee dort heute nicht.<\/p>\n<p><a href='http:\/\/ski.inmontanis.info\/d\/262471-2\/DSC04730.jpg'><img src=http:\/\/ski.inmontanis.info\/d\/262470-3\/DSC04730.jpg \/><\/a><br \/>\n^ Links vom SL im oberen Bereich gab es einige nette Firnh\u00e4nge<\/p>\n<p><a href='http:\/\/ski.inmontanis.info\/d\/262475-2\/DSC04731.jpg'><img src=http:\/\/ski.inmontanis.info\/d\/262474-3\/DSC04731.jpg \/><\/a><br \/>\n^ So, mal schauen, wo die n\u00e4chste Miniabfahrt weitergeht. Die weiter links waren n\u00e4mlich nicht mehr frisch pr\u00e4pariert und somit etwas schwieriger zu finden<\/p>\n<p><a href='http:\/\/ski.inmontanis.info\/d\/262479-2\/DSC04732.jpg'><img src=http:\/\/ski.inmontanis.info\/d\/262478-3\/DSC04732.jpg \/><\/a><br \/>\n^ Ahja, da ist sie, die n\u00e4chste Miniabfahrt.<\/p>\n<p><a href='http:\/\/ski.inmontanis.info\/d\/262483-2\/DSC04733.jpg'><img src=http:\/\/ski.inmontanis.info\/d\/262482-3\/DSC04733.jpg \/><\/a><br \/>\n^ Auch diese ist recht geradlinig<\/p>\n<p><a href='http:\/\/ski.inmontanis.info\/d\/262487-2\/DSC04735.jpg'><img src=http:\/\/ski.inmontanis.info\/d\/262486-3\/DSC04735.jpg \/><\/a><br \/>\n^ Ein paar B\u00fcgel wurden auf die neuen Boardie-B\u00fcgel umger\u00fcstet. Sind sehr bequem, obwohl sie auch nur aus Hartplastik sind.<\/p>\n<p><a href='http:\/\/ski.inmontanis.info\/d\/262491-2\/DSC04736.jpg'><img src=http:\/\/ski.inmontanis.info\/d\/262490-3\/DSC04736.jpg \/><\/a><br \/>\n^ SL-Bergstation<\/p>\n<p><a href='http:\/\/ski.inmontanis.info\/d\/262495-2\/DSC04737.jpg'><img src=http:\/\/ski.inmontanis.info\/d\/262494-3\/DSC04737.jpg \/><\/a><br \/>\n^ SL-Bergstation \/ Pano<\/p>\n<p><a href='http:\/\/ski.inmontanis.info\/d\/262499-2\/DSC04738.jpg'><img src=http:\/\/ski.inmontanis.info\/d\/262498-3\/DSC04738.jpg \/><\/a><br \/>\n^ Offpiste rechts vom SL<\/p>\n<p><a href='http:\/\/ski.inmontanis.info\/d\/262503-2\/DSC04741.jpg'><img src=http:\/\/ski.inmontanis.info\/d\/262502-3\/DSC04741.jpg \/><\/a><br \/>\n^ Offpiste rechts vom SL; hier geht nur ein Motorschlitten-Weg, der jetzt nicht sooo toll zu fahren war<\/p>\n<p><a href='http:\/\/ski.inmontanis.info\/d\/262507-2\/DSC04743.jpg'><img src=http:\/\/ski.inmontanis.info\/d\/262506-3\/DSC04743.jpg \/><\/a><br \/>\n^ Leider lief der Lift heute nicht ganz rund, und wenn es \u00c4rger gibt, muss immer ein Snowmobilfahrer von oben bis rauf fahren, weil die Bergstation ja wie \u00fcblich unbesetzt ist. Was bei einem 1,8km langen Lift schon mal etwas dauern kann..<\/p>\n<p><a href='http:\/\/ski.inmontanis.info\/d\/262511-2\/DSC04747.jpg'><img src=http:\/\/ski.inmontanis.info\/d\/262510-3\/DSC04747.jpg \/><\/a><br \/>\n^ So, eine weitere Miniabfahrt ..<\/p>\n<p><a href='http:\/\/ski.inmontanis.info\/d\/262515-2\/DSC04748.jpg'><img src=http:\/\/ski.inmontanis.info\/d\/262514-3\/DSC04748.jpg \/><\/a><br \/>\n^ .. und deren Zufahrt<\/p>\n<p><a href='http:\/\/ski.inmontanis.info\/d\/262519-2\/DSC04749.jpg'><img src=http:\/\/ski.inmontanis.info\/d\/262518-3\/DSC04749.jpg \/><\/a><br \/>\n^ 2. Zwischenausstieg<\/p>\n<p><a href='http:\/\/ski.inmontanis.info\/d\/262523-2\/DSC04754.jpg'><img src=http:\/\/ski.inmontanis.info\/d\/262522-3\/DSC04754.jpg \/><\/a><br \/>\n^ .. und zur n\u00e4chsten Miniabfahrt.  Unten geht ein pr\u00e4parierter Weg retour, so wusste ich, dass es noch eine Abfahrt weiter au\u00dfen geben muss.<\/p>\n<p><a href='http:\/\/ski.inmontanis.info\/d\/262527-2\/DSC04756.jpg'><img src=http:\/\/ski.inmontanis.info\/d\/262526-3\/DSC04756.jpg \/><\/a><br \/>\n^ .. und von unten<\/p>\n<p><a href='http:\/\/ski.inmontanis.info\/d\/262531-2\/DSC04757.jpg'><img src=http:\/\/ski.inmontanis.info\/d\/262530-3\/DSC04757.jpg \/><\/a><br \/>\n^ Auf zur \u00e4u\u00dfersten Abfahrt<\/p>\n<p><a href='http:\/\/ski.inmontanis.info\/d\/262535-2\/DSC04760.jpg'><img src=http:\/\/ski.inmontanis.info\/d\/262534-3\/DSC04760.jpg \/><\/a><br \/>\n^ Weit weg vom SL<\/p>\n<p><a href='http:\/\/ski.inmontanis.info\/d\/262539-2\/DSC04761.jpg'><img src=http:\/\/ski.inmontanis.info\/d\/262538-3\/DSC04761.jpg \/><\/a><br \/>\n^ .. und da ist die \u00e4u\u00dferste Abfahrt, die etwas breiter ist.<\/p>\n<p><a href='http:\/\/ski.inmontanis.info\/d\/262543-2\/DSC04762.jpg'><img src=http:\/\/ski.inmontanis.info\/d\/262542-3\/DSC04762.jpg \/><\/a><br \/>\n^ \u00c4u\u00dferste linke Abfahrt<\/p>\n<p><a href='http:\/\/ski.inmontanis.info\/d\/262547-2\/DSC04763.jpg'><img src=http:\/\/ski.inmontanis.info\/d\/262546-3\/DSC04763.jpg \/><\/a><br \/>\n^ \u00c4u\u00dferste linke Abfahrt, sogar etwas steiler<\/p>\n<p><a href='http:\/\/ski.inmontanis.info\/d\/262551-2\/DSC04765.jpg'><img src=http:\/\/ski.inmontanis.info\/d\/262550-3\/DSC04765.jpg \/><\/a><br \/>\n^ .. und der Weg retour, der alle einsammelt.<\/p>\n<p><a href='http:\/\/ski.inmontanis.info\/d\/262555-2\/DSC04767.jpg'><img src=http:\/\/ski.inmontanis.info\/d\/262554-3\/DSC04767.jpg \/><\/a><br \/>\n^ Rechte Abfahrt, nur halb pr\u00e4pariert.<\/p>\n<p><a href='http:\/\/ski.inmontanis.info\/d\/262559-3\/DSC04769.jpg'><img src=http:\/\/ski.inmontanis.info\/d\/262558-4\/DSC04769.jpg \/><\/a><br \/>\n^ Links die linke SL-Abfahrt, rechts der Weg von den Varianten retour; am Haus unten die Talstation<\/p>\n<p><a href='http:\/\/ski.inmontanis.info\/d\/262563-3\/ge20190417a.jpg'><img src=http:\/\/ski.inmontanis.info\/d\/262562-4\/ge20190417a.jpg \/><\/a><br \/>\n^ GPS-Track 17.4.2019, f\u00fcr 4,5h Skifahren (inkl. Wartezeiten wg. SL-Defekten) nicht viel doppelt gefahren.<\/p>\n<p>Um 15:10 machte ich die letzte Bergfahrt, wollte ja auch noch kurz einkaufen und was essen (wobei ich zu Mittag noch die Brunost-Waffel aus Norwegen von gestern hatte) und hatte noch 4-5h Fahrt zum Hotel.<\/p>\n<p>In Arjeplog ging&#8217;s nochmal in einen Frasses, allerdings keinen Laxburger, sondern einen Blaubeer-Barbecue-Burger. Der Laden war allerdings sehr voll und der Vin-Diesel-Doppelg\u00e4nger hinter der Theke musste allein kassieren und kochen.<\/p>\n<p><a href='http:\/\/extra.inmontanis.info\/d\/53269-2\/DSC04772.jpg'><img src=http:\/\/extra.inmontanis.info\/d\/53268-3\/DSC04772.jpg \/><\/a><br \/>\n^ 95 \/ Arjeplog<\/p>\n<p><a href='http:\/\/extra.inmontanis.info\/d\/53273-2\/IMG_20190417_17180232_full_2x1.jpg'><img src=http:\/\/extra.inmontanis.info\/d\/53272-3\/IMG_20190417_17180232_full_2x1.jpg \/><\/a><br \/>\n^ Frasses \/ Skrov Royal Bl\u00e5b\u00e4rs BBQ Burger mit Blaubeeren-BBQ-Sauce<\/p>\n<p><a href='http:\/\/extra.inmontanis.info\/d\/53277-2\/DSC04775.jpg'><img src=http:\/\/extra.inmontanis.info\/d\/53276-3\/DSC04775.jpg \/><\/a><br \/>\n^ BD631 \/ Arjeplog-Moskosel, ich fuhr diese Strecke, weil noch nicht gefahren und weil etwas k\u00fcrzer und evtl. etwas schneller als die normale Stra\u00dfe, bei der man \u00fcber Arvidsjaur fahren m\u00fcsste.<\/p>\n<p><a href='http:\/\/extra.inmontanis.info\/d\/53281-2\/DSC04780.jpg'><img src=http:\/\/extra.inmontanis.info\/d\/53280-3\/DSC04780.jpg \/><\/a><br \/>\n^ .. dann folgten allerdings eine Stunde lang Dirt-Roads, tw. mit Schnee und leicht eisig, tw. matschig ..<\/p>\n<p><a href='http:\/\/extra.inmontanis.info\/d\/53285-2\/DSC04786.jpg'><img src=http:\/\/extra.inmontanis.info\/d\/53284-3\/DSC04786.jpg \/><\/a><br \/>\n^ Skigebiet K\u00e5bdalis, hatten jetzt um 19:50 sogar noch einen SL offen. Hatte aber keine Zeit mehr, musste ja ins Hotel. H\u00e4tt ich mich mal hier in der Gegend einquartiert..<\/p>\n<p><a href='http:\/\/extra.inmontanis.info\/d\/53289-2\/DSC04788.jpg'><img src=http:\/\/extra.inmontanis.info\/d\/53288-3\/DSC04788.jpg \/><\/a><br \/>\n^ E45 \/ Majtumsj\u00f6n<\/p>\n<p><a href='http:\/\/extra.inmontanis.info\/d\/53293-2\/DSC04793.jpg'><img src=http:\/\/extra.inmontanis.info\/d\/53292-3\/DSC04793.jpg \/><\/a><br \/>\n^ E45 \/ Vajkijaure<\/p>\n<p><a href='http:\/\/extra.inmontanis.info\/d\/53297-2\/DSC04795.jpg'><img src=http:\/\/extra.inmontanis.info\/d\/53296-3\/DSC04795.jpg \/><\/a><br \/>\n^ E45 \/ Vajkijaure<\/p>\n<p><a href='http:\/\/extra.inmontanis.info\/d\/53301-2\/DSC04799.jpg'><img src=http:\/\/extra.inmontanis.info\/d\/53300-3\/DSC04799.jpg \/><\/a><br \/>\n^ E45 \/ Lule\u00e4lven<\/p>\n<p>Um 21 Uhr kam ich am Hotel an, von dem ich morgen um 6 Uhr wieder losfahren wollte &#8211; ohne Fr\u00fchst\u00fcck. Im Hotel musste ich noch die M\u00f6glichkeiten f\u00fcr \u00dcbermorgen checken. Ich wollte ja egtl. heuer auch in Saariselk\u00e4 (das n\u00f6rdlichste Skigebiet in Finnland) fahren, andererseits auf dem R\u00fcckweg am Samstag in Kittelfj\u00e4ll skifahren, somit w\u00e4re die Fahrt von FR auf SA recht stressig geworden. Also buchte ich f\u00fcr morgen Nacht ein Hotel in Yll\u00e4s und kaufte mir online einen 2-Tagesskipass, der ist mit 77,70 \u20ac verglichen mit der Tageskarte um 45,- ordentlich preisgesenkt. Yll\u00e4s schaut mir f\u00fcr einen Tag eh fast etwas zu gro\u00df aus.<\/p>\n<p><a href='http:\/\/extra.inmontanis.info\/d\/53305-2\/DSC04802.jpg'><img src=http:\/\/extra.inmontanis.info\/d\/53304-3\/DSC04802.jpg \/><\/a><br \/>\n^ Hotelzimmer um ca. 80-85 \u20ac<\/p>\n<p><a href='http:\/\/extra.inmontanis.info\/d\/53309-2\/DSC04808.jpg'><img src=http:\/\/extra.inmontanis.info\/d\/53308-3\/DSC04808.jpg \/><\/a><br \/>\n^ Pano Hotelzimmer \/ Lule\u00e4lven<\/p>\n<p>Hier noch der heutige, etwas l\u00e4ngere Dashcam-Zusammenschnitt:<br \/>\n<object style=\"height: 500px; width: 900px\"><param name=\"movie\" value=\"http:\/\/www.youtube.com\/v\/TFfIKLneJis\"><\/param><param name=\"wmode\" value=\"transparent\"><\/param><embed src=\"http:\/\/www.youtube.com\/v\/TFfIKLneJis\" type=\"application\/x-shockwave-flash\" wmode=\"transparent\"  width=\"900\" height=\"480\"><\/embed><\/object><\/p>\n<p>(Fortsetzung folgt.)<\/p>\n","protected":false},"excerpt":{"rendered":"<p>Skandinavien 2019 &#8220;unverdorbene Skigebiete&#8221; Tag 6: Mi, 17.4.2019 &#8211; J\u00e4ckvik (km 3.592, Diff. 520)<\/p>\n<p>Das Bett im Hotel war heute Nacht sch\u00f6n weich und auch das Fr\u00fchst\u00fccksbuffet war sehr gro\u00df und lie\u00df kaum W\u00fcnsche offen (Brunost gab&#8217;s im Gegensatz zu gestern allerdings nicht, daf\u00fcr Spiegeleier, Omelette, Croissant, etc.). Erstaunlich auch, wieviel Leute schon zwischen 6.30 <a href=\"http:\/\/blog.inmontanis.info\/?p=5647\">[&#8230;]<\/a><\/p>\n","protected":false},"author":1,"featured_media":0,"comment_status":"closed","ping_status":"closed","sticky":false,"template":"","format":"standard","meta":{"footnotes":""},"categories":[176,660,659,18,19,27],"tags":[45,47],"class_list":["post-5647","post","type-post","status-publish","format-standard","hentry","category-2019-04-skandinavien","category-jackvik","category-kabdalis","category-norwegennorway","category-schwedensweden","category-skifahren-winterskiing-winter","tag-see","tag-sl","odd"],"_links":{"self":[{"href":"http:\/\/blog.inmontanis.info\/index.php?rest_route=\/wp\/v2\/posts\/5647","targetHints":{"allow":["GET"]}}],"collection":[{"href":"http:\/\/blog.inmontanis.info\/index.php?rest_route=\/wp\/v2\/posts"}],"about":[{"href":"http:\/\/blog.inmontanis.info\/index.php?rest_route=\/wp\/v2\/types\/post"}],"author":[{"embeddable":true,"href":"http:\/\/blog.inmontanis.info\/index.php?rest_route=\/wp\/v2\/users\/1"}],"replies":[{"embeddable":true,"href":"http:\/\/blog.inmontanis.info\/index.php?rest_route=%2Fwp%2Fv2%2Fcomments&post=5647"}],"version-history":[{"count":4,"href":"http:\/\/blog.inmontanis.info\/index.php?rest_route=\/wp\/v2\/posts\/5647\/revisions"}],"predecessor-version":[{"id":5651,"href":"http:\/\/blog.inmontanis.info\/index.php?rest_route=\/wp\/v2\/posts\/5647\/revisions\/5651"}],"wp:attachment":[{"href":"http:\/\/blog.inmontanis.info\/index.php?rest_route=%2Fwp%2Fv2%2Fmedia&parent=5647"}],"wp:term":[{"taxonomy":"category","embeddable":true,"href":"http:\/\/blog.inmontanis.info\/index.php?rest_route=%2Fwp%2Fv2%2Fcategories&post=5647"},{"taxonomy":"post_tag","embeddable":true,"href":"http:\/\/blog.inmontanis.info\/index.php?rest_route=%2Fwp%2Fv2%2Ftags&post=5647"}],"curies":[{"name":"wp","href":"https:\/\/api.w.org\/{rel}","templated":true}]}}