{"id":5643,"date":"2019-04-16T22:16:32","date_gmt":"2019-04-16T20:16:32","guid":{"rendered":"http:\/\/blog.inmontanis.info\/?p=5643"},"modified":"2023-08-04T20:42:17","modified_gmt":"2023-08-04T18:42:17","slug":"grong-16-4-2019","status":"publish","type":"post","link":"http:\/\/blog.inmontanis.info\/?p=5643","title":{"rendered":"Grong, 16.4.2019"},"content":{"rendered":"<p><em>Skandinavien 2019 &#8220;unverdorbene Skigebiete&#8221;<\/em><br \/>\n<strong>Tag 5: Di, 16.4.2019 &#8211; Grong (km 3.072, Diff. 310)<\/strong><\/p>\n<p>Als der Mann an der Rezeption mich gestern Abend gefragt hatte, wann ich fr\u00fchst\u00fccken wolle, sagte ich 8 Uhr. Da ich ja nur eine knappe halbe Stunde zum Skigebiet Grong brauche, sollte das wohl reichen, auch wenn ich nicht wusste, wann es aufsperrt, 9, 9:30, 10 Uhr? Aufgrund der sehr ostseitigen Lage hoffte ich auf ein baldiges Auffirnen am Vormittag, denn nachmittags wird&#8217;s wohl eher wieder anfrieren und bissig werden.<\/p>\n<p>Vor dem Fr\u00fchst\u00fcck hie\u00df es erst noch Wetter-Check f\u00fcr morgen und die folgenden Tage,  ein Ziel f\u00fcr morgen und ein Hotel f\u00fcr heute Abend fixieren. In Mo i Rana, einer Stadt in Norwegen, gab es mehrere Hotels\/Pensionen um die 60-70 \u20ac, allerdings mit teils mieser Bewertung. Ich entschied mich f\u00fcr ein gro\u00dfes Hotel einer gr\u00f6\u00dferen Hotelkette, 117,- \u20ac lt. booking inkl. Abendessen (Buffet) und Fr\u00fchst\u00fcck, beides recht gut bewertet und lt. Website ersteres bis 21 Uhr und zweiteres werktags ab 6:30; buchte das dann aber g\u00fcnstiger \u00fcber das Hotelportal (um ca. 107,- \u20ac) &#8211; das ist f\u00fcr norwegische Verh\u00e4ltnisse eh ein guter Preis.<\/p>\n<p>Das heutige Fr\u00fchst\u00fccksbuffet (wo ich ja der alleinige Gast war) war auch reichhaltig, verschiedene kalte Wurst-\/Fleisch-\/K\u00e4sesorten, inkl. Brunost und Lachs, 3 Marmeladen, Nussnougat, etc.; Kakao via kalte Milch, wobei ich da erst den Joghurt erwischte (&#8220;Kulturmilch&#8221;) und der vermeintliche Blaubeersaft, den ich fast mit dem Orangensaft vermischt h\u00e4tte, war dann ein Trinkjoghurt :-)<\/p>\n<p>Im Skigebiet Grong gibt es prim\u00e4r 2 Schlepper, die 2 Gipfel und ein weites Areal an Pisten und Offpisteh\u00e4ngen erschlie\u00dfen, weshalb es bei mir in die engere Auswahl kam. Das Skigebiet \u00f6ffnete lt. Website um 10 Uhr (nicht untypisch f\u00fcr Norwegen), womit etwas fraglich war, ob ich die Tageskarte oder die 3h-Karte kaufen sollte, da m\u00fcsste man wissen, ob es bereits ab 13h anzieht auf den Osth\u00e4ngen. Aber bei einem Preisunterschied von nur ca. 5 \u20ac war es dann auch schon egal. Die erste Liftfahrt war gratis, weil am linken SL keine Skip\u00e4sse verkauft wurden. Die Tageskarte kostete also 415 NOK (ca. 43-44 \u20ac), fremde Skidata-Keycards wurden, wie in Skandinavien \u00fcblich, akzeptiert. Einige Pisten waren geschlossen, andere offen aber nicht pr\u00e4pariert, Pistenbegrenzungen sah man auch keine, d.h es war gar nicht sichtbar, welche Piste nun offen war und welche nicht :-)<\/p>\n<p>Leider war das Gebiet fast etwas nord-\u00f6stlicher ausgerichtet als erwartet, so dass es mit auffirnenden H\u00e4ngen in Sonnenrichtung schlecht aussah. War aber onpiste doch bald sch\u00f6n firnig, offpiste wurde es gegen Mittag auch rech nett und man hatte eine gro\u00dfe Spielwiese. <\/p>\n<p>(Fotos anklicken zum Vergr\u00f6\u00dfern)<\/p>\n<p><a href='http:\/\/extra.inmontanis.info\/d\/52765-2\/geScn2019h.jpg'><img src=http:\/\/extra.inmontanis.info\/d\/52764-3\/geScn2019h.jpg \/><\/a><br \/>\n^ C: Grong<br \/>\nT\u00fcrkis um C: Fahrstrecke 16.4.2019<br \/>\n(Die gelbe vertikale Linie minimal links von B ist die Grenze Norwegen-Schweden)<\/p>\n<p><a href='http:\/\/ski.inmontanis.info\/d\/262161-2\/DSC07003.jpg'><img src=http:\/\/ski.inmontanis.info\/d\/262160-3\/DSC07003.jpg \/><\/a><br \/>\n^ Pistenplan, ich bekam einen von 2006\/07, samt Preise und \u00d6ffnungszeiten  :-) Scheint wohl keinen gro\u00dfen Bedarf an Pistenpl\u00e4nen zu geben.<\/p>\n<p><a href='http:\/\/ski.inmontanis.info\/d\/262165-2\/DSC04441.jpg'><img src=http:\/\/ski.inmontanis.info\/d\/262164-3\/DSC04441.jpg \/><\/a><br \/>\n^ Linker SL A und daneben die mangels Schnee geschlossene Abfahrt 2, die soger beleuchtet w\u00e4re<\/p>\n<p><a href='http:\/\/ski.inmontanis.info\/d\/262169-2\/DSC04447.jpg'><img src=http:\/\/ski.inmontanis.info\/d\/262168-3\/DSC04447.jpg \/><\/a><br \/>\n^ Linker SL A (Ola-heisen) mit Talpano<\/p>\n<p><a href='http:\/\/ski.inmontanis.info\/d\/262173-2\/DSC04448.jpg'><img src=http:\/\/ski.inmontanis.info\/d\/262172-3\/DSC04448.jpg \/><\/a><br \/>\n^ Abfahrt 6 am SL A und Blick ins Tal<\/p>\n<p><a href='http:\/\/ski.inmontanis.info\/d\/262177-2\/DSC04449.jpg'><img src=http:\/\/ski.inmontanis.info\/d\/262176-3\/DSC04449.jpg \/><\/a><br \/>\n^ Abfahrt 6 und Blick r\u00fcber zum rechten SL D, dessen Bergstation etwas links der Bildmitte ist und von dem man die ganzen linken Offpiste-H\u00e4nge befahren kann<\/p>\n<p><a href='http:\/\/ski.inmontanis.info\/d\/262181-2\/DSC04450.jpg'><img src=http:\/\/ski.inmontanis.info\/d\/262180-3\/DSC04450.jpg \/><\/a><br \/>\n^ SL B und das optisch wohl schlimmstm\u00f6gliche Plastik-Zeug, um einen Liftzugang zu markieren. W\u00e4re ein Holzzaun in Norwegen nicht angebrachter?<\/p>\n<p><a href='http:\/\/ski.inmontanis.info\/d\/262185-2\/DSC04452.jpg'><img src=http:\/\/ski.inmontanis.info\/d\/262184-3\/DSC04452.jpg \/><\/a><br \/>\n^ SL B (Familieheisen)<\/p>\n<p><a href='http:\/\/ski.inmontanis.info\/d\/262189-2\/DSC04454.jpg'><img src=http:\/\/ski.inmontanis.info\/d\/262188-3\/DSC04454.jpg \/><\/a><br \/>\n^ Linker SL A<\/p>\n<p><a href='http:\/\/ski.inmontanis.info\/d\/262193-2\/DSC04456.jpg'><img src=http:\/\/ski.inmontanis.info\/d\/262192-3\/DSC04456.jpg \/><\/a><br \/>\n^ Linker SL A. Man w\u00fcrde ja meinen, der Lift endet dort oben&#8230;<\/p>\n<p><a href='http:\/\/ski.inmontanis.info\/d\/262197-2\/DSC04460.jpg'><img src=http:\/\/ski.inmontanis.info\/d\/262196-3\/DSC04460.jpg \/><\/a><br \/>\n^ .. geht dann aber doch nochmal ein St\u00fcck weiter.<\/p>\n<p><a href='http:\/\/ski.inmontanis.info\/d\/262201-2\/DSC04463.jpg'><img src=http:\/\/ski.inmontanis.info\/d\/262200-3\/DSC04463.jpg \/><\/a><br \/>\n^ Vmtl. Abfahrt 5<\/p>\n<p><a href='http:\/\/ski.inmontanis.info\/d\/262205-2\/DSC04464.jpg'><img src=http:\/\/ski.inmontanis.info\/d\/262204-3\/DSC04464.jpg \/><\/a><br \/>\n^ Abfahrt 4 und der linke SL A<\/p>\n<p><a href='http:\/\/ski.inmontanis.info\/d\/262209-2\/DSC04465.jpg'><img src=http:\/\/ski.inmontanis.info\/d\/262208-3\/DSC04465.jpg \/><\/a><br \/>\n^ Abfahrt 4<\/p>\n<p><a href='http:\/\/ski.inmontanis.info\/d\/262213-2\/DSC04468.jpg'><img src=http:\/\/ski.inmontanis.info\/d\/262212-3\/DSC04468.jpg \/><\/a><br \/>\n^ So ungef\u00e4hr Abfahrt 8, also links vom SL B bzw. eine m\u00f6gliche Verbindung vom SL A zum SL B<\/p>\n<p><a href='http:\/\/ski.inmontanis.info\/d\/262217-2\/DSC04471.jpg'><img src=http:\/\/ski.inmontanis.info\/d\/262216-3\/DSC04471.jpg \/><\/a><br \/>\n^ SL B<\/p>\n<p><a href='http:\/\/ski.inmontanis.info\/d\/262221-2\/DSC04473.jpg'><img src=http:\/\/ski.inmontanis.info\/d\/262220-3\/DSC04473.jpg \/><\/a><br \/>\n^ Rechter SL D (Paradisheisen), mit ca. 1500m und fast 400hm (der Wert im Plan stimmt nicht) der wichtigste Lift im Skigebiet. Links ein Snowpark, so dass viele nur den Lift halb fahren<\/p>\n<p><a href='http:\/\/ski.inmontanis.info\/d\/262225-2\/DSC04478.jpg'><img src=http:\/\/ski.inmontanis.info\/d\/262224-3\/DSC04478.jpg \/><\/a><br \/>\n^ Oberer Teil SL D und Piste ohne Begrenzungspfosten, St\u00fctzen und Masten ohne Mattenschutz. Ist doch viel angenehmer, befreiender als mit lauter Netzen.<\/p>\n<p><a href='http:\/\/ski.inmontanis.info\/d\/262229-2\/DSC04479.jpg'><img src=http:\/\/ski.inmontanis.info\/d\/262228-3\/DSC04479.jpg \/><\/a><br \/>\n^ Blick vom rechten SL D r\u00fcber zum linken SL A. Die zwei SL erschlie\u00dfen also durchaus ein gro\u00dfes Gel\u00e4nde<\/p>\n<p><a href='http:\/\/ski.inmontanis.info\/d\/262233-2\/DSC04481.jpg'><img src=http:\/\/ski.inmontanis.info\/d\/262232-3\/DSC04481.jpg \/><\/a><br \/>\n^ Bergstation SL D und H\u00f6henloipe. Langl\u00e4ufer fahren mit dem Lift rauf und ggf. die Piste runter.<\/p>\n<p><a href='http:\/\/ski.inmontanis.info\/d\/262237-2\/DSC04484.jpg'><img src=http:\/\/ski.inmontanis.info\/d\/262236-3\/DSC04484.jpg \/><\/a><br \/>\n^ Panorama am rechten SL D. Hat schon was.<\/p>\n<p><a href='http:\/\/ski.inmontanis.info\/d\/262241-2\/DSC04485.jpg'><img src=http:\/\/ski.inmontanis.info\/d\/262240-3\/DSC04485.jpg \/><\/a><br \/>\n^ Panorama am rechten SL D mit Skiweg 14<\/p>\n<p><a href='http:\/\/ski.inmontanis.info\/d\/262245-2\/DSC04488.jpg'><img src=http:\/\/ski.inmontanis.info\/d\/262244-3\/DSC04488.jpg \/><\/a><br \/>\n^ Abfahrt 9, sch\u00f6n firnig<\/p>\n<p><a href='http:\/\/ski.inmontanis.info\/d\/262249-2\/DSC04489.jpg'><img src=http:\/\/ski.inmontanis.info\/d\/262248-3\/DSC04489.jpg \/><\/a><br \/>\n^ Skiweg 14 vom rechten SL D bis zum linken SL A, von hier aus kann man auch immer wieder in das Offpiste-Gel\u00e4nde abzweigen.<\/p>\n<p><a href='http:\/\/ski.inmontanis.info\/d\/262253-2\/DSC04492.jpg'><img src=http:\/\/ski.inmontanis.info\/d\/262252-3\/DSC04492.jpg \/><\/a><br \/>\n^ Skiweg 14, hat leider einige Bergaufst\u00fccke<\/p>\n<p><a href='http:\/\/ski.inmontanis.info\/d\/262257-2\/DSC04498.jpg'><img src=http:\/\/ski.inmontanis.info\/d\/262256-3\/DSC04498.jpg \/><\/a><br \/>\n^ Am Skiweg 14 kurz vorm SL A und falls man nicht zu diesem will, kann man in diese nette, firnige Abfahrt 4 einbiegen.<\/p>\n<p><a href='http:\/\/ski.inmontanis.info\/d\/262261-2\/DSC04502.jpg'><img src=http:\/\/ski.inmontanis.info\/d\/262260-3\/DSC04502.jpg \/><\/a><br \/>\n^ Varianten zwischen den B\u00e4umen<\/p>\n<p><a href='http:\/\/ski.inmontanis.info\/d\/262265-2\/DSC04503.jpg'><img src=http:\/\/ski.inmontanis.info\/d\/262264-3\/DSC04503.jpg \/><\/a><br \/>\n^ Die gr\u00fcne Skiwegabfahrt 8 ist in diesem St\u00fcck ganz sch\u00f6n steil<\/p>\n<p><a href='http:\/\/ski.inmontanis.info\/d\/262269-2\/DSC04505.jpg'><img src=http:\/\/ski.inmontanis.info\/d\/262268-3\/DSC04505.jpg \/><\/a><br \/>\n^ Offpiste links vom rechten SL D<\/p>\n<p><a href='http:\/\/ski.inmontanis.info\/d\/262273-2\/DSC04509.jpg'><img src=http:\/\/ski.inmontanis.info\/d\/262272-3\/DSC04509.jpg \/><\/a><br \/>\n^ Auf Schneeresten auf der Suche nach den Pisten 1+2 links vom linken SL A<\/p>\n<p><a href='http:\/\/ski.inmontanis.info\/d\/262277-2\/DSC04510.jpg'><img src=http:\/\/ski.inmontanis.info\/d\/262276-3\/DSC04510.jpg \/><\/a><br \/>\n^ .. keine Ahnung, vmtl. zu weit links, ich fahr mal lieber wieder etwas zum SL zur\u00fcck ..<\/p>\n<p><a href='http:\/\/ski.inmontanis.info\/d\/262281-2\/DSC04512.jpg'><img src=http:\/\/ski.inmontanis.info\/d\/262280-3\/DSC04512.jpg \/><\/a><br \/>\n^ .. und landete dann auf der Abfahrt 2 direkt links vom SL A. Dem Gestr\u00fcpp nach k\u00f6nnte die wohl generell geschlossen sein?<\/p>\n<p><a href='http:\/\/ski.inmontanis.info\/d\/262285-2\/DSC04513.jpg'><img src=http:\/\/ski.inmontanis.info\/d\/262284-3\/DSC04513.jpg \/><\/a><br \/>\n^ Abfahrt 2, sch\u00f6n wellig<\/p>\n<p><a href='http:\/\/ski.inmontanis.info\/d\/262289-2\/DSC04515.jpg'><img src=http:\/\/ski.inmontanis.info\/d\/262288-3\/DSC04515.jpg \/><\/a><br \/>\n^ Nochmal links vom SL A auf der Suche nach der Abfahrt 1.<\/p>\n<p><a href='http:\/\/ski.inmontanis.info\/d\/262293-2\/DSC04517.jpg'><img src=http:\/\/ski.inmontanis.info\/d\/262292-3\/DSC04517.jpg \/><\/a><br \/>\n^ .. war dann wohl fast wieder etwas zu weit links und fuhr etwas zur\u00fcck, da das so nach Starth\u00e4uschen aussah.<\/p>\n<p><a href='http:\/\/ski.inmontanis.info\/d\/262297-2\/DSC04521.jpg'><img src=http:\/\/ski.inmontanis.info\/d\/262296-3\/DSC04521.jpg \/><\/a><br \/>\n^ .. dann scheint das wohl Abfahrt 1 zu sein.<\/p>\n<p><a href='http:\/\/ski.inmontanis.info\/d\/262301-2\/DSC04524.jpg'><img src=http:\/\/ski.inmontanis.info\/d\/262300-3\/DSC04524.jpg \/><\/a><br \/>\n^ Talpano von Abfahrt 1<\/p>\n<p><a href='http:\/\/ski.inmontanis.info\/d\/262305-2\/DSC04525.jpg'><img src=http:\/\/ski.inmontanis.info\/d\/262304-3\/DSC04525.jpg \/><\/a><br \/>\n^ Spuren retour von Abfahrt 1<\/p>\n<p><a href='http:\/\/ski.inmontanis.info\/d\/262309-2\/DSC04526.jpg'><img src=http:\/\/ski.inmontanis.info\/d\/262308-3\/DSC04526.jpg \/><\/a><br \/>\n^ .. und man landet am Ende der Abfahrt 2; hier sollte man mit Schuss r\u00fcber zum SL A fahren.<\/p>\n<p><a href='http:\/\/ski.inmontanis.info\/d\/262313-2\/DSC04527.jpg'><img src=http:\/\/ski.inmontanis.info\/d\/262312-3\/DSC04527.jpg \/><\/a><br \/>\n^ Linker SL A<\/p>\n<p><a href='http:\/\/ski.inmontanis.info\/d\/262317-2\/DSC04528.jpg'><img src=http:\/\/ski.inmontanis.info\/d\/262316-3\/DSC04528.jpg \/><\/a><br \/>\n^ Offpiste zwischen den SL<\/p>\n<p><a href='http:\/\/ski.inmontanis.info\/d\/262321-2\/DSC04530.jpg'><img src=http:\/\/ski.inmontanis.info\/d\/262320-3\/DSC04530.jpg \/><\/a><br \/>\n^ Offpiste rechts vom rechten SL D<\/p>\n<p><a href='http:\/\/ski.inmontanis.info\/d\/262325-2\/DSC04532.jpg'><img src=http:\/\/ski.inmontanis.info\/d\/262324-3\/DSC04532.jpg \/><\/a><br \/>\n^ Offpiste rechts vom rechten SL D; da mir die Rinne von oben zu steinig aussah, querte ich zur Seite ..<\/p>\n<p><a href='http:\/\/ski.inmontanis.info\/d\/262329-2\/DSC04535.jpg'><img src=http:\/\/ski.inmontanis.info\/d\/262328-3\/DSC04535.jpg \/><\/a><br \/>\n^ .. und landete dann auf diesem extrem steilen Hang in Bildmitte und hatte schon bef\u00fcrchtet, an einem Felsabgrund zu stranden. Nach vorsichtigem Herantasten ging es aber dann doch noch auf Schnee runter. Puhh..<\/p>\n<p><a href='http:\/\/ski.inmontanis.info\/d\/262333-2\/DSC04536.jpg'><img src=http:\/\/ski.inmontanis.info\/d\/262332-3\/DSC04536.jpg \/><\/a><br \/>\n^ Offpiste rechts vom rechten SL D, auch nochmals sehr nett und weitl\u00e4ufig<\/p>\n<p><a href='http:\/\/ski.inmontanis.info\/d\/262337-2\/DSC04538.jpg'><img src=http:\/\/ski.inmontanis.info\/d\/262336-3\/DSC04538.jpg \/><\/a><br \/>\n^ SL D, offpiste direkt rechts vom SL<\/p>\n<p><a href='http:\/\/ski.inmontanis.info\/d\/262341-2\/DSC04539.jpg'><img src=http:\/\/ski.inmontanis.info\/d\/262340-3\/DSC04539.jpg \/><\/a><br \/>\n^ Offpiste direkt rechts vom SL D<\/p>\n<p><a href='http:\/\/ski.inmontanis.info\/d\/262345-2\/DSC04540.jpg'><img src=http:\/\/ski.inmontanis.info\/d\/262344-3\/DSC04540.jpg \/><\/a><br \/>\n^ Funpark \/ Abfahrt 13<\/p>\n<p><a href='http:\/\/ski.inmontanis.info\/d\/262349-2\/DSC04542.jpg'><img src=http:\/\/ski.inmontanis.info\/d\/262348-3\/DSC04542.jpg \/><\/a><br \/>\n^ Offpiste rechts vom rechten SL D noch weiter als die Rinne vorhin<\/p>\n<p><a href='http:\/\/ski.inmontanis.info\/d\/262353-2\/DSC04543.jpg'><img src=http:\/\/ski.inmontanis.info\/d\/262352-3\/DSC04543.jpg \/><\/a><br \/>\n^ Offpiste rechts vom rechten SL D (Querung)<\/p>\n<p><a href='http:\/\/ski.inmontanis.info\/d\/262357-2\/DSC04544.jpg'><img src=http:\/\/ski.inmontanis.info\/d\/262356-3\/DSC04544.jpg \/><\/a><br \/>\n^ Offpiste rechts vom rechten SL D, nett.<\/p>\n<p><a href='http:\/\/ski.inmontanis.info\/d\/262361-2\/DSC04547.jpg'><img src=http:\/\/ski.inmontanis.info\/d\/262360-3\/DSC04547.jpg \/><\/a><br \/>\n^ Offpiste zwischen den SL A und D<\/p>\n<p><a href='http:\/\/ski.inmontanis.info\/d\/262365-2\/DSC04548.jpg'><img src=http:\/\/ski.inmontanis.info\/d\/262364-3\/DSC04548.jpg \/><\/a><br \/>\n^ Offpiste zwischen den SL A und D<\/p>\n<p><a href='http:\/\/ski.inmontanis.info\/d\/262369-2\/DSC04549.jpg'><img src=http:\/\/ski.inmontanis.info\/d\/262368-3\/DSC04549.jpg \/><\/a><br \/>\n^ Offpiste zwischen den SL A und D<\/p>\n<p><a href='http:\/\/ski.inmontanis.info\/d\/262373-2\/DSC04550.jpg'><img src=http:\/\/ski.inmontanis.info\/d\/262372-3\/DSC04550.jpg \/><\/a><br \/>\n^ Offpiste zwischen den SL A und D<\/p>\n<p><a href='http:\/\/ski.inmontanis.info\/d\/262377-2\/DSC04552.jpg'><img src=http:\/\/ski.inmontanis.info\/d\/262376-3\/DSC04552.jpg \/><\/a><br \/>\n^ Parkplatz am SL A<\/p>\n<p>Um 14:45 h\u00f6rte ich auf, wollte ja noch in Norwegen einkaufen und musste noch tanken und der Schnee wurde offpiste nun eh langsam giftig.<\/p>\n<p><a href='http:\/\/ski.inmontanis.info\/d\/262381-2\/ge20190416C.jpg'><img src=http:\/\/ski.inmontanis.info\/d\/262380-3\/ge20190416C.jpg \/><\/a><br \/>\n^ GPS-Track 16.4.2019, hier gibts genug Gel\u00e4nde zu fahren f\u00fcr einen Tag, oder auch deren zwei. Die direkte Abfahrt am SL B hab ich am Ende wohl irgendwie vergessen ..<\/p>\n<p>Fazit: sehr nett, wieder ein genialer Tag heute. Wenn das mitte April in Skandinavien immer so geil sein sollte, komm ich \u00f6fters :)<\/p>\n<p>Das Einkaufen verlief nach Plan, ich bekam in einem gro\u00dfen Coop Extra alles, was ich wollte (und noch etwas mehr). Die Fahrt auf der E6 war dagegen wieder einmal anstrengend, etliches los (inkl. langsamer LKW) und viele Baustellen, weil die Stra\u00dfe neu gebaut wird und man somit auch noch mehrmals Maut zahlen musste, insg. 4x und ca. 10-11 \u20ac in Summe. Bin ich froh, morgen wieder in Schweden zu sein :)<\/p>\n<p><a href='http:\/\/extra.inmontanis.info\/d\/53133-2\/DSC04553.jpg'><img src=http:\/\/extra.inmontanis.info\/d\/53132-3\/DSC04553.jpg \/><\/a><br \/>\n^ E6 \/ Namsen<\/p>\n<p><a href='http:\/\/extra.inmontanis.info\/d\/53137-2\/DSC04560.jpg'><img src=http:\/\/extra.inmontanis.info\/d\/53136-3\/DSC04560.jpg \/><\/a><br \/>\n^ E6 \/ Namsen<\/p>\n<p><a href='http:\/\/extra.inmontanis.info\/d\/53141-2\/DSC04563.jpg'><img src=http:\/\/extra.inmontanis.info\/d\/53140-3\/DSC04563.jpg \/><\/a><br \/>\n^ E6 \/ Namsen, schon wieder interessant, wie hier das zerbrochene Eis an den Rand des Flusses geschoben wurde..<\/p>\n<p><a href='http:\/\/extra.inmontanis.info\/d\/53145-2\/DSC04574.jpg'><img src=http:\/\/extra.inmontanis.info\/d\/53144-3\/DSC04574.jpg \/><\/a><br \/>\n^ E6 \/ Stor Majavatnet<\/p>\n<p><a href='http:\/\/extra.inmontanis.info\/d\/53149-2\/DSC04578.jpg'><img src=http:\/\/extra.inmontanis.info\/d\/53148-3\/DSC04578.jpg \/><\/a><br \/>\n^ E6 \/ Sefrivatnet<\/p>\n<p><a href='http:\/\/extra.inmontanis.info\/d\/53153-2\/DSC04579.jpg'><img src=http:\/\/extra.inmontanis.info\/d\/53152-3\/DSC04579.jpg \/><\/a><br \/>\n^ E6 \/ Neubau Stra\u00dfe, daher also die Maut<\/p>\n<p><a href='http:\/\/extra.inmontanis.info\/d\/53157-2\/DSC04582.jpg'><img src=http:\/\/extra.inmontanis.info\/d\/53156-3\/DSC04582.jpg \/><\/a><br \/>\n^ E6 \/ Maut wg. Neubau Stra\u00dfe<\/p>\n<p><a href='http:\/\/extra.inmontanis.info\/d\/53161-2\/DSC04584.jpg'><img src=http:\/\/extra.inmontanis.info\/d\/53160-3\/DSC04584.jpg \/><\/a><br \/>\n^ .. und nochmal ..<\/p>\n<p><a href='http:\/\/extra.inmontanis.info\/d\/53165-2\/DSC04592.jpg'><img src=http:\/\/extra.inmontanis.info\/d\/53164-3\/DSC04592.jpg \/><\/a><br \/>\n^ E6 \/ \u00d8mmervatn<\/p>\n<p><a href='http:\/\/extra.inmontanis.info\/d\/53169-2\/DSC04594.jpg'><img src=http:\/\/extra.inmontanis.info\/d\/53168-3\/DSC04594.jpg \/><\/a><br \/>\n^ E6 \/ Luktvatn<\/p>\n<p><a href='http:\/\/extra.inmontanis.info\/d\/53173-2\/DSC04598.jpg'><img src=http:\/\/extra.inmontanis.info\/d\/53172-3\/DSC04598.jpg \/><\/a><br \/>\n^ E6 \/ S\u00f8rfjorden<\/p>\n<p><a href='http:\/\/extra.inmontanis.info\/d\/53177-2\/DSC04599.jpg'><img src=http:\/\/extra.inmontanis.info\/d\/53176-3\/DSC04599.jpg \/><\/a><br \/>\n^ E6 \/ Ranfjorden<\/p>\n<p><a href='http:\/\/extra.inmontanis.info\/d\/53181-2\/DSC04602.jpg'><img src=http:\/\/extra.inmontanis.info\/d\/53180-3\/DSC04602.jpg \/><\/a><br \/>\n^ E6 \/ Ranfjorden<\/p>\n<p><a href='http:\/\/extra.inmontanis.info\/d\/53185-2\/DSC04603.jpg'><img src=http:\/\/extra.inmontanis.info\/d\/53184-3\/DSC04603.jpg \/><\/a><br \/>\n^ Nochmal Maut, pah, wie sch\u00f6n, dass ich morgen wieder in Schweden bin.<\/p>\n<p><a href='http:\/\/extra.inmontanis.info\/d\/53189-2\/DSC04605.jpg'><img src=http:\/\/extra.inmontanis.info\/d\/53188-3\/DSC04605.jpg \/><\/a><br \/>\n^ E6 \/ Ranfjorden \/ Mo i Rana<\/p>\n<p>So kam ich um 19:45 am Hotel an und hatte noch genug Zeit f\u00fcr&#8217;s Abendessen-Buffet: erst eine winzige Portion Fleischsuppe, dann ein kleiner Salat und ein Teller voll mit den 2 Hauptspeisen: Fisch-Eintopf oder -Gratin und Fleischb\u00e4llchen mit pfeffrig-scharfer Sauce. Vom Fisch holte ich mir noch einen kleinen Nachschlag, bevor ich mir von 2 der 3 Nachspeisen eine kleine Portion holte. Ich war dann satt genug, auch wenn ich in Italien bei manchen 3-G\u00e4nge-Men\u00fcs schon voller war &#8211; aber ich hab ja morgen fr\u00fch noch ein Fr\u00fchst\u00fccksbuffet vor mir :)<\/p>\n<p><a href='http:\/\/extra.inmontanis.info\/d\/53193-2\/DSC04606.jpg'><img src=http:\/\/extra.inmontanis.info\/d\/53192-3\/DSC04606.jpg \/><\/a><br \/>\n^ Sch\u00f6nes Hotelzimmer<\/p>\n<p><a href='http:\/\/extra.inmontanis.info\/d\/53197-2\/DSC04607.jpg'><img src=http:\/\/extra.inmontanis.info\/d\/53196-3\/DSC04607.jpg \/><\/a><br \/>\n^ Sch\u00f6nes Hotelzimmer<\/p>\n<p><a href='http:\/\/extra.inmontanis.info\/d\/53201-2\/IMG_20190416_20193591_full_2x1.jpg'><img src=http:\/\/extra.inmontanis.info\/d\/53200-3\/IMG_20190416_20193591_full_2x1.jpg \/><\/a><br \/>\n^ Abend-Buffet im Hotel<\/p>\n<p>Jedenfalls ist das Hotel trotz des gering h\u00f6heren Preises zu gestern und vorgestern in einer anderen Liga und inkl. des Abendessens vergleichsweise g\u00fcnstiger. Achja, beim Check-In wurde ich &#8211; f\u00fcr mich sehr ungewohnt &#8211; gefragt, auf welcher Etage ich ein Zimmer haben m\u00f6chte. Ich meinte nach etwas \u00fcberlegen, dass je h\u00f6her desto besser sei und bekam eines im 6. Stock. Leider lie\u00df sich dort das Fenster nicht so \u00f6ffnen, dass man die Cam raushalten k\u00f6nnte, also musste ich durch die Scheibe fotografieren.<\/p>\n<p><a href='http:\/\/extra.inmontanis.info\/d\/53205-2\/DSC04611.jpg'><img src=http:\/\/extra.inmontanis.info\/d\/53204-3\/DSC04611.jpg \/><\/a><br \/>\n^ Hotelzimmer-Ausblick<\/p>\n<p><a href='http:\/\/extra.inmontanis.info\/d\/53209-2\/DSC04616.jpg'><img src=http:\/\/extra.inmontanis.info\/d\/53208-3\/DSC04616.jpg \/><\/a><br \/>\n^ Hotelzimmer-Ausblick Mo i Rana mit Fjord und Skigebiet Skillevollen &#8211; geh\u00f6rt das Licht zum Skigebiet? H\u00e4tten die heute Nachtski gehabt? Ist die Piste hinter dem H\u00fcgel? Nicht aufgepasst..<\/p>\n<p>Hier noch der heutige Dashcam-Zusammenschnitt:<\/p>\n<p><object style=\"height: 500px; width: 900px\"><param name=\"movie\" value=\"http:\/\/www.youtube.com\/v\/DCiTKvh1etA\"><\/param><param name=\"wmode\" value=\"transparent\"><\/param><embed src=\"http:\/\/www.youtube.com\/v\/DCiTKvh1etA\" type=\"application\/x-shockwave-flash\" wmode=\"transparent\"  width=\"900\" height=\"480\"><\/embed><\/object><\/p>\n<p>So genial und fotogen auch der dritte Skitag in Folge war, werden es die n\u00e4chsten Tage wohl schwer haben? Fortsetzung folgt!<\/p>\n","protected":false},"excerpt":{"rendered":"<p>Skandinavien 2019 &#8220;unverdorbene Skigebiete&#8221; Tag 5: Di, 16.4.2019 &#8211; Grong (km 3.072, Diff. 310)<\/p>\n<p>Als der Mann an der Rezeption mich gestern Abend gefragt hatte, wann ich fr\u00fchst\u00fccken wolle, sagte ich 8 Uhr. Da ich ja nur eine knappe halbe Stunde zum Skigebiet Grong brauche, sollte das wohl reichen, auch wenn ich nicht wusste, wann <a href=\"http:\/\/blog.inmontanis.info\/?p=5643\">[&#8230;]<\/a><\/p>\n","protected":false},"author":1,"featured_media":0,"comment_status":"closed","ping_status":"closed","sticky":false,"template":"","format":"standard","meta":{"footnotes":""},"categories":[176,585,18,27],"tags":[45,47],"class_list":["post-5643","post","type-post","status-publish","format-standard","hentry","category-2019-04-skandinavien","category-grong","category-norwegennorway","category-skifahren-winterskiing-winter","tag-see","tag-sl","odd"],"_links":{"self":[{"href":"http:\/\/blog.inmontanis.info\/index.php?rest_route=\/wp\/v2\/posts\/5643","targetHints":{"allow":["GET"]}}],"collection":[{"href":"http:\/\/blog.inmontanis.info\/index.php?rest_route=\/wp\/v2\/posts"}],"about":[{"href":"http:\/\/blog.inmontanis.info\/index.php?rest_route=\/wp\/v2\/types\/post"}],"author":[{"embeddable":true,"href":"http:\/\/blog.inmontanis.info\/index.php?rest_route=\/wp\/v2\/users\/1"}],"replies":[{"embeddable":true,"href":"http:\/\/blog.inmontanis.info\/index.php?rest_route=%2Fwp%2Fv2%2Fcomments&post=5643"}],"version-history":[{"count":3,"href":"http:\/\/blog.inmontanis.info\/index.php?rest_route=\/wp\/v2\/posts\/5643\/revisions"}],"predecessor-version":[{"id":5646,"href":"http:\/\/blog.inmontanis.info\/index.php?rest_route=\/wp\/v2\/posts\/5643\/revisions\/5646"}],"wp:attachment":[{"href":"http:\/\/blog.inmontanis.info\/index.php?rest_route=%2Fwp%2Fv2%2Fmedia&parent=5643"}],"wp:term":[{"taxonomy":"category","embeddable":true,"href":"http:\/\/blog.inmontanis.info\/index.php?rest_route=%2Fwp%2Fv2%2Fcategories&post=5643"},{"taxonomy":"post_tag","embeddable":true,"href":"http:\/\/blog.inmontanis.info\/index.php?rest_route=%2Fwp%2Fv2%2Ftags&post=5643"}],"curies":[{"name":"wp","href":"https:\/\/api.w.org\/{rel}","templated":true}]}}