{"id":5629,"date":"2019-06-04T12:48:12","date_gmt":"2019-06-04T10:48:12","guid":{"rendered":"http:\/\/blog.inmontanis.info\/?p=5629"},"modified":"2023-08-06T10:50:06","modified_gmt":"2023-08-06T08:50:06","slug":"stubaier-gletscher-2-6-2019","status":"publish","type":"post","link":"http:\/\/blog.inmontanis.info\/?p=5629","title":{"rendered":"Stubaier Gletscher, 2.6.2019"},"content":{"rendered":"<p>Am Sonntag ging&#8217;s dann doch noch zum Stubaier Gletscher, weil die Mittelstationsabfahrt noch offen war und ich hoffte, dass ich auf meine hier gekauften Ski noch einen gratis Skiservice bekomme (vor 2 Jahren hie\u00df es mal, bis zum Himmelfahrts-WE), somit mir der Skipass quasi nichts gekostet hat bzw. mit der verk\u00fcrzten Anfahrt sogar nochmals was gespart hatte. Allerdings ist es immer anstrengend, mit 2 Paar Ski zu gehen, auch wenn ich mir aus China vor einiger Zeit mal einen Gurt schicken lie\u00df, womit es etwas angenehmer ist. Es gab kurze Wartezeiten an der Talstation, wobei es nach mir gleich leerer wurde, oben musste man manchmal einen Sessel abwarten, aber kein Problem. Das mit dem Skiservice hat auch geklappt. Bin dann gleich mal die geschlossene Gamsgartenabfahrt zur Mittelstation gefahren, war fahrbar, aber evtl. noch etwas zu fr\u00fch bzw. zu sp\u00e4t (man sank etwas ein, aber nicht genug weich). <\/p>\n<p>Der Eisjochsteilhang firnte zu der Zeit dann ebenfalls schon auf, w\u00e4hrend es am Daunferner noch h\u00e4rter blieb. Offpiste ging&#8217;s mal besser, mal anstrengender. Bei meiner 2. Mittelstationsabfahrt probierte ich nochmals den Start der Kanonenrohr-Skiroute. Der Schnee war zwar jetzt weich genug, pappte aber zu extrem, so dass ich weitere Offpisteversuche richtung Mittelstation unterlie\u00df. Das d\u00fcrfte n\u00e4chstes WE viel besser gehen alles.<\/p>\n<p>Ab kurz vor Mittag wurden die Abfahrten an der KSB und den SL etwas bremsig. Ich fuhr zur Mittelstation, stellte meinen Ski dort ab und nahm  am Gamsgarten die frisch servicierten Ski, \u00fcberhaupt mein erster Skiservice in diesem Jahr :-)<\/p>\n<p>Leider konnten sich aber auch die frisch gewachsten Skier nicht gegen den bremsig-stockenden Schnee am Daunferner behaupten. Der Eisjochsteilhang war zwar noch gut schmierig, aber das Flachst\u00fcck sehr bremsig. Also nahm ich um 13.30 die &#8220;letzte&#8221; Bergfahrt mit der KSB und fuhr zur Mittelstation. Dort waren dann erst oben zwei halbwegs frische Pistenraupenspuren und der Steilhang unten jetzt so sch\u00f6n slushy leicht zu durchfahren, dass ich doch noch einmal rauf bin. Und nochmal testen, wie es jetzt am Daunferner geht, bissl besser, also nochmal die Trainingsh\u00e4nge und um kurz vor 15 Uhr (momentanes Ende des Skibetriebs) ab zur Mittelstation.<\/p>\n<p><a href='http:\/\/ski.inmontanis.info\/d\/261733-2\/DSC06643.jpg'><img src=http:\/\/ski.inmontanis.info\/d\/261732-3\/DSC06643.jpg \/><\/a><br \/>\n^ Bissl Wartezeiten<\/p>\n<p><a href='http:\/\/ski.inmontanis.info\/d\/261737-2\/DSC06647.jpg'><img src=http:\/\/ski.inmontanis.info\/d\/261736-3\/DSC06647.jpg \/><\/a><br \/>\n^ Abfahrt Gamsgarten zur Mittelstation. H\u00e4tte man auch gl\u00e4tten k\u00f6nnen, wenn man schon mit der Pistenraupe dr\u00fcberf\u00e4hrt<\/p>\n<p><a href='http:\/\/ski.inmontanis.info\/d\/261741-2\/DSC06651.jpg'><img src=http:\/\/ski.inmontanis.info\/d\/261740-3\/DSC06651.jpg \/><\/a><br \/>\n^ Mittelstation<\/p>\n<p><a href='http:\/\/ski.inmontanis.info\/d\/261745-2\/DSC06653.jpg'><img src=http:\/\/ski.inmontanis.info\/d\/261744-3\/DSC06653.jpg \/><\/a><br \/>\n^ Die linke Mittelstationsabfahrt war offiziell offen!<\/p>\n<p><a href='http:\/\/ski.inmontanis.info\/d\/261749-2\/DSC06656_001.jpg'><img src=http:\/\/ski.inmontanis.info\/d\/261748-3\/DSC06656_001.jpg \/><\/a><br \/>\n^ Eisjoch, leider momentan alle Lifte dort rauf geschlossen<\/p>\n<p><a href='http:\/\/ski.inmontanis.info\/d\/261753-2\/DSC06657.jpg'><img src=http:\/\/ski.inmontanis.info\/d\/261752-3\/DSC06657.jpg \/><\/a><br \/>\n^ Eisgrat<\/p>\n<p><a href='http:\/\/ski.inmontanis.info\/d\/261757-2\/DSC06658.jpg'><img src=http:\/\/ski.inmontanis.info\/d\/261756-3\/DSC06658.jpg \/><\/a><br \/>\n^ Gamsgarten, enorme Schneemengen<\/p>\n<p><a href='http:\/\/ski.inmontanis.info\/d\/261761-2\/DSC06659.jpg'><img src=http:\/\/ski.inmontanis.info\/d\/261760-3\/DSC06659.jpg \/><\/a><br \/>\n^ Daunferner<\/p>\n<p><a href='http:\/\/ski.inmontanis.info\/d\/261765-2\/DSC06660_001.jpg'><img src=http:\/\/ski.inmontanis.info\/d\/261764-3\/DSC06660_001.jpg \/><\/a><br \/>\n^ Diese Abfahrt war zwar schon geschlossen, morgens aber toll firnig<\/p>\n<p><a href='http:\/\/ski.inmontanis.info\/d\/261769-2\/DSC06662.jpg'><img src=http:\/\/ski.inmontanis.info\/d\/261768-3\/DSC06662.jpg \/><\/a><br \/>\n^ Firnabfahrt<\/p>\n<p><a href='http:\/\/ski.inmontanis.info\/d\/261773-2\/DSC06664_001.jpg'><img src=http:\/\/ski.inmontanis.info\/d\/261772-3\/DSC06664_001.jpg \/><\/a><br \/>\n^ Daunferner<\/p>\n<p><a href='http:\/\/ski.inmontanis.info\/d\/261777-2\/DSC06666_001.jpg'><img src=http:\/\/ski.inmontanis.info\/d\/261776-3\/DSC06666_001.jpg \/><\/a><br \/>\n^ Mittelstationsabfahrt, war letzte Woche ein paar Tage zu, jetzt wieder offen &#8211; aber die Pistenrandstecken wurden wohl schon mal entfernt<\/p>\n<p><a href='http:\/\/ski.inmontanis.info\/d\/261781-2\/DSC06668_001.jpg'><img src=http:\/\/ski.inmontanis.info\/d\/261780-3\/DSC06668_001.jpg \/><\/a><br \/>\n^ Mittelstationsabfahrt, ist bei weitem nicht so flach, wie sie hier wirkt<\/p>\n<p><a href='http:\/\/ski.inmontanis.info\/d\/261785-2\/DSC06669.jpg'><img src=http:\/\/ski.inmontanis.info\/d\/261784-3\/DSC06669.jpg \/><\/a><br \/>\n^ Standardbild von der Gamsgartenbahn<\/p>\n<p><a href='http:\/\/ski.inmontanis.info\/d\/261789-2\/DSC06675.jpg'><img src=http:\/\/ski.inmontanis.info\/d\/261788-3\/DSC06675.jpg \/><\/a><br \/>\n^ Rotadl-KSB-Varianten<\/p>\n<p><a href='http:\/\/ski.inmontanis.info\/d\/261793-2\/DSC06677.jpg'><img src=http:\/\/ski.inmontanis.info\/d\/261792-3\/DSC06677.jpg \/><\/a><br \/>\n^ Daunferner<\/p>\n<p><a href='http:\/\/ski.inmontanis.info\/d\/261797-2\/DSC06678.jpg'><img src=http:\/\/ski.inmontanis.info\/d\/261796-3\/DSC06678.jpg \/><\/a><br \/>\n^ Abfahrt Daunferner zum Gamsgarten; Depotarbeiten (die einzigen, die ich gesehen hab)<\/p>\n<p><a href='http:\/\/ski.inmontanis.info\/d\/261801-2\/DSC06680.jpg'><img src=http:\/\/ski.inmontanis.info\/d\/261800-3\/DSC06680.jpg \/><\/a><br \/>\n^ Rotadl-KSB, bin ich ja heute farbig passend angezogen<\/p>\n<p><a href='http:\/\/ski.inmontanis.info\/d\/261805-2\/DSC06683.jpg'><img src=http:\/\/ski.inmontanis.info\/d\/261804-3\/DSC06683.jpg \/><\/a><br \/>\n^ Eisjoch<\/p>\n<p><a href='http:\/\/ski.inmontanis.info\/d\/261809-2\/DSC06686.jpg'><img src=http:\/\/ski.inmontanis.info\/d\/261808-3\/DSC06686.jpg \/><\/a><br \/>\n^ Schaufelspitze<\/p>\n<p><a href='http:\/\/ski.inmontanis.info\/d\/261813-2\/DSC06687.jpg'><img src=http:\/\/ski.inmontanis.info\/d\/261812-3\/DSC06687.jpg \/><\/a><br \/>\n^ Abfahrt Mittelstation \/ Fernau-KSB<\/p>\n<p><a href='http:\/\/ski.inmontanis.info\/d\/261817-2\/DSC06689.jpg'><img src=http:\/\/ski.inmontanis.info\/d\/261816-3\/DSC06689.jpg \/><\/a><br \/>\n^ Rotadl-KSB-Varianten<\/p>\n<p><a href='http:\/\/ski.inmontanis.info\/d\/261821-2\/DSC06692.jpg'><img src=http:\/\/ski.inmontanis.info\/d\/261820-3\/DSC06692.jpg \/><\/a><br \/>\n^ Rotadl-KSB<\/p>\n<p><a href='http:\/\/ski.inmontanis.info\/d\/261825-2\/DSC06693.jpg'><img src=http:\/\/ski.inmontanis.info\/d\/261824-3\/DSC06693.jpg \/><\/a><br \/>\n^ Daunscharte, interessante Kontraste<\/p>\n<p><a href='http:\/\/ski.inmontanis.info\/d\/261829-2\/DSC06696.jpg'><img src=http:\/\/ski.inmontanis.info\/d\/261828-3\/DSC06696.jpg \/><\/a><br \/>\n^ Rotadl-Eisgrat<\/p>\n<p><a href='http:\/\/ski.inmontanis.info\/d\/261833-2\/DSC06697.jpg'><img src=http:\/\/ski.inmontanis.info\/d\/261832-3\/DSC06697.jpg \/><\/a><br \/>\n^ Eisgrat-Eisjoch<\/p>\n<p><a href='http:\/\/ski.inmontanis.info\/d\/261837-2\/DSC06698.jpg'><img src=http:\/\/ski.inmontanis.info\/d\/261836-3\/DSC06698.jpg \/><\/a><br \/>\n^ Mittelstationsabfahrt, ging jetzt am sp\u00e4ten Nachmittag besser zu fahren als zu Mittag, weil total slushy, also schmieriger Sulz, wo man bei Schw\u00fcngen jeden Buckel glatt b\u00fcgeln konnte<\/p>\n<p><a href='http:\/\/ski.inmontanis.info\/d\/261841-2\/DSC06699.jpg'><img src=http:\/\/ski.inmontanis.info\/d\/261840-3\/DSC06699.jpg \/><\/a><br \/>\n^ Mittelstation<\/p>\n<p><a href='http:\/\/ski.inmontanis.info\/d\/261845-2\/DSC06702.jpg'><img src=http:\/\/ski.inmontanis.info\/d\/261844-3\/DSC06702.jpg \/><\/a><br \/>\n^ Hier sind einige ins Tal abgefehren, hatten dann halt einen weiteren Fu\u00dfweg<\/p>\n<p><a href='http:\/\/ski.inmontanis.info\/d\/261849-2\/DSC06704.jpg'><img src=http:\/\/ski.inmontanis.info\/d\/261848-3\/DSC06704.jpg \/><\/a><br \/>\n^ Skigurt<\/p>\n<p><a href='http:\/\/ski.inmontanis.info\/d\/261853-2\/DSC06705.jpg'><img src=http:\/\/ski.inmontanis.info\/d\/261852-3\/DSC06705.jpg \/><\/a><br \/>\n^ Talstation<\/p>\n<p><a href='http:\/\/ski.inmontanis.info\/d\/261857-2\/ge20190602a.jpg'><img src=http:\/\/ski.inmontanis.info\/d\/261856-3\/ge20190602a.jpg \/><\/a><br \/>\n^ GPS-Track 2.6.2019<\/p>\n","protected":false},"excerpt":{"rendered":"<p>Am Sonntag ging&#8217;s dann doch noch zum Stubaier Gletscher, weil die Mittelstationsabfahrt noch offen war und ich hoffte, dass ich auf meine hier gekauften Ski noch einen gratis Skiservice bekomme (vor 2 Jahren hie\u00df es mal, bis zum Himmelfahrts-WE), somit mir der Skipass quasi nichts gekostet hat bzw. mit der verk\u00fcrzten Anfahrt sogar nochmals was <a href=\"http:\/\/blog.inmontanis.info\/?p=5629\">[&#8230;]<\/a><\/p>\n","protected":false},"author":1,"featured_media":0,"comment_status":"closed","ping_status":"closed","sticky":false,"template":"","format":"standard","meta":{"footnotes":""},"categories":[25,13,28,895],"tags":[39,57,47],"class_list":["post-5629","post","type-post","status-publish","format-standard","hentry","category-noreport","category-austria","category-skifahren-sommer","category-stubaier-gletscher","tag-6eub","tag-8sb","tag-sl","odd"],"_links":{"self":[{"href":"http:\/\/blog.inmontanis.info\/index.php?rest_route=\/wp\/v2\/posts\/5629","targetHints":{"allow":["GET"]}}],"collection":[{"href":"http:\/\/blog.inmontanis.info\/index.php?rest_route=\/wp\/v2\/posts"}],"about":[{"href":"http:\/\/blog.inmontanis.info\/index.php?rest_route=\/wp\/v2\/types\/post"}],"author":[{"embeddable":true,"href":"http:\/\/blog.inmontanis.info\/index.php?rest_route=\/wp\/v2\/users\/1"}],"replies":[{"embeddable":true,"href":"http:\/\/blog.inmontanis.info\/index.php?rest_route=%2Fwp%2Fv2%2Fcomments&post=5629"}],"version-history":[{"count":4,"href":"http:\/\/blog.inmontanis.info\/index.php?rest_route=\/wp\/v2\/posts\/5629\/revisions"}],"predecessor-version":[{"id":5636,"href":"http:\/\/blog.inmontanis.info\/index.php?rest_route=\/wp\/v2\/posts\/5629\/revisions\/5636"}],"wp:attachment":[{"href":"http:\/\/blog.inmontanis.info\/index.php?rest_route=%2Fwp%2Fv2%2Fmedia&parent=5629"}],"wp:term":[{"taxonomy":"category","embeddable":true,"href":"http:\/\/blog.inmontanis.info\/index.php?rest_route=%2Fwp%2Fv2%2Fcategories&post=5629"},{"taxonomy":"post_tag","embeddable":true,"href":"http:\/\/blog.inmontanis.info\/index.php?rest_route=%2Fwp%2Fv2%2Ftags&post=5629"}],"curies":[{"name":"wp","href":"https:\/\/api.w.org\/{rel}","templated":true}]}}