{"id":5623,"date":"2019-04-14T18:09:22","date_gmt":"2019-04-14T16:09:22","guid":{"rendered":"http:\/\/blog.inmontanis.info\/?p=5623"},"modified":"2023-08-05T12:34:05","modified_gmt":"2023-08-05T10:34:05","slug":"fjalliften-ljungdalen-14-4-2019-selten-puristisch","status":"publish","type":"post","link":"http:\/\/blog.inmontanis.info\/?p=5623","title":{"rendered":"Fj\u00e4lliften (Ljungdalen), 14.4.2019 \/ selten + puristisch"},"content":{"rendered":"<p><em>Skandinavien 2019 &#8220;unverdorbene Skigebiete&#8221;<\/em><br \/>\n<strong>Tag 3: So, 14.4.2019 &#8211; Fj\u00e4lliften (Ljungdalen) (km 2.375, Diff. 860)<\/strong><\/p>\n<p>Um 21:30 Uhr ging&#8217;s gestern ins Bett, folglich stand ich heute fr\u00fch auf, um 3:35 Uhr klingelte der Wecker. An den F\u00fc\u00dfen (in der Decke im Schlafsack) war die Nacht warm, weiter oben merkte ich schon, dass es k\u00fchler war. Die Windschutzscheibe war innnen gefroren, die Temperatur zeigte au\u00dfen -2\u00b0 an. Das ist wohl so das Minimum, wo ich im Auto schlafen m\u00f6chte. Wenig sp\u00e4ter gab es auf der Stra\u00dfe bis zu -10\u00b0!<\/p>\n<p>Heutiges Ziel war Ljungdalen, da hatte ich ja bei meiner Fr\u00fchsommertour vor 2 Jahren diesen netten &#8220;Freeride-SL&#8221; oben am Berg gesehen. Alternativ oder als zweites Ziel g\u00e4be es ja auch noch das andere Skigebiet mit der 3SB, wobei ich im Vorfeld gar nicht geschaut hatte, ob\/wann die offen haben. Der SL sollte aber offen sein und die Wettervorhersagen waren am Freitag auch noch vielversprechend. <\/p>\n<p>Auf dem Weg dorthin galt es ein Hotdog an einer Tankstelle zu verzehren. Die Circle-K-Tankstellen haben jetzt auch in Schweden etwas mehr Auswahl. <\/p>\n<p>(Fotos anklicken zum Vergr\u00f6\u00dfern)<\/p>\n<p><a href='http:\/\/extra.inmontanis.info\/d\/52765-2\/geScn2019h.jpg'><img src=http:\/\/extra.inmontanis.info\/d\/52764-3\/geScn2019h.jpg \/><\/a><br \/>\n^ A: Fj\u00e4lliften (Ljungdalen)<br \/>\nT\u00fcrkis um A bis zum Kringel oberhalb von der Schrift &#8220;Schweden&#8221;: Fahrstrecke 14.4.2019<br \/>\n(Die gelbe vertikale Linie links von A ist die Grenze Norwegen-Schweden) <\/p>\n<p><a href='http:\/\/extra.inmontanis.info\/d\/52873-2\/DSC03902.jpg'><img src=http:\/\/extra.inmontanis.info\/d\/52872-3\/DSC03902.jpg \/><\/a><br \/>\n^ 26+245\/Filipstad-Vansbro<\/p>\n<p><a href='http:\/\/extra.inmontanis.info\/d\/52877-2\/DSC03909.jpg'><img src=http:\/\/extra.inmontanis.info\/d\/52876-3\/DSC03909.jpg \/><\/a><br \/>\n^ 26+E45 \/ Orklingen (?)<\/p>\n<p><a href='http:\/\/extra.inmontanis.info\/d\/52881-2\/DSC03916.jpg'><img src=http:\/\/extra.inmontanis.info\/d\/52880-3\/DSC03916.jpg \/><\/a><br \/>\n^ E45 \/ vor Sveg<\/p>\n<p><a href='http:\/\/extra.inmontanis.info\/d\/52885-2\/DSC03918.jpg'><img src=http:\/\/extra.inmontanis.info\/d\/52884-3\/DSC03918.jpg \/><\/a><br \/>\n^ Pizza Fika .. h\u00f6rt sich zumindest auf deutsch gelesen witzig an ;-)<\/p>\n<p><a href='http:\/\/extra.inmontanis.info\/d\/52889-2\/DSC03919.jpg'><img src=http:\/\/extra.inmontanis.info\/d\/52888-3\/DSC03919.jpg \/><\/a><br \/>\n^ E45 \/ Ytterhogdal<\/p>\n<p><a href='http:\/\/extra.inmontanis.info\/d\/52893-2\/DSC03925.jpg'><img src=http:\/\/extra.inmontanis.info\/d\/52892-3\/DSC03925.jpg \/><\/a><br \/>\n^ E45 \/ Sveg-Svenstavik, entspannende Fahrt<\/p>\n<p><a href='http:\/\/extra.inmontanis.info\/d\/52897-2\/DSC03927.jpg'><img src=http:\/\/extra.inmontanis.info\/d\/52896-3\/DSC03927.jpg \/><\/a><br \/>\n^ E45 \/ Sveg-Svenstavik<\/p>\n<p><a href='http:\/\/extra.inmontanis.info\/d\/52901-2\/DSC03931.jpg'><img src=http:\/\/extra.inmontanis.info\/d\/52900-3\/DSC03931.jpg \/><\/a><br \/>\n^ Richtung Ljungdalen; +\/- L\u00e4nnasj\u00f6n<\/p>\n<p>Als ich an der 3SB in Ljungdalen vorbeifuhr, lugte ich r\u00fcber, sah aber nicht so aus, als w\u00e4re sie in Betrieb (nachmittags beim zur\u00fcckfahren meinte ich, sie drehe sich doch). Na hoffentlich geht dann der SL. Das war dann auch erst zweifelhaft, weil gerade keiner im Lift war, aber er fuhr. Bin um 11:45 Uhr angekommen, 1h schneller als mein Navi meinte, da kein Verkehr und obwohl nur 1-3 km\/h zu schnell, manchmal aber auch langsamer.<\/p>\n<p>Am Parkplatz bei +1\u00b0C entschied ich mich f\u00fcr die d\u00fcnne Jacke und die reichte locker. Die Tageskarte um 200 SEK (ca. 19,50 \u20ac)  gekauft. Der Lift ist ja mal genial. Nicht nur die Lage. Etliche Seilrollen, sowie beide Umlenkscheiben sind ohne Gummieinlagen. Geh\u00e4nge, die runterrutschen und runterfallen. Lt. Website war die geplante \u00d6ffnungszeit f\u00fcr heuer: Kalenderwochen 8, 9, 10, 16 und 17. Ein seltener Lift also, nicht nur von der Bauart, sondern auch der \u00d6ffnung wegen. Ein puristischer Lift. Sogar der Name: Fj\u00e4lliften, auf Deutsch &#8220;Berglift&#8221;. <\/p>\n<p>Der Lift geht von ca. 880 auf ca. 980m, macht also gerade mal 100hm und ist ca. 500m lang, trotzdem kann man es dank seiner weiten H\u00e4nge einige Stunden aushalten.  Homepage: http:\/\/fjalliften.se\/<\/p>\n<p>Der Schnee war auch halbwegs firnig, also mal sehr gut, manchmal etwas tiefer. Lift, Schnee, W\u00e4rme, Gel\u00e4nde, alles hatte eine &#8220;sommerski-esque&#8221; Stimmung hier. <\/p>\n<p><a href='http:\/\/ski.inmontanis.info\/d\/261443-2\/DSC03936.jpg'><img src=http:\/\/ski.inmontanis.info\/d\/261442-3\/DSC03936.jpg \/><\/a><br \/>\n^ Abzweig Torkilst\u00f6ten, hier geht&#8217;s zum Berglift<\/p>\n<p><a href='http:\/\/ski.inmontanis.info\/d\/261447-2\/DSC03937.jpg'><img src=http:\/\/ski.inmontanis.info\/d\/261446-3\/DSC03937.jpg \/><\/a><br \/>\n^ Zufahrt ins Skigebiet<\/p>\n<p><a href='http:\/\/ski.inmontanis.info\/d\/261451-2\/DSC03938.jpg'><img src=http:\/\/ski.inmontanis.info\/d\/261450-3\/DSC03938.jpg \/><\/a><br \/>\n^ Ungeteerte Zufahrt und dort ist auch der SL zu sehen. Nur Leute seh ich gerade keine ..<\/p>\n<p><a href='http:\/\/ski.inmontanis.info\/d\/261455-2\/DSC03941.jpg'><img src=http:\/\/ski.inmontanis.info\/d\/261454-3\/DSC03941.jpg \/><\/a><br \/>\n^ SL, er f\u00e4hrt! Links gab&#8217;s dann doch so etwas wie eine pr\u00e4parierte Piste, rechts hat man wohl eher f\u00fcr Wanderer und Tourengeher pr\u00e4pariert<\/p>\n<p><a href='http:\/\/ski.inmontanis.info\/d\/261459-2\/DSC03942.jpg'><img src=http:\/\/ski.inmontanis.info\/d\/261458-3\/DSC03942.jpg \/><\/a><br \/>\n^ Kein Stahlseil, man kann ja nicht alles haben<\/p>\n<p><a href='http:\/\/ski.inmontanis.info\/d\/261463-2\/DSC03944.jpg'><img src=http:\/\/ski.inmontanis.info\/d\/261462-3\/DSC03944.jpg \/><\/a><br \/>\n^ Talstation<\/p>\n<p><a href='http:\/\/ski.inmontanis.info\/d\/261467-2\/DSC03945.jpg'><img src=http:\/\/ski.inmontanis.info\/d\/261466-3\/DSC03945.jpg \/><\/a><br \/>\n^ Hang links vom SL, der Offpistebereich war leider teilweise windgepresst und nicht durchgehend gut zu fahren<\/p>\n<p><a href='http:\/\/ski.inmontanis.info\/d\/261471-2\/DSC03946.jpg'><img src=http:\/\/ski.inmontanis.info\/d\/261470-3\/DSC03946.jpg \/><\/a><br \/>\n^ Hang rechts vom SL, hier war es bereits mittags sch\u00f6n firnig<\/p>\n<p><a href='http:\/\/ski.inmontanis.info\/d\/261475-2\/DSC03949.jpg'><img src=http:\/\/ski.inmontanis.info\/d\/261474-3\/DSC03949.jpg \/><\/a><br \/>\n^ St\u00fctze 2<\/p>\n<p><a href='http:\/\/ski.inmontanis.info\/d\/261479-2\/DSC03950.jpg'><img src=http:\/\/ski.inmontanis.info\/d\/261478-3\/DSC03950.jpg \/><\/a><br \/>\n^ St\u00fctze 3<\/p>\n<p><a href='http:\/\/ski.inmontanis.info\/d\/261483-2\/DSC03955.jpg'><img src=http:\/\/ski.inmontanis.info\/d\/261482-3\/DSC03955.jpg \/><\/a><br \/>\n^ Umlenkscheibe; der Lift hat einen Totpunktausstieg, wobei manche auch etwas fr\u00fcher aussteigen.<\/p>\n<p><a href='http:\/\/ski.inmontanis.info\/d\/261487-2\/DSC03963.jpg'><img src=http:\/\/ski.inmontanis.info\/d\/261486-3\/DSC03963.jpg \/><\/a><br \/>\n^ Offpiste rechts vom SL und Talblick<\/p>\n<p><a href='http:\/\/ski.inmontanis.info\/d\/261491-2\/DSC03966.jpg'><img src=http:\/\/ski.inmontanis.info\/d\/261490-3\/DSC03966.jpg \/><\/a><br \/>\n^ Offpiste rechts vom SL, sch\u00f6n firnig und teils etwas steiler<\/p>\n<p><a href='http:\/\/ski.inmontanis.info\/d\/261495-2\/DSC03970.jpg'><img src=http:\/\/ski.inmontanis.info\/d\/261494-3\/DSC03970.jpg \/><\/a><br \/>\n^ Die talseitigen Seilrollen sind wohl alte schmale ohne Gummieinlagen und machen das \u00fcbliche, gummilose, sch\u00f6ne, rasselnde\/surrende Ger\u00e4usch<\/p>\n<p><a href='http:\/\/ski.inmontanis.info\/d\/261499-2\/DSC03971.jpg'><img src=http:\/\/ski.inmontanis.info\/d\/261498-3\/DSC03971.jpg \/><\/a><br \/>\n^ Offpiste links, oben etwas schneearm, aber man kam an ein paar Stellen durch<\/p>\n<p><a href='http:\/\/ski.inmontanis.info\/d\/261503-2\/DSC03972.jpg'><img src=http:\/\/ski.inmontanis.info\/d\/261502-3\/DSC03972.jpg \/><\/a><br \/>\n^ Offpiste links, ein bissl weiter h\u00e4tte der Lift ja schon noch rauf gehen k\u00f6nnen<\/p>\n<p><a href='http:\/\/ski.inmontanis.info\/d\/261507-2\/DSC03975.jpg'><img src=http:\/\/ski.inmontanis.info\/d\/261506-3\/DSC03975.jpg \/><\/a><br \/>\n^ Ein Geh\u00e4nge (bzw. eine Klemme) war locker, ich nahm dann vorsichtshalber den n\u00e4chsten B\u00fcgel.<\/p>\n<p><a href='http:\/\/ski.inmontanis.info\/d\/261511-2\/DSC03977.jpg'><img src=http:\/\/ski.inmontanis.info\/d\/261510-3\/DSC03977.jpg \/><\/a><br \/>\n^ Bergstation. Seilrollen und Umlenkscheibe ohne Gummi. Noch ist das Seil in den Seilrollen, sp\u00e4ter nicht mehr.<\/p>\n<p><a href='http:\/\/ski.inmontanis.info\/d\/261515-2\/DSC03978.jpg'><img src=http:\/\/ski.inmontanis.info\/d\/261514-3\/DSC03978.jpg \/><\/a><br \/>\n^ Daf\u00fcr liegt das vorhin lockere Geh\u00e4nge jetzt am Boden vor der letzten St\u00fctze. Da hab ich wohl ein paar Sekunden zu fr\u00fch mit dem Filmen aufgeh\u00f6rt.<\/p>\n<p><a href='http:\/\/ski.inmontanis.info\/d\/261519-2\/DSC03980.jpg'><img src=http:\/\/ski.inmontanis.info\/d\/261518-3\/DSC03980.jpg \/><\/a><br \/>\n^ Offpiste rechts, wurde nicht nur von mir befahren<\/p>\n<p><a href='http:\/\/ski.inmontanis.info\/d\/261523-2\/DSC03983.jpg'><img src=http:\/\/ski.inmontanis.info\/d\/261522-3\/DSC03983.jpg \/><\/a><br \/>\n^ Offpiste links, da war ich alleine unterwegs<\/p>\n<p><a href='http:\/\/ski.inmontanis.info\/d\/261527-2\/DSC03985.jpg'><img src=http:\/\/ski.inmontanis.info\/d\/261526-3\/DSC03985.jpg \/><\/a><br \/>\n^ Ich bin dann noch aufgestiegen, weil ich wissen wollte, wie das R\u00fcckseitenpano ist. Skandinavisch-typisch zog sich das etwas in die L\u00e4nge. Denn da, wo der vermeintlich h\u00f6chste Punkt ist, geht es dann immer noch flacher weiter hinauf.<\/p>\n<p><a href='http:\/\/ski.inmontanis.info\/d\/261531-2\/DSC03986.jpg'><img src=http:\/\/ski.inmontanis.info\/d\/261530-3\/DSC03986.jpg \/><\/a><br \/>\n^ Oberhalb des SL<\/p>\n<p><a href='http:\/\/ski.inmontanis.info\/d\/261535-2\/DSC03989.jpg'><img src=http:\/\/ski.inmontanis.info\/d\/261534-3\/DSC03989.jpg \/><\/a><br \/>\n^ R\u00fcckseitenpano mit Hochebene. Hier gehen also die Langl\u00e4ufer hin, die mit dem Lift rauffahren.<\/p>\n<p><a href='http:\/\/ski.inmontanis.info\/d\/261539-2\/DSC03987.jpg'><img src=http:\/\/ski.inmontanis.info\/d\/261538-3\/DSC03987.jpg \/><\/a><br \/>\n^ R\u00fcckseitenpano<\/p>\n<p><a href='http:\/\/ski.inmontanis.info\/d\/261543-2\/DSC03995.jpg'><img src=http:\/\/ski.inmontanis.info\/d\/261542-3\/DSC03995.jpg \/><\/a><br \/>\n^ Noch oberhalb vom SL<\/p>\n<p><a href='http:\/\/ski.inmontanis.info\/d\/261547-2\/DSC03996.jpg'><img src=http:\/\/ski.inmontanis.info\/d\/261546-3\/DSC03996.jpg \/><\/a><br \/>\n^ Offpiste rechts<\/p>\n<p><a href='http:\/\/ski.inmontanis.info\/d\/261551-2\/DSC03998.jpg'><img src=http:\/\/ski.inmontanis.info\/d\/261550-3\/DSC03998.jpg \/><\/a><br \/>\n^ Offpiste rechts und Blick zum SL<\/p>\n<p><a href='http:\/\/ski.inmontanis.info\/d\/261555-2\/DSC03999.jpg'><img src=http:\/\/ski.inmontanis.info\/d\/261554-3\/DSC03999.jpg \/><\/a><br \/>\n^ Offpiste rechts und Blick zum SL bzw. den linken H\u00e4ngen<\/p>\n<p><a href='http:\/\/ski.inmontanis.info\/d\/261559-2\/DSC04001.jpg'><img src=http:\/\/ski.inmontanis.info\/d\/261558-3\/DSC04001.jpg \/><\/a><br \/>\n^ Offpiste rechts und Blick zum SL<\/p>\n<p><a href='http:\/\/ski.inmontanis.info\/d\/261563-2\/DSC04006.jpg'><img src=http:\/\/ski.inmontanis.info\/d\/261562-3\/DSC04006.jpg \/><\/a><br \/>\n^ Immer noch sch\u00f6n firnig<\/p>\n<p><a href='http:\/\/ski.inmontanis.info\/d\/261567-2\/DSC04007.jpg'><img src=http:\/\/ski.inmontanis.info\/d\/261566-3\/DSC04007.jpg \/><\/a><br \/>\n^ Talstation<\/p>\n<p><a href='http:\/\/ski.inmontanis.info\/d\/261571-2\/DSC04008.jpg'><img src=http:\/\/ski.inmontanis.info\/d\/261570-3\/DSC04008.jpg \/><\/a><br \/>\n^ Offpiste rechts<\/p>\n<p><a href='http:\/\/ski.inmontanis.info\/d\/261575-2\/DSC04010.jpg'><img src=http:\/\/ski.inmontanis.info\/d\/261574-3\/DSC04010.jpg \/><\/a><br \/>\n^ Unterschiedliche Seilrollen<\/p>\n<p><a href='http:\/\/ski.inmontanis.info\/d\/261579-2\/DSC04012.jpg'><img src=http:\/\/ski.inmontanis.info\/d\/261578-3\/DSC04012.jpg \/><\/a><br \/>\n^ Unterschiedliche Seilrollen<\/p>\n<p><a href='http:\/\/ski.inmontanis.info\/d\/261583-2\/DSC04013.jpg'><img src=http:\/\/ski.inmontanis.info\/d\/261582-3\/DSC04013.jpg \/><\/a><br \/>\n^ Mittlerweile ist das Seil an der Bergstation au\u00dferhalb der Seilrollen und hat diese von ihrer braunen Farbe befreit (oder den Rost abgeschliffen, also kommt wohl nicht so h\u00e4ufig vor, hatte aber nichts mit dem gelockerten Geh\u00e4nge zu tun).<\/p>\n<p><a href='http:\/\/ski.inmontanis.info\/d\/261587-2\/DSC04015.jpg'><img src=http:\/\/ski.inmontanis.info\/d\/261586-3\/DSC04015.jpg \/><\/a><br \/>\n^ Die Pr\u00e4parierung erfolgt hier mit Snow-Scooter-Anh\u00e4nger, f\u00fcr die Abfahrt gibts evtl. noch ein Brett.<\/p>\n<p><a href='http:\/\/ski.inmontanis.info\/d\/261591-2\/DSC04016.jpg'><img src=http:\/\/ski.inmontanis.info\/d\/261590-3\/DSC04016.jpg \/><\/a><br \/>\n^ Offpiste rechts mit Blick zum Parkplatz<\/p>\n<p><a href='http:\/\/ski.inmontanis.info\/d\/261595-2\/DSC04018.jpg'><img src=http:\/\/ski.inmontanis.info\/d\/261594-3\/DSC04018.jpg \/><\/a><br \/>\n^ Offpiste rechts mit kurzem Steilhang<\/p>\n<p><a href='http:\/\/ski.inmontanis.info\/d\/261599-2\/DSC04021.jpg'><img src=http:\/\/ski.inmontanis.info\/d\/261598-3\/DSC04021.jpg \/><\/a><br \/>\n^ Offpiste rechts mit Blick zum Parkplatz und SL-Talstation. Ich fuhr nun zum Parkplatz ab.<\/p>\n<p><a href='http:\/\/ski.inmontanis.info\/d\/261603-2\/DSC04022.jpg'><img src=http:\/\/ski.inmontanis.info\/d\/261602-3\/DSC04022.jpg \/><\/a><br \/>\n^ Parkplatz, war stellenweise etwas eisig.<\/p>\n<p><a href='http:\/\/ski.inmontanis.info\/d\/261607-2\/DSC04023.jpg'><img src=http:\/\/ski.inmontanis.info\/d\/261606-3\/DSC04023.jpg \/><\/a><br \/>\n^ Offpiste rechts vom Parkplatz<\/p>\n<p><a href='http:\/\/ski.inmontanis.info\/d\/261611-2\/DSC04025.jpg'><img src=http:\/\/ski.inmontanis.info\/d\/261610-3\/DSC04025.jpg \/><\/a><br \/>\n^ Der Skipass: ein Zettel Papier. <\/p>\n<p><a href='http:\/\/ski.inmontanis.info\/d\/261615-2\/ge20190414a.jpg'><img src=http:\/\/ski.inmontanis.info\/d\/261614-3\/ge20190414a.jpg \/><\/a><br \/>\n^ GPS-Track<\/p>\n<p>Ab 14 Uhr wurde der Schnee langsam und stellenweise giftiger (er zog an), aber da ich ja nicht wusste, ob die 3SB nun noch in Betrieb ging, blieb ich noch und h\u00f6rte daf\u00fcr etwas fr\u00fcher auf (15:15).<\/p>\n<p>Fazit: Einen 500m\/100hm langen Lift nach fast 2.000 km Anfahrt anzusteuern, muss man sich erst mal trauen. Hat sich aber definitiv gelohnt.<\/p>\n<p>Hier noch ein kurzer Film:<\/p>\n<p><object style=\"height: 500px; width: 900px\"><param name=\"movie\" value=\"http:\/\/www.youtube.com\/v\/enDuab5J5oQ\"><\/param><param name=\"wmode\" value=\"transparent\"><\/param><embed src=\"http:\/\/www.youtube.com\/v\/enDuab5J5oQ\" type=\"application\/x-shockwave-flash\" wmode=\"transparent\"  width=\"900\" height=\"480\"><\/embed><\/object><\/p>\n<p><a href='http:\/\/ski.inmontanis.info\/d\/261619-2\/DSC04026.jpg'><img src=http:\/\/ski.inmontanis.info\/d\/261618-3\/DSC04026.jpg \/><\/a><br \/>\n^ Runterw\u00e4rts war die Stra\u00dfe dann etwas matschiger<\/p>\n<p><a href='http:\/\/ski.inmontanis.info\/d\/261623-2\/DSC04032.jpg'><img src=http:\/\/ski.inmontanis.info\/d\/261622-3\/DSC04032.jpg \/><\/a><br \/>\n^ Das Hauptskigebiet in Ljungdalen mit der Poma-3SB, wenn ich mich nicht irre. Muss ich auch mal hin.<\/p>\n<p>Danach fuhr ich \u00fcber eine Dirt-Road zur\u00fcck auf die E45 und hielt in \u00d6stersund an einem Frasses und kaufte mir einen Laxburger und fuhr weiter richtung Norden, wo ich mir ein Hotelzimmer um 995 SEK (ca. 98,- \u20ac) reserviert hatte. Viel Auswahl hat man hier eh nicht und es war das g\u00fcnstigste auf Booking. Lt. Beschreibung ist der Check-In bis 0 Uhr, trotzdem schrieb ich, dass ich so gegen 23h kommen werde und bekam per Mail die Antwort, welches Zimmer ich bekomme und den Code f\u00fcr die Haust\u00fcr, falls also die Rezeption doch nicht so lang besetzt ist und  dass das Fr\u00fchst\u00fcck von 7-9 Uhr ist. Passt.<\/p>\n<p><a href='http:\/\/extra.inmontanis.info\/d\/52905-2\/DSC04034.jpg'><img src=http:\/\/extra.inmontanis.info\/d\/52904-3\/DSC04034.jpg \/><\/a><br \/>\n^ Ljungdalen-Stra\u00dfe talausw\u00e4rts<\/p>\n<p><a href='http:\/\/extra.inmontanis.info\/d\/52909-2\/DSC04037.jpg'><img src=http:\/\/extra.inmontanis.info\/d\/52908-3\/DSC04037.jpg \/><\/a><br \/>\n^ Fl\u00e5sj\u00f6n<\/p>\n<p><a href='http:\/\/extra.inmontanis.info\/d\/52913-2\/DSC04047_001.jpg'><img src=http:\/\/extra.inmontanis.info\/d\/52912-3\/DSC04047_001.jpg \/><\/a><br \/>\n^ F\u00e4bodv\u00e4gen, nicht asphaltierte Dirt-Road, diese waren so ziemlich die einzigen Stra\u00dfen in diesem Urlaub, wo noch l\u00e4ngere Teile Schnee lag<\/p>\n<p><a href='http:\/\/extra.inmontanis.info\/d\/52917-2\/DSC04049.jpg'><img src=http:\/\/extra.inmontanis.info\/d\/52916-3\/DSC04049.jpg \/><\/a><br \/>\n^ F\u00e4bodv\u00e4gen, teilweise durch den abgetauten Schnee aber schon recht matschig<\/p>\n<p><a href='http:\/\/extra.inmontanis.info\/d\/52921-2\/DSC04050.jpg'><img src=http:\/\/extra.inmontanis.info\/d\/52920-3\/DSC04050.jpg \/><\/a><br \/>\n^ .. das Ergebnis sind dann diese verdreckten Autos, auch meines sollte bald so aussehen.<\/p>\n<p><a href='http:\/\/extra.inmontanis.info\/d\/52925-2\/DSC04053.jpg'><img src=http:\/\/extra.inmontanis.info\/d\/52924-3\/DSC04053.jpg \/><\/a><br \/>\n^ F\u00e4bodv\u00e4gen \/ Myrviken<\/p>\n<p><a href='http:\/\/ski.inmontanis.info\/d\/261629-2\/DSC04055.jpg'><img src=http:\/\/ski.inmontanis.info\/d\/261627-3\/DSC04055.jpg \/><\/a><br \/>\n^ Pers\u00e5sbacken<\/p>\n<p><a href='http:\/\/ski.inmontanis.info\/d\/261633-2\/DSC04056.jpg'><img src=http:\/\/ski.inmontanis.info\/d\/261632-3\/DSC04056.jpg \/><\/a><br \/>\n^ Pers\u00e5sbacken, ein ca. 850m langer KSSL<\/p>\n<p><a href='http:\/\/ski.inmontanis.info\/d\/261637-2\/DSC04059.jpg'><img src=http:\/\/ski.inmontanis.info\/d\/261636-3\/DSC04059.jpg \/><\/a><br \/>\n^ Pers\u00e5sbacken<\/p>\n<p><a href='http:\/\/extra.inmontanis.info\/d\/52929-2\/DSC04065.jpg'><img src=http:\/\/extra.inmontanis.info\/d\/52928-3\/DSC04065.jpg \/><\/a><br \/>\n^ Z580 \/ Sannsundsbron<\/p>\n<p><a href='http:\/\/extra.inmontanis.info\/d\/52933-2\/DSC04072.jpg'><img src=http:\/\/extra.inmontanis.info\/d\/52932-3\/DSC04072.jpg \/><\/a><br \/>\n^ Z592 \/ Orrviken \/ Storsj\u00f6n<\/p>\n<p><a href='http:\/\/extra.inmontanis.info\/d\/52937-2\/DSC04074.jpg'><img src=http:\/\/extra.inmontanis.info\/d\/52936-3\/DSC04074.jpg \/><\/a><br \/>\n^ Storsj\u00f6n<\/p>\n<p><a href='http:\/\/extra.inmontanis.info\/d\/52941-2\/DSC04076.jpg'><img src=http:\/\/extra.inmontanis.info\/d\/52940-3\/DSC04076.jpg \/><\/a><br \/>\n^ Storsj\u00f6n<\/p>\n<p><a href='http:\/\/extra.inmontanis.info\/d\/52945-2\/DSC04080.jpg'><img src=http:\/\/extra.inmontanis.info\/d\/52944-3\/DSC04080.jpg \/><\/a><br \/>\n^ Storsj\u00f6n \/ \u00d6stersund<\/p>\n<p><a href='http:\/\/extra.inmontanis.info\/d\/52949-2\/DSC04082.jpg'><img src=http:\/\/extra.inmontanis.info\/d\/52948-3\/DSC04082.jpg \/><\/a><br \/>\n^ Z592 \/ Vallsundsbron<\/p>\n<p><a href='http:\/\/extra.inmontanis.info\/d\/52953-2\/DSC04084.jpg'><img src=http:\/\/extra.inmontanis.info\/d\/52952-3\/DSC04084.jpg \/><\/a><br \/>\n^ Z592 \/ Vallsundsbron<\/p>\n<p><a href='http:\/\/extra.inmontanis.info\/d\/52957-2\/DSC04087.jpg'><img src=http:\/\/extra.inmontanis.info\/d\/52956-3\/DSC04087.jpg \/><\/a><br \/>\n^ Z592 \/ Vallsundsbron<\/p>\n<p><a href='http:\/\/extra.inmontanis.info\/d\/52961-2\/DSC04088.jpg'><img src=http:\/\/extra.inmontanis.info\/d\/52960-3\/DSC04088.jpg \/><\/a><br \/>\n^ \u00d6stersund<\/p>\n<p><a href='http:\/\/extra.inmontanis.info\/d\/52965-2\/DSC04089.jpg'><img src=http:\/\/extra.inmontanis.info\/d\/52964-3\/DSC04089.jpg \/><\/a><br \/>\n^ Das Ergebnis der Dirt Road: Ein dreckiges Auto. Interessant ist, dass die d\u00fcnne Folienbeklebung einen sauberen Schatten wirft und das ganze nun Dreidimensionaler ausschaut.<\/p>\n<p><a href='http:\/\/extra.inmontanis.info\/d\/52969-2\/IMG_20190414_18231932_full_2x1.jpg'><img src=http:\/\/extra.inmontanis.info\/d\/52968-3\/IMG_20190414_18231932_full_2x1.jpg \/><\/a><br \/>\n^ Pommes-Pulver. Cheese, Bacon oder lieber Sourcream &#038; Onion?<\/p>\n<p><a href='http:\/\/extra.inmontanis.info\/d\/52973-2\/IMG_20190414_18333774_full_2x1.jpg'><img src=http:\/\/extra.inmontanis.info\/d\/52972-3\/IMG_20190414_18333774_full_2x1.jpg \/><\/a><br \/>\n^ Laxburger-Men\u00fc und anderes Zeug<br \/>\nDirekt gegen\u00fcber war kurioserweise die M\u00f6rsj\u00f6deli-Fabrik, f\u00fcr deren Tunnbr\u00f6d-Chips ich ja immer extra Superm\u00e4rkte anfahre. N\u00fctzte mir aber nat\u00fcrlich nichts&#8230;<\/p>\n<p><a href='http:\/\/extra.inmontanis.info\/d\/52977-2\/DSC04092_001.jpg'><img src=http:\/\/extra.inmontanis.info\/d\/52976-3\/DSC04092_001.jpg \/><\/a><br \/>\n^ E45 \u00d6stersund-Str\u00f6msund \/ Groven<\/p>\n<p><a href='http:\/\/extra.inmontanis.info\/d\/52981-2\/DSC04095.jpg'><img src=http:\/\/extra.inmontanis.info\/d\/52980-3\/DSC04095.jpg \/><\/a><br \/>\n^ E45 \u00d6stersund-Str\u00f6msund \/ Groven<\/p>\n<p><a href='http:\/\/extra.inmontanis.info\/d\/52985-2\/DSC04097.jpg'><img src=http:\/\/extra.inmontanis.info\/d\/52984-3\/DSC04097.jpg \/><\/a><br \/>\n^ E45 \u00d6stersund-Str\u00f6msund \/ Hammerdalssj\u00f6n<\/p>\n<p><a href='http:\/\/extra.inmontanis.info\/d\/52989-2\/DSC04098.jpg'><img src=http:\/\/extra.inmontanis.info\/d\/52988-3\/DSC04098.jpg \/><\/a><br \/>\n^ E45 \u00d6stersund-Str\u00f6msund \/ Hammerdalssj\u00f6n<\/p>\n<p><a href='http:\/\/extra.inmontanis.info\/d\/52993-2\/DSC04100.jpg'><img src=http:\/\/extra.inmontanis.info\/d\/52992-3\/DSC04100.jpg \/><\/a><br \/>\n^ E45 \u00d6stersund-Str\u00f6msund \/ Hammerdalssj\u00f6n<\/p>\n<p><a href='http:\/\/extra.inmontanis.info\/d\/52997-2\/DSC04107.jpg'><img src=http:\/\/extra.inmontanis.info\/d\/52996-3\/DSC04107.jpg \/><\/a><br \/>\n^ Was f\u00fcr geile Farben!! (E45 vor Str\u00f6msund)<\/p>\n<p><a href='http:\/\/extra.inmontanis.info\/d\/53001-2\/DSC04108.jpg'><img src=http:\/\/extra.inmontanis.info\/d\/53000-3\/DSC04108.jpg \/><\/a><br \/>\n^ E45 vor Str\u00f6msund<\/p>\n<p><a href='http:\/\/extra.inmontanis.info\/d\/53005-2\/DSC04113.jpg'><img src=http:\/\/extra.inmontanis.info\/d\/53004-3\/DSC04113.jpg \/><\/a><br \/>\n^ E45 vor Str\u00f6msund<\/p>\n<p>Kurz nach 21 Uhr kam ich am Hotel an, also wieder fr\u00fcher als vom Navi berechnet. Dann werd ich morgen fr\u00fch wohl auch keine 3:15 bis ins Skigebiet fahren, hoffe ich :)<\/p>\n<p>Somit hatte ich noch etwas Zeit, die Wetterberichte f\u00fcr die n\u00e4chsten Tage zu checken und Planungen zu machen. Narvik oder nicht? Yll\u00e4s und Saariselk\u00e4 w\u00fcrde ich gerne in Finnland machen. Dort k\u00f6nnte es aber Ende der Woche sinnvoller sein. Und auf dem Weg dorthin ist gerade evtl. sonniger gemeldet. Urspr\u00fcnglich wollte ich glaub ich morgen Kittelfj\u00e4ll und \u00fcbermorgen evtl. Yll\u00e4s fahren, entschied mich dann aber f\u00fcr Bl\u00e5sj\u00f6n morgen, einen Abstecher nach Norwegen und dann wieder \u00fcber Schweden nach Finnland.<\/p>\n<p><a href='http:\/\/extra.inmontanis.info\/d\/53009-2\/DSC04133.jpg'><img src=http:\/\/extra.inmontanis.info\/d\/53008-3\/DSC04133.jpg \/><\/a><br \/>\n^ Hotelzimmer. Die Stra\u00dfe war laut, die tickende Uhr an der Wand nicht abnehm- und nicht abstellbar.<\/p>\n<p><a href='http:\/\/extra.inmontanis.info\/d\/53013-2\/DSC04135.jpg'><img src=http:\/\/extra.inmontanis.info\/d\/53012-3\/DSC04135.jpg \/><\/a><br \/>\n^ Hotelzimmer; diese wannenlosen Duschen sind in Schweden leider sehr \u00fcblich. Hier zudem: Kein F\u00f6hn und keine Steckdose.<\/p>\n<p>Es gab mal eine Zeit, da fand ich die Fahrerei durch Schweden recht langweilig, eint\u00f6nig und einschl\u00e4fernd und die Fahrerei durch Norwegen doch viel interessanter. Die letzten Male fand ich dagegen die Fahrerei durch Norwegen anstrengender und Schweden entspannender. Mag auch ein Unterschied sein, an wieviel Seen man in Schweden vorbeikommt, heuer kamen die unterschiedlichen Schneeh\u00f6hen dazu, die die Fahrt durch die W\u00e4lder auch nochmals etwas abwechslungsreicher macht. Und au\u00dferdem bin ich heuer etliche unasphaltierte Erd-Stra\u00dfen\/Dirt-Roads gefahren, die sind zwar weniger entspannend, daf\u00fcr abwechslungsreich.<\/p>\n<p>Hier der heutige Dashcam-Zusammenschnitt, inkl. der F\u00e4hre von gestern, viele schwedische W\u00e4lder, Zufahrt ins Skigebiet (ab 4.00),  unasphaltierte Stra\u00dfe ab 5.37, Auffahrt zum KSSL ab 7.36, danach \u00d6stersund.<\/p>\n<p><object style=\"height: 500px; width: 900px\"><param name=\"movie\" value=\"http:\/\/www.youtube.com\/v\/JzOG4koNtuQ\"><\/param><param name=\"wmode\" value=\"transparent\"><\/param><embed src=\"http:\/\/www.youtube.com\/v\/JzOG4koNtuQ\" type=\"application\/x-shockwave-flash\" wmode=\"transparent\"  width=\"900\" height=\"480\"><\/embed><\/object><\/p>\n<p>So genial und fotogen der heutige Tag war, werden es die n\u00e4chsten Tage wohl schwer haben? Fortsetzung folgt.<\/p>\n","protected":false},"excerpt":{"rendered":"<p>Skandinavien 2019 &#8220;unverdorbene Skigebiete&#8221; Tag 3: So, 14.4.2019 &#8211; Fj\u00e4lliften (Ljungdalen) (km 2.375, Diff. 860)<\/p>\n<p>Um 21:30 Uhr ging&#8217;s gestern ins Bett, folglich stand ich heute fr\u00fch auf, um 3:35 Uhr klingelte der Wecker. An den F\u00fc\u00dfen (in der Decke im Schlafsack) war die Nacht warm, weiter oben merkte ich schon, dass es k\u00fchler war. <a href=\"http:\/\/blog.inmontanis.info\/?p=5623\">[&#8230;]<\/a><\/p>\n","protected":false},"author":1,"featured_media":0,"comment_status":"closed","ping_status":"closed","sticky":false,"template":"","format":"standard","meta":{"footnotes":""},"categories":[176,646,59,639,19,27],"tags":[48,45,47],"class_list":["post-5623","post","type-post","status-publish","format-standard","hentry","category-2019-04-skandinavien","category-ljungdalen","category-nostalgie","category-persasbacken","category-schwedensweden","category-skifahren-winterskiing-winter","tag-kssl","tag-see","tag-sl","odd"],"_links":{"self":[{"href":"http:\/\/blog.inmontanis.info\/index.php?rest_route=\/wp\/v2\/posts\/5623","targetHints":{"allow":["GET"]}}],"collection":[{"href":"http:\/\/blog.inmontanis.info\/index.php?rest_route=\/wp\/v2\/posts"}],"about":[{"href":"http:\/\/blog.inmontanis.info\/index.php?rest_route=\/wp\/v2\/types\/post"}],"author":[{"embeddable":true,"href":"http:\/\/blog.inmontanis.info\/index.php?rest_route=\/wp\/v2\/users\/1"}],"replies":[{"embeddable":true,"href":"http:\/\/blog.inmontanis.info\/index.php?rest_route=%2Fwp%2Fv2%2Fcomments&post=5623"}],"version-history":[{"count":4,"href":"http:\/\/blog.inmontanis.info\/index.php?rest_route=\/wp\/v2\/posts\/5623\/revisions"}],"predecessor-version":[{"id":5639,"href":"http:\/\/blog.inmontanis.info\/index.php?rest_route=\/wp\/v2\/posts\/5623\/revisions\/5639"}],"wp:attachment":[{"href":"http:\/\/blog.inmontanis.info\/index.php?rest_route=%2Fwp%2Fv2%2Fmedia&parent=5623"}],"wp:term":[{"taxonomy":"category","embeddable":true,"href":"http:\/\/blog.inmontanis.info\/index.php?rest_route=%2Fwp%2Fv2%2Fcategories&post=5623"},{"taxonomy":"post_tag","embeddable":true,"href":"http:\/\/blog.inmontanis.info\/index.php?rest_route=%2Fwp%2Fv2%2Ftags&post=5623"}],"curies":[{"name":"wp","href":"https:\/\/api.w.org\/{rel}","templated":true}]}}