{"id":5609,"date":"2019-05-26T18:18:43","date_gmt":"2019-05-26T16:18:43","guid":{"rendered":"http:\/\/blog.inmontanis.info\/?p=5609"},"modified":"2023-07-01T20:57:40","modified_gmt":"2023-07-01T18:57:40","slug":"hintertuxer-gletscher-25-26-5-2019","status":"publish","type":"post","link":"http:\/\/blog.inmontanis.info\/?p=5609","title":{"rendered":"Hintertuxer Gletscher, 25.+26.5.2019"},"content":{"rendered":"<p>Die Hoffnung auf eine weiterhin ge\u00f6ffnete Mittelstationsabfahrt oder ein stundenweises Freeride-\u00d6ffnen der 6SB war leider vergebens: Die Wege wurden gro\u00dffl\u00e4chig weiter ger\u00e4umt. Schade. (Der Weg hinauf zur Sommerbergalm ist mir ja leider zu anstrengend &#8211; das werd ich maximal 1x machen, vielleicht in 2 Wochen, wenn es etwas mehr nach Restschnee ausschaut.)<\/p>\n<p>Samstag war ich wieder fr\u00fch oben, weil es ab Mittag schlechter werden sollte. Zu Mittag schneite bzw. regnete es (letzteres bis etwa 6KSB-Talstation), so dass ich kurz sp\u00e4ter aufgeh\u00f6rt hab. Obwohl der Schnee teilweise toll zu fahren war. Am Sonntag war fr\u00fch Nebel, so dass ich erst um 11 Uhr rauf fuhr. Zu der Zeit war es bereits abschnittsweise sonnig und es blieb ein Mix aus Nebel (insb. an der GW, aber auch im oberen Olpererbereich) und etwas Sonne, der Schnee etwas schwerer als am Samstag. Da es nachmittags wetterm\u00e4\u00dfig besser wurde und Pistenraupen abschnittsweise pr\u00e4parierte Spuren hinterlie\u00dfen, blieb ich sogar bis 16 Uhr.<\/p>\n<p>Insb. der Trainingshang links der GW-SL war am sp\u00e4ten Nachmittag toll zu fahren, weil noch frische Pistenraupenspuren vom Vortag. Olperer war schon zu Mittag nicht mehr sch\u00f6n. Am Kaserer, die Standardabfahrt an der 6KSB war ebenfalls anstrengend aufgefahren. Nur die gesperrte 12, die lt. Tafel noch h\u00e4tte offen sein sollen, ging gut. Diese war oben nicht nur mit Tafel, sondern Seil abgesperrt, aber was soll es hier gro\u00dfartig Gefahren geben. Auch die schwarze an der 6KSB war gestern+heute gesperrt (ebenfalls mit Lawinenwarntafel + Seil, wobei es mir aufgrund des Steilhangs hier nat\u00fcrlich logischer schien).<\/p>\n<p>Entgegen des Plans, dass der GB3 nun einige Wochen Revision h\u00e4tte, war der erste Teil schneller erledigt und er ist nun zumindest vor\u00fcbergehend wieder in Betrieb. <\/p>\n<p>(Fotos anklicken zum Vergr\u00f6\u00dfern)<\/p>\n<p><a href='http:\/\/ski.inmontanis.info\/d\/261383-2\/DSC06535.jpg'><img src=http:\/\/ski.inmontanis.info\/d\/261382-3\/DSC06535.jpg \/><\/a><br \/>\n^ Standardblick von der Sektion 1<\/p>\n<p><a href='http:\/\/ski.inmontanis.info\/d\/261387-2\/DSC06538.jpg'><img src=http:\/\/ski.inmontanis.info\/d\/261386-3\/DSC06538.jpg \/><\/a><br \/>\n^ Das war mal die Mittelstationsabfahrt<\/p>\n<p><a href='http:\/\/ski.inmontanis.info\/d\/261391-2\/DSC06541.jpg'><img src=http:\/\/ski.inmontanis.info\/d\/261390-3\/DSC06541.jpg \/><\/a><br \/>\n^ Die leichte linke Olperer-Abfahrt war am Samstag gesperrt! (Am Sonntag wieder offen)<\/p>\n<p><a href='http:\/\/ski.inmontanis.info\/d\/261395-2\/DSC06543.jpg'><img src=http:\/\/ski.inmontanis.info\/d\/261394-3\/DSC06543.jpg \/><\/a><br \/>\n^ Mattenfeld rechts des GW-SL wurde seit letzter Woche installiert<\/p>\n<p><a href='http:\/\/ski.inmontanis.info\/d\/261399-2\/DSC06545.jpg'><img src=http:\/\/ski.inmontanis.info\/d\/261398-3\/DSC06545.jpg \/><\/a><br \/>\n^ Auch am K2-SL wurde bereits einiges vermattet; die Abfahrt hier ist leider auch schon gesperrt. Ging aber toll zu fahren ;)<\/p>\n<p><a href='http:\/\/ski.inmontanis.info\/d\/261403-2\/DSC06546.jpg'><img src=http:\/\/ski.inmontanis.info\/d\/261402-3\/DSC06546.jpg \/><\/a><br \/>\n^ DSB von der 10EUB-Bergstation,  die Schneemassen\/Beschneiung vom Pistenrand wurde nun auf die Piste verteilt<\/p>\n<p>Vergleich Vorjahr:<br \/>\n<a href='http:\/\/ski.inmontanis.info\/d\/247826-3\/DSC01149.jpg'><img src=http:\/\/ski.inmontanis.info\/d\/247825-4\/DSC01149.jpg \/><\/a><br \/>\n^ 19.5.2018<\/p>\n<p><a href='http:\/\/ski.inmontanis.info\/d\/261407-2\/DSC06548.jpg'><img src=http:\/\/ski.inmontanis.info\/d\/261406-3\/DSC06548.jpg \/><\/a><br \/>\n^ Boarder-Sandwich. Anscheinend wars dem einen, einen B\u00fcgel weiter oben, zu einsam, also wechselte er unter der Fahrt&#8230;<\/p>\n<p>Bilder vom Sonntag:<\/p>\n<p><a href='http:\/\/ski.inmontanis.info\/d\/261411-2\/DSC06577.jpg'><img src=http:\/\/ski.inmontanis.info\/d\/261410-3\/DSC06577.jpg \/><\/a><br \/>\n^ Auch heute ging die geschlossene Abfahrt am Kaserer toll zu fahren.<\/p>\n<p><a href='http:\/\/ski.inmontanis.info\/d\/261415-2\/DSC06581.jpg'><img src=http:\/\/ski.inmontanis.info\/d\/261414-3\/DSC06581.jpg \/><\/a><br \/>\n^ Schneefangz\u00e4une zwischen den GW-SL. Klar bringen sie lokal gesehen etwas, aber daf\u00fcr liegt halt auf den Pisten links und rechts weniger Schnee.<\/p>\n<p><a href='http:\/\/ski.inmontanis.info\/d\/261419-2\/DSC06585.jpg'><img src=http:\/\/ski.inmontanis.info\/d\/261418-3\/DSC06585.jpg \/><\/a><br \/>\n^ Vermattung an den GW-SL<\/p>\n<p><a href='http:\/\/ski.inmontanis.info\/d\/261423-2\/DSC06589.jpg'><img src=http:\/\/ski.inmontanis.info\/d\/261422-3\/DSC06589.jpg \/><\/a><br \/>\n^ TFH-Abfahrt<\/p>\n<p><a href='http:\/\/ski.inmontanis.info\/d\/261427-2\/DSC06590.jpg'><img src=http:\/\/ski.inmontanis.info\/d\/261426-3\/DSC06590.jpg \/><\/a><br \/>\n^ Schneeh\u00f6henstand GB3-Ausstieg. Ist mittlerweile auch recht anstrengend, da jedes Mal rauf zu gehen ;-) Und es soll die n\u00e4chsten Tage nochmals Schnee kommen..<\/p>\n<p><a href='http:\/\/ski.inmontanis.info\/d\/261431-2\/DSC06592.jpg'><img src=http:\/\/ski.inmontanis.info\/d\/261430-3\/DSC06592.jpg \/><\/a><br \/>\n^ DSB-Abfahrt, Schneeverschiebung<\/p>\n<p><a href='http:\/\/ski.inmontanis.info\/d\/261435-2\/DSC06594.jpg'><img src=http:\/\/ski.inmontanis.info\/d\/261434-3\/DSC06594.jpg \/><\/a><br \/>\n^ Hier wurden vorhin die Schneefangz\u00e4une entfernt. Klar bringen sie lokal gesehen etwas, aber daf\u00fcr liegt halt  links und rechts weniger Schnee. Anderseits: Je h\u00f6her der Schnee liegt (sowohl vom Hang her, wie auch von der Menge), desto l\u00e4nger bleibt er im Sommer liegen. Daf\u00fcr anderswo fr\u00fcher blanker Gletscher.<\/p>\n<p><a href='http:\/\/ski.inmontanis.info\/d\/261439-2\/DSC06596.jpg'><img src=http:\/\/ski.inmontanis.info\/d\/261438-3\/DSC06596.jpg \/><\/a><br \/>\n^ Keine Chance mehr auf eine \u00d6ffnung der 6SB :-(<\/p>\n","protected":false},"excerpt":{"rendered":"<p>Die Hoffnung auf eine weiterhin ge\u00f6ffnete Mittelstationsabfahrt oder ein stundenweises Freeride-\u00d6ffnen der 6SB war leider vergebens: Die Wege wurden gro\u00dffl\u00e4chig weiter ger\u00e4umt. Schade. (Der Weg hinauf zur Sommerbergalm ist mir ja leider zu anstrengend &#8211; das werd ich maximal 1x machen, vielleicht in 2 Wochen, wenn es etwas mehr nach Restschnee ausschaut.)<\/p>\n<p>Samstag war ich <a href=\"http:\/\/blog.inmontanis.info\/?p=5609\">[&#8230;]<\/a><\/p>\n","protected":false},"author":1,"featured_media":0,"comment_status":"closed","ping_status":"closed","sticky":false,"template":"","format":"standard","meta":{"footnotes":""},"categories":[246,25,13,28],"tags":[38,47],"class_list":["post-5609","post","type-post","status-publish","format-standard","hentry","category-hintertux","category-noreport","category-austria","category-skifahren-sommer","tag-dsb","tag-sl","odd"],"_links":{"self":[{"href":"http:\/\/blog.inmontanis.info\/index.php?rest_route=\/wp\/v2\/posts\/5609","targetHints":{"allow":["GET"]}}],"collection":[{"href":"http:\/\/blog.inmontanis.info\/index.php?rest_route=\/wp\/v2\/posts"}],"about":[{"href":"http:\/\/blog.inmontanis.info\/index.php?rest_route=\/wp\/v2\/types\/post"}],"author":[{"embeddable":true,"href":"http:\/\/blog.inmontanis.info\/index.php?rest_route=\/wp\/v2\/users\/1"}],"replies":[{"embeddable":true,"href":"http:\/\/blog.inmontanis.info\/index.php?rest_route=%2Fwp%2Fv2%2Fcomments&post=5609"}],"version-history":[{"count":3,"href":"http:\/\/blog.inmontanis.info\/index.php?rest_route=\/wp\/v2\/posts\/5609\/revisions"}],"predecessor-version":[{"id":5612,"href":"http:\/\/blog.inmontanis.info\/index.php?rest_route=\/wp\/v2\/posts\/5609\/revisions\/5612"}],"wp:attachment":[{"href":"http:\/\/blog.inmontanis.info\/index.php?rest_route=%2Fwp%2Fv2%2Fmedia&parent=5609"}],"wp:term":[{"taxonomy":"category","embeddable":true,"href":"http:\/\/blog.inmontanis.info\/index.php?rest_route=%2Fwp%2Fv2%2Fcategories&post=5609"},{"taxonomy":"post_tag","embeddable":true,"href":"http:\/\/blog.inmontanis.info\/index.php?rest_route=%2Fwp%2Fv2%2Ftags&post=5609"}],"curies":[{"name":"wp","href":"https:\/\/api.w.org\/{rel}","templated":true}]}}