{"id":5577,"date":"2019-03-30T23:17:11","date_gmt":"2019-03-30T22:17:11","guid":{"rendered":"http:\/\/blog.inmontanis.info\/?p=5577"},"modified":"2023-08-05T15:10:51","modified_gmt":"2023-08-05T13:10:51","slug":"les-marceottes-nax-mont-noble-30-3-2019","status":"publish","type":"post","link":"http:\/\/blog.inmontanis.info\/?p=5577","title":{"rendered":"Les Marceottes &#038; Nax &#8211; Mont Noble, 30.3.2019"},"content":{"rendered":"<p><strong>Sa, 30.3.2019 &#8211; Marecottes &#038; Nax<\/strong><\/p>\n<p>Dieses WE ging&#8217;s nat\u00fcrlich wieder in die Magicpass-Region. Kaliningrad hat sich angek\u00fcndigt, am Sonntag mit mir in St. Luc\/Chandolin fahren zu wollen, ich wollte aber zumindest an einem Tag noch 1-2 Skigebiete fahren, die nur noch dieses WE offen haben (daher war er heute in Grimentz und ich in Les Marecottes und Nax Mont Noble). Am Donnerstag buchte ich nach einigem Rumsuchen wiedermal das Ibis Budget in Thonon, weil ich somit in Frankreich einkaufen und essen k\u00f6nnte. Erst sp\u00e4ter entschied ich mich noch, auch den Montag frei zu nehmen, und nach abermals langem Hotelrumsuchen entschied ich mich erneut f\u00fcr das nun sehr umwegige Thonon, aber im g\u00fcnstigeren F1 &#8211; und dann am Sonntag Abend &#8220;nur&#8221; eine frz. Pizza zu essen.<\/p>\n<p>Um kurz nach 3 Uhr kam ich weg, 6 Stunden Schlaf will ich halt doch haben. Somit war es f\u00fcr die angedachte Fahrt \u00fcber den Simplon nach Nax etwas zu sp\u00e4t, weil lt. Navi erst gegen 10:20 dort. Das w\u00e4re f\u00fcr einen nachmitt\u00e4glichen Skigebietswechsel etwas sp\u00e4t. Also \u00fcber die Flachlandau\u00dfenrumautobahnen gefahren und erst nach Les Marecottes gefahren &#8211; somit k\u00f6nnte ich heute den Tag \u00fcber noch etwas mehr skifahren und hangrichtungsm\u00e4\u00dfig macht das vmtl. eh mehr Sinn. Um 9:20 Uhr kam ich an, aber so wirklich konnte mich das Skigebiet nicht \u00fcberzeugen. Im Prinzip ja recht nett, aber man hat halt nur einen Lift.<\/p>\n<p>\u00dcbrigens: Hier geht Zug nach Chamonix vorbei &#8211; aber nicht die Stra\u00dfe, die geht ein Tal weiter s\u00fcdlich, bevor sie sp\u00e4ter aber doch noch in dieses Tal einzweigt und sich wieder mit dem Zug vereinigt.<\/p>\n<p>(Fotos anklicken zum Vergr\u00f6\u00dfern)<\/p>\n<p><a href='http:\/\/ski.inmontanis.info\/d\/260357-2\/DSC03319.jpg'><img src=http:\/\/ski.inmontanis.info\/d\/260356-3\/DSC03319.jpg \/><\/a><br \/>\n^ Talstation 4EUB<\/p>\n<p><a href='http:\/\/ski.inmontanis.info\/d\/260361-2\/DSC03320.jpg'><img src=http:\/\/ski.inmontanis.info\/d\/260360-3\/DSC03320.jpg \/><\/a><br \/>\n^ Talstation 4EUB<\/p>\n<p><a href='http:\/\/ski.inmontanis.info\/d\/260365-2\/DSC03321.jpg'><img src=http:\/\/ski.inmontanis.info\/d\/260364-3\/DSC03321.jpg \/><\/a><br \/>\n^ 4KSB<\/p>\n<p><a href='http:\/\/ski.inmontanis.info\/d\/260369-2\/DSC03325.jpg'><img src=http:\/\/ski.inmontanis.info\/d\/260368-3\/DSC03325.jpg \/><\/a><br \/>\n^ Linke Abfahrt<\/p>\n<p><a href='http:\/\/ski.inmontanis.info\/d\/260373-2\/DSC03327.jpg'><img src=http:\/\/ski.inmontanis.info\/d\/260372-3\/DSC03327.jpg \/><\/a><br \/>\n^ 4KSB und Talblick<\/p>\n<p><a href='http:\/\/ski.inmontanis.info\/d\/260377-2\/DSC03330.jpg'><img src=http:\/\/ski.inmontanis.info\/d\/260376-3\/DSC03330.jpg \/><\/a><br \/>\n^ 4KSB Bergstation, viele Tourengeher gehen in die Scharte hinauf<\/p>\n<p><a href='http:\/\/ski.inmontanis.info\/d\/260381-2\/DSC03332.jpg'><img src=http:\/\/ski.inmontanis.info\/d\/260380-3\/DSC03332.jpg \/><\/a><br \/>\n^ Linke Abfahrt<\/p>\n<p><a href='http:\/\/ski.inmontanis.info\/d\/260385-2\/DSC03334.jpg'><img src=http:\/\/ski.inmontanis.info\/d\/260384-3\/DSC03334.jpg \/><\/a><br \/>\n^ Linke Abfahrt<\/p>\n<p><a href='http:\/\/ski.inmontanis.info\/d\/260389-2\/DSC03336.jpg'><img src=http:\/\/ski.inmontanis.info\/d\/260388-3\/DSC03336.jpg \/><\/a><br \/>\n^ Linke Abfahrt, unten gibt es dann 2 Pistenabschnitte<\/p>\n<p><a href='http:\/\/ski.inmontanis.info\/d\/260393-2\/DSC03339.jpg'><img src=http:\/\/ski.inmontanis.info\/d\/260392-3\/DSC03339.jpg \/><\/a><br \/>\n^ Abfahrten rechts der 4KSB<\/p>\n<p><a href='http:\/\/ski.inmontanis.info\/d\/260397-2\/DSC03342.jpg'><img src=http:\/\/ski.inmontanis.info\/d\/260396-3\/DSC03342.jpg \/><\/a><br \/>\n^ Durch die Stolperfalle am Ausstieg musste die 4KSB hin und wieder stehenbleiben, weil die Leute ihre Ski nicht hoch genug hielten und dann stecken blieben (war selbst mit einem im Lift gerade)<\/p>\n<p><a href='http:\/\/ski.inmontanis.info\/d\/260401-2\/DSC03343.jpg'><img src=http:\/\/ski.inmontanis.info\/d\/260400-3\/DSC03343.jpg \/><\/a><br \/>\n^ Abfahrten rechts der 4KSB<\/p>\n<p><a href='http:\/\/ski.inmontanis.info\/d\/260405-2\/DSC03344.jpg'><img src=http:\/\/ski.inmontanis.info\/d\/260404-3\/DSC03344.jpg \/><\/a><br \/>\n^ Abfahrten rechts der 4KSB, dieses St\u00fcck hier war toll firnig<\/p>\n<p><a href='http:\/\/ski.inmontanis.info\/d\/260409-2\/DSC03346.jpg'><img src=http:\/\/ski.inmontanis.info\/d\/260408-3\/DSC03346.jpg \/><\/a><br \/>\n^ Abfahrten rechts der 4KSB<\/p>\n<p><a href='http:\/\/ski.inmontanis.info\/d\/260413-2\/DSC03350.jpg'><img src=http:\/\/ski.inmontanis.info\/d\/260412-3\/DSC03350.jpg \/><\/a><br \/>\n^ 4EUB Bergstation<\/p>\n<p><a href='http:\/\/ski.inmontanis.info\/d\/260417-2\/DSC03351.jpg'><img src=http:\/\/ski.inmontanis.info\/d\/260416-3\/DSC03351.jpg \/><\/a><br \/>\n^ 4EUB Talfahrt<\/p>\n<p><a href='http:\/\/ski.inmontanis.info\/d\/260421-2\/ge20190330a.jpg'><img src=http:\/\/ski.inmontanis.info\/d\/260420-3\/ge20190330a.jpg \/><\/a><br \/>\n^ GPS-Track 30.3.2019<\/p>\n<p>Nach 2 Stunden inkl. Berg- und Talfahrt mit der 4EUB hatte ich alle Abfahrtsvarianten durch und fuhr nach Nax, wo ich auch noch nie war.<\/p>\n<p>Erst wollte ich mich auf den unteren Parkplatz hinstellen, der dann aber so bescheuert angelegt war, dass ich erst noch den oberen Parkplatz ausprobieren wollte &#8211; der war sinnvoller. Wie auch in Les Marecottes kann man \u00fcbrigens auch hier gratis &#8220;parkieren&#8221;. <\/p>\n<p>Nax \u00fcberraschte mich dann positiv, war doch sehr nett hier, on- wie off- wie &#8220;closedpiste&#8221; :-). Zumeist sch\u00f6n weich (au\u00dfer die oberen, vorderen Pisten), auch offpiste an der hinteren 4SB sch\u00f6n weich, ohne zu tief einzusinken. Hier h\u00e4tte ich&#8217;s auch einen ganzen Tag aushalten k\u00f6nnen.<\/p>\n<p><a href='http:\/\/ski.inmontanis.info\/d\/260427-2\/DSC03356.jpg'><img src=http:\/\/ski.inmontanis.info\/d\/260425-3\/DSC03356.jpg \/><\/a><br \/>\n^ Der obere Parkplatz hat einen direkten Pistenanschluss und ist somit viel bequemer als der untere Parkplatz<\/p>\n<p><a href='http:\/\/ski.inmontanis.info\/d\/260431-2\/DSC03360.jpg'><img src=http:\/\/ski.inmontanis.info\/d\/260430-3\/DSC03360.jpg \/><\/a><br \/>\n^ Talstation DSB und unterer Parkplatz, von dem man aber rechts\/mittig weder zur Piste noch zur DSB kommt, man muss also ganz links au\u00dfenrum, wie bescheuert ist das denn?<\/p>\n<p><a href='http:\/\/ski.inmontanis.info\/d\/260435-2\/DSC03361.jpg'><img src=http:\/\/ski.inmontanis.info\/d\/260434-3\/DSC03361.jpg \/><\/a><br \/>\n^ Die linke DSB-Talabfahrt war offiziell geschlossen, weil sie weiter links ein aperes St\u00fcck hatte. Bin sie trotzdem gefahren<\/p>\n<p><a href='http:\/\/ski.inmontanis.info\/d\/260439-2\/DSC03365.jpg'><img src=http:\/\/ski.inmontanis.info\/d\/260438-3\/DSC03365.jpg \/><\/a><br \/>\n^ DSB kurz vor der Bergstation; die 2. Sektion (4SB) startet rechts ein St\u00fcck unterhalb<\/p>\n<p><a href='http:\/\/ski.inmontanis.info\/d\/260443-2\/DSC03372.jpg'><img src=http:\/\/ski.inmontanis.info\/d\/260442-3\/DSC03372.jpg \/><\/a><br \/>\n^ 4SB Sektion 2 und SL Sektion 3<\/p>\n<p><a href='http:\/\/ski.inmontanis.info\/d\/260447-2\/DSC03373.jpg'><img src=http:\/\/ski.inmontanis.info\/d\/260446-3\/DSC03373.jpg \/><\/a><br \/>\n^ 4SB Sektion 2<\/p>\n<p><a href='http:\/\/ski.inmontanis.info\/d\/260451-2\/DSC03374.jpg'><img src=http:\/\/ski.inmontanis.info\/d\/260450-3\/DSC03374.jpg \/><\/a><br \/>\n^ SL Sektion 3, leider ohne eigene Abfahrt, man kommt also nur offpiste oder von der 4SB Sektion 2 hier hin<\/p>\n<p><a href='http:\/\/ski.inmontanis.info\/d\/260455-2\/DSC03377.jpg'><img src=http:\/\/ski.inmontanis.info\/d\/260454-3\/DSC03377.jpg \/><\/a><br \/>\n^ Gegen\u00fcber links Anzere und rechts Crans-Montana<\/p>\n<p><a href='http:\/\/ski.inmontanis.info\/d\/260459-2\/DSC03380.jpg'><img src=http:\/\/ski.inmontanis.info\/d\/260458-3\/DSC03380.jpg \/><\/a><br \/>\n^ Die r\u00fcckseitige 4SB punktet mit ihren Offpisteh\u00e4ngen, weniger mit ihrer einzigen Abfahrt<\/p>\n<p><a href='http:\/\/ski.inmontanis.info\/d\/260463-2\/DSC03382.jpg'><img src=http:\/\/ski.inmontanis.info\/d\/260462-3\/DSC03382.jpg \/><\/a><br \/>\n^ Pano r\u00fcckseitige 4SB <\/p>\n<p><a href='http:\/\/ski.inmontanis.info\/d\/260467-2\/DSC03384.jpg'><img src=http:\/\/ski.inmontanis.info\/d\/260466-3\/DSC03384.jpg \/><\/a><br \/>\n^ Der Start der Abfahrt an der r\u00fcckseitigen 4SB ist so bescheuert flach ..<\/p>\n<p><a href='http:\/\/ski.inmontanis.info\/d\/260471-2\/DSC03385.jpg'><img src=http:\/\/ski.inmontanis.info\/d\/260470-3\/DSC03385.jpg \/><\/a><br \/>\n^ .. dass man sogar schieben muss. L\u00e4dt also nur bedingt f\u00fcr eine Wiederholungsfahrt ein.<\/p>\n<p><a href='http:\/\/ski.inmontanis.info\/d\/260475-2\/DSC03387.jpg'><img src=http:\/\/ski.inmontanis.info\/d\/260474-3\/DSC03387.jpg \/><\/a><br \/>\n^ Weiter ist die Abfahrt dann netter.<\/p>\n<p><a href='http:\/\/ski.inmontanis.info\/d\/260479-2\/DSC03389.jpg'><img src=http:\/\/ski.inmontanis.info\/d\/260478-3\/DSC03389.jpg \/><\/a><br \/>\n^ .. aber der Schnee war offpiste jetzt weich genug, dass man auch gut fahren konnte.<\/p>\n<p><a href='http:\/\/ski.inmontanis.info\/d\/260483-2\/DSC03391.jpg'><img src=http:\/\/ski.inmontanis.info\/d\/260482-3\/DSC03391.jpg \/><\/a><br \/>\n^ Offpiste andere Seite der 4SB<\/p>\n<p><a href='http:\/\/ski.inmontanis.info\/d\/260487-2\/DSC03392.jpg'><img src=http:\/\/ski.inmontanis.info\/d\/260486-3\/DSC03392.jpg \/><\/a><br \/>\n^ Blick ins Tal und zum SL Sektion 3<\/p>\n<p><a href='http:\/\/ski.inmontanis.info\/d\/260491-2\/DSC03394.jpg'><img src=http:\/\/ski.inmontanis.info\/d\/260490-3\/DSC03394.jpg \/><\/a><br \/>\n^ Die Abfahrten an der 4SB Sektion 2 bzw. dann auch an der DSB Sektion 1 gefielen mir besser<\/p>\n<p><a href='http:\/\/ski.inmontanis.info\/d\/260495-2\/DSC03395.jpg'><img src=http:\/\/ski.inmontanis.info\/d\/260494-3\/DSC03395.jpg \/><\/a><br \/>\n^ Abfahrten an der 4SB \/ DSB<\/p>\n<p><a href='http:\/\/ski.inmontanis.info\/d\/260499-2\/DSC03398.jpg'><img src=http:\/\/ski.inmontanis.info\/d\/260498-3\/DSC03398.jpg \/><\/a><br \/>\n^ Abfahrten an der 4SB \/ DSB<\/p>\n<p><a href='http:\/\/ski.inmontanis.info\/d\/260503-2\/DSC03399.jpg'><img src=http:\/\/ski.inmontanis.info\/d\/260502-3\/DSC03399.jpg \/><\/a><br \/>\n^ Abfahrten an der 4SB \/ DSB<\/p>\n<p><a href='http:\/\/ski.inmontanis.info\/d\/260507-2\/DSC03400.jpg'><img src=http:\/\/ski.inmontanis.info\/d\/260506-3\/DSC03400.jpg \/><\/a><br \/>\n^ Unpr\u00e4parierte Variante zur 4SB Sektion 2 Talstation, bin ich mehrmals gefahren, weil sie besser ging als die Abfahrt au\u00dfenrum<\/p>\n<p><a href='http:\/\/ski.inmontanis.info\/d\/260511-2\/DSC03401.jpg'><img src=http:\/\/ski.inmontanis.info\/d\/260510-3\/DSC03401.jpg \/><\/a><br \/>\n^ Um das apere St\u00fcck der linken DSB-Talabfahrt zu umfahren, konnte man etwas offpiste fahren. Ging so gut, dass ich die Abfahrt 2x fuhr.<\/p>\n<p><a href='http:\/\/ski.inmontanis.info\/d\/260515-2\/DSC03403.jpg'><img src=http:\/\/ski.inmontanis.info\/d\/260514-3\/DSC03403.jpg \/><\/a><br \/>\n^ Linke DSB-Talabfahrt<\/p>\n<p><a href='http:\/\/ski.inmontanis.info\/d\/260519-2\/DSC03404.jpg'><img src=http:\/\/ski.inmontanis.info\/d\/260518-3\/DSC03404.jpg \/><\/a><br \/>\n^ Bergstation DSB<\/p>\n<p><a href='http:\/\/ski.inmontanis.info\/d\/260523-2\/ge20190330c.jpg'><img src=http:\/\/ski.inmontanis.info\/d\/260522-3\/ge20190330c.jpg \/><\/a><br \/>\n^ GPS-Track 30.3.2019<\/p>\n<p>Die Lifte laufen bis 16:30, ich machte meine letzte Fahrt um 16:15. Eigentlich wollte ich ja heute noch in Frankreich einkaufen. Allerdings gab&#8217;s Nachteile: 1. bin ich ja jetzt noch bis Montag da, muss also einen Tag l\u00e4nger f\u00fcr K\u00fchlung sorgen. Und in Anzere k\u00f6nnte das am Montag fr\u00fch evtl etwas knapp werden &#8211; zumindest vorne, falls die SB hinten nicht fahren sollte. 2. hatte ich von Nax aus noch 2 Stunden bis Thonon zu fahren, und dank eines schnarchlangsamen bulgarischen Busses, der von St. Gingolph bis Thonon nicht \u00fcberholt werden konnte, war ich erst gegen 18:50 in Thonon. Jetzt noch einkaufen hie\u00dfe, beim Buffalo Grill entsprechend sp\u00e4ter zu sein, dann ist es wieder voller und alles dauert l\u00e4nger. Und die Nacht ist wg. der Sommerzeitumstellung eh schon 1h k\u00fcrzer. Und um 6 Uhr sollte ich fr\u00fchst\u00fccken, weil ich ja dann wieder ca. 2h bis nach St. Luc fahren muss. Also lie\u00df ich das Einkaufen bleiben und fuhr nur zum Buffalo, auf einen Spie\u00df (10,95) und Profiteroles (4,95) zum Nachtisch. Muss ich halt n\u00e4chstes WE nochmals her kommen und einkaufen :-) Somit h\u00e4tte ich heute auch irgendwo in der Schweiz, n\u00e4her am Val d&#8217;Anniviers \u00fcbernachten k\u00f6nnen. Aber als ich das Hotel gebucht hab, wusste ich ja noch nicht, dass ich bis Montag bleiben werde&#8230;<\/p>\n<p><a href='http:\/\/extra.inmontanis.info\/d\/52725-2\/IMG_20190330_19502481_full_2x1.jpg'><img src=http:\/\/extra.inmontanis.info\/d\/52724-3\/IMG_20190330_19502481_full_2x1.jpg \/><\/a><br \/>\n^ Profiteroles (gef\u00fcllt mit kleiner Kugel Vanilleeis)<\/p>\n<p>Parkplatz am Hotel war heute leider wieder weit und breit keiner zu finden. Warum m\u00fcssen sich die Besucher von dem Sportzentrum immer vorm Hotel hinstellen?! Also entweder am Ende der Strasse um die Kurve und dann die halbe Strasse weiter bis zu den freien Pl\u00e4tzen oder hinterm Hotel ist noch ein gro\u00dfer \u00f6ffentlicher Parkplatz, der ist auch halb leer, muss man halt ums Hotel rumlaufen, weil es da hinten keinen Eingang (mehr?) gibt. Die sollten mal ihren &#8220;Garten&#8221; in einen Hotel-Parkplatz umwandeln.<\/p>\n<p><a href='http:\/\/extra.inmontanis.info\/d\/52721-2\/DSC03406.jpg'><img src=http:\/\/extra.inmontanis.info\/d\/52720-3\/DSC03406.jpg \/><\/a><br \/>\n^ Da mein Steckdosenadapter irgendwo einen Wackelkontakt hatte, musste ich im Hotel mal eben eine Reparatur durchf\u00fchren.<\/p>\n<p>(Fortsetzung folgt.)<\/p>\n","protected":false},"excerpt":{"rendered":"<p>Sa, 30.3.2019 &#8211; Marecottes &#038; Nax<\/p>\n<p>Dieses WE ging&#8217;s nat\u00fcrlich wieder in die Magicpass-Region. Kaliningrad hat sich angek\u00fcndigt, am Sonntag mit mir in St. Luc\/Chandolin fahren zu wollen, ich wollte aber zumindest an einem Tag noch 1-2 Skigebiete fahren, die nur noch dieses WE offen haben (daher war er heute in Grimentz und ich in <a href=\"http:\/\/blog.inmontanis.info\/?p=5577\">[&#8230;]<\/a><\/p>\n","protected":false},"author":1,"featured_media":0,"comment_status":"closed","ping_status":"closed","sticky":false,"template":"","format":"standard","meta":{"footnotes":""},"categories":[729,719,14,27,81],"tags":[49,38,47],"class_list":["post-5577","post","type-post","status-publish","format-standard","hentry","category-les-marecottes","category-nax","category-swiss","category-skifahren-winterskiing-winter","category-kurztrips","tag-4sb","tag-dsb","tag-sl","odd"],"_links":{"self":[{"href":"http:\/\/blog.inmontanis.info\/index.php?rest_route=\/wp\/v2\/posts\/5577","targetHints":{"allow":["GET"]}}],"collection":[{"href":"http:\/\/blog.inmontanis.info\/index.php?rest_route=\/wp\/v2\/posts"}],"about":[{"href":"http:\/\/blog.inmontanis.info\/index.php?rest_route=\/wp\/v2\/types\/post"}],"author":[{"embeddable":true,"href":"http:\/\/blog.inmontanis.info\/index.php?rest_route=\/wp\/v2\/users\/1"}],"replies":[{"embeddable":true,"href":"http:\/\/blog.inmontanis.info\/index.php?rest_route=%2Fwp%2Fv2%2Fcomments&post=5577"}],"version-history":[{"count":3,"href":"http:\/\/blog.inmontanis.info\/index.php?rest_route=\/wp\/v2\/posts\/5577\/revisions"}],"predecessor-version":[{"id":9148,"href":"http:\/\/blog.inmontanis.info\/index.php?rest_route=\/wp\/v2\/posts\/5577\/revisions\/9148"}],"wp:attachment":[{"href":"http:\/\/blog.inmontanis.info\/index.php?rest_route=%2Fwp%2Fv2%2Fmedia&parent=5577"}],"wp:term":[{"taxonomy":"category","embeddable":true,"href":"http:\/\/blog.inmontanis.info\/index.php?rest_route=%2Fwp%2Fv2%2Fcategories&post=5577"},{"taxonomy":"post_tag","embeddable":true,"href":"http:\/\/blog.inmontanis.info\/index.php?rest_route=%2Fwp%2Fv2%2Ftags&post=5577"}],"curies":[{"name":"wp","href":"https:\/\/api.w.org\/{rel}","templated":true}]}}