{"id":5574,"date":"2019-03-24T19:15:31","date_gmt":"2019-03-24T18:15:31","guid":{"rendered":"http:\/\/blog.inmontanis.info\/?p=5574"},"modified":"2023-08-05T15:17:49","modified_gmt":"2023-08-05T13:17:49","slug":"schwarzsee-la-berra-moleson-jaun-gastlosen-24-3-2019","status":"publish","type":"post","link":"http:\/\/blog.inmontanis.info\/?p=5574","title":{"rendered":"Schwarzsee + La Berra + Mol\u00e9son + Jaun Gastlosen, 24.3.2019"},"content":{"rendered":"<p><strong>So, 24.3.2019 &#8211; Freiburg\/Fribourg<\/strong><\/p>\n<p>Der heutige Tag war dann etwas verr\u00fcckter. 5 Stunden Fahrt ins Skigebiet ok, aber 500 km ist dann schon grenzwertiger. Aber da ein paar Gebiete schlie\u00dfen bzw. der Schnee knapp aussah und weil ich ja letztes WE nicht in die Magicpassregion gekommen bin und ja noch gerne das eine oder andere freiburger Gebiet besuchen wollte&#8230;<\/p>\n<p>.. also ging&#8217;s heute erstmal(s) schwerpunktsm\u00e4\u00dfig nach <strong>Schwarzsee<\/strong>. Ganz nett, aber an der 4KSB war&#8217;s mir auch zu Mittag noch zu hart. Parkplatzgeb\u00fchren CHF 2,60 oder 2,80 bis 12 Uhr, ging noch, bin aber nicht so lang geblieben, wollte ja noch weitere Skigebiete besuchen.<\/p>\n<p>(Fotos anklicken zum Vergr\u00f6\u00dfern)<\/p>\n<p><a href='http:\/\/ski.inmontanis.info\/d\/260153-2\/DSC03225.jpg'><img src=http:\/\/ski.inmontanis.info\/d\/260151-3\/DSC03225.jpg \/><\/a><br \/>\n^ Blick vom kostenpflichtigen Parkplatz zu SL und KDSB<\/p>\n<p><a href='http:\/\/ski.inmontanis.info\/d\/260157-2\/DSC03227.jpg'><img src=http:\/\/ski.inmontanis.info\/d\/260156-3\/DSC03227.jpg \/><\/a><br \/>\n^ Talstation KDSB. Irgendwie dachte ich, hier unten w\u00e4re eine 4KSB und oben eine DSB.  KDSB ist nat\u00fcrlich noch besser, weil seltener.<\/p>\n<p><a href='http:\/\/ski.inmontanis.info\/d\/260161-2\/DSC03229.jpg'><img src=http:\/\/ski.inmontanis.info\/d\/260160-3\/DSC03229.jpg \/><\/a><br \/>\n^ Eher Wei\u00dfsee als Schwarzsee :-)<\/p>\n<p><a href='http:\/\/ski.inmontanis.info\/d\/260165-2\/DSC03231.jpg'><img src=http:\/\/ski.inmontanis.info\/d\/260164-3\/DSC03231.jpg \/><\/a><br \/>\n^ KDSB und direkte Abfahrt<\/p>\n<p><a href='http:\/\/ski.inmontanis.info\/d\/260169-2\/DSC03232.jpg'><img src=http:\/\/ski.inmontanis.info\/d\/260168-3\/DSC03232.jpg \/><\/a><br \/>\n^ Sch\u00f6nheitspreis gewinnt man mit der Bergstation auch keinen&#8230;<\/p>\n<p><a href='http:\/\/ski.inmontanis.info\/d\/260173-2\/DSC03233.jpg'><img src=http:\/\/ski.inmontanis.info\/d\/260172-3\/DSC03233.jpg \/><\/a><br \/>\n^ Blick von kurz hinter der KDSB-Bergstation zu den oberen Liften, vorne SL und hinten 4KSB<\/p>\n<p><a href='http:\/\/ski.inmontanis.info\/d\/260177-2\/DSC03235.jpg'><img src=http:\/\/ski.inmontanis.info\/d\/260176-3\/DSC03235.jpg \/><\/a><br \/>\n^ SL-Panorama<\/p>\n<p><a href='http:\/\/ski.inmontanis.info\/d\/260181-2\/DSC03236.jpg'><img src=http:\/\/ski.inmontanis.info\/d\/260180-3\/DSC03236.jpg \/><\/a><br \/>\n^ 4KSB, hat leider rechts gar keine Abfahrten und links 2 mit je 2 k\u00fcrzeren Subvarianten; unten gehen alle zusammen. Also etwas eint\u00f6nig.<\/p>\n<p><a href='http:\/\/ski.inmontanis.info\/d\/260185-2\/DSC03238.jpg'><img src=http:\/\/ski.inmontanis.info\/d\/260184-3\/DSC03238.jpg \/><\/a><br \/>\n^ Schwarze an der 4KSB, durch die Westlage jetzt morgens leider viel zu hart f\u00fcr meinen Geschmack<\/p>\n<p><a href='http:\/\/ski.inmontanis.info\/d\/260189-2\/DSC03240.jpg'><img src=http:\/\/ski.inmontanis.info\/d\/260188-3\/DSC03240.jpg \/><\/a><br \/>\n^ R\u00fcckseite der 4KSB<\/p>\n<p><a href='http:\/\/ski.inmontanis.info\/d\/260193-2\/DSC03241.jpg'><img src=http:\/\/ski.inmontanis.info\/d\/260192-3\/DSC03241.jpg \/><\/a><br \/>\n^ 4KSB-Abfahrt<\/p>\n<p><a href='http:\/\/ski.inmontanis.info\/d\/260197-2\/DSC03242.jpg'><img src=http:\/\/ski.inmontanis.info\/d\/260196-3\/DSC03242.jpg \/><\/a><br \/>\n^ Blick zum SL von der 4KSB-Abfahrt<\/p>\n<p><a href='http:\/\/ski.inmontanis.info\/d\/260201-2\/DSC03243.jpg'><img src=http:\/\/ski.inmontanis.info\/d\/260200-3\/DSC03243.jpg \/><\/a><br \/>\n^ An der KDSB gibts auch 2 Abfahrten, die fand ich abwechslungsreicher und netter<\/p>\n<p><a href='http:\/\/ski.inmontanis.info\/d\/260205-2\/DSC03244.jpg'><img src=http:\/\/ski.inmontanis.info\/d\/260204-3\/DSC03244.jpg \/><\/a><br \/>\n^ Am unteren SL (der auch noch in Betrieb war!) gab es bereits sch\u00f6nen Firn<\/p>\n<p><a href='http:\/\/ski.inmontanis.info\/d\/260209-2\/DSC03246.jpg'><img src=http:\/\/ski.inmontanis.info\/d\/260208-3\/DSC03246.jpg \/><\/a><br \/>\n^ KDSB-Bergstation und direkte Abfahrt, hat mir am besten gefallen<\/p>\n<p><a href='http:\/\/ski.inmontanis.info\/d\/260213-2\/DSC03250.jpg'><img src=http:\/\/ski.inmontanis.info\/d\/260212-3\/DSC03250.jpg \/><\/a><br \/>\n^ KDSB und Abfahrten<\/p>\n<p><a href='http:\/\/ski.inmontanis.info\/d\/260217-2\/ge20190324a.jpg'><img src=http:\/\/ski.inmontanis.info\/d\/260216-3\/ge20190324a.jpg \/><\/a><br \/>\n^ GPS-Track 24.3.2019<\/p>\n<p>N\u00e4chstes Ziel war <strong>La Berra<\/strong>, aber wie so h\u00e4ufig in der Schweiz &#8211; zumindest ist mir das heuer schon mehrmals aufgefallen &#8211; miese bzw. nicht vorhandene Pistenauszeichnung. Ich hatte vor Ort jedenfalls keine Ahnung, wie man f\u00fcr die rechte Abfahrt h\u00e4tte fahren m\u00fcssen, bin dann nur 2x die direkte gefahren, weil keine Abzweigung gefunden &#8211; und bin dann wieder abged\u00fcst, so musste ich wenigstens keine Parkplatzgeb\u00fchren  zahlen. Der Nachbearbeitung im Nachhinein nach, d.h. GPS-Track auf Google Earth, h\u00e4tte man vmtl. an der Bergstation links m\u00fcssen und den Weg, der wie ein schmaler Wanderweg aussah, fahren m\u00fcssen?!<\/p>\n<p><a href='http:\/\/ski.inmontanis.info\/d\/260223-2\/DSC03252.jpg'><img src=http:\/\/ski.inmontanis.info\/d\/260221-3\/DSC03252.jpg \/><\/a><br \/>\n^ Parkgeb\u00fchren am Parkplatz der Kombibahn<\/p>\n<p><a href='http:\/\/ski.inmontanis.info\/d\/260227-2\/DSC03253.jpg'><img src=http:\/\/ski.inmontanis.info\/d\/260226-3\/DSC03253.jpg \/><\/a><br \/>\n^ Pistenplan. Wie man zu den rechten Abfahrten kommt, war im Skigebiet mangels Pistenwegweisern nicht zu erkennen<\/p>\n<p><a href='http:\/\/ski.inmontanis.info\/d\/260231-2\/DSC03256.jpg'><img src=http:\/\/ski.inmontanis.info\/d\/260230-3\/DSC03256.jpg \/><\/a><br \/>\n^ Talstation Kombibahn<\/p>\n<p><a href='http:\/\/ski.inmontanis.info\/d\/260235-2\/DSC03257.jpg'><img src=http:\/\/ski.inmontanis.info\/d\/260234-3\/DSC03257.jpg \/><\/a><br \/>\n^ Kombibahn Strecke und der schon geschlossene Kurven-SL<\/p>\n<p><a href='http:\/\/ski.inmontanis.info\/d\/260239-2\/DSC03261.jpg'><img src=http:\/\/ski.inmontanis.info\/d\/260238-3\/DSC03261.jpg \/><\/a><br \/>\n^ Kurven-SL<\/p>\n<p><a href='http:\/\/ski.inmontanis.info\/d\/260243-2\/DSC03266.jpg'><img src=http:\/\/ski.inmontanis.info\/d\/260242-3\/DSC03266.jpg \/><\/a><br \/>\n^ Bergstation Kombibahn<\/p>\n<p><a href='http:\/\/ski.inmontanis.info\/d\/260247-2\/DSC03267.jpg'><img src=http:\/\/ski.inmontanis.info\/d\/260246-3\/DSC03267.jpg \/><\/a><br \/>\n^ Panorama an der Bergstation Kombibahn<\/p>\n<p><a href='http:\/\/ski.inmontanis.info\/d\/260251-2\/DSC03270.jpg'><img src=http:\/\/ski.inmontanis.info\/d\/260250-3\/DSC03270.jpg \/><\/a><br \/>\n^ Panorama an der direkten Abfahrt<\/p>\n<p><a href='http:\/\/ski.inmontanis.info\/d\/260255-2\/DSC03272.jpg'><img src=http:\/\/ski.inmontanis.info\/d\/260254-3\/DSC03272.jpg \/><\/a><br \/>\n^ Die Fu\u00dfraster an den 4er Sesseln der Kombibahn find ich sehr unbequem (weil zu weit vorne)<\/p>\n<p><a href='http:\/\/ski.inmontanis.info\/d\/260259-2\/DSC03275.jpg'><img src=http:\/\/ski.inmontanis.info\/d\/260258-3\/DSC03275.jpg \/><\/a><br \/>\n^ Kombi-Kombist\u00fctze, Schlepper, Sessel, Gondel :)<\/p>\n<p><a href='http:\/\/ski.inmontanis.info\/d\/260263-2\/DSC03276.jpg'><img src=http:\/\/ski.inmontanis.info\/d\/260262-3\/DSC03276.jpg \/><\/a><br \/>\n^ Hersteller der Kombibahn ist BMF.<\/p>\n<p><a href='http:\/\/ski.inmontanis.info\/d\/260267-2\/DSC03280.jpg'><img src=http:\/\/ski.inmontanis.info\/d\/260266-3\/DSC03280.jpg \/><\/a><br \/>\n^ Die direkte Abfahrt ist teilweise ja nicht unnett.<\/p>\n<p>Charmey hatte schon Saisonschluss (oder ist jetzt ganz LSAP), f\u00fcr Jaun Gastlosen, das ich noch besuchen wollte und wo nur noch die 4KSB in Betrieb war, schien mir f\u00fcr die nun \u00fcbrige Zeit (knapp 3h) auch zu viel. W\u00e4re ja auch gerne nochmals die Reusch-Abfahrt am G3000 gefahren, hatte nur \u00fcberhaupt keine Lust, \u00fcber Gstaad rauf und nach 2h wieder runter zu fahren. Also fuhr ich erst noch auf einen kleinen Sprung und mit wenig Umweg zum <strong>Mol\u00e9son<\/strong>, die Abfahrt sollte ja jetzt hoffentlich weicher und besser sein als bei meinem letzten Besuch.<\/p>\n<p>Ich bin die Skiroute dann 2x gefahren (leicht pappig, aber viel fr\u00fcher h\u00e4tte man sie abschnittsweise auch nicht fahren sollen). Die Talabfahrt ging auch nur noch inoffiziell. Faszinierend, wie die Leut am Ausstieg vom SL mit den angezogenen (!) Skiern zur PB aufsteigen &#8211; sie m\u00fcssen sie ja dann eh ausziehen, warum dann nicht gleich? Mit geschulterten Skiern ist das Rauflaufen doch viel einfacher und schneller?!<\/p>\n<p><a href='http:\/\/ski.inmontanis.info\/d\/260271-2\/DSC03285.jpg'><img src=http:\/\/ski.inmontanis.info\/d\/260270-3\/DSC03285.jpg \/><\/a><br \/>\n^ Mittelstation; an der Talabfahrt gings hier vorne noch ohne Abschnallen..<\/p>\n<p><a href='http:\/\/ski.inmontanis.info\/d\/260275-2\/DSC03287.jpg'><img src=http:\/\/ski.inmontanis.info\/d\/260274-3\/DSC03287.jpg \/><\/a><br \/>\n^ .. weiter unten sah es etwas schwieriger aus ..<\/p>\n<p><a href='http:\/\/ski.inmontanis.info\/d\/260279-2\/DSC03288.jpg'><img src=http:\/\/ski.inmontanis.info\/d\/260278-3\/DSC03288.jpg \/><\/a><br \/>\n^ Skiroute von der PB-Bergstation, heute ein anderer Einstieg als im Hochwinter<\/p>\n<p><a href='http:\/\/ski.inmontanis.info\/d\/260283-2\/DSC03289.jpg'><img src=http:\/\/ski.inmontanis.info\/d\/260282-3\/DSC03289.jpg \/><\/a><br \/>\n^ Skiroute von der PB-Bergstation, heute (f\u00fcr mich) ein anderer Einstieg als im Hochwinter<\/p>\n<p><a href='http:\/\/ski.inmontanis.info\/d\/260287-2\/DSC03290.jpg'><img src=http:\/\/ski.inmontanis.info\/d\/260286-3\/DSC03290.jpg \/><\/a><br \/>\n^ Skiroute an der PB, viel fr\u00fcher h\u00e4tte man nicht dran sein d\u00fcrfen, sonst w\u00e4rs noch zu hart gewesen. Westhang halt. Links hinten der Genfer See.<\/p>\n<p><a href='http:\/\/ski.inmontanis.info\/d\/260291-2\/DSC03293.jpg'><img src=http:\/\/ski.inmontanis.info\/d\/260290-3\/DSC03293.jpg \/><\/a><br \/>\n^ Skiroute an der PB<\/p>\n<p><a href='http:\/\/ski.inmontanis.info\/d\/260295-2\/DSC03294.jpg'><img src=http:\/\/ski.inmontanis.info\/d\/260294-3\/DSC03294.jpg \/><\/a><br \/>\n^ Skiroute an der PB<\/p>\n<p><a href='http:\/\/ski.inmontanis.info\/d\/260299-2\/DSC03296.jpg'><img src=http:\/\/ski.inmontanis.info\/d\/260298-3\/DSC03296.jpg \/><\/a><br \/>\n^ Talabfahrt, war nicht der einzige, der runter fuhr<\/p>\n<p><a href='http:\/\/ski.inmontanis.info\/d\/260303-2\/ge20190324c.jpg'><img src=http:\/\/ski.inmontanis.info\/d\/260302-3\/ge20190324c.jpg \/><\/a><br \/>\n^ GPS-Track 24.3.2019 in Gelb und mein vorheriger Besuch in Blau<\/p>\n<p>Zum Schluss ging&#8217;s doch noch nach <strong>Jaun-Gastlosen<\/strong>, wo die 4KSB bis 16.15 in Betrieb sein sollte und wo ich dann leider erst um 15:35 ankam, somit gingen sich problemlose 3 oder etwas stressigere 4 Abfahrten aus. Entschied mich f\u00fcr 3 Abfahrten. Schnee war recht gut und nicht zu tief aufgefahren. H\u00e4tte ich doch bissl fr\u00fcher her k\u00f6nnen (Moleson nur 1x fahren). Naja, konnt ich halt nicht mehr alle Abfahrten fahren. Ist aber durchaus nett hier, also die positivste \u00dcberraschung heute gewesen.<\/p>\n<p><a href='http:\/\/ski.inmontanis.info\/d\/260309-2\/DSC03298.jpg'><img src=http:\/\/ski.inmontanis.info\/d\/260307-3\/DSC03298.jpg \/><\/a><br \/>\n^ Hier ist leider nur noch die 4KSB in Betrieb, die SL sind zu. Nettes, welliges Gel\u00e4nde hier.<\/p>\n<p><a href='http:\/\/ski.inmontanis.info\/d\/260313-2\/DSC03300.jpg'><img src=http:\/\/ski.inmontanis.info\/d\/260312-3\/DSC03300.jpg \/><\/a><br \/>\n^ Talstation, Parkplatz und gegen\u00fcber der \u00dcbungslift. Den lie\u00df ich aus.<\/p>\n<p><a href='http:\/\/ski.inmontanis.info\/d\/260317-2\/DSC03302.jpg'><img src=http:\/\/ski.inmontanis.info\/d\/260316-3\/DSC03302.jpg \/><\/a><br \/>\n^ 4KSB kurz vor der Bergstation.<\/p>\n<p><a href='http:\/\/ski.inmontanis.info\/d\/260321-2\/DSC03303.jpg'><img src=http:\/\/ski.inmontanis.info\/d\/260320-3\/DSC03303.jpg \/><\/a><br \/>\n^ Pistenplan<\/p>\n<p><a href='http:\/\/ski.inmontanis.info\/d\/260325-2\/DSC03305.jpg'><img src=http:\/\/ski.inmontanis.info\/d\/260324-3\/DSC03305.jpg \/><\/a><br \/>\n^ Rechte Abfahrt an der 4KSB<\/p>\n<p><a href='http:\/\/ski.inmontanis.info\/d\/260329-2\/DSC03306.jpg'><img src=http:\/\/ski.inmontanis.info\/d\/260328-3\/DSC03306.jpg \/><\/a><br \/>\n^ Rechter SL<\/p>\n<p><a href='http:\/\/ski.inmontanis.info\/d\/260333-2\/DSC03309.jpg'><img src=http:\/\/ski.inmontanis.info\/d\/260332-3\/DSC03309.jpg \/><\/a><br \/>\n^ Gastlos? Naja, nicht ganz, war ich ja heute da :)<\/p>\n<p><a href='http:\/\/ski.inmontanis.info\/d\/260337-2\/DSC03310.jpg'><img src=http:\/\/ski.inmontanis.info\/d\/260336-3\/DSC03310.jpg \/><\/a><br \/>\n^ Linke Abfahrt an der 4KSB<\/p>\n<p><a href='http:\/\/ski.inmontanis.info\/d\/260341-2\/DSC03311.jpg'><img src=http:\/\/ski.inmontanis.info\/d\/260340-3\/DSC03311.jpg \/><\/a><br \/>\n^ Linke Abfahrt(en) an der 4KSB<\/p>\n<p><a href='http:\/\/ski.inmontanis.info\/d\/260345-2\/DSC03314.jpg'><img src=http:\/\/ski.inmontanis.info\/d\/260344-3\/DSC03314.jpg \/><\/a><br \/>\n^ Linke Abfahrt(en) an der 4KSB. Die Abfahrten sind durchaus alle recht nett.<\/p>\n<p><a href='http:\/\/ski.inmontanis.info\/d\/260349-2\/DSC03317.jpg'><img src=http:\/\/ski.inmontanis.info\/d\/260348-3\/DSC03317.jpg \/><\/a><br \/>\n^ 4KSB vom Parkplatz<\/p>\n<p><a href='http:\/\/ski.inmontanis.info\/d\/260353-2\/ge20190324d.jpg'><img src=http:\/\/ski.inmontanis.info\/d\/260352-3\/ge20190324d.jpg \/><\/a><br \/>\n^ GPS-Track 24.3.2019 (nicht alle Lifte, nicht alle Pisten, logischerweise)<\/p>\n<p>\u00dcber den Jaunpass (die Lifte dort sind ja nicht im Magicpass), Br\u00fcnig und Luzern gings wieder heim. Nachdem via TMC weiterhin Stau vor Luzern gemeldet wurde, a\u00df ich mal wieder am Br\u00fcnig-Pass die \u00c4lplermagronen, um den Stau aufl\u00f6sen zu lassen. Durch das Bedienungsrestaurant nat\u00fcrlich etwas teurer und zeitaufwendiger. Die \u00c4lplermaccaroni waren zwar durchaus von der besseren Sorte, aber an die von der Rheintalrastst\u00e4tte kommen sie m.E. nicht ran.<\/p>\n<p>Fazit: Zwar doch etwas weite Fahrerei f\u00fcr einen einzigen Tag, aber es war doch sinnvoll, dass ich die Skigebiete noch mit dem Magicpass heuer besucht hatte. Wer wei\u00df, wann ich mir so einen weit entfernten Saisonpass nochmal antuen werde.<\/p>\n","protected":false},"excerpt":{"rendered":"<p>So, 24.3.2019 &#8211; Freiburg\/Fribourg<\/p>\n<p>Der heutige Tag war dann etwas verr\u00fcckter. 5 Stunden Fahrt ins Skigebiet ok, aber 500 km ist dann schon grenzwertiger. Aber da ein paar Gebiete schlie\u00dfen bzw. der Schnee knapp aussah und weil ich ja letztes WE nicht in die Magicpassregion gekommen bin und ja noch gerne das eine oder andere <a href=\"http:\/\/blog.inmontanis.info\/?p=5574\">[&#8230;]<\/a><\/p>\n","protected":false},"author":1,"featured_media":0,"comment_status":"closed","ping_status":"closed","sticky":false,"template":"","format":"standard","meta":{"footnotes":""},"categories":[24,737,733,721,710,14,27],"tags":[49,53,38,47],"class_list":["post-5574","post","type-post","status-publish","format-standard","hentry","category-tagestour","category-jaun-gastlosen","category-la-berra","category-moleson","category-schwarzsee","category-swiss","category-skifahren-winterskiing-winter","tag-4sb","tag-8eub","tag-dsb","tag-sl","odd"],"_links":{"self":[{"href":"http:\/\/blog.inmontanis.info\/index.php?rest_route=\/wp\/v2\/posts\/5574","targetHints":{"allow":["GET"]}}],"collection":[{"href":"http:\/\/blog.inmontanis.info\/index.php?rest_route=\/wp\/v2\/posts"}],"about":[{"href":"http:\/\/blog.inmontanis.info\/index.php?rest_route=\/wp\/v2\/types\/post"}],"author":[{"embeddable":true,"href":"http:\/\/blog.inmontanis.info\/index.php?rest_route=\/wp\/v2\/users\/1"}],"replies":[{"embeddable":true,"href":"http:\/\/blog.inmontanis.info\/index.php?rest_route=%2Fwp%2Fv2%2Fcomments&post=5574"}],"version-history":[{"count":3,"href":"http:\/\/blog.inmontanis.info\/index.php?rest_route=\/wp\/v2\/posts\/5574\/revisions"}],"predecessor-version":[{"id":9145,"href":"http:\/\/blog.inmontanis.info\/index.php?rest_route=\/wp\/v2\/posts\/5574\/revisions\/9145"}],"wp:attachment":[{"href":"http:\/\/blog.inmontanis.info\/index.php?rest_route=%2Fwp%2Fv2%2Fmedia&parent=5574"}],"wp:term":[{"taxonomy":"category","embeddable":true,"href":"http:\/\/blog.inmontanis.info\/index.php?rest_route=%2Fwp%2Fv2%2Fcategories&post=5574"},{"taxonomy":"post_tag","embeddable":true,"href":"http:\/\/blog.inmontanis.info\/index.php?rest_route=%2Fwp%2Fv2%2Ftags&post=5574"}],"curies":[{"name":"wp","href":"https:\/\/api.w.org\/{rel}","templated":true}]}}