{"id":5569,"date":"2019-05-12T23:49:43","date_gmt":"2019-05-12T21:49:43","guid":{"rendered":"http:\/\/blog.inmontanis.info\/?p=5569"},"modified":"2023-02-12T21:01:31","modified_gmt":"2023-02-12T20:01:31","slug":"prali-11-12-5-2019","status":"publish","type":"post","link":"http:\/\/blog.inmontanis.info\/?p=5569","title":{"rendered":"Prali 11.+12.5.2019"},"content":{"rendered":"<p><em>(Aus aktuellem Anlass unterbreche ich mal kurz meine chronologische Berichtsreihe..)<\/em><\/p>\n<p>Wie in den letzten Jahren \u00fcblich hat auch heuer Prali wieder im Fr\u00fchjahr so lange offen, wie es geht. Das wird dieses Mal wohl k\u00fcrzer sein, weil es im Piemont ja nicht so viel geschneit hat in diesem Winter. <\/p>\n<p>Eigentlich h\u00e4tte ich dieses saisonkartenlose WE 1 Tag am Stubaier fahren wollen, aber die Wettervorhersagen waren recht schlecht mit viel Schneefall. Genauer gesagt, waren sie f\u00fcr alle ge\u00f6ffneten Skigebiete in den Alpen nicht besonders, mit Ausnahme von Prali, wo es 2 Tage sonnig werden sollte. Freitag Abend gab es jedoch noch keine Info, was offen haben wird &#8211; ohne den SL h\u00e4tte ich ja wenig Lust auf den weiten Weg&#8230;<\/p>\n<p>Letzte Woche hatte ich mich zudem gegen Prali entschieden, weil ich auf der Homepage gelesen hatte, dass Skip\u00e4sse nur noch auf eigene Keycards ausgestellt werden.<\/p>\n<p><strong>Sa, 11.5.2019<\/strong><\/p>\n<p>Bin dann trotzdem am Freitag um 19:30 Uhr ins Bett und um 1:30 Uhr aufgestanden. Mittlerweile wurde die Homepage aktualisiert, der SL ist offen, ok, dann fahr ich halt. Hab noch ein Hotel in Sestriere (um unter 50,-) gebucht, weil ich gerne ein drittes Paar Ski mitnehmen wollte (was mit Bett im Auto nicht funktioniert) und zudem sollen die &#8220;Skigebietsparkpl\u00e4tze&#8221; auch etwas kalt werden morgen fr\u00fch. Um 10:30 Uhr war ich (\u00fcber meine \u00fcbliche Strecke SanBernardino-Varese) in Prali und wollte die Wochenend-2-Tageskarte um \u20ac 46,- kaufen. Netterweise wurden dann doch fremde Alfi-Karten akzeptiert, wenn auch nicht alle, aber San Domenico &#8211; vielleicht weil es im Piemont liegt &#8211; ging dann doch.<\/p>\n<p>Die Kassiererin meinte dann noch, dass Wind w\u00e4re und ob ich schon 2 Tage haben wollte, die w\u00e4ren dann nicht erstattbar. Ob man bei der Tageskarte was bekommen h\u00e4tte, war mir aber auch nicht ganz klar. Oder meinte sie das wegen morgen? Aber da wurde egtl weniger Wind gemeldet gestern. Zudem meinte sie, dass ich mir nur 2,- \u20ac einsparen w\u00fcrde, was ich auch nicht verstand, der normale Tageskartenpreis stand doch mit 26,- \u20ac auf der Homepage. Wie auch immer, ich nahm die Wochenend-Karte.<\/p>\n<p>Die Talabfahrt (vor 1 Jahr offiziell offen!) kam heute nicht mehr in Frage, es lag schon zu wenig Schnee &#8211; ausserdem hab ich keine Lust, wieder diesen superklebrigen Belag unter den Skiern zu bekommen. Das Wetter war leider nicht so sonnig, es gab sogar Graupelschauer zu Mittag. Der Schnee war leider vom Start weg weich und insbesondere der Neuschnee-Anteil pappig, darunter gab es an einigen Teilen Eis und die schwarze zum SL \u00e4hnelte mit dem nassen Schnee und Eis an den Hintertuxer im August. Nachmittags war es generell wechselhafter, eine tolle, wenig pappende Spur fand ich am SL, im Laufe des Nachmittags wurde es gar \u00fcberall besser und weniger bremsend, evtl. weil weniger Sonne oder etwas k\u00e4lter war oder sicher auch wg. des Graupels. <\/p>\n<p>Ich blieb heute meistens am SL, falls der morgen geschlossen sein sollte, denn ohne Instandsetzung der SL-Trasse sah ich morgens bereits f\u00fcr den Rest des Tages schwarz. Netterweise wurde die Spur nachmittags doch nochmals mit Schnee versehen und der SL deshalb um 15:30 eingestellt. <\/p>\n<p>(Fotos anklicken zum Vergr\u00f6\u00dfern.)<\/p>\n<p><a href='http:\/\/ski.inmontanis.info\/d\/259999-2\/DSC06277.jpg'><img src=http:\/\/ski.inmontanis.info\/d\/259998-3\/DSC06277.jpg \/><\/a><br \/>\n^ DSB Sektion 1, der Ex-SL Salei steht auch noch<\/p>\n<p><a href='http:\/\/ski.inmontanis.info\/d\/260003-2\/DSC06284.jpg'><img src=http:\/\/ski.inmontanis.info\/d\/260002-3\/DSC06284.jpg \/><\/a><br \/>\n^ SL Ciatlet, dankenswerterweise noch ge\u00f6ffnet &#8211; ohne dem w\u00fcrde es mir hier weniger gut gefallen.<\/p>\n<p><a href='http:\/\/ski.inmontanis.info\/d\/260007-2\/DSC06285.jpg'><img src=http:\/\/ski.inmontanis.info\/d\/260006-3\/DSC06285.jpg \/><\/a><br \/>\n^ SL Ciatlet, neuerdings mit Alfi-Skipassleser an der Talstation<\/p>\n<p><a href='http:\/\/ski.inmontanis.info\/d\/260011-2\/DSC06286.jpg'><img src=http:\/\/ski.inmontanis.info\/d\/260010-3\/DSC06286.jpg \/><\/a><br \/>\n^ SL Ciatlet, steile Abfahrt<\/p>\n<p><a href='http:\/\/ski.inmontanis.info\/d\/260015-2\/DSC06287.jpg'><img src=http:\/\/ski.inmontanis.info\/d\/260014-3\/DSC06287.jpg \/><\/a><br \/>\n^ SL Ciatlet, schmale Auffahrt<\/p>\n<p><a href='http:\/\/ski.inmontanis.info\/d\/260019-2\/DSC06290.jpg'><img src=http:\/\/ski.inmontanis.info\/d\/260018-3\/DSC06290.jpg \/><\/a><br \/>\n^ SL Ciatlet<\/p>\n<p><a href='http:\/\/ski.inmontanis.info\/d\/260023-2\/DSC06292.jpg'><img src=http:\/\/ski.inmontanis.info\/d\/260022-3\/DSC06292.jpg \/><\/a><br \/>\n^ SL Ciatlet, schmale Auffahrt, immer wieder nett hier.<\/p>\n<p><a href='http:\/\/ski.inmontanis.info\/d\/260027-2\/DSC06294.jpg'><img src=http:\/\/ski.inmontanis.info\/d\/260026-3\/DSC06294.jpg \/><\/a><br \/>\n^ SL Ciatlet und DSB Sektion 2<\/p>\n<p><a href='http:\/\/ski.inmontanis.info\/d\/260031-2\/DSC06297.jpg'><img src=http:\/\/ski.inmontanis.info\/d\/260030-3\/DSC06297.jpg \/><\/a><br \/>\n^ DSB Sektion 2 mit Regenbogen im Tal<\/p>\n<p><a href='http:\/\/ski.inmontanis.info\/d\/260035-2\/DSC06300.jpg'><img src=http:\/\/ski.inmontanis.info\/d\/260034-3\/DSC06300.jpg \/><\/a><br \/>\n^ DSB Sektion 2, die Engstelle wurde zum n\u00e4chsten Tag wieder verbreitert<\/p>\n<p><a href='http:\/\/ski.inmontanis.info\/d\/260039-2\/DSC06301.jpg'><img src=http:\/\/ski.inmontanis.info\/d\/260038-3\/DSC06301.jpg \/><\/a><br \/>\n^ DSB Sektion 2<\/p>\n<p><a href='http:\/\/ski.inmontanis.info\/d\/260043-2\/DSC06305.jpg'><img src=http:\/\/ski.inmontanis.info\/d\/260042-3\/DSC06305.jpg \/><\/a><br \/>\n^ SL Ciatlet<\/p>\n<p><a href='http:\/\/ski.inmontanis.info\/d\/260047-2\/DSC06308.jpg'><img src=http:\/\/ski.inmontanis.info\/d\/260046-3\/DSC06308.jpg \/><\/a><br \/>\n^ DSB Sektion 2<\/p>\n<p><a href='http:\/\/ski.inmontanis.info\/d\/260051-2\/DSC06311.jpg'><img src=http:\/\/ski.inmontanis.info\/d\/260050-3\/DSC06311.jpg \/><\/a><br \/>\n^ Panorama rechts der DSB Sektion 2<\/p>\n<p><a href='http:\/\/ski.inmontanis.info\/d\/260055-2\/DSC06312.jpg'><img src=http:\/\/ski.inmontanis.info\/d\/260054-3\/DSC06312.jpg \/><\/a><br \/>\n^ Schwarze Abfahrt zum SL Ciatlet<\/p>\n<p><a href='http:\/\/ski.inmontanis.info\/d\/260059-2\/DSC06314.jpg'><img src=http:\/\/ski.inmontanis.info\/d\/260058-3\/DSC06314.jpg \/><\/a><br \/>\n^ SL Ciatlet, die Lifttrasse wurde nachmittags etwas schneearm, so wurde erst hier unten etwas Schnee hingeschaufelt und sp\u00e4ter noch weiter oben f\u00fcr morgen.<\/p>\n<p><a href='http:\/\/ski.inmontanis.info\/d\/260063-2\/DSC06317.jpg'><img src=http:\/\/ski.inmontanis.info\/d\/260062-3\/DSC06317.jpg \/><\/a><br \/>\n^ SL Ciatlet und Wetterumschwung<\/p>\n<p><a href='http:\/\/ski.inmontanis.info\/d\/260067-2\/DSC06319.jpg'><img src=http:\/\/ski.inmontanis.info\/d\/260066-3\/DSC06319.jpg \/><\/a><br \/>\n^ SL Ciatlet, direkt die eine Pistenraupenbreite links von der Lifttrasse ging nachmittags noch toll zu fahren<\/p>\n<p><a href='http:\/\/ski.inmontanis.info\/d\/260071-2\/DSC06320.jpg'><img src=http:\/\/ski.inmontanis.info\/d\/260070-3\/DSC06320.jpg \/><\/a><br \/>\n^ SL Ciatlet, die Lifttrasse wurde nachmittags etwas abenteuerlich, daher gegen 15:30 eingestellt und ab ca. 15:00 wurde noch etwas Schnee auf die Trasse geschaufelt. Nett, dann macht er also morgen nochmal auf.<\/p>\n<p><a href='http:\/\/ski.inmontanis.info\/d\/260075-2\/DSC06322.jpg'><img src=http:\/\/ski.inmontanis.info\/d\/260074-3\/DSC06322.jpg \/><\/a><br \/>\n^ Abfahrt rechts der DSB<\/p>\n<p><a href='http:\/\/ski.inmontanis.info\/d\/260079-2\/DSC06324.jpg'><img src=http:\/\/ski.inmontanis.info\/d\/260078-3\/DSC06324.jpg \/><\/a><br \/>\n^ Ex-Kombilift und DSB Sektion 2<\/p>\n<p>Letztes Jahr ging am 12.5.2018 ja sogar noch offiziell die Talabfahrt, damals sah es hier oben so aus:<\/p>\n<p><a href='http:\/\/ski.inmontanis.info\/d\/248238-3\/DSC00935.jpg'><img src=http:\/\/ski.inmontanis.info\/d\/248237-4\/DSC00935.jpg \/><\/a><br \/>\n^ Schneeh\u00f6hen am 12.5.2018<\/p>\n<p>&#8212;<\/p>\n<p><a href='http:\/\/ski.inmontanis.info\/d\/260083-2\/DSC06328.jpg'><img src=http:\/\/ski.inmontanis.info\/d\/260082-3\/DSC06328.jpg \/><\/a><br \/>\n^ Talfahrt mit der DSB<\/p>\n<p><a href='http:\/\/ski.inmontanis.info\/d\/260087-2\/DSC06332.jpg'><img src=http:\/\/ski.inmontanis.info\/d\/260086-3\/DSC06332.jpg \/><\/a><br \/>\n^ Ex-ESL-Sektion-1-Talstation. Leider verpasst.<\/p>\n<p>Um 15:45 fuhr ich talw\u00e4rts und nahm mir vor, sollte das Hotelrestaurant jetzt in der &#8220;Nicht-Saison&#8221; nicht offen haben, das bisschen (30-35km) \u00fcber den Montgenevre-Pass nach Briancon fahren (ich war ja erst letztes WE einkaufen, aber bissl was geht immer, Tanken sollte auch ein paar Cent g\u00fcnstiger sein und eine franz\u00f6sische Pizza w\u00e4re auch nochmal nett). Auf dem Weg hinauf nach Sestriere schneite es bei +8\u00b0 lt. Auto-Thermometer. Muss wohl am starken Wind gelegen haben. <\/p>\n<p><a href='http:\/\/ski.inmontanis.info\/d\/259971-2\/DSC06334.jpg'><img src=http:\/\/ski.inmontanis.info\/d\/259970-3\/DSC06334.jpg \/><\/a><br \/>\n^ Der stillgelegte Ex-Korblift-Ex-ESL in Pragelato steht noch, die Sessel h\u00e4ngen auch noch am Seil. Leider ist ja mittlerweile auch das restliche Skigebiet geschlossen.<\/p>\n<p><a href='http:\/\/ski.inmontanis.info\/d\/259975-2\/DSC06343.jpg'><img src=http:\/\/ski.inmontanis.info\/d\/259974-3\/DSC06343.jpg \/><\/a><br \/>\n^ Die Saison in Sestriere ist schon seit einiger Zeit zu Ende.<\/p>\n<p>Am Hotel angekommen hie\u00df es, es seien nur 4 G\u00e4ste au\u00dfer mir hier und das Restaurant ist wie alle momentan in Sestriere zu. Also entweder runter nach Cesana oder etwas retour nach Pragelato.<\/p>\n<p>.. oder dann halt doch nach Frankreich, was soll&#8217;s. Sprit war nur ca. 8 Cent g\u00fcnstiger als die g\u00fcnstigen Tankstellen in der Gegend in Italien (1,55 vs 1,63-1,68) und leider hatte ich den Geant Casino hier wohl mal wieder mit Albertville verwechselt, was den Pizza-Take-Away betrifft. Auch am Carrefour und dem neuen, gr\u00f6\u00dferen Einkaufsviertel sah ich nichts. Zur\u00fcck in Richtung Montgenevre gab es zwei Pizzerien\/Takeaways, aber die hatten beide nur italienische Pizzen (also nix in richtung Savoyarde\/Montagnarde oder gar was mit H\u00e4hnchen, und z.T. teurer als in Italien), worauf ich keine Lust hatte, dann kann ich auch in IT gehen.<\/p>\n<p>Allerdings, auch in Cesana hab ich keine offene Pizzeria gefunden. Ca. 3 Restaurants schienen offen, 1 zu teuer, 1 in der Fu\u00dfg\u00e4ngerzone, die Pizzeria dort schr\u00e4g gegen\u00fcber leider auch zu. Also in diese &#8220;Schweineria&#8221; gegangen, nettes kleines Kellerlokal auf Schwein spezialisiert und nach langem \u00dcberlegen bei der gro\u00dfen Karte mich f\u00fcr den Grillteller entschieden &#8211; der dann viel zu riesig war. Vielleicht w\u00e4re doch was anderes (+ Nachspeise) sinnvoller gewesen.. oder doch der McDonalds in Briancon.. Obwohl McD in FR ja seit einigen Jahren auf meiner Sperrliste steht.<\/p>\n<p>Zur\u00fcck im Hotel fiel mir wieder ein, dass sich meine Reisetasche schon im Sommermodus befindet (die letzten WE schlief ich im Auto) und ich vergessen hatte, das nochmals zu \u00e4ndern, d.h. kein Steckdosenverteiler, F\u00f6hn, Heizer (heute alles verzichtbar, da alles vorhanden), keine Hotel-Hausschuhe (das ist schon nerviger) &#8230; Zimmer war gro\u00df und ok, alles allerdings behindertenm\u00e4\u00dfig eingerichtet (da kommt man sich so riesig vor) und im Bad stank es wohl etwas nach Schimmel o.\u00e4.<\/p>\n<p><a href='http:\/\/ski.inmontanis.info\/d\/259979-2\/DSC06345.jpg'><img src=http:\/\/ski.inmontanis.info\/d\/259978-3\/DSC06345.jpg \/><\/a><br \/>\n^ Hotel in Sestriere<\/p>\n<p><strong>So, 12.5.2019<\/strong><\/p>\n<p>Fr\u00fchst\u00fcck gibt es ab 7:30, das Buffet war durchaus gro\u00df f\u00fcr italienische Verh\u00e4ltnisse und daf\u00fcr, dass so wenig los war. <\/p>\n<p><a href='http:\/\/ski.inmontanis.info\/d\/259983-2\/DSC06350.jpg'><img src=http:\/\/ski.inmontanis.info\/d\/259982-3\/DSC06350.jpg \/><\/a><br \/>\n^ Ausblick vom Hotelzimmer<\/p>\n<p><a href='http:\/\/ski.inmontanis.info\/d\/259987-2\/DSC06353.jpg'><img src=http:\/\/ski.inmontanis.info\/d\/259986-3\/DSC06353.jpg \/><\/a><br \/>\n^ Ausblick vom Hotelzimmer<\/p>\n<p><a href='http:\/\/ski.inmontanis.info\/d\/259991-2\/DSC06355.jpg'><img src=http:\/\/ski.inmontanis.info\/d\/259990-3\/DSC06355.jpg \/><\/a><br \/>\n^ Ausblick vom Hotelzimmer<\/p>\n<p><a href='http:\/\/ski.inmontanis.info\/d\/259995-2\/DSC06358.jpg'><img src=http:\/\/ski.inmontanis.info\/d\/259994-3\/DSC06358.jpg \/><\/a><br \/>\n^ Schnee l\u00e4ge aber auch in Sestriere noch genug f\u00fcr ein paar Abfahrten<\/p>\n<p>Die Wahl des Ski war heute leider extrem schwer. Es soll etwas k\u00e4lter sein als gestern, vmtl. gefroren haben, und die Sonne soll mehr scheinen..<\/p>\n<p>a) Racecarver. Falls es offpiste so sinnlos wie gestern ist und der Schnee pappig, w\u00fcrden die bei letzterem einen Vorteil bieten (weniger bremsend und kraftschonender), Offpiste aber wahrscheinlich untauglich, zudem muss ich erst die Bindung wieder montieren, da ich auf der Skandinavienreise die Ski mit abmontierter Bindung besser verstauen konnte.<\/p>\n<p>b) Allmountain. Falls es offpiste \u00e4hnlich oder besser w\u00e4re als gestern von Vorteil zu den gestrigen Ski. Wenn es so stockend ist wie gestern bzw. es morgens l\u00e4nger hart sein sollte, nachteilig im Vgl. zu den Racecarvern; wenn es offpiste harschig oder sonstwie zu vergessen w\u00e4re, komplett umsonst.<\/p>\n<p>c) die Ski von gestern als Mittelding. Wohl eher auch nicht passender.<\/p>\n<p>An der Talstation in Prali gab&#8217;s etwas Wind, so dass ich die w\u00e4rmere Jacke anzog &#8211; und doch die &#8220;c&#8221;-Ski, also die rot-blauen Carpani FR2, nahm. Der Schnee war morgens hart, was auf ein Firnfenster hoffen lie\u00df. Das dauerte aber einige Zeit. Was es gestern zu weich war, war es heute zu hart. Abgefahren war es dann noch glatter. Immerhin war es auch offpiste betonhart, so dass ich da einiges gefahren bin, wo die Spuren von gestern nicht zu nervig waren. Lieber Betonschnee au\u00dferhalb der Piste als Pappschnee.<\/p>\n<p>Zwischendrin musste ich mich mal via VPN und RDP auf einen Server im Gesch\u00e4ft einloggen und einen zickenden Mail-Gateway reaktivieren, ging trotz &#8220;nur&#8221; 3G besser als erwartet, die eingebaute Tastatur im Gemini sei dank. Bei den harten Pisten am Morgen aber kein schlimmer Zeitverlust.<\/p>\n<p>Selbst zu Mittag waren die Pisten noch alle hart, somit die richtigen Ski heute ausgew\u00e4hlt. Und mit den Offpiste-Varianten kann man&#8217;s dann auch 2 Tage hintereinander in Prali aushalten. In der DSB wurde ich mal wieder auf meine Skier angesprochen und \u00fcber allerlei ausgefragt. Dass einer aber wissen will, welche italienische Speisen und Nachspeisen mir am besten schmecken, hatte ich noch nie. Nach kurzen \u00dcberlegen antworte ich mit Salsiccia und Tiramisu.<\/p>\n<p>Ab 12:15 wurde es dann doch endlich mal hier und da firnig, genial onpiste, aber nett bzw. eher noch hart bleibend auch noch offpiste (kein Einsinken o.\u00e4.), ab 13 Uhr war es dann recht bew\u00f6lkt, so dass es leider nicht weiter auffirnte, die Abfahrt links der DSB blieb hart und so wurden auch einige so nett aufgefirnte Pisten (am SL) mit der Zeit wieder etwas h\u00e4rter. Schade, aber immerhin wesentlich besser als gestern gewesen. So hab ich um 14.30 statt um 15 Uhr aufgeh\u00f6rt und fuhr wieder hinunter.<\/p>\n<p><a href='http:\/\/ski.inmontanis.info\/d\/260091-2\/DSC06360.jpg'><img src=http:\/\/ski.inmontanis.info\/d\/260090-3\/DSC06360.jpg \/><\/a><br \/>\n^ DSB Sektion 1 und Abfahrt zum SL Ciatlet<\/p>\n<p><a href='http:\/\/ski.inmontanis.info\/d\/260095-2\/DSC06362.jpg'><img src=http:\/\/ski.inmontanis.info\/d\/260094-3\/DSC06362.jpg \/><\/a><br \/>\n^ SL Ciatlet<\/p>\n<p><a href='http:\/\/ski.inmontanis.info\/d\/260099-2\/DSC06363.jpg'><img src=http:\/\/ski.inmontanis.info\/d\/260098-3\/DSC06363.jpg \/><\/a><br \/>\n^ SL Ciatlet, dahinter die DSB Sektion 2<\/p>\n<p><a href='http:\/\/ski.inmontanis.info\/d\/260103-2\/DSC06365.jpg'><img src=http:\/\/ski.inmontanis.info\/d\/260102-3\/DSC06365.jpg \/><\/a><br \/>\n^ Seiten\/R\u00fcckseitenpano<\/p>\n<p><a href='http:\/\/ski.inmontanis.info\/d\/260107-2\/DSC06367.jpg'><img src=http:\/\/ski.inmontanis.info\/d\/260106-3\/DSC06367.jpg \/><\/a><br \/>\n^ Offpiste rechts der DSB<\/p>\n<p><a href='http:\/\/ski.inmontanis.info\/d\/260111-2\/DSC06368.jpg'><img src=http:\/\/ski.inmontanis.info\/d\/260110-3\/DSC06368.jpg \/><\/a><br \/>\n^ Offpiste rechts der DSB<\/p>\n<p><a href='http:\/\/ski.inmontanis.info\/d\/260115-2\/DSC06369.jpg'><img src=http:\/\/ski.inmontanis.info\/d\/260114-3\/DSC06369.jpg \/><\/a><br \/>\n^ DSB und Snowpark<\/p>\n<p><a href='http:\/\/ski.inmontanis.info\/d\/260119-2\/DSC06372.jpg'><img src=http:\/\/ski.inmontanis.info\/d\/260118-3\/DSC06372.jpg \/><\/a><br \/>\n^ SL Ciatlet, die Trasse ist wieder mit Schnee versorgt, trotzdem haute es heute etliche raus. Einige Snowboarder gaben auf und liefen dann rauf.<\/p>\n<p><a href='http:\/\/ski.inmontanis.info\/d\/260123-2\/DSC06373.jpg'><img src=http:\/\/ski.inmontanis.info\/d\/260122-3\/DSC06373.jpg \/><\/a><br \/>\n^ Seiten\/R\u00fcckseitenpano (andere Seite)<\/p>\n<p><a href='http:\/\/ski.inmontanis.info\/d\/260127-2\/DSC06374.jpg'><img src=http:\/\/ski.inmontanis.info\/d\/260126-3\/DSC06374.jpg \/><\/a><br \/>\n^ Gef\u00e4hrliche Variante<\/p>\n<p><a href='http:\/\/ski.inmontanis.info\/d\/260131-2\/DSC06375.jpg'><img src=http:\/\/ski.inmontanis.info\/d\/260130-3\/DSC06375.jpg \/><\/a><br \/>\n^ Firnige Variante<\/p>\n<p><a href='http:\/\/ski.inmontanis.info\/d\/260135-2\/DSC06376.jpg'><img src=http:\/\/ski.inmontanis.info\/d\/260134-3\/DSC06376.jpg \/><\/a><br \/>\n^ Querung r\u00fcber zum SL Ciatlet<\/p>\n<p><a href='http:\/\/ski.inmontanis.info\/d\/260139-2\/DSC06379.jpg'><img src=http:\/\/ski.inmontanis.info\/d\/260138-3\/DSC06379.jpg \/><\/a><br \/>\n^ Oberhalb SL Ciatlet<\/p>\n<p><a href='http:\/\/ski.inmontanis.info\/d\/260143-2\/DSC06383.jpg'><img src=http:\/\/ski.inmontanis.info\/d\/260142-3\/DSC06383.jpg \/><\/a><br \/>\n^ Offpiste rechts der DSB (au\u00dfenrum)<\/p>\n<p><a href='http:\/\/ski.inmontanis.info\/d\/260147-2\/ge20190511-12b.jpg'><img src=http:\/\/ski.inmontanis.info\/d\/260146-3\/ge20190511-12b.jpg \/><\/a><br \/>\n^ GPS-Track 11.5.2019 in Orange (Anfang fehlt), 12.5.2019 in Gelb und die vorherigen Besuche (nicht alle) in Blau<\/p>\n<p>Zur\u00fcck ging es den \u00fcblichen Weg \u00fcber Varese, San Bernardino und Arlberg, wieder ca. 7 Stunden und das ist gar nicht so lang, wenn man ein \u00fcber 50-st\u00fcndiges H\u00f6rbuch h\u00f6rt (mal wieder Les Mis\u00e9rables, immer wieder nett) und noch ein paar Lieder aus der 5-Sterne-Playlist so laut h\u00f6ren will, dass man das Auto nicht mehr h\u00f6rt &#8230;<\/p>\n<p><a href='http:\/\/extra.inmontanis.info\/d\/52713-2\/DSC06387.jpg'><img src=http:\/\/extra.inmontanis.info\/d\/52712-3\/DSC06387.jpg \/><\/a><br \/>\n^ Autobahnpano n\u00f6rdlich Turin, etwas weiter im Norden w\u00e4re dann glatt besseres Wetter gewesen ..<\/p>\n<p><a href='http:\/\/extra.inmontanis.info\/d\/52717-2\/DSC06392.jpg'><img src=http:\/\/extra.inmontanis.info\/d\/52716-3\/DSC06392.jpg \/><\/a><br \/>\n^ Autobahnpano<\/p>\n<p>Da ich zeitig fr\u00fch genug dran war (und ja an Chur vorbei fuhr), hielt ich zum Abendessen diesmal nicht auf eine Portion \u00c4lplermagronen an der Rheintal Rastst\u00e4tte, sondern beim libanesischen Rappa-Snack und nahm den Rappateller, ein gemischter Teller mit allerlei leckeren libanesischen Snackvarianten. Lecker und geschmacklich mal was ganz anderes. K\u00f6nnt ich jetzt nicht mehrmals pro Woche essen wie \u00c4lplermagronen, w\u00fcrde es aber gerne \u00f6fters essen als es mir m\u00f6glich ist.<\/p>\n<p>Um 23:30 war ich wieder daheim von einem, wenn auch nicht ganz so sonnigen Wochenende wie erhofft, aber doch gut genug, dass sich die Fahrt gelohnt hatte. <\/p>\n","protected":false},"excerpt":{"rendered":"<p>(Aus aktuellem Anlass unterbreche ich mal kurz meine chronologische Berichtsreihe..)<\/p>\n<p>Wie in den letzten Jahren \u00fcblich hat auch heuer Prali wieder im Fr\u00fchjahr so lange offen, wie es geht. Das wird dieses Mal wohl k\u00fcrzer sein, weil es im Piemont ja nicht so viel geschneit hat in diesem Winter. <\/p>\n<p>Eigentlich h\u00e4tte ich dieses saisonkartenlose <a href=\"http:\/\/blog.inmontanis.info\/?p=5569\">[&#8230;]<\/a><\/p>\n","protected":false},"author":1,"featured_media":0,"comment_status":"closed","ping_status":"closed","sticky":false,"template":"","format":"standard","meta":{"footnotes":""},"categories":[15,226,27,81],"tags":[38,80,47],"class_list":["post-5569","post","type-post","status-publish","format-standard","hentry","category-italienitaly","category-prali","category-skifahren-winterskiing-winter","category-kurztrips","tag-dsb","tag-marchisio","tag-sl","odd"],"_links":{"self":[{"href":"http:\/\/blog.inmontanis.info\/index.php?rest_route=\/wp\/v2\/posts\/5569","targetHints":{"allow":["GET"]}}],"collection":[{"href":"http:\/\/blog.inmontanis.info\/index.php?rest_route=\/wp\/v2\/posts"}],"about":[{"href":"http:\/\/blog.inmontanis.info\/index.php?rest_route=\/wp\/v2\/types\/post"}],"author":[{"embeddable":true,"href":"http:\/\/blog.inmontanis.info\/index.php?rest_route=\/wp\/v2\/users\/1"}],"replies":[{"embeddable":true,"href":"http:\/\/blog.inmontanis.info\/index.php?rest_route=%2Fwp%2Fv2%2Fcomments&post=5569"}],"version-history":[{"count":4,"href":"http:\/\/blog.inmontanis.info\/index.php?rest_route=\/wp\/v2\/posts\/5569\/revisions"}],"predecessor-version":[{"id":5573,"href":"http:\/\/blog.inmontanis.info\/index.php?rest_route=\/wp\/v2\/posts\/5569\/revisions\/5573"}],"wp:attachment":[{"href":"http:\/\/blog.inmontanis.info\/index.php?rest_route=%2Fwp%2Fv2%2Fmedia&parent=5569"}],"wp:term":[{"taxonomy":"category","embeddable":true,"href":"http:\/\/blog.inmontanis.info\/index.php?rest_route=%2Fwp%2Fv2%2Fcategories&post=5569"},{"taxonomy":"post_tag","embeddable":true,"href":"http:\/\/blog.inmontanis.info\/index.php?rest_route=%2Fwp%2Fv2%2Ftags&post=5569"}],"curies":[{"name":"wp","href":"https:\/\/api.w.org\/{rel}","templated":true}]}}