{"id":5566,"date":"2019-03-23T23:16:22","date_gmt":"2019-03-23T22:16:22","guid":{"rendered":"http:\/\/blog.inmontanis.info\/?p=5566"},"modified":"2023-07-30T18:34:15","modified_gmt":"2023-07-30T16:34:15","slug":"kampenwand-23-3-2019","status":"publish","type":"post","link":"http:\/\/blog.inmontanis.info\/?p=5566","title":{"rendered":"Kampenwand, 23.3.2019"},"content":{"rendered":"<p><strong>Sa, 23.3.2019 &#8211; Kampenwand<\/strong><\/p>\n<p>Ein schwieriges Wochenende. Egtl. wollte ich &#8211; auch mangels Alternativen &#8211; auf den Magicpass fahren. Einige Skigebitete, die ich heuer noch nicht bzw. noch nie besucht hatte, schlie\u00dfen nach diesem WE. Mittwoch war mein Auto zur Garantiereparatur &#8211; schon l\u00e4nger geplant. Das falsche Teil wurde bestellt, Auto nicht fahrbereit. Das richtige nun bestellt, leider kam am Donnerstag ein anderes Teil. Und es hie\u00df, dass das richtige nun erst n\u00e4chste Woche k\u00e4me. Bl\u00f6d, ich k\u00f6nnte zwar einen Leih\/Vorf\u00fchrwagen bekommen, aber ohne schweizer AB-Vignette ist das dann etwas fraglich. Bin am Donnerstag Abend die m\u00f6glichen Skigebietsziele durch und hab gesehen, dass die Kampenwand das WE nochmal aufsperren will, nachdem man ja letztes WE die Saison f\u00fcr beendet erkl\u00e4rt hatte. Ok, dann immerhin etwas.<\/p>\n<p>Am Freitag kam dann doch schon das richtige Ersatzteil und ich bekam mein Auto und h\u00e4tte somit 2 Tage Magicpass fahren k\u00f6nnen. Aber wenn die Kampenwand schon nochmal aufmacht und ich mit der 5BC-Saisonkarte doch etwas wenig bisher gefahren bin und der letzte Besuch auf der Kampenwand ja windbedingt arg kurz und nicht sehr befriedigend war .. ok, bleib ich heute am Samstag eben Kampenwand.<\/p>\n<p>Schnee war onpiste tw. pulvrig, offpiste auch, aber dort abschnittsweise auch bruchharschig. Und onpiste war der noch recht neue Schnee irgendwann umso pappiger. Also nicht so geil, dass ich morgen auch noch mal hier herfahren wollte. Um 14 Uhr war es mir mit meinen Skiern leider zu bremsig und ich fuhr runter. Aber es war sonnig, nix los &#8211; also durchaus die richtige Entscheidung gewesen.<\/p>\n<p>(Fotos anklicken zum Vergr\u00f6\u00dfern)<\/p>\n<p><a href='http:\/\/ski.inmontanis.info\/d\/259867-2\/DSC03187.jpg'><img src=http:\/\/ski.inmontanis.info\/d\/259866-3\/DSC03187.jpg \/><\/a><br \/>\n^ Flachland-Pano mit 4ZUB<\/p>\n<p><a href='http:\/\/ski.inmontanis.info\/d\/259871-2\/DSC03189.jpg'><img src=http:\/\/ski.inmontanis.info\/d\/259870-3\/DSC03189.jpg \/><\/a><br \/>\n^ Im Skigebiet alle Lifte in Betrieb, los war heute kaum was<\/p>\n<p><a href='http:\/\/ski.inmontanis.info\/d\/259875-2\/DSC03190.jpg'><img src=http:\/\/ski.inmontanis.info\/d\/259874-3\/DSC03190.jpg \/><\/a><br \/>\n^ Mangels Talabfahrt bin ich ein paar Mal die DSB gefahren<\/p>\n<p><a href='http:\/\/ski.inmontanis.info\/d\/259879-2\/DSC03191.jpg'><img src=http:\/\/ski.inmontanis.info\/d\/259878-3\/DSC03191.jpg \/><\/a><br \/>\n^ Aber der ESL bleibt die wichtigste Anlage<\/p>\n<p><a href='http:\/\/ski.inmontanis.info\/d\/259883-2\/DSC03193.jpg'><img src=http:\/\/ski.inmontanis.info\/d\/259882-3\/DSC03193.jpg \/><\/a><br \/>\n^ ESL-Abfahrt, von Bruchharsch \u00fcber Pulver bis Pappsulz war heut alles dabei<\/p>\n<p><a href='http:\/\/ski.inmontanis.info\/d\/259887-2\/DSC03195.jpg'><img src=http:\/\/ski.inmontanis.info\/d\/259886-3\/DSC03195.jpg \/><\/a><br \/>\n^ Abfahrt zur DSB<\/p>\n<p><a href='http:\/\/ski.inmontanis.info\/d\/259891-2\/DSC03197.jpg'><img src=http:\/\/ski.inmontanis.info\/d\/259890-3\/DSC03197.jpg \/><\/a><br \/>\n^ Talabfahrt, heute nicht gefahren. Rechts die DSB<\/p>\n<p><a href='http:\/\/ski.inmontanis.info\/d\/259895-2\/DSC03199.jpg'><img src=http:\/\/ski.inmontanis.info\/d\/259894-3\/DSC03199.jpg \/><\/a><br \/>\n^ Chiemsee-Pano von den ESL-H\u00e4ngen<\/p>\n<p><a href='http:\/\/ski.inmontanis.info\/d\/259899-2\/DSC03200.jpg'><img src=http:\/\/ski.inmontanis.info\/d\/259898-3\/DSC03200.jpg \/><\/a><br \/>\n^ Bergstation ESL, die Einfahrt zur Abfahrt hat immer noch ausreichend Schnee<\/p>\n<p><a href='http:\/\/ski.inmontanis.info\/d\/259903-2\/DSC03201.jpg'><img src=http:\/\/ski.inmontanis.info\/d\/259902-3\/DSC03201.jpg \/><\/a><br \/>\n^ ESL-Varianten, Flachland, Chiemsee<\/p>\n<p><a href='http:\/\/ski.inmontanis.info\/d\/259907-2\/DSC03204.jpg'><img src=http:\/\/ski.inmontanis.info\/d\/259906-3\/DSC03204.jpg \/><\/a><br \/>\n^ Abfahrten zur DSB<\/p>\n<p><a href='http:\/\/ski.inmontanis.info\/d\/259911-2\/DSC03206.jpg'><img src=http:\/\/ski.inmontanis.info\/d\/259910-3\/DSC03206.jpg \/><\/a><br \/>\n^ Verbindung ESL-4ZUB<\/p>\n<p><a href='http:\/\/ski.inmontanis.info\/d\/259915-2\/DSC03209.jpg'><img src=http:\/\/ski.inmontanis.info\/d\/259914-3\/DSC03209.jpg \/><\/a><br \/>\n^ Die steilen Abfahrten am ESL, teils blieb es pulvrig<\/p>\n<p><a href='http:\/\/ski.inmontanis.info\/d\/259919-2\/DSC03210.jpg'><img src=http:\/\/ski.inmontanis.info\/d\/259918-3\/DSC03210.jpg \/><\/a><br \/>\n^ Selten so viel Sonne im Skigebiet<\/p>\n<p><a href='http:\/\/ski.inmontanis.info\/d\/259923-2\/DSC03211.jpg'><img src=http:\/\/ski.inmontanis.info\/d\/259922-3\/DSC03211.jpg \/><\/a><br \/>\n^ Abfahrt zur DSB<\/p>\n<p><a href='http:\/\/ski.inmontanis.info\/d\/259927-2\/DSC03212.jpg'><img src=http:\/\/ski.inmontanis.info\/d\/259926-3\/DSC03212.jpg \/><\/a><br \/>\n^ ESL-Bergstation<\/p>\n<p><a href='http:\/\/ski.inmontanis.info\/d\/259931-2\/DSC03214.jpg'><img src=http:\/\/ski.inmontanis.info\/d\/259930-3\/DSC03214.jpg \/><\/a><br \/>\n^ ESL-Bergstation<\/p>\n<p><a href='http:\/\/ski.inmontanis.info\/d\/259935-2\/DSC03215.jpg'><img src=http:\/\/ski.inmontanis.info\/d\/259934-3\/DSC03215.jpg \/><\/a><br \/>\n^ ESL-Bergstation<\/p>\n<p><a href='http:\/\/ski.inmontanis.info\/d\/259939-2\/DSC03216.jpg'><img src=http:\/\/ski.inmontanis.info\/d\/259938-3\/DSC03216.jpg \/><\/a><br \/>\n^ Hier liegen wohl alte Sitze vom ESL rum ..<\/p>\n<p><a href='http:\/\/ski.inmontanis.info\/d\/259943-2\/DSC03217.jpg'><img src=http:\/\/ski.inmontanis.info\/d\/259942-3\/DSC03217.jpg \/><\/a><br \/>\n^ .. die alten Sitze konnten sogar hochgeklappt werden. Die neuen, schwarz lackierten (wohl auch aus Holz, oder doch nicht?) scheinen ja fix zu sein.<\/p>\n<p><a href='http:\/\/ski.inmontanis.info\/d\/259947-2\/DSC03218.jpg'><img src=http:\/\/ski.inmontanis.info\/d\/259946-3\/DSC03218.jpg \/><\/a><br \/>\n^ ESL-Abfahrt<\/p>\n<p><a href='http:\/\/ski.inmontanis.info\/d\/259951-2\/DSC03219.jpg'><img src=http:\/\/ski.inmontanis.info\/d\/259950-3\/DSC03219.jpg \/><\/a><br \/>\n^ Verbindung ESL-4ZUB: Aufstieg, Abfahrt, Aufstieg, Abfahrt und dann noch r\u00fcberlaufen.<\/p>\n<p><a href='http:\/\/ski.inmontanis.info\/d\/259955-2\/DSC03221.jpg'><img src=http:\/\/ski.inmontanis.info\/d\/259954-3\/DSC03221.jpg \/><\/a><br \/>\n^ Talfahrt mit der 4ZUB<\/p>\n<p><a href='http:\/\/ski.inmontanis.info\/d\/259959-2\/DSC03222.jpg'><img src=http:\/\/ski.inmontanis.info\/d\/259958-3\/DSC03222.jpg \/><\/a><br \/>\n^ 4ZUB<\/p>\n<p><a href='http:\/\/ski.inmontanis.info\/d\/259963-2\/DSC03223.jpg'><img src=http:\/\/ski.inmontanis.info\/d\/259962-3\/DSC03223.jpg \/><\/a><br \/>\n^ Abschiedsfoto der Saison, vielleicht schon f\u00fcr immer? (Das sind \u00fcbrigens keine V\u00f6gel am Himmel, sondern fliegende Menschen ;) )<\/p>\n<p><a href='http:\/\/ski.inmontanis.info\/d\/259967-2\/ge20190323d.jpg'><img src=http:\/\/ski.inmontanis.info\/d\/259966-3\/ge20190323d.jpg \/><\/a><br \/>\n^ GPS-Track vorherige Jahre in Blau (nicht vollst\u00e4ndig), alle anderen Farben Saison 2018\/19 (in Rot 23.3.).<\/p>\n<p>Ein kleiner Nachtrag zur Balkan-T\u00fcrkei-Kaukasus-Tour im Dez\/Jan: Um einen Diebstahl noch weiter zu erschweren, binde ich die Ski am Skitr\u00e4ger mit einem langen Schloss nochmals um die Dachreling. Einmal hatte ich leider vergessen, das Schloss zu schlie\u00dfen und das Schloss flatterte im Fahrtwind und besch\u00e4digte das Dach. Davon hab ich heute ein Foto gemacht:<\/p>\n<p><a href='http:\/\/extra.inmontanis.info\/d\/52709-2\/DSC03186.jpg'><img src=http:\/\/extra.inmontanis.info\/d\/52708-3\/DSC03186.jpg \/><\/a><\/p>\n<p>.. bl\u00f6derweise hatte ich aber auch nicht daran gedacht, nach dem Urlaub zu versuchen, den Schaden von der eh recht teuren Reise-Vollkasko erstattet zu bekommen, vielleicht h\u00e4tte das ja geklappt?! Jetzt ist&#8217;s nat\u00fcrlich zu sp\u00e4t.<\/p>\n","protected":false},"excerpt":{"rendered":"<p>Sa, 23.3.2019 &#8211; Kampenwand<\/p>\n<p>Ein schwieriges Wochenende. Egtl. wollte ich &#8211; auch mangels Alternativen &#8211; auf den Magicpass fahren. Einige Skigebitete, die ich heuer noch nicht bzw. noch nie besucht hatte, schlie\u00dfen nach diesem WE. Mittwoch war mein Auto zur Garantiereparatur &#8211; schon l\u00e4nger geplant. Das falsche Teil wurde bestellt, Auto nicht fahrbereit. Das richtige <a href=\"http:\/\/blog.inmontanis.info\/?p=5566\">[&#8230;]<\/a><\/p>\n","protected":false},"author":1,"featured_media":0,"comment_status":"closed","ping_status":"closed","sticky":false,"template":"","format":"standard","meta":{"footnotes":""},"categories":[12,268,59,25,27],"tags":[60,38,45,47],"class_list":["post-5566","post","type-post","status-publish","format-standard","hentry","category-germany","category-kampenwand","category-nostalgie","category-noreport","category-skifahren-winterskiing-winter","tag-4zub","tag-dsb","tag-see","tag-sl","odd"],"_links":{"self":[{"href":"http:\/\/blog.inmontanis.info\/index.php?rest_route=\/wp\/v2\/posts\/5566","targetHints":{"allow":["GET"]}}],"collection":[{"href":"http:\/\/blog.inmontanis.info\/index.php?rest_route=\/wp\/v2\/posts"}],"about":[{"href":"http:\/\/blog.inmontanis.info\/index.php?rest_route=\/wp\/v2\/types\/post"}],"author":[{"embeddable":true,"href":"http:\/\/blog.inmontanis.info\/index.php?rest_route=\/wp\/v2\/users\/1"}],"replies":[{"embeddable":true,"href":"http:\/\/blog.inmontanis.info\/index.php?rest_route=%2Fwp%2Fv2%2Fcomments&post=5566"}],"version-history":[{"count":2,"href":"http:\/\/blog.inmontanis.info\/index.php?rest_route=\/wp\/v2\/posts\/5566\/revisions"}],"predecessor-version":[{"id":5568,"href":"http:\/\/blog.inmontanis.info\/index.php?rest_route=\/wp\/v2\/posts\/5566\/revisions\/5568"}],"wp:attachment":[{"href":"http:\/\/blog.inmontanis.info\/index.php?rest_route=%2Fwp%2Fv2%2Fmedia&parent=5566"}],"wp:term":[{"taxonomy":"category","embeddable":true,"href":"http:\/\/blog.inmontanis.info\/index.php?rest_route=%2Fwp%2Fv2%2Fcategories&post=5566"},{"taxonomy":"post_tag","embeddable":true,"href":"http:\/\/blog.inmontanis.info\/index.php?rest_route=%2Fwp%2Fv2%2Ftags&post=5566"}],"curies":[{"name":"wp","href":"https:\/\/api.w.org\/{rel}","templated":true}]}}